{"id":3751,"date":"2023-07-29T22:47:10","date_gmt":"2023-07-29T21:47:10","guid":{"rendered":"https:\/\/www.mediaplateforme.com\/fr\/?p=3751"},"modified":"2023-07-30T18:47:43","modified_gmt":"2023-07-30T17:47:43","slug":"fete-du-trone-le-discours-integral-du-roi-mohammed-vi","status":"publish","type":"post","link":"https:\/\/www.mediaplateforme.com\/fr\/fete-du-trone-le-discours-integral-du-roi-mohammed-vi\/","title":{"rendered":"F\u00eate du Tr\u00f4ne : Le discours int\u00e9gral du Roi Mohammed VI"},"content":{"rendered":"<p>&nbsp;<\/p>\n<p>Le Roi Mohammed VI a adress\u00e9, samedi, un discours \u00e0 l\u2019occasion du 24\u00e8me anniversaire de l\u2019accession du souverain au tr\u00f4ne.<br \/>\nVoici le texte int\u00e9gral du Discours Royal:<\/p>\n<p>\u00ab Louange \u00e0 Dieu, Pri\u00e8re et salut sur le Proph\u00e8te, Sa famille et Ses compagnons.<\/p>\n<p>Cher peuple,<\/p>\n<p>Par la gr\u00e2ce de Dieu, notre pays vit au rythme de la symbiose qui unit ind\u00e9fectiblement le Tr\u00f4ne et le peuple, engag\u00e9s naturellement dans une mutuelle et constante \u00e9coute.<\/p>\n<p>Fort de ces atouts, le Maroc fut jadis en capacit\u00e9 de mettre en place les structures d\u2019un Etat-Nation, aujourd\u2019hui d\u00e9positaire d\u2019une histoire multis\u00e9culaire.<\/p>\n<p>Aussi, Nous louons le Seigneur de nous avoir apport\u00e9 secours et assistance : dans notre fructueuse entreprise, nous avons alors surmont\u00e9 bien des difficult\u00e9s, bien des d\u00e9fis et nous comptons d\u00e9sormais bon nombre d\u2019acquis \u00e0 notre actif.<\/p>\n<p>En personnes sinc\u00e8res \u00e0 l\u2019optimisme franc, les Marocains, se revendiquant fi\u00e8rement de leurs traditions mill\u00e9naires et de leur identit\u00e9 nationale unifi\u00e9e, ont acquis \u00e0 juste titre une r\u00e9putation de tol\u00e9rance et d\u2019ouverture.<\/p>\n<p>Leur renom repose plus sp\u00e9cifiquement sur leur s\u00e9rieux et leur sens du d\u00e9vouement.<\/p>\n<p>A pr\u00e9sent que la dynamique nationale de d\u00e9veloppement a atteint un stade de maturit\u00e9 avanc\u00e9e, il nous appartient de faire preuve de ce s\u00e9rieux reconnu pour franchir de nouveaux seuils sur la voie du progr\u00e8s et pour \u00e9chafauder des r\u00e9formes, des projets de plus grande envergure, dignes des Marocains.<\/p>\n<p>Cher peuple,<\/p>\n<p>Le s\u00e9rieux que Nous exaltons n\u2019est pas un terme vide de sens, de port\u00e9e purement formelle. C\u2019est, au contraire, un concept int\u00e9gr\u00e9 qui recouvre un ensemble d\u2019id\u00e9aux et de principes op\u00e9ratoires.<\/p>\n<p>Aussi longtemps que le s\u00e9rieux est le moteur de nos actions, nous r\u00e9ussirons \u00e0 renverser les difficult\u00e9s et \u00e0 relever les d\u00e9fis.<\/p>\n<p>De fait, chaque fois que la jeunesse marocaine a eu les moyens de donner la pleine mesure de son s\u00e9rieux et de son patriotisme, elle a fascin\u00e9 le monde par des performances d\u2019un calibre in\u00e9dit, \u00e0 l\u2019instar de l\u2019exploit accompli par la S\u00e9lection nationale \u00e0 la derni\u00e8re Coupe du monde de football.<\/p>\n<p>De l\u2019aveu de tous, en interne comme \u00e0 l\u2019international, nos enfants ont offert les plus belles images de ferveur patriotique, d\u2019unit\u00e9 et de coh\u00e9sion familiale et populaire et ils Nous ont rendu particuli\u00e8rement fier, ainsi que l\u2019ensemble du peuple marocain.<\/p>\n<p>C\u2019est dans cet esprit que Nous avons pris la d\u00e9cision de pr\u00e9senter avec nos amis d\u2019Espagne et du Portugal une candidature commune pour l\u2019organisation des phases finales de la Coupe du monde de football 2030. Ainsi, Nous aspirons et, corr\u00e9lativement, Nous \u0153uvrons \u00e0 ce que, sous tous rapports, cette \u00e9dition inscrive sa marque dans l\u2019Histoire.<\/p>\n<p>Sans pr\u00e9c\u00e9dent dans les Annales, cette candidature tend une passerelle entre deux continents et deux civilisations : l\u2019Afrique et l\u2019Europe, et rassemble les deux rives de la M\u00e9diterran\u00e9e. Elle incarne de fort belle mani\u00e8re l\u2019ambition qui anime les peuples de la r\u00e9gion d\u2019avancer ensemble vers plus de collaboration, d\u2019entente et de communion.<\/p>\n<p>Le s\u00e9rieux de la jeunesse marocaine s\u2019exprime aussi dans les domaines n\u00e9cessitant un g\u00e9nie cr\u00e9ateur et un esprit novateur : deux atouts qu\u2019elle poss\u00e8de en puissance dans diverses mati\u00e8res.<\/p>\n<p>Je salue plus particuli\u00e8rement la r\u00e9alisation de la premi\u00e8re voiture de fabrication locale, gr\u00e2ce \u00e0 des comp\u00e9tences nationales et \u00e0 un financement marocain. Il en va de m\u00eame pour la pr\u00e9sentation du premier prototype de voiture \u00e0 hydrog\u00e8ne, d\u00e9velopp\u00e9 par un jeune Marocain.<\/p>\n<p>Ces projets portent t\u00e9moignage du g\u00e9nie marocain et attestent la confiance plac\u00e9e dans les capacit\u00e9s intrins\u00e8ques de nos jeunes, ainsi encourag\u00e9s \u00e0 redoubler d\u2019inventivit\u00e9 et de cr\u00e9ativit\u00e9. Ils concourent aussi \u00e0 la promotion du label \u00abMade in Morocco\u00bb et confortent le positionnement du Maroc en tant que destination majeure pour les investissements productifs.<\/p>\n<p>Le s\u00e9rieux est \u00e9galement de mise d\u00e8s lors qu\u2019il est question de notre int\u00e9grit\u00e9 territoriale.<\/p>\n<p>Effectivement, c\u2019est ce s\u00e9rieux qui, sur fond de l\u00e9gitimit\u00e9, a d\u00e9clench\u00e9 des reconnaissances en cascade de la souverainet\u00e9 du Maroc sur ses Provinces du Sud, celle de l\u2019Etat d\u2019Isra\u00ebl \u00e9tant la derni\u00e8re en date. Outre l\u2019ouverture de consulats \u00e0 Dakhla et \u00e0 La\u00e2youne, il a \u00e9galement permis de mobiliser un soutien accru en faveur de l\u2019Initiative marocaine d\u2019autonomie.<\/p>\n<p>Avec le m\u00eame s\u00e9rieux et une \u00e9gale intransigeance, Nous r\u00e9it\u00e9rons la position in\u00e9branlable du Maroc en faveur de la Cause palestinienne juste et des droits l\u00e9gitimes du peuple palestinien fr\u00e8re, aff\u00e9rant \u00e0 l\u2019\u00e9tablissement d\u2019un Etat ind\u00e9pendant ayant Al-Qods orientale comme capitale et apportant in fine s\u00e9curit\u00e9 et stabilit\u00e9 aux peuples de la r\u00e9gion.<\/p>\n<p>Le s\u00e9rieux doit constamment d\u00e9finir notre ligne de conduite, dans la vie de tous les jours comme au travail. Par cons\u00e9quent, il doit \u00eatre de rigueur dans tous les secteurs d\u2019activit\u00e9 :<\/p>\n<p>-dans le domaine politique, administratif et judiciaire, il importe que pr\u00e9vale le d\u00e9vouement au service du citoyen, par l\u2019identification de profils qualifi\u00e9s, par la primaut\u00e9 accord\u00e9e aux int\u00e9r\u00eats sup\u00e9rieurs de la Nation et des citoyens, loin des surench\u00e8res et des calculs \u00e9troits.<\/p>\n<p>-Dans le domaine social, il doit s\u2019imposer notamment dans les secteurs de la sant\u00e9, de l\u2019\u00e9ducation, de l\u2019emploi, du logement.<\/p>\n<p>De plus, le s\u00e9rieux que Nous pr\u00e9conisons doit avoir cours parmi les op\u00e9rateurs \u00e9conomiques, dans les domaines de l\u2019investissement et de la production et au sein du monde des affaires.<\/p>\n<p>En d\u00e9finitive, le s\u00e9rieux est la cl\u00e9 de vo\u00fbte d\u2019une approche int\u00e9gr\u00e9e qui subordonne l\u2019exercice de la responsabilit\u00e9 \u00e0 l\u2019exigence de reddition des comptes et fait pr\u00e9valoir les r\u00e8gles de bonne gouvernance, la valeur travail, le m\u00e9rite et l\u2019\u00e9galit\u00e9 des chances.<\/p>\n<p>Cher peuple,<\/p>\n<p>Les r\u00e9percussions de la crise mondiale, conjugu\u00e9es \u00e0 des ann\u00e9es de s\u00e8cheresse successives au niveau national, ont contribu\u00e9 au rench\u00e9rissement du co\u00fbt de la vie et au ralentissement de la croissance \u00e9conomique.<\/p>\n<p>Aussi, Nous avons orient\u00e9 le gouvernement pour qu\u2019il adopte les mesures n\u00e9cessaires afin d\u2019att\u00e9nuer leur impact n\u00e9gatif sur les franges de la population et les secteurs les plus touch\u00e9s, et d\u2019assurer l\u2019approvisionnement des march\u00e9s en produits de base.<\/p>\n<p>Aujourd\u2019hui, alors que des signes d\u2019un recul progressif des tensions inflationnistes commencent \u00e0 se pr\u00e9ciser \u00e0 l\u2019international, il est urgent pour nous de faire preuve de s\u00e9rieux pour instaurer un climat de confiance et saisir les nouvelles opportunit\u00e9s. Le but est de renforcer la relance et la r\u00e9silience de l\u2019\u00e9conomie nationale.<\/p>\n<p>A cet \u00e9gard, Nous avons lanc\u00e9 le Programme d\u2019Investissement Vert du Groupe OCP et Nous avons donn\u00e9 un coup d\u2019acc\u00e9l\u00e9rateur au plan de d\u00e9ploiement des \u00e9nergies renouvelables.<\/p>\n<p>Faisant suite \u00e0 la r\u00e9union que Nous avons pr\u00e9sid\u00e9e \u00e0 cette fin, le gouvernement a \u00e9labor\u00e9 le projet \u00abOffre Maroc\u00bb pour l\u2019hydrog\u00e8ne vert.<\/p>\n<p>A cet \u00e9gard, Nous engageons le gouvernement \u00e0 entreprendre la mise en \u0153uvre rapide et qualitative de ce projet, de mani\u00e8re \u00e0 valoriser les atouts dont dispose Notre pays en la mati\u00e8re et \u00e0 r\u00e9pondre au mieux aux projets port\u00e9s par les investisseurs mondiaux dans cette fili\u00e8re prometteuse.<\/p>\n<p>Afin de parachever le chantier de la protection sociale, Nous attendons que les prestations sociales commencent, comme pr\u00e9vu, \u00e0 \u00eatre servies aux m\u00e9nages cibl\u00e9s, \u00e0 la fin de l\u2019ann\u00e9e en cours.<\/p>\n<p>Notre souhait est que ce revenu direct contribue \u00e0 l\u2019am\u00e9lioration des conditions de vie de millions de familles et d\u2019enfants dont Nous ressentons la d\u00e9tresse.<\/p>\n<p>Ce dispositif constituera un pilier essentiel de notre mod\u00e8le de d\u00e9veloppement et de soci\u00e9t\u00e9, qui a pour finalit\u00e9 de pr\u00e9server, dans toutes ses dimensions, la dignit\u00e9 des citoyens.<\/p>\n<p>S\u2019agissant de la gestion des ressources hydriques qui requiert davantage de rigueur et de vigilance, Nous avons veill\u00e9 \u00e0 l\u2019\u00e9laboration du Programme national pour l\u2019approvisionnement en eau potable et d\u2019irrigation 2020-2027.<\/p>\n<p>A cet \u00e9gard, Nous appelons au suivi minutieux de toutes les \u00e9tapes de mise en \u0153uvre de ce programme. D\u2019ailleurs, Nous ne tol\u00e9rerons aucune forme de mauvaise gouvernance, de mauvaise gestion ou d\u2019exploitation anarchique et irresponsable de l\u2019eau.<\/p>\n<p>Cher peuple,<\/p>\n<p>Dans un monde secou\u00e9 par l\u2019\u00e9branlement des valeurs et des r\u00e9f\u00e9rentiels et confront\u00e9 \u00e0 l\u2019imbrication de nombreuses crises, nous avons plus que jamais besoin de faire preuve du s\u00e9rieux tel que tous les Marocains le con\u00e7oivent :<\/p>\n<p>\u2013 D\u2019abord, par un attachement sans faille aux valeurs religieuses et patriotiques et \u00e0 notre devise \u00e9ternelle : Dieu \u2013 la Patrie \u2013 le Roi ;<\/p>\n<p>\u2013 En deuxi\u00e8me lieu, par l\u2019attachement ind\u00e9fectible \u00e0 l\u2019unit\u00e9 nationale de notre pays et \u00e0 son int\u00e9grit\u00e9 territoriale ;<\/p>\n<p>\u2013 Ensuite, par la sauvegarde des liens sociaux et familiaux d\u2019o\u00f9 \u00e9mergera, in-fine, une soci\u00e9t\u00e9 plus solidaire et plus soud\u00e9e ;<\/p>\n<p>\u2013 Enfin, par la poursuite r\u00e9solue de la qu\u00eate du d\u00e9veloppement qui permettra d\u2019atteindre le progr\u00e8s \u00e9conomique souhait\u00e9 et de renforcer la justice sociale et spatiale.<\/p>\n<p>Cher peuple,<\/p>\n<p>L\u2019action que Nous menons au service de Notre peuple ne consiste pas uniquement \u00e0 g\u00e9rer les questions internes. Elle r\u00e9side aussi dans Notre d\u00e9termination \u00e0 fonder des relations solides avec les Etats fr\u00e8res et amis, et plus particuli\u00e8rement avec les pays voisins.<\/p>\n<p>Depuis quelques mois, beaucoup demandent \u00e0 savoir o\u00f9 en sont les relations entre le Maroc et l\u2019Alg\u00e9rie. Ces relations sont stables, Nous aspirons n\u00e9anmoins \u00e0 ce qu\u2019elles soient meilleures.<\/p>\n<p>A ce propos, Nous rassurons nos fr\u00e8res en Alg\u00e9rie, leur direction et leur peuple qu\u2019ils n\u2019auront jamais \u00e0 craindre de la malveillance de la part du Maroc. Nous leur confirmons aussi tout le prix que Nous attachons aux liens d\u2019affection et d\u2019amiti\u00e9, aux \u00e9changes et aux interactions entre nos deux peuples.<\/p>\n<p>Nous prions le Tr\u00e8s-Haut pour un retour \u00e0 la normale et une r\u00e9ouverture des fronti\u00e8res entre nos deux pays voisins et nos deux peuples fr\u00e8res.<\/p>\n<p>Cher peuple,<\/p>\n<p>Nous saisissons cette occasion pour rendre un vibrant hommage aux Forces Arm\u00e9es Royales, \u00e0 la S\u00fbret\u00e9 nationale, \u00e0 la Gendarmerie Royale, aux Forces Auxiliaires et \u00e0 la Protection civile, toutes composantes confondues, pour leur mobilisation constante, sous Notre commandement, afin de d\u00e9fendre l\u2019unit\u00e9 nationale et de pr\u00e9server la s\u00e9curit\u00e9 et la stabilit\u00e9 du pays.<\/p>\n<p>Nous prions \u00e9galement le Tr\u00e8s-Haut pour qu\u2019Il couvre de Son infinie mis\u00e9ricorde les vaillants martyrs du Maroc, au premier rang desquels Notre Auguste Grand-P\u00e8re, feu Sa Majest\u00e9 le Roi Mohammed V et Notre Illustre P\u00e8re, feu Sa Majest\u00e9 le Roi Hassan II, que Dieu ait Leurs \u00e2mes.<\/p>\n<p>Pour conclure, il n\u2019y a rien de mieux qu\u2019un verset du Saint-Coran o\u00f9 Dieu d\u00e9cr\u00e8te : \u00abCeux qui croient et font de bonnes \u0153uvres\u2026vraiment Nous ne laissons pas perdre la r\u00e9compense de celui qui fait le bien\u00bb. V\u00e9ridique est la parole de Dieu.<\/p>\n<p>Wassalamou alaikoum wa rahmatoullah wa barakatouh \u00bb.<\/p>\n","protected":false},"excerpt":{"rendered":"<p>&nbsp; Le Roi Mohammed VI a adress\u00e9, samedi, un discours \u00e0 l\u2019occasion du 24\u00e8me anniversaire<\/p>\n","protected":false},"author":1,"featured_media":3752,"comment_status":"open","ping_status":"open","sticky":false,"template":"","format":"standard","meta":{"_acf_changed":false,"footnotes":""},"categories":[2,3],"tags":[1198,1197],"class_list":["post-3751","post","type-post","status-publish","format-standard","has-post-thumbnail","hentry","category-nouvelles","category-nouvelles-selectionnees","tag-fete-du-trone","tag-le-roi-mohammed-vi"],"acf":[],"yoast_head":"<!-- This site is optimized with the Yoast SEO plugin v22.0 - https:\/\/yoast.com\/wordpress\/plugins\/seo\/ -->\n<title>F\u00eate du Tr\u00f4ne : Le discours int\u00e9gral du Roi Mohammed VI - MEDIA PLATEFORME | FR<\/title>\n<meta name=\"description\" content=\"Le Roi Mohammed VI a adress\u00e9, samedi, un discours \u00e0 l\u2019occasion du 24\u00e8me anniversaire de l\u2019accession du souverain au tr\u00f4ne.\" \/>\n<meta name=\"robots\" content=\"index, follow, max-snippet:-1, max-image-preview:large, max-video-preview:-1\" \/>\n<link rel=\"canonical\" href=\"https:\/\/www.mediaplateforme.com\/fr\/fete-du-trone-le-discours-integral-du-roi-mohammed-vi\/\" \/>\n<meta property=\"og:locale\" content=\"fr_FR\" \/>\n<meta property=\"og:type\" content=\"article\" \/>\n<meta property=\"og:title\" content=\"F\u00eate du Tr\u00f4ne : Le discours int\u00e9gral du Roi Mohammed VI - MEDIA PLATEFORME | FR\" \/>\n<meta property=\"og:description\" content=\"Le Roi Mohammed VI a adress\u00e9, samedi, un discours \u00e0 l\u2019occasion du 24\u00e8me anniversaire de l\u2019accession du souverain au tr\u00f4ne.\" \/>\n<meta property=\"og:url\" content=\"https:\/\/www.mediaplateforme.com\/fr\/fete-du-trone-le-discours-integral-du-roi-mohammed-vi\/\" \/>\n<meta property=\"og:site_name\" content=\"MEDIA PLATEFORME | FR\" \/>\n<meta property=\"article:published_time\" content=\"2023-07-29T21:47:10+00:00\" \/>\n<meta property=\"article:modified_time\" content=\"2023-07-30T17:47:43+00:00\" \/>\n<meta property=\"og:image\" content=\"https:\/\/www.mediaplateforme.com\/fr\/wp-content\/uploads\/sites\/5\/2023\/07\/majeste-2.jpg\" \/>\n\t<meta property=\"og:image:width\" content=\"800\" \/>\n\t<meta property=\"og:image:height\" content=\"533\" \/>\n\t<meta property=\"og:image:type\" content=\"image\/jpeg\" \/>\n<meta name=\"author\" content=\"Mediaplateforme\" \/>\n<meta name=\"twitter:card\" content=\"summary_large_image\" \/>\n<meta name=\"twitter:label1\" content=\"\u00c9crit par\" \/>\n\t<meta name=\"twitter:data1\" content=\"Mediaplateforme\" \/>\n\t<meta name=\"twitter:label2\" content=\"Dur\u00e9e de lecture estim\u00e9e\" \/>\n\t<meta name=\"twitter:data2\" content=\"9 minutes\" \/>\n<script type=\"application\/ld+json\" class=\"yoast-schema-graph\">{\"@context\":\"https:\/\/schema.org\",\"@graph\":[{\"@type\":\"WebPage\",\"@id\":\"https:\/\/www.mediaplateforme.com\/fr\/fete-du-trone-le-discours-integral-du-roi-mohammed-vi\/\",\"url\":\"https:\/\/www.mediaplateforme.com\/fr\/fete-du-trone-le-discours-integral-du-roi-mohammed-vi\/\",\"name\":\"F\u00eate du Tr\u00f4ne : Le discours int\u00e9gral du Roi Mohammed VI - MEDIA PLATEFORME | FR\",\"isPartOf\":{\"@id\":\"https:\/\/www.mediaplateforme.com\/fr\/#website\"},\"datePublished\":\"2023-07-29T21:47:10+00:00\",\"dateModified\":\"2023-07-30T17:47:43+00:00\",\"author\":{\"@id\":\"https:\/\/www.mediaplateforme.com\/fr\/#\/schema\/person\/89833db382b5db2c76b094bc902aa12a\"},\"description\":\"Le Roi Mohammed VI a adress\u00e9, samedi, un discours \u00e0 l\u2019occasion du 24\u00e8me anniversaire de l\u2019accession du souverain au tr\u00f4ne.\",\"breadcrumb\":{\"@id\":\"https:\/\/www.mediaplateforme.com\/fr\/fete-du-trone-le-discours-integral-du-roi-mohammed-vi\/#breadcrumb\"},\"inLanguage\":\"fr-FR\",\"potentialAction\":[{\"@type\":\"ReadAction\",\"target\":[\"https:\/\/www.mediaplateforme.com\/fr\/fete-du-trone-le-discours-integral-du-roi-mohammed-vi\/\"]}]},{\"@type\":\"BreadcrumbList\",\"@id\":\"https:\/\/www.mediaplateforme.com\/fr\/fete-du-trone-le-discours-integral-du-roi-mohammed-vi\/#breadcrumb\",\"itemListElement\":[{\"@type\":\"ListItem\",\"position\":1,\"name\":\"\u0627\u0644\u0631\u0626\u064a\u0633\u064a\u0629\",\"item\":\"https:\/\/www.mediaplateforme.com\/fr\/\"},{\"@type\":\"ListItem\",\"position\":2,\"name\":\"F\u00eate du Tr\u00f4ne : Le discours int\u00e9gral du Roi Mohammed VI\"}]},{\"@type\":\"WebSite\",\"@id\":\"https:\/\/www.mediaplateforme.com\/fr\/#website\",\"url\":\"https:\/\/www.mediaplateforme.com\/fr\/\",\"name\":\"MEDIA PLATEFORME | FR\",\"description\":\"Mediaplateforme sp\u00e9cialis\u00e9 dans la communication institutions publiques et des entreprises\",\"potentialAction\":[{\"@type\":\"SearchAction\",\"target\":{\"@type\":\"EntryPoint\",\"urlTemplate\":\"https:\/\/www.mediaplateforme.com\/fr\/?s={search_term_string}\"},\"query-input\":\"required name=search_term_string\"}],\"inLanguage\":\"fr-FR\"},{\"@type\":\"Person\",\"@id\":\"https:\/\/www.mediaplateforme.com\/fr\/#\/schema\/person\/89833db382b5db2c76b094bc902aa12a\",\"name\":\"Mediaplateforme\",\"image\":{\"@type\":\"ImageObject\",\"inLanguage\":\"fr-FR\",\"@id\":\"https:\/\/www.mediaplateforme.com\/fr\/#\/schema\/person\/image\/\",\"url\":\"https:\/\/secure.gravatar.com\/avatar\/6c9c02e8928cc65d54bf75157f7b3a2d06d7ad0494ca0951f679552ff03b34c1?s=96&d=mm&r=g\",\"contentUrl\":\"https:\/\/secure.gravatar.com\/avatar\/6c9c02e8928cc65d54bf75157f7b3a2d06d7ad0494ca0951f679552ff03b34c1?s=96&d=mm&r=g\",\"caption\":\"Mediaplateforme\"},\"sameAs\":[\"https:\/\/www.mediaplateforme.com\"],\"url\":\"https:\/\/www.mediaplateforme.com\/fr\/author\/mohamedladib\/\"}]}<\/script>\n<!-- \/ Yoast SEO plugin. -->","yoast_head_json":{"title":"F\u00eate du Tr\u00f4ne : Le discours int\u00e9gral du Roi Mohammed VI - MEDIA PLATEFORME | FR","description":"Le Roi Mohammed VI a adress\u00e9, samedi, un discours \u00e0 l\u2019occasion du 24\u00e8me anniversaire de l\u2019accession du souverain au tr\u00f4ne.","robots":{"index":"index","follow":"follow","max-snippet":"max-snippet:-1","max-image-preview":"max-image-preview:large","max-video-preview":"max-video-preview:-1"},"canonical":"https:\/\/www.mediaplateforme.com\/fr\/fete-du-trone-le-discours-integral-du-roi-mohammed-vi\/","og_locale":"fr_FR","og_type":"article","og_title":"F\u00eate du Tr\u00f4ne : Le discours int\u00e9gral du Roi Mohammed VI - MEDIA PLATEFORME | FR","og_description":"Le Roi Mohammed VI a adress\u00e9, samedi, un discours \u00e0 l\u2019occasion du 24\u00e8me anniversaire de l\u2019accession du souverain au tr\u00f4ne.","og_url":"https:\/\/www.mediaplateforme.com\/fr\/fete-du-trone-le-discours-integral-du-roi-mohammed-vi\/","og_site_name":"MEDIA PLATEFORME | FR","article_published_time":"2023-07-29T21:47:10+00:00","article_modified_time":"2023-07-30T17:47:43+00:00","og_image":[{"width":800,"height":533,"url":"https:\/\/www.mediaplateforme.com\/fr\/wp-content\/uploads\/sites\/5\/2023\/07\/majeste-2.jpg","type":"image\/jpeg"}],"author":"Mediaplateforme","twitter_card":"summary_large_image","twitter_misc":{"\u00c9crit par":"Mediaplateforme","Dur\u00e9e de lecture estim\u00e9e":"9 minutes"},"schema":{"@context":"https:\/\/schema.org","@graph":[{"@type":"WebPage","@id":"https:\/\/www.mediaplateforme.com\/fr\/fete-du-trone-le-discours-integral-du-roi-mohammed-vi\/","url":"https:\/\/www.mediaplateforme.com\/fr\/fete-du-trone-le-discours-integral-du-roi-mohammed-vi\/","name":"F\u00eate du Tr\u00f4ne : Le discours int\u00e9gral du Roi Mohammed VI - MEDIA PLATEFORME | FR","isPartOf":{"@id":"https:\/\/www.mediaplateforme.com\/fr\/#website"},"datePublished":"2023-07-29T21:47:10+00:00","dateModified":"2023-07-30T17:47:43+00:00","author":{"@id":"https:\/\/www.mediaplateforme.com\/fr\/#\/schema\/person\/89833db382b5db2c76b094bc902aa12a"},"description":"Le Roi Mohammed VI a adress\u00e9, samedi, un discours \u00e0 l\u2019occasion du 24\u00e8me anniversaire de l\u2019accession du souverain au tr\u00f4ne.","breadcrumb":{"@id":"https:\/\/www.mediaplateforme.com\/fr\/fete-du-trone-le-discours-integral-du-roi-mohammed-vi\/#breadcrumb"},"inLanguage":"fr-FR","potentialAction":[{"@type":"ReadAction","target":["https:\/\/www.mediaplateforme.com\/fr\/fete-du-trone-le-discours-integral-du-roi-mohammed-vi\/"]}]},{"@type":"BreadcrumbList","@id":"https:\/\/www.mediaplateforme.com\/fr\/fete-du-trone-le-discours-integral-du-roi-mohammed-vi\/#breadcrumb","itemListElement":[{"@type":"ListItem","position":1,"name":"\u0627\u0644\u0631\u0626\u064a\u0633\u064a\u0629","item":"https:\/\/www.mediaplateforme.com\/fr\/"},{"@type":"ListItem","position":2,"name":"F\u00eate du Tr\u00f4ne : Le discours int\u00e9gral du Roi Mohammed VI"}]},{"@type":"WebSite","@id":"https:\/\/www.mediaplateforme.com\/fr\/#website","url":"https:\/\/www.mediaplateforme.com\/fr\/","name":"MEDIA PLATEFORME | FR","description":"Mediaplateforme sp\u00e9cialis\u00e9 dans la communication institutions publiques et des entreprises","potentialAction":[{"@type":"SearchAction","target":{"@type":"EntryPoint","urlTemplate":"https:\/\/www.mediaplateforme.com\/fr\/?s={search_term_string}"},"query-input":"required name=search_term_string"}],"inLanguage":"fr-FR"},{"@type":"Person","@id":"https:\/\/www.mediaplateforme.com\/fr\/#\/schema\/person\/89833db382b5db2c76b094bc902aa12a","name":"Mediaplateforme","image":{"@type":"ImageObject","inLanguage":"fr-FR","@id":"https:\/\/www.mediaplateforme.com\/fr\/#\/schema\/person\/image\/","url":"https:\/\/secure.gravatar.com\/avatar\/6c9c02e8928cc65d54bf75157f7b3a2d06d7ad0494ca0951f679552ff03b34c1?s=96&d=mm&r=g","contentUrl":"https:\/\/secure.gravatar.com\/avatar\/6c9c02e8928cc65d54bf75157f7b3a2d06d7ad0494ca0951f679552ff03b34c1?s=96&d=mm&r=g","caption":"Mediaplateforme"},"sameAs":["https:\/\/www.mediaplateforme.com"],"url":"https:\/\/www.mediaplateforme.com\/fr\/author\/mohamedladib\/"}]}},"_links":{"self":[{"href":"https:\/\/www.mediaplateforme.com\/fr\/wp-json\/wp\/v2\/posts\/3751","targetHints":{"allow":["GET"]}}],"collection":[{"href":"https:\/\/www.mediaplateforme.com\/fr\/wp-json\/wp\/v2\/posts"}],"about":[{"href":"https:\/\/www.mediaplateforme.com\/fr\/wp-json\/wp\/v2\/types\/post"}],"author":[{"embeddable":true,"href":"https:\/\/www.mediaplateforme.com\/fr\/wp-json\/wp\/v2\/users\/1"}],"replies":[{"embeddable":true,"href":"https:\/\/www.mediaplateforme.com\/fr\/wp-json\/wp\/v2\/comments?post=3751"}],"version-history":[{"count":1,"href":"https:\/\/www.mediaplateforme.com\/fr\/wp-json\/wp\/v2\/posts\/3751\/revisions"}],"predecessor-version":[{"id":3753,"href":"https:\/\/www.mediaplateforme.com\/fr\/wp-json\/wp\/v2\/posts\/3751\/revisions\/3753"}],"wp:featuredmedia":[{"embeddable":true,"href":"https:\/\/www.mediaplateforme.com\/fr\/wp-json\/wp\/v2\/media\/3752"}],"wp:attachment":[{"href":"https:\/\/www.mediaplateforme.com\/fr\/wp-json\/wp\/v2\/media?parent=3751"}],"wp:term":[{"taxonomy":"category","embeddable":true,"href":"https:\/\/www.mediaplateforme.com\/fr\/wp-json\/wp\/v2\/categories?post=3751"},{"taxonomy":"post_tag","embeddable":true,"href":"https:\/\/www.mediaplateforme.com\/fr\/wp-json\/wp\/v2\/tags?post=3751"}],"curies":[{"name":"wp","href":"https:\/\/api.w.org\/{rel}","templated":true}]}}