{"id":3748,"date":"2023-07-29T22:06:53","date_gmt":"2023-07-29T21:06:53","guid":{"rendered":"https:\/\/www.mediaplateforme.com\/fr\/?p=3748"},"modified":"2023-07-29T22:06:53","modified_gmt":"2023-07-29T21:06:53","slug":"cosumar-wilmar-se-retire-du-capital-un-nouvel-operateur-sucrier-bientot-dans-le-tour-de-table","status":"publish","type":"post","link":"https:\/\/www.mediaplateforme.com\/fr\/cosumar-wilmar-se-retire-du-capital-un-nouvel-operateur-sucrier-bientot-dans-le-tour-de-table\/","title":{"rendered":"Cosumar: Wilmar se retire du capital, un nouvel op\u00e9rateur sucrier bient\u00f4t dans le tour de table"},"content":{"rendered":"<p>&nbsp;<\/p>\n<p>Des investisseurs institutionnels marocains, actionnaires de COSUMAR et le groupe Wilmar ont conclu, le 28 juillet 2023, un accord global portant sur la cession de l\u2019int\u00e9gralit\u00e9 de la participation du groupe Wilmar au sein de COSUMAR, repr\u00e9sentant 30,05% du capital.<\/p>\n<p>&nbsp;<\/p>\n<p>Cet accord pr\u00e9voit \u00e9galement la cession par COSUMAR de l\u2019int\u00e9gralit\u00e9 de ses participations dans les soci\u00e9t\u00e9s Durrah et Wilmaco au profit du groupe Wilmar selon des termes qui seront soumis aux instances de COSUMAR.<\/p>\n<p>&nbsp;<\/p>\n<p>Cette op\u00e9ration vient couronner dix ann\u00e9es d\u2019un partenariat strat\u00e9gique et commercial entre COSUMAR et le groupe Wilmar.<\/p>\n<p>&nbsp;<\/p>\n<p>&nbsp;<\/p>\n<p>L\u2019entr\u00e9e au capital d\u2019un op\u00e9rateur sucrier international en tant qu\u2019actionnaire minoritaire est envisag\u00e9e. Celle-ci interviendrait de mani\u00e8re simultan\u00e9e \u00e0 la transaction susvis\u00e9e et au m\u00eame prix.<\/p>\n<p>&nbsp;<\/p>\n<p>&nbsp;<\/p>\n<h4>La transaction sera r\u00e9alis\u00e9e sur la base d\u2019un prix de 210 dirhams par action.<\/h4>\n<p>&nbsp;<\/p>\n<p>&nbsp;<\/p>\n<p>La r\u00e9alisation de la transaction, envisag\u00e9e au plus tard au quatri\u00e8me trimestre 2023, interviendra apr\u00e8s lev\u00e9e des conditions suspensives, notamment l\u2019obtention des autorisations r\u00e9glementaires usuelles (lesquelles incluent l\u2019autorisation du Conseil de la Concurrence). Il n\u2019est pas pr\u00e9vu de changement dans la gouvernance de COSUMAR jusqu\u2019\u00e0 la r\u00e9alisation de la transaction.<\/p>\n<p>&nbsp;<\/p>\n<p>Pour sa part, le groupe COSUMAR continuera \u00e0 d\u00e9ployer sa strat\u00e9gie de d\u00e9veloppement de la fili\u00e8re sucri\u00e8re pour contribuer \u00e0 la souverainet\u00e9 alimentaire du Royaume et \u0153uvrer \u00e0 la diversification de ses activit\u00e9s sur les plans national et international.<\/p>\n","protected":false},"excerpt":{"rendered":"<p>&nbsp; Des investisseurs institutionnels marocains, actionnaires de COSUMAR et le groupe Wilmar ont conclu, le<\/p>\n","protected":false},"author":1,"featured_media":3749,"comment_status":"open","ping_status":"open","sticky":false,"template":"","format":"standard","meta":{"_acf_changed":false,"footnotes":""},"categories":[2,3],"tags":[39,1196],"class_list":["post-3748","post","type-post","status-publish","format-standard","has-post-thumbnail","hentry","category-nouvelles","category-nouvelles-selectionnees","tag-cosumar","tag-wilmar"],"acf":[],"yoast_head":"<!-- This site is optimized with the Yoast SEO plugin v22.0 - https:\/\/yoast.com\/wordpress\/plugins\/seo\/ -->\n<title>Cosumar: Wilmar se retire du capital, un nouvel op\u00e9rateur sucrier bient\u00f4t dans le tour de table - MEDIA PLATEFORME | FR<\/title>\n<meta name=\"description\" content=\"Des investisseurs institutionnels marocains, actionnaires de COSUMAR et le groupe Wilmar ont conclu, le 28 juillet 2023, un\" \/>\n<meta name=\"robots\" content=\"index, follow, max-snippet:-1, max-image-preview:large, max-video-preview:-1\" \/>\n<link rel=\"canonical\" href=\"https:\/\/www.mediaplateforme.com\/fr\/cosumar-wilmar-se-retire-du-capital-un-nouvel-operateur-sucrier-bientot-dans-le-tour-de-table\/\" \/>\n<meta property=\"og:locale\" content=\"fr_FR\" \/>\n<meta property=\"og:type\" content=\"article\" \/>\n<meta property=\"og:title\" content=\"Cosumar: Wilmar se retire du capital, un nouvel op\u00e9rateur sucrier bient\u00f4t dans le tour de table - MEDIA PLATEFORME | FR\" \/>\n<meta property=\"og:description\" content=\"Des investisseurs institutionnels marocains, actionnaires de COSUMAR et le groupe Wilmar ont conclu, le 28 juillet 2023, un\" \/>\n<meta property=\"og:url\" content=\"https:\/\/www.mediaplateforme.com\/fr\/cosumar-wilmar-se-retire-du-capital-un-nouvel-operateur-sucrier-bientot-dans-le-tour-de-table\/\" \/>\n<meta property=\"og:site_name\" content=\"MEDIA PLATEFORME | FR\" \/>\n<meta property=\"article:published_time\" content=\"2023-07-29T21:06:53+00:00\" \/>\n<meta property=\"og:image\" content=\"https:\/\/www.mediaplateforme.com\/fr\/wp-content\/uploads\/sites\/5\/2023\/07\/Logo_nouveau_cosumar.png\" \/>\n\t<meta property=\"og:image:width\" content=\"560\" \/>\n\t<meta property=\"og:image:height\" content=\"419\" \/>\n\t<meta property=\"og:image:type\" content=\"image\/png\" \/>\n<meta name=\"author\" content=\"Mediaplateforme\" \/>\n<meta name=\"twitter:card\" content=\"summary_large_image\" \/>\n<meta name=\"twitter:label1\" content=\"\u00c9crit par\" \/>\n\t<meta name=\"twitter:data1\" content=\"Mediaplateforme\" \/>\n\t<meta name=\"twitter:label2\" content=\"Dur\u00e9e de lecture estim\u00e9e\" \/>\n\t<meta name=\"twitter:data2\" content=\"2 minutes\" \/>\n<script type=\"application\/ld+json\" class=\"yoast-schema-graph\">{\"@context\":\"https:\/\/schema.org\",\"@graph\":[{\"@type\":\"WebPage\",\"@id\":\"https:\/\/www.mediaplateforme.com\/fr\/cosumar-wilmar-se-retire-du-capital-un-nouvel-operateur-sucrier-bientot-dans-le-tour-de-table\/\",\"url\":\"https:\/\/www.mediaplateforme.com\/fr\/cosumar-wilmar-se-retire-du-capital-un-nouvel-operateur-sucrier-bientot-dans-le-tour-de-table\/\",\"name\":\"Cosumar: Wilmar se retire du capital, un nouvel op\u00e9rateur sucrier bient\u00f4t dans le tour de table - MEDIA PLATEFORME | FR\",\"isPartOf\":{\"@id\":\"https:\/\/www.mediaplateforme.com\/fr\/#website\"},\"datePublished\":\"2023-07-29T21:06:53+00:00\",\"dateModified\":\"2023-07-29T21:06:53+00:00\",\"author\":{\"@id\":\"https:\/\/www.mediaplateforme.com\/fr\/#\/schema\/person\/89833db382b5db2c76b094bc902aa12a\"},\"description\":\"Des investisseurs institutionnels marocains, actionnaires de COSUMAR et le groupe Wilmar ont conclu, le 28 juillet 2023, un\",\"breadcrumb\":{\"@id\":\"https:\/\/www.mediaplateforme.com\/fr\/cosumar-wilmar-se-retire-du-capital-un-nouvel-operateur-sucrier-bientot-dans-le-tour-de-table\/#breadcrumb\"},\"inLanguage\":\"fr-FR\",\"potentialAction\":[{\"@type\":\"ReadAction\",\"target\":[\"https:\/\/www.mediaplateforme.com\/fr\/cosumar-wilmar-se-retire-du-capital-un-nouvel-operateur-sucrier-bientot-dans-le-tour-de-table\/\"]}]},{\"@type\":\"BreadcrumbList\",\"@id\":\"https:\/\/www.mediaplateforme.com\/fr\/cosumar-wilmar-se-retire-du-capital-un-nouvel-operateur-sucrier-bientot-dans-le-tour-de-table\/#breadcrumb\",\"itemListElement\":[{\"@type\":\"ListItem\",\"position\":1,\"name\":\"\u0627\u0644\u0631\u0626\u064a\u0633\u064a\u0629\",\"item\":\"https:\/\/www.mediaplateforme.com\/fr\/\"},{\"@type\":\"ListItem\",\"position\":2,\"name\":\"Cosumar: Wilmar se retire du capital, un nouvel op\u00e9rateur sucrier bient\u00f4t dans le tour de table\"}]},{\"@type\":\"WebSite\",\"@id\":\"https:\/\/www.mediaplateforme.com\/fr\/#website\",\"url\":\"https:\/\/www.mediaplateforme.com\/fr\/\",\"name\":\"MEDIA PLATEFORME | FR\",\"description\":\"Mediaplateforme sp\u00e9cialis\u00e9 dans la communication institutions publiques et des entreprises\",\"potentialAction\":[{\"@type\":\"SearchAction\",\"target\":{\"@type\":\"EntryPoint\",\"urlTemplate\":\"https:\/\/www.mediaplateforme.com\/fr\/?s={search_term_string}\"},\"query-input\":\"required name=search_term_string\"}],\"inLanguage\":\"fr-FR\"},{\"@type\":\"Person\",\"@id\":\"https:\/\/www.mediaplateforme.com\/fr\/#\/schema\/person\/89833db382b5db2c76b094bc902aa12a\",\"name\":\"Mediaplateforme\",\"image\":{\"@type\":\"ImageObject\",\"inLanguage\":\"fr-FR\",\"@id\":\"https:\/\/www.mediaplateforme.com\/fr\/#\/schema\/person\/image\/\",\"url\":\"https:\/\/secure.gravatar.com\/avatar\/6c9c02e8928cc65d54bf75157f7b3a2d06d7ad0494ca0951f679552ff03b34c1?s=96&d=mm&r=g\",\"contentUrl\":\"https:\/\/secure.gravatar.com\/avatar\/6c9c02e8928cc65d54bf75157f7b3a2d06d7ad0494ca0951f679552ff03b34c1?s=96&d=mm&r=g\",\"caption\":\"Mediaplateforme\"},\"sameAs\":[\"https:\/\/www.mediaplateforme.com\"],\"url\":\"https:\/\/www.mediaplateforme.com\/fr\/author\/mohamedladib\/\"}]}<\/script>\n<!-- \/ Yoast SEO plugin. -->","yoast_head_json":{"title":"Cosumar: Wilmar se retire du capital, un nouvel op\u00e9rateur sucrier bient\u00f4t dans le tour de table - MEDIA PLATEFORME | FR","description":"Des investisseurs institutionnels marocains, actionnaires de COSUMAR et le groupe Wilmar ont conclu, le 28 juillet 2023, un","robots":{"index":"index","follow":"follow","max-snippet":"max-snippet:-1","max-image-preview":"max-image-preview:large","max-video-preview":"max-video-preview:-1"},"canonical":"https:\/\/www.mediaplateforme.com\/fr\/cosumar-wilmar-se-retire-du-capital-un-nouvel-operateur-sucrier-bientot-dans-le-tour-de-table\/","og_locale":"fr_FR","og_type":"article","og_title":"Cosumar: Wilmar se retire du capital, un nouvel op\u00e9rateur sucrier bient\u00f4t dans le tour de table - MEDIA PLATEFORME | FR","og_description":"Des investisseurs institutionnels marocains, actionnaires de COSUMAR et le groupe Wilmar ont conclu, le 28 juillet 2023, un","og_url":"https:\/\/www.mediaplateforme.com\/fr\/cosumar-wilmar-se-retire-du-capital-un-nouvel-operateur-sucrier-bientot-dans-le-tour-de-table\/","og_site_name":"MEDIA PLATEFORME | FR","article_published_time":"2023-07-29T21:06:53+00:00","og_image":[{"width":560,"height":419,"url":"https:\/\/www.mediaplateforme.com\/fr\/wp-content\/uploads\/sites\/5\/2023\/07\/Logo_nouveau_cosumar.png","type":"image\/png"}],"author":"Mediaplateforme","twitter_card":"summary_large_image","twitter_misc":{"\u00c9crit par":"Mediaplateforme","Dur\u00e9e de lecture estim\u00e9e":"2 minutes"},"schema":{"@context":"https:\/\/schema.org","@graph":[{"@type":"WebPage","@id":"https:\/\/www.mediaplateforme.com\/fr\/cosumar-wilmar-se-retire-du-capital-un-nouvel-operateur-sucrier-bientot-dans-le-tour-de-table\/","url":"https:\/\/www.mediaplateforme.com\/fr\/cosumar-wilmar-se-retire-du-capital-un-nouvel-operateur-sucrier-bientot-dans-le-tour-de-table\/","name":"Cosumar: Wilmar se retire du capital, un nouvel op\u00e9rateur sucrier bient\u00f4t dans le tour de table - MEDIA PLATEFORME | FR","isPartOf":{"@id":"https:\/\/www.mediaplateforme.com\/fr\/#website"},"datePublished":"2023-07-29T21:06:53+00:00","dateModified":"2023-07-29T21:06:53+00:00","author":{"@id":"https:\/\/www.mediaplateforme.com\/fr\/#\/schema\/person\/89833db382b5db2c76b094bc902aa12a"},"description":"Des investisseurs institutionnels marocains, actionnaires de COSUMAR et le groupe Wilmar ont conclu, le 28 juillet 2023, un","breadcrumb":{"@id":"https:\/\/www.mediaplateforme.com\/fr\/cosumar-wilmar-se-retire-du-capital-un-nouvel-operateur-sucrier-bientot-dans-le-tour-de-table\/#breadcrumb"},"inLanguage":"fr-FR","potentialAction":[{"@type":"ReadAction","target":["https:\/\/www.mediaplateforme.com\/fr\/cosumar-wilmar-se-retire-du-capital-un-nouvel-operateur-sucrier-bientot-dans-le-tour-de-table\/"]}]},{"@type":"BreadcrumbList","@id":"https:\/\/www.mediaplateforme.com\/fr\/cosumar-wilmar-se-retire-du-capital-un-nouvel-operateur-sucrier-bientot-dans-le-tour-de-table\/#breadcrumb","itemListElement":[{"@type":"ListItem","position":1,"name":"\u0627\u0644\u0631\u0626\u064a\u0633\u064a\u0629","item":"https:\/\/www.mediaplateforme.com\/fr\/"},{"@type":"ListItem","position":2,"name":"Cosumar: Wilmar se retire du capital, un nouvel op\u00e9rateur sucrier bient\u00f4t dans le tour de table"}]},{"@type":"WebSite","@id":"https:\/\/www.mediaplateforme.com\/fr\/#website","url":"https:\/\/www.mediaplateforme.com\/fr\/","name":"MEDIA PLATEFORME | FR","description":"Mediaplateforme sp\u00e9cialis\u00e9 dans la communication institutions publiques et des entreprises","potentialAction":[{"@type":"SearchAction","target":{"@type":"EntryPoint","urlTemplate":"https:\/\/www.mediaplateforme.com\/fr\/?s={search_term_string}"},"query-input":"required name=search_term_string"}],"inLanguage":"fr-FR"},{"@type":"Person","@id":"https:\/\/www.mediaplateforme.com\/fr\/#\/schema\/person\/89833db382b5db2c76b094bc902aa12a","name":"Mediaplateforme","image":{"@type":"ImageObject","inLanguage":"fr-FR","@id":"https:\/\/www.mediaplateforme.com\/fr\/#\/schema\/person\/image\/","url":"https:\/\/secure.gravatar.com\/avatar\/6c9c02e8928cc65d54bf75157f7b3a2d06d7ad0494ca0951f679552ff03b34c1?s=96&d=mm&r=g","contentUrl":"https:\/\/secure.gravatar.com\/avatar\/6c9c02e8928cc65d54bf75157f7b3a2d06d7ad0494ca0951f679552ff03b34c1?s=96&d=mm&r=g","caption":"Mediaplateforme"},"sameAs":["https:\/\/www.mediaplateforme.com"],"url":"https:\/\/www.mediaplateforme.com\/fr\/author\/mohamedladib\/"}]}},"_links":{"self":[{"href":"https:\/\/www.mediaplateforme.com\/fr\/wp-json\/wp\/v2\/posts\/3748","targetHints":{"allow":["GET"]}}],"collection":[{"href":"https:\/\/www.mediaplateforme.com\/fr\/wp-json\/wp\/v2\/posts"}],"about":[{"href":"https:\/\/www.mediaplateforme.com\/fr\/wp-json\/wp\/v2\/types\/post"}],"author":[{"embeddable":true,"href":"https:\/\/www.mediaplateforme.com\/fr\/wp-json\/wp\/v2\/users\/1"}],"replies":[{"embeddable":true,"href":"https:\/\/www.mediaplateforme.com\/fr\/wp-json\/wp\/v2\/comments?post=3748"}],"version-history":[{"count":1,"href":"https:\/\/www.mediaplateforme.com\/fr\/wp-json\/wp\/v2\/posts\/3748\/revisions"}],"predecessor-version":[{"id":3750,"href":"https:\/\/www.mediaplateforme.com\/fr\/wp-json\/wp\/v2\/posts\/3748\/revisions\/3750"}],"wp:featuredmedia":[{"embeddable":true,"href":"https:\/\/www.mediaplateforme.com\/fr\/wp-json\/wp\/v2\/media\/3749"}],"wp:attachment":[{"href":"https:\/\/www.mediaplateforme.com\/fr\/wp-json\/wp\/v2\/media?parent=3748"}],"wp:term":[{"taxonomy":"category","embeddable":true,"href":"https:\/\/www.mediaplateforme.com\/fr\/wp-json\/wp\/v2\/categories?post=3748"},{"taxonomy":"post_tag","embeddable":true,"href":"https:\/\/www.mediaplateforme.com\/fr\/wp-json\/wp\/v2\/tags?post=3748"}],"curies":[{"name":"wp","href":"https:\/\/api.w.org\/{rel}","templated":true}]}}