{"id":3653,"date":"2023-07-21T14:00:09","date_gmt":"2023-07-21T13:00:09","guid":{"rendered":"https:\/\/www.mediaplateforme.com\/fr\/?p=3653"},"modified":"2023-07-21T14:00:09","modified_gmt":"2023-07-21T13:00:09","slug":"un-premier-semestre-2023-positif-pour-renault-group-maroc","status":"publish","type":"post","link":"https:\/\/www.mediaplateforme.com\/fr\/un-premier-semestre-2023-positif-pour-renault-group-maroc\/","title":{"rendered":"Un premier semestre 2023 positif pour Renault Group Maroc"},"content":{"rendered":"<p>Au premier semestre de l\u2019ann\u00e9e, Renault Group Maroc maintien son leadership industriel et commercial et conforte son r\u00f4le de locomotive de la fili\u00e8re automobile marocaine.<\/p>\n<p>&nbsp;<\/p>\n<p>La production au premier semestre 2023 des deux usines Renault Group au Maroc, en hausse de 9,33% par rapport au premier semestre 2022, a atteint 185 548 v\u00e9hicules dont 140\u00a0 104 pour l\u2019usine de Tanger et 45 444 pour l\u2019usine Renault de Casablanca, la SOMACA. Cot\u00e9 exportation, Renault Group Maroc a export\u00e9 154 559 v\u00e9hicules, soit une augmentation de 10% par rapport \u00e0 la m\u00eame p\u00e9riode de l\u2019an dernier.<\/p>\n<p>&nbsp;<\/p>\n<p>Sur le plan commercial, Renault Group Maroc marque son leadership \u00e0 fin juin 2023 avec Dacia et Renault respectivement \u00e0 la 1\u00e8re et la 2\u00e8me place du march\u00e9 marocain, avec 23,7% de part de march\u00e9 pour la marque Dacia et 16,6% de part de march\u00e9 pour la marque Renault.\u00a0 1 v\u00e9hicule sur 4 au Maroc est vendu par Renault Group Maroc.<\/p>\n<p>&nbsp;<\/p>\n<p>Un premier semestre marqu\u00e9 par l\u2019annonce de l\u2019affectation de Dacia Jogger, nouveau-n\u00e9 de la marque en versions thermique et pour la premi\u00e8re fois hybride au Maroc, \u00e0 l\u2019usine de Tanger \u00e0 partir du deuxi\u00e8me trimestre 2024. Ce nouveau projet vient renforcer la confiance du groupe dans la plateforme industrielle nationale et confirmer l\u2019introduction des technologies d\u2019\u00e9lectrification de la fabrication marocaine annonc\u00e9e en juin 2021 lors du renouvellement des accords visant \u00e0 consolider l\u2019\u00e9cosyst\u00e8me Renault.<\/p>\n<p>&nbsp;<\/p>\n<p>Ce premier semestre 2023 est \u00e9galement marqu\u00e9 par deux annonces majeures. D\u2019une part, la signature de la convention de partenariat entre Renault Group Maroc, le minist\u00e8re de l\u2019Inclusion Economique, de la Petite Entreprise, de l\u2019Emploi et des Comp\u00e9tences, et le Minist\u00e8re de l\u2019Industrie &amp; du Commerce visant \u00e0 soutenir l\u2019OFPPT dans la mise en place de programmes de formations ad\u00e9quats pour accompagner l\u2019\u00e9volution et le d\u00e9veloppement de l\u2019industrie automobile marocaine.<\/p>\n<p>D\u2019autre part, la signature d\u2019un memorandum of understanding entre Renault Group, le Minist\u00e8re de l\u2019Investissement, de la Convergence et de l\u2019Evaluation politiques publiques, le Minist\u00e8re de la Transition Num\u00e9rique et de la R\u00e9forme de l\u2019Administration et l&rsquo;Agence Marocaine de D\u00e9veloppement des Investissements et des Exportations (AMDIE) pour la cr\u00e9ation d\u2019une filiale de Renault Group au Maroc \u00ab Renault Digital Maroc \u00bb. Une nouvelle entit\u00e9 d\u00e9di\u00e9e au d\u00e9veloppement de produits digitaux et ayant pour objectif de prendre en charge le d\u00e9veloppement et la maintenance de produits digitaux pour les diff\u00e9rents m\u00e9tiers du groupe et ses clients dans le monde. La nouvelle filiale marocaine vise \u00e0 innover et d\u00e9livrer de la valeur digitale, avec des \u00e9quipes expertes et pluridisciplinaires qui participeront au d\u00e9veloppement strat\u00e9gique pour transformer durablement l\u2019industrie automobile et les mobilit\u00e9s de demain.<\/p>\n","protected":false},"excerpt":{"rendered":"<p>Au premier semestre de l\u2019ann\u00e9e, Renault Group Maroc maintien son leadership industriel et commercial et<\/p>\n","protected":false},"author":1,"featured_media":3654,"comment_status":"open","ping_status":"open","sticky":false,"template":"","format":"standard","meta":{"_acf_changed":false,"footnotes":""},"categories":[2,3],"tags":[228],"class_list":["post-3653","post","type-post","status-publish","format-standard","has-post-thumbnail","hentry","category-nouvelles","category-nouvelles-selectionnees","tag-renault-group-maroc"],"acf":[],"yoast_head":"<!-- This site is optimized with the Yoast SEO plugin v22.0 - https:\/\/yoast.com\/wordpress\/plugins\/seo\/ -->\n<title>Un premier semestre 2023 positif pour Renault Group Maroc - MEDIA PLATEFORME | FR<\/title>\n<meta name=\"description\" content=\"Au premier semestre de l\u2019ann\u00e9e, Renault Group Maroc maintien son leadership industriel et commercial automobile marocaine.\" \/>\n<meta name=\"robots\" content=\"index, follow, max-snippet:-1, max-image-preview:large, max-video-preview:-1\" \/>\n<link rel=\"canonical\" href=\"https:\/\/www.mediaplateforme.com\/fr\/un-premier-semestre-2023-positif-pour-renault-group-maroc\/\" \/>\n<meta property=\"og:locale\" content=\"fr_FR\" \/>\n<meta property=\"og:type\" content=\"article\" \/>\n<meta property=\"og:title\" content=\"Un premier semestre 2023 positif pour Renault Group Maroc - MEDIA PLATEFORME | FR\" \/>\n<meta property=\"og:description\" content=\"Au premier semestre de l\u2019ann\u00e9e, Renault Group Maroc maintien son leadership industriel et commercial automobile marocaine.\" \/>\n<meta property=\"og:url\" content=\"https:\/\/www.mediaplateforme.com\/fr\/un-premier-semestre-2023-positif-pour-renault-group-maroc\/\" \/>\n<meta property=\"og:site_name\" content=\"MEDIA PLATEFORME | FR\" \/>\n<meta property=\"article:published_time\" content=\"2023-07-21T13:00:09+00:00\" \/>\n<meta property=\"og:image\" content=\"https:\/\/www.mediaplateforme.com\/fr\/wp-content\/uploads\/sites\/5\/2023\/07\/Usine-SOMACA-Casablanca.jpg\" \/>\n\t<meta property=\"og:image:width\" content=\"2000\" \/>\n\t<meta property=\"og:image:height\" content=\"1332\" \/>\n\t<meta property=\"og:image:type\" content=\"image\/jpeg\" \/>\n<meta name=\"author\" content=\"Mediaplateforme\" \/>\n<meta name=\"twitter:card\" content=\"summary_large_image\" \/>\n<meta name=\"twitter:label1\" content=\"\u00c9crit par\" \/>\n\t<meta name=\"twitter:data1\" content=\"Mediaplateforme\" \/>\n\t<meta name=\"twitter:label2\" content=\"Dur\u00e9e de lecture estim\u00e9e\" \/>\n\t<meta name=\"twitter:data2\" content=\"3 minutes\" \/>\n<script type=\"application\/ld+json\" class=\"yoast-schema-graph\">{\"@context\":\"https:\/\/schema.org\",\"@graph\":[{\"@type\":\"WebPage\",\"@id\":\"https:\/\/www.mediaplateforme.com\/fr\/un-premier-semestre-2023-positif-pour-renault-group-maroc\/\",\"url\":\"https:\/\/www.mediaplateforme.com\/fr\/un-premier-semestre-2023-positif-pour-renault-group-maroc\/\",\"name\":\"Un premier semestre 2023 positif pour Renault Group Maroc - MEDIA PLATEFORME | FR\",\"isPartOf\":{\"@id\":\"https:\/\/www.mediaplateforme.com\/fr\/#website\"},\"datePublished\":\"2023-07-21T13:00:09+00:00\",\"dateModified\":\"2023-07-21T13:00:09+00:00\",\"author\":{\"@id\":\"https:\/\/www.mediaplateforme.com\/fr\/#\/schema\/person\/89833db382b5db2c76b094bc902aa12a\"},\"description\":\"Au premier semestre de l\u2019ann\u00e9e, Renault Group Maroc maintien son leadership industriel et commercial automobile marocaine.\",\"breadcrumb\":{\"@id\":\"https:\/\/www.mediaplateforme.com\/fr\/un-premier-semestre-2023-positif-pour-renault-group-maroc\/#breadcrumb\"},\"inLanguage\":\"fr-FR\",\"potentialAction\":[{\"@type\":\"ReadAction\",\"target\":[\"https:\/\/www.mediaplateforme.com\/fr\/un-premier-semestre-2023-positif-pour-renault-group-maroc\/\"]}]},{\"@type\":\"BreadcrumbList\",\"@id\":\"https:\/\/www.mediaplateforme.com\/fr\/un-premier-semestre-2023-positif-pour-renault-group-maroc\/#breadcrumb\",\"itemListElement\":[{\"@type\":\"ListItem\",\"position\":1,\"name\":\"\u0627\u0644\u0631\u0626\u064a\u0633\u064a\u0629\",\"item\":\"https:\/\/www.mediaplateforme.com\/fr\/\"},{\"@type\":\"ListItem\",\"position\":2,\"name\":\"Un premier semestre 2023 positif pour Renault Group Maroc\"}]},{\"@type\":\"WebSite\",\"@id\":\"https:\/\/www.mediaplateforme.com\/fr\/#website\",\"url\":\"https:\/\/www.mediaplateforme.com\/fr\/\",\"name\":\"MEDIA PLATEFORME | FR\",\"description\":\"Mediaplateforme sp\u00e9cialis\u00e9 dans la communication institutions publiques et des entreprises\",\"potentialAction\":[{\"@type\":\"SearchAction\",\"target\":{\"@type\":\"EntryPoint\",\"urlTemplate\":\"https:\/\/www.mediaplateforme.com\/fr\/?s={search_term_string}\"},\"query-input\":\"required name=search_term_string\"}],\"inLanguage\":\"fr-FR\"},{\"@type\":\"Person\",\"@id\":\"https:\/\/www.mediaplateforme.com\/fr\/#\/schema\/person\/89833db382b5db2c76b094bc902aa12a\",\"name\":\"Mediaplateforme\",\"image\":{\"@type\":\"ImageObject\",\"inLanguage\":\"fr-FR\",\"@id\":\"https:\/\/www.mediaplateforme.com\/fr\/#\/schema\/person\/image\/\",\"url\":\"https:\/\/secure.gravatar.com\/avatar\/6c9c02e8928cc65d54bf75157f7b3a2d06d7ad0494ca0951f679552ff03b34c1?s=96&d=mm&r=g\",\"contentUrl\":\"https:\/\/secure.gravatar.com\/avatar\/6c9c02e8928cc65d54bf75157f7b3a2d06d7ad0494ca0951f679552ff03b34c1?s=96&d=mm&r=g\",\"caption\":\"Mediaplateforme\"},\"sameAs\":[\"https:\/\/www.mediaplateforme.com\"],\"url\":\"https:\/\/www.mediaplateforme.com\/fr\/author\/mohamedladib\/\"}]}<\/script>\n<!-- \/ Yoast SEO plugin. -->","yoast_head_json":{"title":"Un premier semestre 2023 positif pour Renault Group Maroc - MEDIA PLATEFORME | FR","description":"Au premier semestre de l\u2019ann\u00e9e, Renault Group Maroc maintien son leadership industriel et commercial automobile marocaine.","robots":{"index":"index","follow":"follow","max-snippet":"max-snippet:-1","max-image-preview":"max-image-preview:large","max-video-preview":"max-video-preview:-1"},"canonical":"https:\/\/www.mediaplateforme.com\/fr\/un-premier-semestre-2023-positif-pour-renault-group-maroc\/","og_locale":"fr_FR","og_type":"article","og_title":"Un premier semestre 2023 positif pour Renault Group Maroc - MEDIA PLATEFORME | FR","og_description":"Au premier semestre de l\u2019ann\u00e9e, Renault Group Maroc maintien son leadership industriel et commercial automobile marocaine.","og_url":"https:\/\/www.mediaplateforme.com\/fr\/un-premier-semestre-2023-positif-pour-renault-group-maroc\/","og_site_name":"MEDIA PLATEFORME | FR","article_published_time":"2023-07-21T13:00:09+00:00","og_image":[{"width":2000,"height":1332,"url":"https:\/\/www.mediaplateforme.com\/fr\/wp-content\/uploads\/sites\/5\/2023\/07\/Usine-SOMACA-Casablanca.jpg","type":"image\/jpeg"}],"author":"Mediaplateforme","twitter_card":"summary_large_image","twitter_misc":{"\u00c9crit par":"Mediaplateforme","Dur\u00e9e de lecture estim\u00e9e":"3 minutes"},"schema":{"@context":"https:\/\/schema.org","@graph":[{"@type":"WebPage","@id":"https:\/\/www.mediaplateforme.com\/fr\/un-premier-semestre-2023-positif-pour-renault-group-maroc\/","url":"https:\/\/www.mediaplateforme.com\/fr\/un-premier-semestre-2023-positif-pour-renault-group-maroc\/","name":"Un premier semestre 2023 positif pour Renault Group Maroc - MEDIA PLATEFORME | FR","isPartOf":{"@id":"https:\/\/www.mediaplateforme.com\/fr\/#website"},"datePublished":"2023-07-21T13:00:09+00:00","dateModified":"2023-07-21T13:00:09+00:00","author":{"@id":"https:\/\/www.mediaplateforme.com\/fr\/#\/schema\/person\/89833db382b5db2c76b094bc902aa12a"},"description":"Au premier semestre de l\u2019ann\u00e9e, Renault Group Maroc maintien son leadership industriel et commercial automobile marocaine.","breadcrumb":{"@id":"https:\/\/www.mediaplateforme.com\/fr\/un-premier-semestre-2023-positif-pour-renault-group-maroc\/#breadcrumb"},"inLanguage":"fr-FR","potentialAction":[{"@type":"ReadAction","target":["https:\/\/www.mediaplateforme.com\/fr\/un-premier-semestre-2023-positif-pour-renault-group-maroc\/"]}]},{"@type":"BreadcrumbList","@id":"https:\/\/www.mediaplateforme.com\/fr\/un-premier-semestre-2023-positif-pour-renault-group-maroc\/#breadcrumb","itemListElement":[{"@type":"ListItem","position":1,"name":"\u0627\u0644\u0631\u0626\u064a\u0633\u064a\u0629","item":"https:\/\/www.mediaplateforme.com\/fr\/"},{"@type":"ListItem","position":2,"name":"Un premier semestre 2023 positif pour Renault Group Maroc"}]},{"@type":"WebSite","@id":"https:\/\/www.mediaplateforme.com\/fr\/#website","url":"https:\/\/www.mediaplateforme.com\/fr\/","name":"MEDIA PLATEFORME | FR","description":"Mediaplateforme sp\u00e9cialis\u00e9 dans la communication institutions publiques et des entreprises","potentialAction":[{"@type":"SearchAction","target":{"@type":"EntryPoint","urlTemplate":"https:\/\/www.mediaplateforme.com\/fr\/?s={search_term_string}"},"query-input":"required name=search_term_string"}],"inLanguage":"fr-FR"},{"@type":"Person","@id":"https:\/\/www.mediaplateforme.com\/fr\/#\/schema\/person\/89833db382b5db2c76b094bc902aa12a","name":"Mediaplateforme","image":{"@type":"ImageObject","inLanguage":"fr-FR","@id":"https:\/\/www.mediaplateforme.com\/fr\/#\/schema\/person\/image\/","url":"https:\/\/secure.gravatar.com\/avatar\/6c9c02e8928cc65d54bf75157f7b3a2d06d7ad0494ca0951f679552ff03b34c1?s=96&d=mm&r=g","contentUrl":"https:\/\/secure.gravatar.com\/avatar\/6c9c02e8928cc65d54bf75157f7b3a2d06d7ad0494ca0951f679552ff03b34c1?s=96&d=mm&r=g","caption":"Mediaplateforme"},"sameAs":["https:\/\/www.mediaplateforme.com"],"url":"https:\/\/www.mediaplateforme.com\/fr\/author\/mohamedladib\/"}]}},"_links":{"self":[{"href":"https:\/\/www.mediaplateforme.com\/fr\/wp-json\/wp\/v2\/posts\/3653","targetHints":{"allow":["GET"]}}],"collection":[{"href":"https:\/\/www.mediaplateforme.com\/fr\/wp-json\/wp\/v2\/posts"}],"about":[{"href":"https:\/\/www.mediaplateforme.com\/fr\/wp-json\/wp\/v2\/types\/post"}],"author":[{"embeddable":true,"href":"https:\/\/www.mediaplateforme.com\/fr\/wp-json\/wp\/v2\/users\/1"}],"replies":[{"embeddable":true,"href":"https:\/\/www.mediaplateforme.com\/fr\/wp-json\/wp\/v2\/comments?post=3653"}],"version-history":[{"count":1,"href":"https:\/\/www.mediaplateforme.com\/fr\/wp-json\/wp\/v2\/posts\/3653\/revisions"}],"predecessor-version":[{"id":3655,"href":"https:\/\/www.mediaplateforme.com\/fr\/wp-json\/wp\/v2\/posts\/3653\/revisions\/3655"}],"wp:featuredmedia":[{"embeddable":true,"href":"https:\/\/www.mediaplateforme.com\/fr\/wp-json\/wp\/v2\/media\/3654"}],"wp:attachment":[{"href":"https:\/\/www.mediaplateforme.com\/fr\/wp-json\/wp\/v2\/media?parent=3653"}],"wp:term":[{"taxonomy":"category","embeddable":true,"href":"https:\/\/www.mediaplateforme.com\/fr\/wp-json\/wp\/v2\/categories?post=3653"},{"taxonomy":"post_tag","embeddable":true,"href":"https:\/\/www.mediaplateforme.com\/fr\/wp-json\/wp\/v2\/tags?post=3653"}],"curies":[{"name":"wp","href":"https:\/\/api.w.org\/{rel}","templated":true}]}}