{"id":3650,"date":"2023-07-21T13:52:16","date_gmt":"2023-07-21T12:52:16","guid":{"rendered":"https:\/\/www.mediaplateforme.com\/fr\/?p=3650"},"modified":"2023-07-21T13:52:16","modified_gmt":"2023-07-21T12:52:16","slug":"nomination-du-pr-tarik-el-malki-directeur-general-par-interim-du-groupe-iscae","status":"publish","type":"post","link":"https:\/\/www.mediaplateforme.com\/fr\/nomination-du-pr-tarik-el-malki-directeur-general-par-interim-du-groupe-iscae\/","title":{"rendered":"Nomination du Pr. Tarik EL MALKI, Directeur G\u00e9n\u00e9ral par Int\u00e9rim du Groupe ISCAE"},"content":{"rendered":"<p>Le Groupe ISCAE a le plaisir d&rsquo;annoncer la nomination de Professeur Tarik El Malki au poste de Directeur G\u00e9n\u00e9ral par Int\u00e9rim. Cette nomination prendra effet \u00e0 compter du 20 Juillet 2023.<\/p>\n<p>&nbsp;<\/p>\n<p>Le Professeur Tarik El Malki, \u00e9galement Directeur de l\u2019ISCAE-Rabat depuis 2019, apporte avec lui une vaste exp\u00e9rience dans les domaines de l\u2019enseignement sup\u00e9rieur et de la gestion au sein de l\u2019administration publique.<\/p>\n<p>&nbsp;<\/p>\n<p>Le Professeur Tarik EL MALKI est titulaire d\u2019un doctorat en Sciences Economiques \u00e0 l\u2019Universit\u00e9 de la M\u00e9diterran\u00e9e Aix-Marseille II.<br \/>\nIl a occup\u00e9 le poste d\u2019enseignant-chercheur au sein du Groupe ISCAE depuis 2011. \u00a0En 2016, il est nomm\u00e9 Directeur de D\u00e9veloppement, des Relations Internationales et de la Communication du Groupe avant d\u2019\u00eatre nomm\u00e9 Directeur de l\u2019Institut Sup\u00e9rieur de Commerce et d\u2019Administration des Entreprises de Rabat ( ISCAE-Rabat), poste qu\u2019il occupe depuis janvier 2019.<\/p>\n<p>&nbsp;<\/p>\n<p>Il a jou\u00e9 un r\u00f4le cl\u00e9 dans le succ\u00e8s de plusieurs organisations de premier plan. Son parcours riche et diversifi\u00e9 t\u00e9moigne de son d\u00e9vouement pour l&rsquo;atteinte d&rsquo;objectifs ambitieux et de son engagement envers l&rsquo;excellence p\u00e9dagogique et professionnelle.<\/p>\n<p>M.EL MALKI a \u00e9t\u00e9 \u00e9galement Charg\u00e9 de D\u00e9veloppement et de Communication du Centre Marocain de conjoncture.<\/p>\n<p>&nbsp;<\/p>\n<p>Il est \u00e9galement pr\u00e9sident de l\u2019Observatoire de la Responsabilit\u00e9 Soci\u00e9tale des Entreprises au Maroc (ORSEM), Premier observatoire sur la RSE au Maroc.<\/p>\n<p>Sa nomination en tant que Directeur G\u00e9n\u00e9ral par interim co\u00efncide avec une p\u00e9riode passionnante pour le Groupe ISCAE marqu\u00e9e par le D\u00e9veloppement de l\u2019offre acad\u00e9mique et le renforcement de sa position de leader dans l&rsquo;enseignement sup\u00e9rieur au Maroc.<\/p>\n<p>&nbsp;<\/p>\n<p>Enfin, Pr EL MALKI a \u00e9galement publi\u00e9 de nombreux articles et ouvrages sur des th\u00e9matiques li\u00e9es \u00e0 l\u2019\u00e9conomie nationale, la RSE, le d\u00e9veloppement durable et l\u2019entrepreneuriat. Ainsi, il a publi\u00e9 plusieurs ouvrages dont\u00a0: \u00ab La Responsabilit\u00e9 sociale des Entreprises : le cas du Maroc \u00bb (\u00e9ditions Afrique-Orient, 2014)\u00a0; \u00ab\u00a0Au-del\u00e0 de tout clivage\u00a0: regards crois\u00e9s sur le Maroc de demain\u00a0\u00bb (co\u00e9crit avec Nabil ADEL\u00a0; \u00e9ditions Afrique- Orient, 2017)\u00a0; \u00ab\u00a0Le Maroc\u00a0: quelles voies d\u2019\u00e9mergence\u00a0?\u00a0\u00bb\u00a0; \u00e9ditions Afrique-Orient, 2020. Il intervient r\u00e9guli\u00e8rement dans les m\u00e9dias dans le cadre des d\u00e9bats nationaux \u00e0 caract\u00e8re \u00e9conomique et social.<\/p>\n<p>&nbsp;<\/p>\n<p><strong>\u00a0<\/strong><\/p>\n<h4><strong><em><u>\u00c0 propos de l\u2019ISCAE<\/u><\/em><\/strong><\/h4>\n<p>Cr\u00e9\u00e9 en 1971, le Groupe ISCAE est un \u00e9tablissement d&rsquo;enseignement sup\u00e9rieur disposant de deux centres de formation (Casablanca et Rabat). Le Groupe exerce ses missions dans le cadre de la politique nationale de l&rsquo;enseignement sup\u00e9rieur \u00e9nonc\u00e9e par les articles 25 et 26 de la loi n\u00b0 01-00 portant organisation de l&rsquo;enseignement sup\u00e9rieur et, \u00e0 cet effet, il assure :<\/p>\n<ul>\n<li>La formation initiale et sup\u00e9rieure dans le domaine de la gestion, en particulier dans le domaine du commerce et d&rsquo;administration des entreprises en vue de pr\u00e9parer \u00e0 l&rsquo;exercice des fonctions sup\u00e9rieures dans les entreprises priv\u00e9es, semi-publiques et publiques et dans les administrations publiques ;<\/li>\n<li>La recherche scientifique et la diffusion des connaissances ;<\/li>\n<li>La formation continue ;<\/li>\n<li>La r\u00e9alisation d&rsquo;expertises li\u00e9es \u00e0 la gestion des entreprises ;<\/li>\n<li>La promotion des activit\u00e9s culturelles et sportives ;<\/li>\n<li>Le d\u00e9veloppement de l&rsquo;esprit d&rsquo;initiative.<\/li>\n<\/ul>\n","protected":false},"excerpt":{"rendered":"<p>Le Groupe ISCAE a le plaisir d&rsquo;annoncer la nomination de Professeur Tarik El Malki au<\/p>\n","protected":false},"author":1,"featured_media":3651,"comment_status":"open","ping_status":"open","sticky":false,"template":"","format":"standard","meta":{"_acf_changed":false,"footnotes":""},"categories":[2,3],"tags":[86,1167],"class_list":["post-3650","post","type-post","status-publish","format-standard","has-post-thumbnail","hentry","category-nouvelles","category-nouvelles-selectionnees","tag-iscae","tag-tarik-el-malki"],"acf":[],"yoast_head":"<!-- This site is optimized with the Yoast SEO plugin v22.0 - https:\/\/yoast.com\/wordpress\/plugins\/seo\/ -->\n<title>Nomination du Pr. Tarik EL MALKI, Directeur G\u00e9n\u00e9ral par Int\u00e9rim du Groupe ISCAE - MEDIA PLATEFORME | FR<\/title>\n<meta name=\"description\" content=\"Le Groupe ISCAE a le plaisir d&#039;annoncer la nomination de Professeur Tarik El Malki au poste de Directeur G\u00e9n\u00e9ral par Int\u00e9rim. Cette\" \/>\n<meta name=\"robots\" content=\"index, follow, max-snippet:-1, max-image-preview:large, max-video-preview:-1\" \/>\n<link rel=\"canonical\" href=\"https:\/\/www.mediaplateforme.com\/fr\/nomination-du-pr-tarik-el-malki-directeur-general-par-interim-du-groupe-iscae\/\" \/>\n<meta property=\"og:locale\" content=\"fr_FR\" \/>\n<meta property=\"og:type\" content=\"article\" \/>\n<meta property=\"og:title\" content=\"Nomination du Pr. Tarik EL MALKI, Directeur G\u00e9n\u00e9ral par Int\u00e9rim du Groupe ISCAE - MEDIA PLATEFORME | FR\" \/>\n<meta property=\"og:description\" content=\"Le Groupe ISCAE a le plaisir d&#039;annoncer la nomination de Professeur Tarik El Malki au poste de Directeur G\u00e9n\u00e9ral par Int\u00e9rim. Cette\" \/>\n<meta property=\"og:url\" content=\"https:\/\/www.mediaplateforme.com\/fr\/nomination-du-pr-tarik-el-malki-directeur-general-par-interim-du-groupe-iscae\/\" \/>\n<meta property=\"og:site_name\" content=\"MEDIA PLATEFORME | FR\" \/>\n<meta property=\"article:published_time\" content=\"2023-07-21T12:52:16+00:00\" \/>\n<meta property=\"og:image\" content=\"https:\/\/www.mediaplateforme.com\/fr\/wp-content\/uploads\/sites\/5\/2023\/07\/Photo-Tarik-El-Malki-1-scaled.jpg\" \/>\n\t<meta property=\"og:image:width\" content=\"2560\" \/>\n\t<meta property=\"og:image:height\" content=\"1707\" \/>\n\t<meta property=\"og:image:type\" content=\"image\/jpeg\" \/>\n<meta name=\"author\" content=\"Mediaplateforme\" \/>\n<meta name=\"twitter:card\" content=\"summary_large_image\" \/>\n<meta name=\"twitter:label1\" content=\"\u00c9crit par\" \/>\n\t<meta name=\"twitter:data1\" content=\"Mediaplateforme\" \/>\n\t<meta name=\"twitter:label2\" content=\"Dur\u00e9e de lecture estim\u00e9e\" \/>\n\t<meta name=\"twitter:data2\" content=\"3 minutes\" \/>\n<script type=\"application\/ld+json\" class=\"yoast-schema-graph\">{\"@context\":\"https:\/\/schema.org\",\"@graph\":[{\"@type\":\"WebPage\",\"@id\":\"https:\/\/www.mediaplateforme.com\/fr\/nomination-du-pr-tarik-el-malki-directeur-general-par-interim-du-groupe-iscae\/\",\"url\":\"https:\/\/www.mediaplateforme.com\/fr\/nomination-du-pr-tarik-el-malki-directeur-general-par-interim-du-groupe-iscae\/\",\"name\":\"Nomination du Pr. Tarik EL MALKI, Directeur G\u00e9n\u00e9ral par Int\u00e9rim du Groupe ISCAE - MEDIA PLATEFORME | FR\",\"isPartOf\":{\"@id\":\"https:\/\/www.mediaplateforme.com\/fr\/#website\"},\"datePublished\":\"2023-07-21T12:52:16+00:00\",\"dateModified\":\"2023-07-21T12:52:16+00:00\",\"author\":{\"@id\":\"https:\/\/www.mediaplateforme.com\/fr\/#\/schema\/person\/89833db382b5db2c76b094bc902aa12a\"},\"description\":\"Le Groupe ISCAE a le plaisir d'annoncer la nomination de Professeur Tarik El Malki au poste de Directeur G\u00e9n\u00e9ral par Int\u00e9rim. Cette\",\"breadcrumb\":{\"@id\":\"https:\/\/www.mediaplateforme.com\/fr\/nomination-du-pr-tarik-el-malki-directeur-general-par-interim-du-groupe-iscae\/#breadcrumb\"},\"inLanguage\":\"fr-FR\",\"potentialAction\":[{\"@type\":\"ReadAction\",\"target\":[\"https:\/\/www.mediaplateforme.com\/fr\/nomination-du-pr-tarik-el-malki-directeur-general-par-interim-du-groupe-iscae\/\"]}]},{\"@type\":\"BreadcrumbList\",\"@id\":\"https:\/\/www.mediaplateforme.com\/fr\/nomination-du-pr-tarik-el-malki-directeur-general-par-interim-du-groupe-iscae\/#breadcrumb\",\"itemListElement\":[{\"@type\":\"ListItem\",\"position\":1,\"name\":\"\u0627\u0644\u0631\u0626\u064a\u0633\u064a\u0629\",\"item\":\"https:\/\/www.mediaplateforme.com\/fr\/\"},{\"@type\":\"ListItem\",\"position\":2,\"name\":\"Nomination du Pr. Tarik EL MALKI, Directeur G\u00e9n\u00e9ral par Int\u00e9rim du Groupe ISCAE\"}]},{\"@type\":\"WebSite\",\"@id\":\"https:\/\/www.mediaplateforme.com\/fr\/#website\",\"url\":\"https:\/\/www.mediaplateforme.com\/fr\/\",\"name\":\"MEDIA PLATEFORME | FR\",\"description\":\"Mediaplateforme sp\u00e9cialis\u00e9 dans la communication institutions publiques et des entreprises\",\"potentialAction\":[{\"@type\":\"SearchAction\",\"target\":{\"@type\":\"EntryPoint\",\"urlTemplate\":\"https:\/\/www.mediaplateforme.com\/fr\/?s={search_term_string}\"},\"query-input\":\"required name=search_term_string\"}],\"inLanguage\":\"fr-FR\"},{\"@type\":\"Person\",\"@id\":\"https:\/\/www.mediaplateforme.com\/fr\/#\/schema\/person\/89833db382b5db2c76b094bc902aa12a\",\"name\":\"Mediaplateforme\",\"image\":{\"@type\":\"ImageObject\",\"inLanguage\":\"fr-FR\",\"@id\":\"https:\/\/www.mediaplateforme.com\/fr\/#\/schema\/person\/image\/\",\"url\":\"https:\/\/secure.gravatar.com\/avatar\/6c9c02e8928cc65d54bf75157f7b3a2d06d7ad0494ca0951f679552ff03b34c1?s=96&d=mm&r=g\",\"contentUrl\":\"https:\/\/secure.gravatar.com\/avatar\/6c9c02e8928cc65d54bf75157f7b3a2d06d7ad0494ca0951f679552ff03b34c1?s=96&d=mm&r=g\",\"caption\":\"Mediaplateforme\"},\"sameAs\":[\"https:\/\/www.mediaplateforme.com\"],\"url\":\"https:\/\/www.mediaplateforme.com\/fr\/author\/mohamedladib\/\"}]}<\/script>\n<!-- \/ Yoast SEO plugin. -->","yoast_head_json":{"title":"Nomination du Pr. Tarik EL MALKI, Directeur G\u00e9n\u00e9ral par Int\u00e9rim du Groupe ISCAE - MEDIA PLATEFORME | FR","description":"Le Groupe ISCAE a le plaisir d'annoncer la nomination de Professeur Tarik El Malki au poste de Directeur G\u00e9n\u00e9ral par Int\u00e9rim. Cette","robots":{"index":"index","follow":"follow","max-snippet":"max-snippet:-1","max-image-preview":"max-image-preview:large","max-video-preview":"max-video-preview:-1"},"canonical":"https:\/\/www.mediaplateforme.com\/fr\/nomination-du-pr-tarik-el-malki-directeur-general-par-interim-du-groupe-iscae\/","og_locale":"fr_FR","og_type":"article","og_title":"Nomination du Pr. Tarik EL MALKI, Directeur G\u00e9n\u00e9ral par Int\u00e9rim du Groupe ISCAE - MEDIA PLATEFORME | FR","og_description":"Le Groupe ISCAE a le plaisir d'annoncer la nomination de Professeur Tarik El Malki au poste de Directeur G\u00e9n\u00e9ral par Int\u00e9rim. Cette","og_url":"https:\/\/www.mediaplateforme.com\/fr\/nomination-du-pr-tarik-el-malki-directeur-general-par-interim-du-groupe-iscae\/","og_site_name":"MEDIA PLATEFORME | FR","article_published_time":"2023-07-21T12:52:16+00:00","og_image":[{"width":2560,"height":1707,"url":"https:\/\/www.mediaplateforme.com\/fr\/wp-content\/uploads\/sites\/5\/2023\/07\/Photo-Tarik-El-Malki-1-scaled.jpg","type":"image\/jpeg"}],"author":"Mediaplateforme","twitter_card":"summary_large_image","twitter_misc":{"\u00c9crit par":"Mediaplateforme","Dur\u00e9e de lecture estim\u00e9e":"3 minutes"},"schema":{"@context":"https:\/\/schema.org","@graph":[{"@type":"WebPage","@id":"https:\/\/www.mediaplateforme.com\/fr\/nomination-du-pr-tarik-el-malki-directeur-general-par-interim-du-groupe-iscae\/","url":"https:\/\/www.mediaplateforme.com\/fr\/nomination-du-pr-tarik-el-malki-directeur-general-par-interim-du-groupe-iscae\/","name":"Nomination du Pr. Tarik EL MALKI, Directeur G\u00e9n\u00e9ral par Int\u00e9rim du Groupe ISCAE - MEDIA PLATEFORME | FR","isPartOf":{"@id":"https:\/\/www.mediaplateforme.com\/fr\/#website"},"datePublished":"2023-07-21T12:52:16+00:00","dateModified":"2023-07-21T12:52:16+00:00","author":{"@id":"https:\/\/www.mediaplateforme.com\/fr\/#\/schema\/person\/89833db382b5db2c76b094bc902aa12a"},"description":"Le Groupe ISCAE a le plaisir d'annoncer la nomination de Professeur Tarik El Malki au poste de Directeur G\u00e9n\u00e9ral par Int\u00e9rim. Cette","breadcrumb":{"@id":"https:\/\/www.mediaplateforme.com\/fr\/nomination-du-pr-tarik-el-malki-directeur-general-par-interim-du-groupe-iscae\/#breadcrumb"},"inLanguage":"fr-FR","potentialAction":[{"@type":"ReadAction","target":["https:\/\/www.mediaplateforme.com\/fr\/nomination-du-pr-tarik-el-malki-directeur-general-par-interim-du-groupe-iscae\/"]}]},{"@type":"BreadcrumbList","@id":"https:\/\/www.mediaplateforme.com\/fr\/nomination-du-pr-tarik-el-malki-directeur-general-par-interim-du-groupe-iscae\/#breadcrumb","itemListElement":[{"@type":"ListItem","position":1,"name":"\u0627\u0644\u0631\u0626\u064a\u0633\u064a\u0629","item":"https:\/\/www.mediaplateforme.com\/fr\/"},{"@type":"ListItem","position":2,"name":"Nomination du Pr. Tarik EL MALKI, Directeur G\u00e9n\u00e9ral par Int\u00e9rim du Groupe ISCAE"}]},{"@type":"WebSite","@id":"https:\/\/www.mediaplateforme.com\/fr\/#website","url":"https:\/\/www.mediaplateforme.com\/fr\/","name":"MEDIA PLATEFORME | FR","description":"Mediaplateforme sp\u00e9cialis\u00e9 dans la communication institutions publiques et des entreprises","potentialAction":[{"@type":"SearchAction","target":{"@type":"EntryPoint","urlTemplate":"https:\/\/www.mediaplateforme.com\/fr\/?s={search_term_string}"},"query-input":"required name=search_term_string"}],"inLanguage":"fr-FR"},{"@type":"Person","@id":"https:\/\/www.mediaplateforme.com\/fr\/#\/schema\/person\/89833db382b5db2c76b094bc902aa12a","name":"Mediaplateforme","image":{"@type":"ImageObject","inLanguage":"fr-FR","@id":"https:\/\/www.mediaplateforme.com\/fr\/#\/schema\/person\/image\/","url":"https:\/\/secure.gravatar.com\/avatar\/6c9c02e8928cc65d54bf75157f7b3a2d06d7ad0494ca0951f679552ff03b34c1?s=96&d=mm&r=g","contentUrl":"https:\/\/secure.gravatar.com\/avatar\/6c9c02e8928cc65d54bf75157f7b3a2d06d7ad0494ca0951f679552ff03b34c1?s=96&d=mm&r=g","caption":"Mediaplateforme"},"sameAs":["https:\/\/www.mediaplateforme.com"],"url":"https:\/\/www.mediaplateforme.com\/fr\/author\/mohamedladib\/"}]}},"_links":{"self":[{"href":"https:\/\/www.mediaplateforme.com\/fr\/wp-json\/wp\/v2\/posts\/3650","targetHints":{"allow":["GET"]}}],"collection":[{"href":"https:\/\/www.mediaplateforme.com\/fr\/wp-json\/wp\/v2\/posts"}],"about":[{"href":"https:\/\/www.mediaplateforme.com\/fr\/wp-json\/wp\/v2\/types\/post"}],"author":[{"embeddable":true,"href":"https:\/\/www.mediaplateforme.com\/fr\/wp-json\/wp\/v2\/users\/1"}],"replies":[{"embeddable":true,"href":"https:\/\/www.mediaplateforme.com\/fr\/wp-json\/wp\/v2\/comments?post=3650"}],"version-history":[{"count":1,"href":"https:\/\/www.mediaplateforme.com\/fr\/wp-json\/wp\/v2\/posts\/3650\/revisions"}],"predecessor-version":[{"id":3652,"href":"https:\/\/www.mediaplateforme.com\/fr\/wp-json\/wp\/v2\/posts\/3650\/revisions\/3652"}],"wp:featuredmedia":[{"embeddable":true,"href":"https:\/\/www.mediaplateforme.com\/fr\/wp-json\/wp\/v2\/media\/3651"}],"wp:attachment":[{"href":"https:\/\/www.mediaplateforme.com\/fr\/wp-json\/wp\/v2\/media?parent=3650"}],"wp:term":[{"taxonomy":"category","embeddable":true,"href":"https:\/\/www.mediaplateforme.com\/fr\/wp-json\/wp\/v2\/categories?post=3650"},{"taxonomy":"post_tag","embeddable":true,"href":"https:\/\/www.mediaplateforme.com\/fr\/wp-json\/wp\/v2\/tags?post=3650"}],"curies":[{"name":"wp","href":"https:\/\/api.w.org\/{rel}","templated":true}]}}