{"id":3632,"date":"2023-07-20T13:55:39","date_gmt":"2023-07-20T12:55:39","guid":{"rendered":"https:\/\/www.mediaplateforme.com\/fr\/?p=3632"},"modified":"2023-07-20T13:56:05","modified_gmt":"2023-07-20T12:56:05","slug":"le-maroc-accueille-les-championnats-arabes-de-golf","status":"publish","type":"post","link":"https:\/\/www.mediaplateforme.com\/fr\/le-maroc-accueille-les-championnats-arabes-de-golf\/","title":{"rendered":"Le Maroc accueille les Championnats Arabes de Golf"},"content":{"rendered":"<p style=\"font-weight: 400;\">Pr\u00e9sid\u00e9e par\u00a0<strong>Son Altesse Royale le Prince Moulay Rachid<\/strong>, la F\u00e9d\u00e9ration Royale Marocaine de Golf (FRMG) coorganise avec la F\u00e9d\u00e9ration Arabe de <a href=\"https:\/\/www.mediaplateforme.com\/fr\/le-maroc-doublement-qualifie-au-watc-2023\/\">Golf<\/a> (AGF), en partenariat avec le Royal &amp; Ancient (R&amp;A), la 42<sup>\u00e8me<\/sup>\u00a0\u00e9dition des Championnats Arabes Amateurs de Golf qui aura lieu du 27 au 29 juillet sur le parcours de Casa Green Golf et les 1<sup>er<\/sup>\u00a0Championnats Arabes Professionnels du 01<sup>er<\/sup>\u00a0au 04 ao\u00fbt sur le m\u00eame parcours.<\/p>\n<p style=\"font-weight: 400;\">Ces deux comp\u00e9titions r\u00e9gionales amateur et professionnels connaitront la participation de l\u2019Arabie Saoudite, du Bahre\u00efn, des \u00c9gypte, \u00c9mirats Arabes Unis, l\u2019Irak, Kowe\u00eft, Liban, Libye, Oman, Palestine, Qatar, Tunisie ainsi que le Maroc.\u00a0 Cette derni\u00e8re avait remport\u00e9 le titre amateur en D\u00e9cembre dernier \u00e0 domicile au Golf de la Cigale \u00e0 Tabarka.<\/p>\n<p style=\"font-weight: 400;\">Elles permettront de promouvoir le talent des joueurs arabes, \u00e0 favoriser les \u00e9changes culturels et \u00e0 renforcer les liens au sein de la communaut\u00e9 sportive.<\/p>\n<p style=\"font-weight: 400;\">\u00c0 cette occasion, Maitre Mustapha Zine,<em>\u00a0<\/em>1er Vice-Pr\u00e9sident de la F\u00e9d\u00e9ration Royale Marocaine de Golf et Vice-Pr\u00e9sident de la F\u00e9d\u00e9ration Arabe de Golf a confirm\u00e9 que<em>\u00a0\u00ab\u00a0Sous la Pr\u00e9sidence de\u00a0<strong>Son Altesse Royale Le Prince Moulay Rachid,<\/strong>\u00a0la FRMG accorde une importance capitale \u00e0 la collaboration avec la F\u00e9d\u00e9ration Arabe de Golf pour le d\u00e9veloppement du golf dans le monde Arabe\u00a0\u00bb, et qu\u2019il \u00ab\u00a0se r\u00e9jouissait, en sa qualit\u00e9 de Vice-Pr\u00e9sident de ces deux prestigieuses entit\u00e9s,<\/em><em>\u00a0<\/em><em>de cette rencontre qui est une v\u00e9ritable c\u00e9l\u00e9bration de notre culture et des valeurs du golf, tout cela dans un contexte sportif favorable.\u00a0\u00bb<\/em><\/p>\n<p style=\"font-weight: 400;\">De son c\u00f4t\u00e9, M. Majed Al Sorour, Secr\u00e9taire G\u00e9n\u00e9ral de la F\u00e9d\u00e9ration\u00a0Arabe de Golf a pr\u00e9cis\u00e9\u00a0:\u00a0\u00ab\u00a0<em>La F\u00e9d\u00e9ration Arabe de Golf (AGF) est fi\u00e8re d&rsquo;organiser le 42\u00e8me Championnat Arabe et le 1er Championnat Arabe professionnel dans ce pays magnifique qu\u2019est le Maroc.\u00a0<\/em><em>La F\u00e9d\u00e9ration Royale Marocaine de Golf a une longue histoire d&rsquo;accueil des Championnats AGF et une fois de plus,\u00a0l&rsquo;initiative de l&rsquo;\u00e9quipe au Maroc, sous la Pr\u00e9sidence de\u00a0<strong>Son Altesse Royale Le Prince Moulay Rachid,<\/strong>\u00a0de soutien de l\u2019organisation ainsi que l&rsquo;accueil du premier Championnat Arabe Professionnel est une autre \u00e9tape pour renforcer le niveau de comp\u00e9titivit\u00e9 parmi les joueurs d&rsquo;\u00e9lite arabes et offrir des voies importantes aux joueurs capables de repr\u00e9senter la r\u00e9gion sur la sc\u00e8ne mondiale.<\/em>\u00a0\u00bb<\/p>\n<p style=\"font-weight: 400;\">Jalil Benazzouz, Pr\u00e9sident de la Commission d\u2019Organisation des Comp\u00e9titions, a expliqu\u00e9<em>\u00a0\u00ab\u00a0qu\u2019il \u00e9tait ravi d\u2019annoncer ces \u00e9v\u00e9nements organis\u00e9s par la FRMG et l\u2019AGF. Ils offrent une opportunit\u00e9 unique aux golfeurs Arabes de\u00a0concourir\u00a0au plus haut niveau.\u00a0 La premi\u00e8re \u00e9dition du Arab Professional Championship\u00a0est un point d\u2019entr\u00e9e pour le golf professionnel arabe et qu\u2019il \u00e9tait fier d\u2019en \u00eatre parmi les premiers contributeurs. \u00c0 noter qu\u2019en<\/em>\u00a0<em>marge de cette comp\u00e9tition, les r\u00e9sultats des participants marocains compteront pour les Championnats du Maroc Pro et \u00c9lites 2023\u00a0\u00bb.<\/em><\/p>\n<p>&nbsp;<\/p>\n<h4 style=\"font-weight: 400;\"><strong><u>\u00c0 propos du R&amp;A\u00a0:<\/u><\/strong><\/h4>\n<p style=\"font-weight: 400;\">\n<p style=\"font-weight: 400;\">Le Royal and Ancient a \u00e9t\u00e9 fond\u00e9 le 14 mai 1754. \u00c9voluant sur 250 ann\u00e9es color\u00e9es d&rsquo;histoire britannique, il est pass\u00e9 d&rsquo;une petite soci\u00e9t\u00e9 \u00e0 un club de 2 500 membres dans le monde.<\/p>\n<p style=\"font-weight: 400;\">Le R&amp;A est un groupe de soci\u00e9t\u00e9 qui a d\u00e9velopp\u00e9 trois domaines de responsabilit\u00e9 distincts &#8211; l&rsquo;administration des r\u00e8gles du golf en collaboration avec l&rsquo;USGA, la gestion de l&rsquo;Open et d&rsquo;autres \u00e9v\u00e9nements de golf cl\u00e9s, et le d\u00e9veloppement du jeu dans les nations de golf existantes et \u00e9mergentes.<\/p>\n","protected":false},"excerpt":{"rendered":"<p>Pr\u00e9sid\u00e9e par\u00a0Son Altesse Royale le Prince Moulay Rachid, la F\u00e9d\u00e9ration Royale Marocaine de Golf (FRMG)<\/p>\n","protected":false},"author":1,"featured_media":3633,"comment_status":"open","ping_status":"open","sticky":false,"template":"","format":"standard","meta":{"_acf_changed":false,"footnotes":""},"categories":[2,3],"tags":[1160,1158,1159,1149,1148],"class_list":["post-3632","post","type-post","status-publish","format-standard","has-post-thumbnail","hentry","category-nouvelles","category-nouvelles-selectionnees","tag-a-federation-royale-marocaine-de-golf","tag-agf","tag-federation-royale-marocaine-de-golf","tag-frmg","tag-son-altesse-royale-le-prince-moulay-rachid"],"acf":[],"yoast_head":"<!-- This site is optimized with the Yoast SEO plugin v22.0 - https:\/\/yoast.com\/wordpress\/plugins\/seo\/ -->\n<title>Le Maroc accueille les Championnats Arabes de Golf - MEDIA PLATEFORME | FR<\/title>\n<meta name=\"description\" content=\"Pr\u00e9sid\u00e9e par\u00a0Son Altesse Royale le Prince Moulay Rachid, la F\u00e9d\u00e9ration Royale Marocaine de Golf (FRMG) F\u00e9d\u00e9ration Arabe de Golf (AGF),\" \/>\n<meta name=\"robots\" content=\"index, follow, max-snippet:-1, max-image-preview:large, max-video-preview:-1\" \/>\n<link rel=\"canonical\" href=\"https:\/\/www.mediaplateforme.com\/fr\/le-maroc-accueille-les-championnats-arabes-de-golf\/\" \/>\n<meta property=\"og:locale\" content=\"fr_FR\" \/>\n<meta property=\"og:type\" content=\"article\" \/>\n<meta property=\"og:title\" content=\"Le Maroc accueille les Championnats Arabes de Golf - MEDIA PLATEFORME | FR\" \/>\n<meta property=\"og:description\" content=\"Pr\u00e9sid\u00e9e par\u00a0Son Altesse Royale le Prince Moulay Rachid, la F\u00e9d\u00e9ration Royale Marocaine de Golf (FRMG) F\u00e9d\u00e9ration Arabe de Golf (AGF),\" \/>\n<meta property=\"og:url\" content=\"https:\/\/www.mediaplateforme.com\/fr\/le-maroc-accueille-les-championnats-arabes-de-golf\/\" \/>\n<meta property=\"og:site_name\" content=\"MEDIA PLATEFORME | FR\" \/>\n<meta property=\"article:published_time\" content=\"2023-07-20T12:55:39+00:00\" \/>\n<meta property=\"article:modified_time\" content=\"2023-07-20T12:56:05+00:00\" \/>\n<meta property=\"og:image\" content=\"https:\/\/www.mediaplateforme.com\/fr\/wp-content\/uploads\/sites\/5\/2023\/07\/Visuel-4.jpeg\" \/>\n\t<meta property=\"og:image:width\" content=\"1600\" \/>\n\t<meta property=\"og:image:height\" content=\"1600\" \/>\n\t<meta property=\"og:image:type\" content=\"image\/jpeg\" \/>\n<meta name=\"author\" content=\"Mediaplateforme\" \/>\n<meta name=\"twitter:card\" content=\"summary_large_image\" \/>\n<meta name=\"twitter:label1\" content=\"\u00c9crit par\" \/>\n\t<meta name=\"twitter:data1\" content=\"Mediaplateforme\" \/>\n\t<meta name=\"twitter:label2\" content=\"Dur\u00e9e de lecture estim\u00e9e\" \/>\n\t<meta name=\"twitter:data2\" content=\"3 minutes\" \/>\n<script type=\"application\/ld+json\" class=\"yoast-schema-graph\">{\"@context\":\"https:\/\/schema.org\",\"@graph\":[{\"@type\":\"WebPage\",\"@id\":\"https:\/\/www.mediaplateforme.com\/fr\/le-maroc-accueille-les-championnats-arabes-de-golf\/\",\"url\":\"https:\/\/www.mediaplateforme.com\/fr\/le-maroc-accueille-les-championnats-arabes-de-golf\/\",\"name\":\"Le Maroc accueille les Championnats Arabes de Golf - MEDIA PLATEFORME | FR\",\"isPartOf\":{\"@id\":\"https:\/\/www.mediaplateforme.com\/fr\/#website\"},\"datePublished\":\"2023-07-20T12:55:39+00:00\",\"dateModified\":\"2023-07-20T12:56:05+00:00\",\"author\":{\"@id\":\"https:\/\/www.mediaplateforme.com\/fr\/#\/schema\/person\/89833db382b5db2c76b094bc902aa12a\"},\"description\":\"Pr\u00e9sid\u00e9e par\u00a0Son Altesse Royale le Prince Moulay Rachid, la F\u00e9d\u00e9ration Royale Marocaine de Golf (FRMG) F\u00e9d\u00e9ration Arabe de Golf (AGF),\",\"breadcrumb\":{\"@id\":\"https:\/\/www.mediaplateforme.com\/fr\/le-maroc-accueille-les-championnats-arabes-de-golf\/#breadcrumb\"},\"inLanguage\":\"fr-FR\",\"potentialAction\":[{\"@type\":\"ReadAction\",\"target\":[\"https:\/\/www.mediaplateforme.com\/fr\/le-maroc-accueille-les-championnats-arabes-de-golf\/\"]}]},{\"@type\":\"BreadcrumbList\",\"@id\":\"https:\/\/www.mediaplateforme.com\/fr\/le-maroc-accueille-les-championnats-arabes-de-golf\/#breadcrumb\",\"itemListElement\":[{\"@type\":\"ListItem\",\"position\":1,\"name\":\"\u0627\u0644\u0631\u0626\u064a\u0633\u064a\u0629\",\"item\":\"https:\/\/www.mediaplateforme.com\/fr\/\"},{\"@type\":\"ListItem\",\"position\":2,\"name\":\"Le Maroc accueille les Championnats Arabes de Golf\"}]},{\"@type\":\"WebSite\",\"@id\":\"https:\/\/www.mediaplateforme.com\/fr\/#website\",\"url\":\"https:\/\/www.mediaplateforme.com\/fr\/\",\"name\":\"MEDIA PLATEFORME | FR\",\"description\":\"Mediaplateforme sp\u00e9cialis\u00e9 dans la communication institutions publiques et des entreprises\",\"potentialAction\":[{\"@type\":\"SearchAction\",\"target\":{\"@type\":\"EntryPoint\",\"urlTemplate\":\"https:\/\/www.mediaplateforme.com\/fr\/?s={search_term_string}\"},\"query-input\":\"required name=search_term_string\"}],\"inLanguage\":\"fr-FR\"},{\"@type\":\"Person\",\"@id\":\"https:\/\/www.mediaplateforme.com\/fr\/#\/schema\/person\/89833db382b5db2c76b094bc902aa12a\",\"name\":\"Mediaplateforme\",\"image\":{\"@type\":\"ImageObject\",\"inLanguage\":\"fr-FR\",\"@id\":\"https:\/\/www.mediaplateforme.com\/fr\/#\/schema\/person\/image\/\",\"url\":\"https:\/\/secure.gravatar.com\/avatar\/6c9c02e8928cc65d54bf75157f7b3a2d06d7ad0494ca0951f679552ff03b34c1?s=96&d=mm&r=g\",\"contentUrl\":\"https:\/\/secure.gravatar.com\/avatar\/6c9c02e8928cc65d54bf75157f7b3a2d06d7ad0494ca0951f679552ff03b34c1?s=96&d=mm&r=g\",\"caption\":\"Mediaplateforme\"},\"sameAs\":[\"https:\/\/www.mediaplateforme.com\"],\"url\":\"https:\/\/www.mediaplateforme.com\/fr\/author\/mohamedladib\/\"}]}<\/script>\n<!-- \/ Yoast SEO plugin. -->","yoast_head_json":{"title":"Le Maroc accueille les Championnats Arabes de Golf - MEDIA PLATEFORME | FR","description":"Pr\u00e9sid\u00e9e par\u00a0Son Altesse Royale le Prince Moulay Rachid, la F\u00e9d\u00e9ration Royale Marocaine de Golf (FRMG) F\u00e9d\u00e9ration Arabe de Golf (AGF),","robots":{"index":"index","follow":"follow","max-snippet":"max-snippet:-1","max-image-preview":"max-image-preview:large","max-video-preview":"max-video-preview:-1"},"canonical":"https:\/\/www.mediaplateforme.com\/fr\/le-maroc-accueille-les-championnats-arabes-de-golf\/","og_locale":"fr_FR","og_type":"article","og_title":"Le Maroc accueille les Championnats Arabes de Golf - MEDIA PLATEFORME | FR","og_description":"Pr\u00e9sid\u00e9e par\u00a0Son Altesse Royale le Prince Moulay Rachid, la F\u00e9d\u00e9ration Royale Marocaine de Golf (FRMG) F\u00e9d\u00e9ration Arabe de Golf (AGF),","og_url":"https:\/\/www.mediaplateforme.com\/fr\/le-maroc-accueille-les-championnats-arabes-de-golf\/","og_site_name":"MEDIA PLATEFORME | FR","article_published_time":"2023-07-20T12:55:39+00:00","article_modified_time":"2023-07-20T12:56:05+00:00","og_image":[{"width":1600,"height":1600,"url":"https:\/\/www.mediaplateforme.com\/fr\/wp-content\/uploads\/sites\/5\/2023\/07\/Visuel-4.jpeg","type":"image\/jpeg"}],"author":"Mediaplateforme","twitter_card":"summary_large_image","twitter_misc":{"\u00c9crit par":"Mediaplateforme","Dur\u00e9e de lecture estim\u00e9e":"3 minutes"},"schema":{"@context":"https:\/\/schema.org","@graph":[{"@type":"WebPage","@id":"https:\/\/www.mediaplateforme.com\/fr\/le-maroc-accueille-les-championnats-arabes-de-golf\/","url":"https:\/\/www.mediaplateforme.com\/fr\/le-maroc-accueille-les-championnats-arabes-de-golf\/","name":"Le Maroc accueille les Championnats Arabes de Golf - MEDIA PLATEFORME | FR","isPartOf":{"@id":"https:\/\/www.mediaplateforme.com\/fr\/#website"},"datePublished":"2023-07-20T12:55:39+00:00","dateModified":"2023-07-20T12:56:05+00:00","author":{"@id":"https:\/\/www.mediaplateforme.com\/fr\/#\/schema\/person\/89833db382b5db2c76b094bc902aa12a"},"description":"Pr\u00e9sid\u00e9e par\u00a0Son Altesse Royale le Prince Moulay Rachid, la F\u00e9d\u00e9ration Royale Marocaine de Golf (FRMG) F\u00e9d\u00e9ration Arabe de Golf (AGF),","breadcrumb":{"@id":"https:\/\/www.mediaplateforme.com\/fr\/le-maroc-accueille-les-championnats-arabes-de-golf\/#breadcrumb"},"inLanguage":"fr-FR","potentialAction":[{"@type":"ReadAction","target":["https:\/\/www.mediaplateforme.com\/fr\/le-maroc-accueille-les-championnats-arabes-de-golf\/"]}]},{"@type":"BreadcrumbList","@id":"https:\/\/www.mediaplateforme.com\/fr\/le-maroc-accueille-les-championnats-arabes-de-golf\/#breadcrumb","itemListElement":[{"@type":"ListItem","position":1,"name":"\u0627\u0644\u0631\u0626\u064a\u0633\u064a\u0629","item":"https:\/\/www.mediaplateforme.com\/fr\/"},{"@type":"ListItem","position":2,"name":"Le Maroc accueille les Championnats Arabes de Golf"}]},{"@type":"WebSite","@id":"https:\/\/www.mediaplateforme.com\/fr\/#website","url":"https:\/\/www.mediaplateforme.com\/fr\/","name":"MEDIA PLATEFORME | FR","description":"Mediaplateforme sp\u00e9cialis\u00e9 dans la communication institutions publiques et des entreprises","potentialAction":[{"@type":"SearchAction","target":{"@type":"EntryPoint","urlTemplate":"https:\/\/www.mediaplateforme.com\/fr\/?s={search_term_string}"},"query-input":"required name=search_term_string"}],"inLanguage":"fr-FR"},{"@type":"Person","@id":"https:\/\/www.mediaplateforme.com\/fr\/#\/schema\/person\/89833db382b5db2c76b094bc902aa12a","name":"Mediaplateforme","image":{"@type":"ImageObject","inLanguage":"fr-FR","@id":"https:\/\/www.mediaplateforme.com\/fr\/#\/schema\/person\/image\/","url":"https:\/\/secure.gravatar.com\/avatar\/6c9c02e8928cc65d54bf75157f7b3a2d06d7ad0494ca0951f679552ff03b34c1?s=96&d=mm&r=g","contentUrl":"https:\/\/secure.gravatar.com\/avatar\/6c9c02e8928cc65d54bf75157f7b3a2d06d7ad0494ca0951f679552ff03b34c1?s=96&d=mm&r=g","caption":"Mediaplateforme"},"sameAs":["https:\/\/www.mediaplateforme.com"],"url":"https:\/\/www.mediaplateforme.com\/fr\/author\/mohamedladib\/"}]}},"_links":{"self":[{"href":"https:\/\/www.mediaplateforme.com\/fr\/wp-json\/wp\/v2\/posts\/3632","targetHints":{"allow":["GET"]}}],"collection":[{"href":"https:\/\/www.mediaplateforme.com\/fr\/wp-json\/wp\/v2\/posts"}],"about":[{"href":"https:\/\/www.mediaplateforme.com\/fr\/wp-json\/wp\/v2\/types\/post"}],"author":[{"embeddable":true,"href":"https:\/\/www.mediaplateforme.com\/fr\/wp-json\/wp\/v2\/users\/1"}],"replies":[{"embeddable":true,"href":"https:\/\/www.mediaplateforme.com\/fr\/wp-json\/wp\/v2\/comments?post=3632"}],"version-history":[{"count":2,"href":"https:\/\/www.mediaplateforme.com\/fr\/wp-json\/wp\/v2\/posts\/3632\/revisions"}],"predecessor-version":[{"id":3635,"href":"https:\/\/www.mediaplateforme.com\/fr\/wp-json\/wp\/v2\/posts\/3632\/revisions\/3635"}],"wp:featuredmedia":[{"embeddable":true,"href":"https:\/\/www.mediaplateforme.com\/fr\/wp-json\/wp\/v2\/media\/3633"}],"wp:attachment":[{"href":"https:\/\/www.mediaplateforme.com\/fr\/wp-json\/wp\/v2\/media?parent=3632"}],"wp:term":[{"taxonomy":"category","embeddable":true,"href":"https:\/\/www.mediaplateforme.com\/fr\/wp-json\/wp\/v2\/categories?post=3632"},{"taxonomy":"post_tag","embeddable":true,"href":"https:\/\/www.mediaplateforme.com\/fr\/wp-json\/wp\/v2\/tags?post=3632"}],"curies":[{"name":"wp","href":"https:\/\/api.w.org\/{rel}","templated":true}]}}