{"id":3626,"date":"2023-07-18T15:28:32","date_gmt":"2023-07-18T14:28:32","guid":{"rendered":"https:\/\/www.mediaplateforme.com\/fr\/?p=3626"},"modified":"2023-07-18T15:28:32","modified_gmt":"2023-07-18T14:28:32","slug":"ahmed-soultan-fait-vibrer-marrakech-avec-sa-tournee-standard-tour","status":"publish","type":"post","link":"https:\/\/www.mediaplateforme.com\/fr\/ahmed-soultan-fait-vibrer-marrakech-avec-sa-tournee-standard-tour\/","title":{"rendered":"AHMED SOULTAN FAIT VIBRER MARRAKECH AVEC SA TOURN\u00c9E \u00ab\u00a0STANDARD TOUR\u00a0\u00bb!"},"content":{"rendered":"<p>Star incontournable de l\u2019Afrobian, Ahmed Soultan se produira lors d&rsquo;un concert, le Samedi 22 juillet 2023, au th\u00e9\u00e2tre du Meydene Marrakech. Apr\u00e8s le succ\u00e8s retentissant de son dernier concert \u00e0 guichet ferm\u00e9, Ahmed Soultan retrouve\u00a0ses fans lors de la suite de \u00a0\u00bbStandard tour\u00a0\u00bb \u00e0 Marrakech.<\/p>\n<p>Ahmed Soultan, Artiste multiprim\u00e9, conna\u00eet, en Afrique, un succ\u00e8s foudroyant. Sa recette imparable, entre<br \/>\nsoul, r&rsquo;n&rsquo;b, hip hop et musiques traditionnelles, fait mouche parmi la jeunesse du continent Africain.<br \/>\nCe Samedi 22 Juillet au Th\u00e9\u00e2tre du Meydene \u00e0 Marrakech, Laissez-vous s\u00e9duire par la fusion harmonieuse de<br \/>\nsonorit\u00e9s marocaines et de rythmes contemporains qui caract\u00e9rise la musique d&rsquo;Ahmed Soultan.<\/p>\n<p>Ce m\u00e9lange unique de cr\u00e9ativit\u00e9 sans limite et d\u2019originalit\u00e9 d\u00e9bordante fera vibrer votre c\u0153ur. Que vous soyez un fervent admirateur ou un nouveau venu dans son univers musical, le concert d&rsquo;Ahmed Soultan promet d&rsquo;\u00eatre une<br \/>\nexp\u00e9rience m\u00e9morable.<br \/>\nR\u00e9servez d\u00e8s maintenant vos places et plongez dans l\u2019univers musical captivant de l\u2019artiste.<\/p>\n<p>Les tickets sont disponibles \u00e0 la vente sur place<br \/>\nau Meydene et en ligne sur Guichet.ma.<\/p>\n<h4>Infos Billetterie :<\/h4>\n<p><strong>Carr\u00e9 or : 250 Dhs<\/strong><br \/>\n<strong>Carr\u00e9 Confort : 180 Dhs<\/strong><\/p>\n","protected":false},"excerpt":{"rendered":"<p>Star incontournable de l\u2019Afrobian, Ahmed Soultan se produira lors d&rsquo;un concert, le Samedi 22 juillet<\/p>\n","protected":false},"author":1,"featured_media":3627,"comment_status":"open","ping_status":"open","sticky":false,"template":"","format":"standard","meta":{"_acf_changed":false,"footnotes":""},"categories":[2],"tags":[1155],"class_list":["post-3626","post","type-post","status-publish","format-standard","has-post-thumbnail","hentry","category-nouvelles","tag-ahmed-soultan"],"acf":[],"yoast_head":"<!-- This site is optimized with the Yoast SEO plugin v22.0 - https:\/\/yoast.com\/wordpress\/plugins\/seo\/ -->\n<title>AHMED SOULTAN FAIT VIBRER MARRAKECH AVEC SA TOURN\u00c9E &quot;STANDARD TOUR&quot;! - MEDIA PLATEFORME | FR<\/title>\n<meta name=\"description\" content=\"Star incontournable de l\u2019Afrobian, Ahmed Soultan se produira lors d&#039;un concert, le Samedi 22 juillet 2023, au th\u00e9\u00e2tre du Meydene Marrakech.\" \/>\n<meta name=\"robots\" content=\"index, follow, max-snippet:-1, max-image-preview:large, max-video-preview:-1\" \/>\n<link rel=\"canonical\" href=\"https:\/\/www.mediaplateforme.com\/fr\/ahmed-soultan-fait-vibrer-marrakech-avec-sa-tournee-standard-tour\/\" \/>\n<meta property=\"og:locale\" content=\"fr_FR\" \/>\n<meta property=\"og:type\" content=\"article\" \/>\n<meta property=\"og:title\" content=\"AHMED SOULTAN FAIT VIBRER MARRAKECH AVEC SA TOURN\u00c9E &quot;STANDARD TOUR&quot;! - MEDIA PLATEFORME | FR\" \/>\n<meta property=\"og:description\" content=\"Star incontournable de l\u2019Afrobian, Ahmed Soultan se produira lors d&#039;un concert, le Samedi 22 juillet 2023, au th\u00e9\u00e2tre du Meydene Marrakech.\" \/>\n<meta property=\"og:url\" content=\"https:\/\/www.mediaplateforme.com\/fr\/ahmed-soultan-fait-vibrer-marrakech-avec-sa-tournee-standard-tour\/\" \/>\n<meta property=\"og:site_name\" content=\"MEDIA PLATEFORME | FR\" \/>\n<meta property=\"article:published_time\" content=\"2023-07-18T14:28:32+00:00\" \/>\n<meta property=\"og:image\" content=\"https:\/\/www.mediaplateforme.com\/fr\/wp-content\/uploads\/sites\/5\/2023\/07\/Affiche-Ahmed-Soultan@Meydene-Juillet.jpg\" \/>\n\t<meta property=\"og:image:width\" content=\"1087\" \/>\n\t<meta property=\"og:image:height\" content=\"975\" \/>\n\t<meta property=\"og:image:type\" content=\"image\/jpeg\" \/>\n<meta name=\"author\" content=\"Mediaplateforme\" \/>\n<meta name=\"twitter:card\" content=\"summary_large_image\" \/>\n<meta name=\"twitter:label1\" content=\"\u00c9crit par\" \/>\n\t<meta name=\"twitter:data1\" content=\"Mediaplateforme\" \/>\n\t<meta name=\"twitter:label2\" content=\"Dur\u00e9e de lecture estim\u00e9e\" \/>\n\t<meta name=\"twitter:data2\" content=\"1 minute\" \/>\n<script type=\"application\/ld+json\" class=\"yoast-schema-graph\">{\"@context\":\"https:\/\/schema.org\",\"@graph\":[{\"@type\":\"WebPage\",\"@id\":\"https:\/\/www.mediaplateforme.com\/fr\/ahmed-soultan-fait-vibrer-marrakech-avec-sa-tournee-standard-tour\/\",\"url\":\"https:\/\/www.mediaplateforme.com\/fr\/ahmed-soultan-fait-vibrer-marrakech-avec-sa-tournee-standard-tour\/\",\"name\":\"AHMED SOULTAN FAIT VIBRER MARRAKECH AVEC SA TOURN\u00c9E \\\"STANDARD TOUR\\\"! - MEDIA PLATEFORME | FR\",\"isPartOf\":{\"@id\":\"https:\/\/www.mediaplateforme.com\/fr\/#website\"},\"datePublished\":\"2023-07-18T14:28:32+00:00\",\"dateModified\":\"2023-07-18T14:28:32+00:00\",\"author\":{\"@id\":\"https:\/\/www.mediaplateforme.com\/fr\/#\/schema\/person\/89833db382b5db2c76b094bc902aa12a\"},\"description\":\"Star incontournable de l\u2019Afrobian, Ahmed Soultan se produira lors d'un concert, le Samedi 22 juillet 2023, au th\u00e9\u00e2tre du Meydene Marrakech.\",\"breadcrumb\":{\"@id\":\"https:\/\/www.mediaplateforme.com\/fr\/ahmed-soultan-fait-vibrer-marrakech-avec-sa-tournee-standard-tour\/#breadcrumb\"},\"inLanguage\":\"fr-FR\",\"potentialAction\":[{\"@type\":\"ReadAction\",\"target\":[\"https:\/\/www.mediaplateforme.com\/fr\/ahmed-soultan-fait-vibrer-marrakech-avec-sa-tournee-standard-tour\/\"]}]},{\"@type\":\"BreadcrumbList\",\"@id\":\"https:\/\/www.mediaplateforme.com\/fr\/ahmed-soultan-fait-vibrer-marrakech-avec-sa-tournee-standard-tour\/#breadcrumb\",\"itemListElement\":[{\"@type\":\"ListItem\",\"position\":1,\"name\":\"\u0627\u0644\u0631\u0626\u064a\u0633\u064a\u0629\",\"item\":\"https:\/\/www.mediaplateforme.com\/fr\/\"},{\"@type\":\"ListItem\",\"position\":2,\"name\":\"AHMED SOULTAN FAIT VIBRER MARRAKECH AVEC SA TOURN\u00c9E &#8220;STANDARD TOUR&#8221;!\"}]},{\"@type\":\"WebSite\",\"@id\":\"https:\/\/www.mediaplateforme.com\/fr\/#website\",\"url\":\"https:\/\/www.mediaplateforme.com\/fr\/\",\"name\":\"MEDIA PLATEFORME | FR\",\"description\":\"Mediaplateforme sp\u00e9cialis\u00e9 dans la communication institutions publiques et des entreprises\",\"potentialAction\":[{\"@type\":\"SearchAction\",\"target\":{\"@type\":\"EntryPoint\",\"urlTemplate\":\"https:\/\/www.mediaplateforme.com\/fr\/?s={search_term_string}\"},\"query-input\":\"required name=search_term_string\"}],\"inLanguage\":\"fr-FR\"},{\"@type\":\"Person\",\"@id\":\"https:\/\/www.mediaplateforme.com\/fr\/#\/schema\/person\/89833db382b5db2c76b094bc902aa12a\",\"name\":\"Mediaplateforme\",\"image\":{\"@type\":\"ImageObject\",\"inLanguage\":\"fr-FR\",\"@id\":\"https:\/\/www.mediaplateforme.com\/fr\/#\/schema\/person\/image\/\",\"url\":\"https:\/\/secure.gravatar.com\/avatar\/6c9c02e8928cc65d54bf75157f7b3a2d06d7ad0494ca0951f679552ff03b34c1?s=96&d=mm&r=g\",\"contentUrl\":\"https:\/\/secure.gravatar.com\/avatar\/6c9c02e8928cc65d54bf75157f7b3a2d06d7ad0494ca0951f679552ff03b34c1?s=96&d=mm&r=g\",\"caption\":\"Mediaplateforme\"},\"sameAs\":[\"https:\/\/www.mediaplateforme.com\"],\"url\":\"https:\/\/www.mediaplateforme.com\/fr\/author\/mohamedladib\/\"}]}<\/script>\n<!-- \/ Yoast SEO plugin. -->","yoast_head_json":{"title":"AHMED SOULTAN FAIT VIBRER MARRAKECH AVEC SA TOURN\u00c9E \"STANDARD TOUR\"! - MEDIA PLATEFORME | FR","description":"Star incontournable de l\u2019Afrobian, Ahmed Soultan se produira lors d'un concert, le Samedi 22 juillet 2023, au th\u00e9\u00e2tre du Meydene Marrakech.","robots":{"index":"index","follow":"follow","max-snippet":"max-snippet:-1","max-image-preview":"max-image-preview:large","max-video-preview":"max-video-preview:-1"},"canonical":"https:\/\/www.mediaplateforme.com\/fr\/ahmed-soultan-fait-vibrer-marrakech-avec-sa-tournee-standard-tour\/","og_locale":"fr_FR","og_type":"article","og_title":"AHMED SOULTAN FAIT VIBRER MARRAKECH AVEC SA TOURN\u00c9E \"STANDARD TOUR\"! - MEDIA PLATEFORME | FR","og_description":"Star incontournable de l\u2019Afrobian, Ahmed Soultan se produira lors d'un concert, le Samedi 22 juillet 2023, au th\u00e9\u00e2tre du Meydene Marrakech.","og_url":"https:\/\/www.mediaplateforme.com\/fr\/ahmed-soultan-fait-vibrer-marrakech-avec-sa-tournee-standard-tour\/","og_site_name":"MEDIA PLATEFORME | FR","article_published_time":"2023-07-18T14:28:32+00:00","og_image":[{"width":1087,"height":975,"url":"https:\/\/www.mediaplateforme.com\/fr\/wp-content\/uploads\/sites\/5\/2023\/07\/Affiche-Ahmed-Soultan@Meydene-Juillet.jpg","type":"image\/jpeg"}],"author":"Mediaplateforme","twitter_card":"summary_large_image","twitter_misc":{"\u00c9crit par":"Mediaplateforme","Dur\u00e9e de lecture estim\u00e9e":"1 minute"},"schema":{"@context":"https:\/\/schema.org","@graph":[{"@type":"WebPage","@id":"https:\/\/www.mediaplateforme.com\/fr\/ahmed-soultan-fait-vibrer-marrakech-avec-sa-tournee-standard-tour\/","url":"https:\/\/www.mediaplateforme.com\/fr\/ahmed-soultan-fait-vibrer-marrakech-avec-sa-tournee-standard-tour\/","name":"AHMED SOULTAN FAIT VIBRER MARRAKECH AVEC SA TOURN\u00c9E \"STANDARD TOUR\"! - MEDIA PLATEFORME | FR","isPartOf":{"@id":"https:\/\/www.mediaplateforme.com\/fr\/#website"},"datePublished":"2023-07-18T14:28:32+00:00","dateModified":"2023-07-18T14:28:32+00:00","author":{"@id":"https:\/\/www.mediaplateforme.com\/fr\/#\/schema\/person\/89833db382b5db2c76b094bc902aa12a"},"description":"Star incontournable de l\u2019Afrobian, Ahmed Soultan se produira lors d'un concert, le Samedi 22 juillet 2023, au th\u00e9\u00e2tre du Meydene Marrakech.","breadcrumb":{"@id":"https:\/\/www.mediaplateforme.com\/fr\/ahmed-soultan-fait-vibrer-marrakech-avec-sa-tournee-standard-tour\/#breadcrumb"},"inLanguage":"fr-FR","potentialAction":[{"@type":"ReadAction","target":["https:\/\/www.mediaplateforme.com\/fr\/ahmed-soultan-fait-vibrer-marrakech-avec-sa-tournee-standard-tour\/"]}]},{"@type":"BreadcrumbList","@id":"https:\/\/www.mediaplateforme.com\/fr\/ahmed-soultan-fait-vibrer-marrakech-avec-sa-tournee-standard-tour\/#breadcrumb","itemListElement":[{"@type":"ListItem","position":1,"name":"\u0627\u0644\u0631\u0626\u064a\u0633\u064a\u0629","item":"https:\/\/www.mediaplateforme.com\/fr\/"},{"@type":"ListItem","position":2,"name":"AHMED SOULTAN FAIT VIBRER MARRAKECH AVEC SA TOURN\u00c9E &#8220;STANDARD TOUR&#8221;!"}]},{"@type":"WebSite","@id":"https:\/\/www.mediaplateforme.com\/fr\/#website","url":"https:\/\/www.mediaplateforme.com\/fr\/","name":"MEDIA PLATEFORME | FR","description":"Mediaplateforme sp\u00e9cialis\u00e9 dans la communication institutions publiques et des entreprises","potentialAction":[{"@type":"SearchAction","target":{"@type":"EntryPoint","urlTemplate":"https:\/\/www.mediaplateforme.com\/fr\/?s={search_term_string}"},"query-input":"required name=search_term_string"}],"inLanguage":"fr-FR"},{"@type":"Person","@id":"https:\/\/www.mediaplateforme.com\/fr\/#\/schema\/person\/89833db382b5db2c76b094bc902aa12a","name":"Mediaplateforme","image":{"@type":"ImageObject","inLanguage":"fr-FR","@id":"https:\/\/www.mediaplateforme.com\/fr\/#\/schema\/person\/image\/","url":"https:\/\/secure.gravatar.com\/avatar\/6c9c02e8928cc65d54bf75157f7b3a2d06d7ad0494ca0951f679552ff03b34c1?s=96&d=mm&r=g","contentUrl":"https:\/\/secure.gravatar.com\/avatar\/6c9c02e8928cc65d54bf75157f7b3a2d06d7ad0494ca0951f679552ff03b34c1?s=96&d=mm&r=g","caption":"Mediaplateforme"},"sameAs":["https:\/\/www.mediaplateforme.com"],"url":"https:\/\/www.mediaplateforme.com\/fr\/author\/mohamedladib\/"}]}},"_links":{"self":[{"href":"https:\/\/www.mediaplateforme.com\/fr\/wp-json\/wp\/v2\/posts\/3626","targetHints":{"allow":["GET"]}}],"collection":[{"href":"https:\/\/www.mediaplateforme.com\/fr\/wp-json\/wp\/v2\/posts"}],"about":[{"href":"https:\/\/www.mediaplateforme.com\/fr\/wp-json\/wp\/v2\/types\/post"}],"author":[{"embeddable":true,"href":"https:\/\/www.mediaplateforme.com\/fr\/wp-json\/wp\/v2\/users\/1"}],"replies":[{"embeddable":true,"href":"https:\/\/www.mediaplateforme.com\/fr\/wp-json\/wp\/v2\/comments?post=3626"}],"version-history":[{"count":1,"href":"https:\/\/www.mediaplateforme.com\/fr\/wp-json\/wp\/v2\/posts\/3626\/revisions"}],"predecessor-version":[{"id":3628,"href":"https:\/\/www.mediaplateforme.com\/fr\/wp-json\/wp\/v2\/posts\/3626\/revisions\/3628"}],"wp:featuredmedia":[{"embeddable":true,"href":"https:\/\/www.mediaplateforme.com\/fr\/wp-json\/wp\/v2\/media\/3627"}],"wp:attachment":[{"href":"https:\/\/www.mediaplateforme.com\/fr\/wp-json\/wp\/v2\/media?parent=3626"}],"wp:term":[{"taxonomy":"category","embeddable":true,"href":"https:\/\/www.mediaplateforme.com\/fr\/wp-json\/wp\/v2\/categories?post=3626"},{"taxonomy":"post_tag","embeddable":true,"href":"https:\/\/www.mediaplateforme.com\/fr\/wp-json\/wp\/v2\/tags?post=3626"}],"curies":[{"name":"wp","href":"https:\/\/api.w.org\/{rel}","templated":true}]}}