{"id":3618,"date":"2023-07-18T14:40:10","date_gmt":"2023-07-18T13:40:10","guid":{"rendered":"https:\/\/www.mediaplateforme.com\/fr\/?p=3618"},"modified":"2023-07-18T14:40:10","modified_gmt":"2023-07-18T13:40:10","slug":"seance-de-travail-entre-la-cgem-et-le-departement-de-linvestissement-consacree-au-dispositif-dappui-aux-tpme","status":"publish","type":"post","link":"https:\/\/www.mediaplateforme.com\/fr\/seance-de-travail-entre-la-cgem-et-le-departement-de-linvestissement-consacree-au-dispositif-dappui-aux-tpme\/","title":{"rendered":"S\u00e9ance de travail entre la CGEM et le D\u00e9partement de l\u2019Investissement consacr\u00e9e au dispositif d\u2019appui aux TPME"},"content":{"rendered":"<p style=\"font-weight: 400;\">L\u2019appui \u00e0 l\u2019investissement des tr\u00e8s petites, petites et moyennes entreprises (TPME) a \u00e9t\u00e9 au c\u0153ur des discussions ce lundi 17 juillet entre les repr\u00e9sentants du Minist\u00e8re de l\u2019Investissement de la Convergence et de l&rsquo;\u00c9valuation des Politiques Publique et les principaux membres de la CGEM concern\u00e9s dont notamment le Vice-Pr\u00e9sident, M. Hakim Marrakchi, la Pr\u00e9sidente de la Commission Entrepreneuriat et TPME, Mme Meriem Zairi et le Directeur des Commissions, M. Omar Kabbaj.<\/p>\n<p style=\"font-weight: 400;\">\n<p style=\"font-weight: 400;\">Conform\u00e9ment aux Hautes Orientations Royales, un travail de fond continue d\u2019\u00eatre men\u00e9 entre le gouvernement et le secteur priv\u00e9 pour op\u00e9rationnaliser la nouvelle charte de l\u2019investissement. En effet, apr\u00e8s le dispositif d\u2019appui principal, le dispositif d\u2019appui strat\u00e9gique et dans quelques jours le dispositif d\u2019appui des entreprises \u00e0 l\u2019international, c\u2019est au tour du dispositif d\u2019appui aux TPME de bient\u00f4t voir le jour.<\/p>\n<p style=\"font-weight: 400;\">\n<p style=\"font-weight: 400;\">Ce dispositif d\u2019appui \u00e0 l&rsquo;investissement des TPME est l\u2019un des chantiers prioritaires du Gouvernement.<\/p>\n<p style=\"font-weight: 400;\">\n<p style=\"font-weight: 400;\">Un large \u00e9ventail des besoins sp\u00e9cifiques aux TPME a ainsi \u00e9t\u00e9 abord\u00e9 avec en ligne de mire la n\u00e9cessit\u00e9 de mettre en place un dispositif de soutien \u00e0 l\u2019investissement adapt\u00e9 aux diff\u00e9rentes sous-cat\u00e9gories de TPME, avec un impact tangible pour\u00a0les citoyens marocains, particuli\u00e8rement pour les jeunes et les femmes,\u00a0afin d\u2019insuffler une nouvelle dynamique entrepreneuriale dans le Royaume.<\/p>\n<p style=\"font-weight: 400;\">\n<p style=\"font-weight: 400;\">Afin d\u2019int\u00e9grer tous les partenaires et \u00e9largir au maximum la r\u00e9flexion avec tous les acteurs concern\u00e9s par les TPME, le Minist\u00e8re de l\u2019Investissement, de la Convergence et de l&rsquo;\u00c9valuation des Politiques Publiques a tenu plusieurs r\u00e9unions de travail ces derni\u00e8res semaines avec notamment le Minist\u00e8re de l\u2019Inclusion \u00e9conomique, de la Petite Entreprise, de l\u2019Emploi et des Comp\u00e9tences, le Minist\u00e8re de l\u2019Industrie et du Commerce, le Minist\u00e8re du Tourisme, de l\u2019Artisanat et de l\u2019Economie Sociale et Solidaire, le Minist\u00e8re Charg\u00e9 de la Transition Num\u00e9rique et de la R\u00e9forme Administrative, Maroc PME, la SMIT, l\u2019Observatoire de la TPME, le GPBM et les principales banques marocaines. D\u2019autres r\u00e9unions sont au programme pour la rentr\u00e9e afin de partager les premiers r\u00e9sultats sur le dispositif TPME, dernier dispositif de la nouvelle charte de l\u2019investissement.<\/p>\n<p style=\"font-weight: 400;\">\n<p style=\"font-weight: 400;\">Pour rappel, les TPME, repr\u00e9sentent pr\u00e8s de 90% du tissu \u00e9conomique national et la plus grande part des emplois dans le Royaume.<\/p>\n","protected":false},"excerpt":{"rendered":"<p>L\u2019appui \u00e0 l\u2019investissement des tr\u00e8s petites, petites et moyennes entreprises (TPME) a \u00e9t\u00e9 au c\u0153ur<\/p>\n","protected":false},"author":1,"featured_media":933,"comment_status":"open","ping_status":"open","sticky":false,"template":"","format":"standard","meta":{"_acf_changed":false,"footnotes":""},"categories":[1,3],"tags":[340,326],"class_list":["post-3618","post","type-post","status-publish","format-standard","has-post-thumbnail","hentry","category-non-classe","category-nouvelles-selectionnees","tag-cgem","tag-tpme"],"acf":[],"yoast_head":"<!-- This site is optimized with the Yoast SEO plugin v22.0 - https:\/\/yoast.com\/wordpress\/plugins\/seo\/ -->\n<title>S\u00e9ance de travail entre la CGEM et le D\u00e9partement de l\u2019Investissement consacr\u00e9e au dispositif d\u2019appui aux TPME - MEDIA PLATEFORME | FR<\/title>\n<meta name=\"description\" content=\"L\u2019appui \u00e0 l\u2019investissement des tr\u00e8s petites, petites et moyennes entreprises (TPME) a \u00e9t\u00e9 au c\u0153ur des discussions ce\" \/>\n<meta name=\"robots\" content=\"index, follow, max-snippet:-1, max-image-preview:large, max-video-preview:-1\" \/>\n<link rel=\"canonical\" href=\"https:\/\/www.mediaplateforme.com\/fr\/seance-de-travail-entre-la-cgem-et-le-departement-de-linvestissement-consacree-au-dispositif-dappui-aux-tpme\/\" \/>\n<meta property=\"og:locale\" content=\"fr_FR\" \/>\n<meta property=\"og:type\" content=\"article\" \/>\n<meta property=\"og:title\" content=\"S\u00e9ance de travail entre la CGEM et le D\u00e9partement de l\u2019Investissement consacr\u00e9e au dispositif d\u2019appui aux TPME - MEDIA PLATEFORME | FR\" \/>\n<meta property=\"og:description\" content=\"L\u2019appui \u00e0 l\u2019investissement des tr\u00e8s petites, petites et moyennes entreprises (TPME) a \u00e9t\u00e9 au c\u0153ur des discussions ce\" \/>\n<meta property=\"og:url\" content=\"https:\/\/www.mediaplateforme.com\/fr\/seance-de-travail-entre-la-cgem-et-le-departement-de-linvestissement-consacree-au-dispositif-dappui-aux-tpme\/\" \/>\n<meta property=\"og:site_name\" content=\"MEDIA PLATEFORME | FR\" \/>\n<meta property=\"article:published_time\" content=\"2023-07-18T13:40:10+00:00\" \/>\n<meta property=\"og:image\" content=\"https:\/\/www.mediaplateforme.com\/fr\/wp-content\/uploads\/sites\/5\/2022\/09\/CGEM.jpg\" \/>\n\t<meta property=\"og:image:width\" content=\"613\" \/>\n\t<meta property=\"og:image:height\" content=\"355\" \/>\n\t<meta property=\"og:image:type\" content=\"image\/jpeg\" \/>\n<meta name=\"author\" content=\"Mediaplateforme\" \/>\n<meta name=\"twitter:card\" content=\"summary_large_image\" \/>\n<meta name=\"twitter:label1\" content=\"\u00c9crit par\" \/>\n\t<meta name=\"twitter:data1\" content=\"Mediaplateforme\" \/>\n\t<meta name=\"twitter:label2\" content=\"Dur\u00e9e de lecture estim\u00e9e\" \/>\n\t<meta name=\"twitter:data2\" content=\"2 minutes\" \/>\n<script type=\"application\/ld+json\" class=\"yoast-schema-graph\">{\"@context\":\"https:\/\/schema.org\",\"@graph\":[{\"@type\":\"WebPage\",\"@id\":\"https:\/\/www.mediaplateforme.com\/fr\/seance-de-travail-entre-la-cgem-et-le-departement-de-linvestissement-consacree-au-dispositif-dappui-aux-tpme\/\",\"url\":\"https:\/\/www.mediaplateforme.com\/fr\/seance-de-travail-entre-la-cgem-et-le-departement-de-linvestissement-consacree-au-dispositif-dappui-aux-tpme\/\",\"name\":\"S\u00e9ance de travail entre la CGEM et le D\u00e9partement de l\u2019Investissement consacr\u00e9e au dispositif d\u2019appui aux TPME - MEDIA PLATEFORME | FR\",\"isPartOf\":{\"@id\":\"https:\/\/www.mediaplateforme.com\/fr\/#website\"},\"datePublished\":\"2023-07-18T13:40:10+00:00\",\"dateModified\":\"2023-07-18T13:40:10+00:00\",\"author\":{\"@id\":\"https:\/\/www.mediaplateforme.com\/fr\/#\/schema\/person\/89833db382b5db2c76b094bc902aa12a\"},\"description\":\"L\u2019appui \u00e0 l\u2019investissement des tr\u00e8s petites, petites et moyennes entreprises (TPME) a \u00e9t\u00e9 au c\u0153ur des discussions ce\",\"breadcrumb\":{\"@id\":\"https:\/\/www.mediaplateforme.com\/fr\/seance-de-travail-entre-la-cgem-et-le-departement-de-linvestissement-consacree-au-dispositif-dappui-aux-tpme\/#breadcrumb\"},\"inLanguage\":\"fr-FR\",\"potentialAction\":[{\"@type\":\"ReadAction\",\"target\":[\"https:\/\/www.mediaplateforme.com\/fr\/seance-de-travail-entre-la-cgem-et-le-departement-de-linvestissement-consacree-au-dispositif-dappui-aux-tpme\/\"]}]},{\"@type\":\"BreadcrumbList\",\"@id\":\"https:\/\/www.mediaplateforme.com\/fr\/seance-de-travail-entre-la-cgem-et-le-departement-de-linvestissement-consacree-au-dispositif-dappui-aux-tpme\/#breadcrumb\",\"itemListElement\":[{\"@type\":\"ListItem\",\"position\":1,\"name\":\"\u0627\u0644\u0631\u0626\u064a\u0633\u064a\u0629\",\"item\":\"https:\/\/www.mediaplateforme.com\/fr\/\"},{\"@type\":\"ListItem\",\"position\":2,\"name\":\"S\u00e9ance de travail entre la CGEM et le D\u00e9partement de l\u2019Investissement consacr\u00e9e au dispositif d\u2019appui aux TPME\"}]},{\"@type\":\"WebSite\",\"@id\":\"https:\/\/www.mediaplateforme.com\/fr\/#website\",\"url\":\"https:\/\/www.mediaplateforme.com\/fr\/\",\"name\":\"MEDIA PLATEFORME | FR\",\"description\":\"Mediaplateforme sp\u00e9cialis\u00e9 dans la communication institutions publiques et des entreprises\",\"potentialAction\":[{\"@type\":\"SearchAction\",\"target\":{\"@type\":\"EntryPoint\",\"urlTemplate\":\"https:\/\/www.mediaplateforme.com\/fr\/?s={search_term_string}\"},\"query-input\":\"required name=search_term_string\"}],\"inLanguage\":\"fr-FR\"},{\"@type\":\"Person\",\"@id\":\"https:\/\/www.mediaplateforme.com\/fr\/#\/schema\/person\/89833db382b5db2c76b094bc902aa12a\",\"name\":\"Mediaplateforme\",\"image\":{\"@type\":\"ImageObject\",\"inLanguage\":\"fr-FR\",\"@id\":\"https:\/\/www.mediaplateforme.com\/fr\/#\/schema\/person\/image\/\",\"url\":\"https:\/\/secure.gravatar.com\/avatar\/6c9c02e8928cc65d54bf75157f7b3a2d06d7ad0494ca0951f679552ff03b34c1?s=96&d=mm&r=g\",\"contentUrl\":\"https:\/\/secure.gravatar.com\/avatar\/6c9c02e8928cc65d54bf75157f7b3a2d06d7ad0494ca0951f679552ff03b34c1?s=96&d=mm&r=g\",\"caption\":\"Mediaplateforme\"},\"sameAs\":[\"https:\/\/www.mediaplateforme.com\"],\"url\":\"https:\/\/www.mediaplateforme.com\/fr\/author\/mohamedladib\/\"}]}<\/script>\n<!-- \/ Yoast SEO plugin. -->","yoast_head_json":{"title":"S\u00e9ance de travail entre la CGEM et le D\u00e9partement de l\u2019Investissement consacr\u00e9e au dispositif d\u2019appui aux TPME - MEDIA PLATEFORME | FR","description":"L\u2019appui \u00e0 l\u2019investissement des tr\u00e8s petites, petites et moyennes entreprises (TPME) a \u00e9t\u00e9 au c\u0153ur des discussions ce","robots":{"index":"index","follow":"follow","max-snippet":"max-snippet:-1","max-image-preview":"max-image-preview:large","max-video-preview":"max-video-preview:-1"},"canonical":"https:\/\/www.mediaplateforme.com\/fr\/seance-de-travail-entre-la-cgem-et-le-departement-de-linvestissement-consacree-au-dispositif-dappui-aux-tpme\/","og_locale":"fr_FR","og_type":"article","og_title":"S\u00e9ance de travail entre la CGEM et le D\u00e9partement de l\u2019Investissement consacr\u00e9e au dispositif d\u2019appui aux TPME - MEDIA PLATEFORME | FR","og_description":"L\u2019appui \u00e0 l\u2019investissement des tr\u00e8s petites, petites et moyennes entreprises (TPME) a \u00e9t\u00e9 au c\u0153ur des discussions ce","og_url":"https:\/\/www.mediaplateforme.com\/fr\/seance-de-travail-entre-la-cgem-et-le-departement-de-linvestissement-consacree-au-dispositif-dappui-aux-tpme\/","og_site_name":"MEDIA PLATEFORME | FR","article_published_time":"2023-07-18T13:40:10+00:00","og_image":[{"width":613,"height":355,"url":"https:\/\/www.mediaplateforme.com\/fr\/wp-content\/uploads\/sites\/5\/2022\/09\/CGEM.jpg","type":"image\/jpeg"}],"author":"Mediaplateforme","twitter_card":"summary_large_image","twitter_misc":{"\u00c9crit par":"Mediaplateforme","Dur\u00e9e de lecture estim\u00e9e":"2 minutes"},"schema":{"@context":"https:\/\/schema.org","@graph":[{"@type":"WebPage","@id":"https:\/\/www.mediaplateforme.com\/fr\/seance-de-travail-entre-la-cgem-et-le-departement-de-linvestissement-consacree-au-dispositif-dappui-aux-tpme\/","url":"https:\/\/www.mediaplateforme.com\/fr\/seance-de-travail-entre-la-cgem-et-le-departement-de-linvestissement-consacree-au-dispositif-dappui-aux-tpme\/","name":"S\u00e9ance de travail entre la CGEM et le D\u00e9partement de l\u2019Investissement consacr\u00e9e au dispositif d\u2019appui aux TPME - MEDIA PLATEFORME | FR","isPartOf":{"@id":"https:\/\/www.mediaplateforme.com\/fr\/#website"},"datePublished":"2023-07-18T13:40:10+00:00","dateModified":"2023-07-18T13:40:10+00:00","author":{"@id":"https:\/\/www.mediaplateforme.com\/fr\/#\/schema\/person\/89833db382b5db2c76b094bc902aa12a"},"description":"L\u2019appui \u00e0 l\u2019investissement des tr\u00e8s petites, petites et moyennes entreprises (TPME) a \u00e9t\u00e9 au c\u0153ur des discussions ce","breadcrumb":{"@id":"https:\/\/www.mediaplateforme.com\/fr\/seance-de-travail-entre-la-cgem-et-le-departement-de-linvestissement-consacree-au-dispositif-dappui-aux-tpme\/#breadcrumb"},"inLanguage":"fr-FR","potentialAction":[{"@type":"ReadAction","target":["https:\/\/www.mediaplateforme.com\/fr\/seance-de-travail-entre-la-cgem-et-le-departement-de-linvestissement-consacree-au-dispositif-dappui-aux-tpme\/"]}]},{"@type":"BreadcrumbList","@id":"https:\/\/www.mediaplateforme.com\/fr\/seance-de-travail-entre-la-cgem-et-le-departement-de-linvestissement-consacree-au-dispositif-dappui-aux-tpme\/#breadcrumb","itemListElement":[{"@type":"ListItem","position":1,"name":"\u0627\u0644\u0631\u0626\u064a\u0633\u064a\u0629","item":"https:\/\/www.mediaplateforme.com\/fr\/"},{"@type":"ListItem","position":2,"name":"S\u00e9ance de travail entre la CGEM et le D\u00e9partement de l\u2019Investissement consacr\u00e9e au dispositif d\u2019appui aux TPME"}]},{"@type":"WebSite","@id":"https:\/\/www.mediaplateforme.com\/fr\/#website","url":"https:\/\/www.mediaplateforme.com\/fr\/","name":"MEDIA PLATEFORME | FR","description":"Mediaplateforme sp\u00e9cialis\u00e9 dans la communication institutions publiques et des entreprises","potentialAction":[{"@type":"SearchAction","target":{"@type":"EntryPoint","urlTemplate":"https:\/\/www.mediaplateforme.com\/fr\/?s={search_term_string}"},"query-input":"required name=search_term_string"}],"inLanguage":"fr-FR"},{"@type":"Person","@id":"https:\/\/www.mediaplateforme.com\/fr\/#\/schema\/person\/89833db382b5db2c76b094bc902aa12a","name":"Mediaplateforme","image":{"@type":"ImageObject","inLanguage":"fr-FR","@id":"https:\/\/www.mediaplateforme.com\/fr\/#\/schema\/person\/image\/","url":"https:\/\/secure.gravatar.com\/avatar\/6c9c02e8928cc65d54bf75157f7b3a2d06d7ad0494ca0951f679552ff03b34c1?s=96&d=mm&r=g","contentUrl":"https:\/\/secure.gravatar.com\/avatar\/6c9c02e8928cc65d54bf75157f7b3a2d06d7ad0494ca0951f679552ff03b34c1?s=96&d=mm&r=g","caption":"Mediaplateforme"},"sameAs":["https:\/\/www.mediaplateforme.com"],"url":"https:\/\/www.mediaplateforme.com\/fr\/author\/mohamedladib\/"}]}},"_links":{"self":[{"href":"https:\/\/www.mediaplateforme.com\/fr\/wp-json\/wp\/v2\/posts\/3618","targetHints":{"allow":["GET"]}}],"collection":[{"href":"https:\/\/www.mediaplateforme.com\/fr\/wp-json\/wp\/v2\/posts"}],"about":[{"href":"https:\/\/www.mediaplateforme.com\/fr\/wp-json\/wp\/v2\/types\/post"}],"author":[{"embeddable":true,"href":"https:\/\/www.mediaplateforme.com\/fr\/wp-json\/wp\/v2\/users\/1"}],"replies":[{"embeddable":true,"href":"https:\/\/www.mediaplateforme.com\/fr\/wp-json\/wp\/v2\/comments?post=3618"}],"version-history":[{"count":1,"href":"https:\/\/www.mediaplateforme.com\/fr\/wp-json\/wp\/v2\/posts\/3618\/revisions"}],"predecessor-version":[{"id":3619,"href":"https:\/\/www.mediaplateforme.com\/fr\/wp-json\/wp\/v2\/posts\/3618\/revisions\/3619"}],"wp:featuredmedia":[{"embeddable":true,"href":"https:\/\/www.mediaplateforme.com\/fr\/wp-json\/wp\/v2\/media\/933"}],"wp:attachment":[{"href":"https:\/\/www.mediaplateforme.com\/fr\/wp-json\/wp\/v2\/media?parent=3618"}],"wp:term":[{"taxonomy":"category","embeddable":true,"href":"https:\/\/www.mediaplateforme.com\/fr\/wp-json\/wp\/v2\/categories?post=3618"},{"taxonomy":"post_tag","embeddable":true,"href":"https:\/\/www.mediaplateforme.com\/fr\/wp-json\/wp\/v2\/tags?post=3618"}],"curies":[{"name":"wp","href":"https:\/\/api.w.org\/{rel}","templated":true}]}}