{"id":3615,"date":"2023-07-18T14:37:19","date_gmt":"2023-07-18T13:37:19","guid":{"rendered":"https:\/\/www.mediaplateforme.com\/fr\/?p=3615"},"modified":"2023-07-18T14:37:19","modified_gmt":"2023-07-18T13:37:19","slug":"le-groupe-marjane-lance-un-master-en-alternance-distribution-moderne","status":"publish","type":"post","link":"https:\/\/www.mediaplateforme.com\/fr\/le-groupe-marjane-lance-un-master-en-alternance-distribution-moderne\/","title":{"rendered":"Le Groupe Marjane lance un Master en alternance \u00ab Distribution Moderne \u00bb"},"content":{"rendered":"<p><strong>\u00a0<\/strong><\/p>\n<ul>\n<li><strong><em>La nouvelle fili\u00e8re a \u00e9t\u00e9 initi\u00e9e en partenariat avec l\u2019Ecole Nationale de Commerce et de Gestion de Settat (ENCGS).<\/em><\/strong><\/li>\n<\/ul>\n<p><em>\u00a0<\/em><\/p>\n<ul>\n<li><strong><em>Elle est accr\u00e9dit\u00e9e par le Minist\u00e8re de l&rsquo;Enseignement Sup\u00e9rieur, de la Recherche Scientifique et de l&rsquo;Innovation.<\/em><\/strong><\/li>\n<\/ul>\n<p><em>\u00a0<\/em><\/p>\n<ul>\n<li><strong>Le Groupe Marjane confirme sa volont\u00e9 d\u2019accompagner la mont\u00e9e en comp\u00e9tences dans le secteur de la grande distribution au Maroc.<\/strong><\/li>\n<\/ul>\n<p><em>\u00a0<\/em><\/p>\n<p>&nbsp;<\/p>\n<p><strong><span style=\"color: #0000ff;\">Le Groupe Marjane est fier d\u2019annoncer le lancement, jeudi 6 juillet 2023, de la nouvelle fili\u00e8re du Master en alternance \u00ab Distribution Moderne \u00bb, en partenariat avec l\u2019Ecole Nationale de Commerce et de Gestion de Settat (ENCGS). Cette formation en alternance est la premi\u00e8re du genre \u00e0 \u00eatre accr\u00e9dit\u00e9e par le Minist\u00e8re de l&rsquo;Enseignement Sup\u00e9rieur, de la Recherche Scientifique et de l&rsquo;Innovation. Cette fili\u00e8re \u00e0 acc\u00e8s r\u00e9gul\u00e9, traduit ainsi la volont\u00e9 du Groupe Marjane \u00e0 contribuer, \u00e0 travers la formation, au d\u00e9veloppement de la grande distribution au Maroc.<\/span> <\/strong><\/p>\n<p>En plus des connaissances acad\u00e9miques, le Master Distribution Moderne d\u00e9veloppe chez les alternants une connaissance approfondie du fonctionnement des Grandes et Moyennes Surfaces (GMS), la ma\u00eetrise des techniques de gestion d\u2019une unit\u00e9 de commerce et son animation commerciale au service du client ainsi que le d\u00e9veloppement d&rsquo;une posture manag\u00e9riale professionnelle favorisant l&rsquo;intelligence collective au sein des \u00e9quipes.<\/p>\n<p><em>\u00ab Nous sommes heureux de lancer aujourd\u2019hui cette nouvelle fili\u00e8re, une premi\u00e8re au Maroc, et qui sans aucun doute, conna\u00eetra un v\u00e9ritable succ\u00e8s. Nous couvrons tous les m\u00e9tiers de la grande distribution, du digital, \u00e0 la logistique, en passant par le Marketing, le service client, la Supply Chain, le Merchandising ou encore l\u2019e-commerce. Les \u00e9tudiants d\u00e9couvriront, \u00e0 travers les modules de la formation, la pluridisciplinarit\u00e9 et la richesse de nos m\u00e9tiers \u00bb, a d\u00e9clar\u00e9 <strong>M. Mohammed Taha BENZEKRI, Directeur Ex\u00e9cutif en charge du capital humain et de la RSE du <a href=\"https:\/\/www.mediaplateforme.com\/fr\/marjane-siam\/\">Groupe Marjane<\/a><\/strong><\/em><\/p>\n<p>Et d\u2019ajouter :<em> \u00ab De par notre responsabilit\u00e9 soci\u00e9tale, nous ambitionnons de contribuer au d\u00e9veloppement du march\u00e9 de l\u2019emploi par la formation des profils qualifi\u00e9s. Nous avons une profonde conviction que ce partenariat public-priv\u00e9 b\u00e9n\u00e9ficiera non seulement au Groupe Marjane, mais \u00e0 plus grande \u00e9chelle, au pays, puisqu\u2019il permet une meilleure employabilit\u00e9 aux futurs laur\u00e9ats qui seront mieux outill\u00e9s pour int\u00e9grer le secteur de la grande distribution qui se d\u00e9veloppe \u00e0 grande vitesse au Maroc et offre beaucoup d\u2019opportunit\u00e9s d\u2019emploi \u00bb.<\/em><\/p>\n<p>Pour rappel, le Groupe Marjane a lanc\u00e9 en 2022 et par anticipation du Master en alternance, un programme de formation coconstruit avec l\u2019Ecole Nationale de Commerce et de Gestion de Settat (ENCGS). Il a concern\u00e9 une cinquantaine d\u2019\u00e9tudiants qui ont b\u00e9n\u00e9fici\u00e9 d\u2019un programme hybride de formation compl\u00e9mentaire sp\u00e9cialis\u00e9 dans les m\u00e9tiers de la grande distribution.<\/p>\n<p>Ces \u00e9tudiants en derni\u00e8re ann\u00e9e du Master ont \u00e9t\u00e9 accompagn\u00e9s par les professionnels du Groupe Marjane \u00e0 travers des s\u00e9minaires portant sur les m\u00e9tiers de la grande distribution, et ont \u00e9galement b\u00e9n\u00e9fici\u00e9 d&rsquo;une mise en pratique sur le terrain dans les magasins du Groupe. A l\u2019issue de ce programme, une vingtaine de ces \u00e9l\u00e8ves stagiaires ont re\u00e7u des propositions pour int\u00e9grer le Groupe Marjane. Ce programme de formation sera poursuivi \u00e9galement durant l\u2019ann\u00e9e 2023-2024.<\/p>\n<h4><strong>Comment se d\u00e9roulera le Master en alternance \u00ab Distribution Moderne \u00bb ?<\/strong><\/h4>\n<p>L\u2019ann\u00e9e 2024 verra le lancement de la premi\u00e8re formation par alternance sp\u00e9cialis\u00e9e dans la distribution moderne. Un contrat tripartite ENCGS- \u00e9l\u00e8ves alternants-Groupe Marjane formalisera le statut des \u00e9l\u00e8ves admis et inscrits dans cette fili\u00e8re. Cette premi\u00e8re promotion b\u00e9n\u00e9ficiera pendant les deux ann\u00e9es de Master, des cours \u00e0 l\u2019ENCGS en alternance avec une activit\u00e9 professionnelle dans l\u2019une des filiales du groupe Marjane.<\/p>\n<p>A la fin de leur cursus, ceux d\u2019entre eux qui auront r\u00e9pondu aux exigences et aux conditions acad\u00e9miques et professionnelles d\u00e9finies conjointement par l\u2019ENCGS et le Groupe Marjane, recevront une proposition d\u2019int\u00e9grer l\u2019entreprise.<\/p>\n<p>Le lancement de la fili\u00e8re Master en alternance \u00ab Distribution Moderne \u00bb s\u2019inscrit dans la politique volontariste du Groupe Marjane du co-d\u00e9veloppement de son \u00e9cosyst\u00e8me au service de ses clients et de la modernisation du secteur de la grande distribution.<\/p>\n<p>A ce titre, M. Mohammed Taha BENZEKRI a rappel\u00e9 que l\u2019\u00e9ducation fait partie des principaux axes de la politique RSE du Groupe Marjane au c\u00f4t\u00e9 de l\u2019empowerment, l\u2019alimentaire et l\u2019environnement. L\u2019objectif \u00e9tant de promouvoir l\u2019emploi des jeunes par la mise en place de formations sp\u00e9cifiques, r\u00e9pondant aux exigences du march\u00e9 du travail et au secteur de la grande distribution en particulier et ce, en collaboration avec les grandes \u00e9coles et universit\u00e9s marocaines qui s\u2019inscrivent dans cette m\u00eame d\u00e9marche citoyenne.<\/p>\n<p>&nbsp;<\/p>\n<h4><strong>\u00c0 propos de Marjane Holding<\/strong><\/h4>\n<p>Pionnier de la grande distribution moderne au Maroc, le Groupe Marjane a su amener depuis plus de 30 ans, les produits du commerce moderne au grand public, dans les grands centres urbains comme dans les villes moyennes.<\/p>\n<p>Le groupe Marjane g\u00e8re \u00e9galement 441 000 m\u00e8tres carr\u00e9s de galeries marchandes, de parcs d\u2019activit\u00e9s et de shopping malls de derni\u00e8re g\u00e9n\u00e9ration.<\/p>\n<p>Avec ses 12 000 collaborateurs et plus de 150 points de vente dans 30 villes, le Groupe Marjane effectue plus de 100 millions de transactions par an.<\/p>\n","protected":false},"excerpt":{"rendered":"<p>\u00a0 La nouvelle fili\u00e8re a \u00e9t\u00e9 initi\u00e9e en partenariat avec l\u2019Ecole Nationale de Commerce et<\/p>\n","protected":false},"author":1,"featured_media":3616,"comment_status":"open","ping_status":"open","sticky":false,"template":"","format":"standard","meta":{"_acf_changed":false,"footnotes":""},"categories":[2,3],"tags":[1152,1151,449],"class_list":["post-3615","post","type-post","status-publish","format-standard","has-post-thumbnail","hentry","category-nouvelles","category-nouvelles-selectionnees","tag-ecole-nationale-de-commerce-et-de-gestion-de-settat","tag-encgs","tag-groupe-marjane"],"acf":[],"yoast_head":"<!-- This site is optimized with the Yoast SEO plugin v22.0 - https:\/\/yoast.com\/wordpress\/plugins\/seo\/ -->\n<title>Le Groupe Marjane lance un Master en alternance \u00ab Distribution Moderne \u00bb - MEDIA PLATEFORME | FR<\/title>\n<meta name=\"description\" content=\"La nouvelle fili\u00e8re a \u00e9t\u00e9 initi\u00e9e en partenariat avec l\u2019Ecole Nationale de Commerce et de Gestion de Settat (ENCGS).\u00a0Elle est accr\u00e9dit\u00e9e\" \/>\n<meta name=\"robots\" content=\"index, follow, max-snippet:-1, max-image-preview:large, max-video-preview:-1\" \/>\n<link rel=\"canonical\" href=\"https:\/\/www.mediaplateforme.com\/fr\/le-groupe-marjane-lance-un-master-en-alternance-distribution-moderne\/\" \/>\n<meta property=\"og:locale\" content=\"fr_FR\" \/>\n<meta property=\"og:type\" content=\"article\" \/>\n<meta property=\"og:title\" content=\"Le Groupe Marjane lance un Master en alternance \u00ab Distribution Moderne \u00bb - MEDIA PLATEFORME | FR\" \/>\n<meta property=\"og:description\" content=\"La nouvelle fili\u00e8re a \u00e9t\u00e9 initi\u00e9e en partenariat avec l\u2019Ecole Nationale de Commerce et de Gestion de Settat (ENCGS).\u00a0Elle est accr\u00e9dit\u00e9e\" \/>\n<meta property=\"og:url\" content=\"https:\/\/www.mediaplateforme.com\/fr\/le-groupe-marjane-lance-un-master-en-alternance-distribution-moderne\/\" \/>\n<meta property=\"og:site_name\" content=\"MEDIA PLATEFORME | FR\" \/>\n<meta property=\"article:published_time\" content=\"2023-07-18T13:37:19+00:00\" \/>\n<meta property=\"og:image\" content=\"https:\/\/www.mediaplateforme.com\/fr\/wp-content\/uploads\/sites\/5\/2023\/07\/Groupe-Marjane-x-ENCGS-Distribution-Moderne-HQ-scaled.jpeg\" \/>\n\t<meta property=\"og:image:width\" content=\"2560\" \/>\n\t<meta property=\"og:image:height\" content=\"1888\" \/>\n\t<meta property=\"og:image:type\" content=\"image\/jpeg\" \/>\n<meta name=\"author\" content=\"Mediaplateforme\" \/>\n<meta name=\"twitter:card\" content=\"summary_large_image\" \/>\n<meta name=\"twitter:label1\" content=\"\u00c9crit par\" \/>\n\t<meta name=\"twitter:data1\" content=\"Mediaplateforme\" \/>\n\t<meta name=\"twitter:label2\" content=\"Dur\u00e9e de lecture estim\u00e9e\" \/>\n\t<meta name=\"twitter:data2\" content=\"5 minutes\" \/>\n<script type=\"application\/ld+json\" class=\"yoast-schema-graph\">{\"@context\":\"https:\/\/schema.org\",\"@graph\":[{\"@type\":\"WebPage\",\"@id\":\"https:\/\/www.mediaplateforme.com\/fr\/le-groupe-marjane-lance-un-master-en-alternance-distribution-moderne\/\",\"url\":\"https:\/\/www.mediaplateforme.com\/fr\/le-groupe-marjane-lance-un-master-en-alternance-distribution-moderne\/\",\"name\":\"Le Groupe Marjane lance un Master en alternance \u00ab Distribution Moderne \u00bb - MEDIA PLATEFORME | FR\",\"isPartOf\":{\"@id\":\"https:\/\/www.mediaplateforme.com\/fr\/#website\"},\"datePublished\":\"2023-07-18T13:37:19+00:00\",\"dateModified\":\"2023-07-18T13:37:19+00:00\",\"author\":{\"@id\":\"https:\/\/www.mediaplateforme.com\/fr\/#\/schema\/person\/89833db382b5db2c76b094bc902aa12a\"},\"description\":\"La nouvelle fili\u00e8re a \u00e9t\u00e9 initi\u00e9e en partenariat avec l\u2019Ecole Nationale de Commerce et de Gestion de Settat (ENCGS).\u00a0Elle est accr\u00e9dit\u00e9e\",\"breadcrumb\":{\"@id\":\"https:\/\/www.mediaplateforme.com\/fr\/le-groupe-marjane-lance-un-master-en-alternance-distribution-moderne\/#breadcrumb\"},\"inLanguage\":\"fr-FR\",\"potentialAction\":[{\"@type\":\"ReadAction\",\"target\":[\"https:\/\/www.mediaplateforme.com\/fr\/le-groupe-marjane-lance-un-master-en-alternance-distribution-moderne\/\"]}]},{\"@type\":\"BreadcrumbList\",\"@id\":\"https:\/\/www.mediaplateforme.com\/fr\/le-groupe-marjane-lance-un-master-en-alternance-distribution-moderne\/#breadcrumb\",\"itemListElement\":[{\"@type\":\"ListItem\",\"position\":1,\"name\":\"\u0627\u0644\u0631\u0626\u064a\u0633\u064a\u0629\",\"item\":\"https:\/\/www.mediaplateforme.com\/fr\/\"},{\"@type\":\"ListItem\",\"position\":2,\"name\":\"Le Groupe Marjane lance un Master en alternance \u00ab Distribution Moderne \u00bb\"}]},{\"@type\":\"WebSite\",\"@id\":\"https:\/\/www.mediaplateforme.com\/fr\/#website\",\"url\":\"https:\/\/www.mediaplateforme.com\/fr\/\",\"name\":\"MEDIA PLATEFORME | FR\",\"description\":\"Mediaplateforme sp\u00e9cialis\u00e9 dans la communication institutions publiques et des entreprises\",\"potentialAction\":[{\"@type\":\"SearchAction\",\"target\":{\"@type\":\"EntryPoint\",\"urlTemplate\":\"https:\/\/www.mediaplateforme.com\/fr\/?s={search_term_string}\"},\"query-input\":\"required name=search_term_string\"}],\"inLanguage\":\"fr-FR\"},{\"@type\":\"Person\",\"@id\":\"https:\/\/www.mediaplateforme.com\/fr\/#\/schema\/person\/89833db382b5db2c76b094bc902aa12a\",\"name\":\"Mediaplateforme\",\"image\":{\"@type\":\"ImageObject\",\"inLanguage\":\"fr-FR\",\"@id\":\"https:\/\/www.mediaplateforme.com\/fr\/#\/schema\/person\/image\/\",\"url\":\"https:\/\/secure.gravatar.com\/avatar\/6c9c02e8928cc65d54bf75157f7b3a2d06d7ad0494ca0951f679552ff03b34c1?s=96&d=mm&r=g\",\"contentUrl\":\"https:\/\/secure.gravatar.com\/avatar\/6c9c02e8928cc65d54bf75157f7b3a2d06d7ad0494ca0951f679552ff03b34c1?s=96&d=mm&r=g\",\"caption\":\"Mediaplateforme\"},\"sameAs\":[\"https:\/\/www.mediaplateforme.com\"],\"url\":\"https:\/\/www.mediaplateforme.com\/fr\/author\/mohamedladib\/\"}]}<\/script>\n<!-- \/ Yoast SEO plugin. -->","yoast_head_json":{"title":"Le Groupe Marjane lance un Master en alternance \u00ab Distribution Moderne \u00bb - MEDIA PLATEFORME | FR","description":"La nouvelle fili\u00e8re a \u00e9t\u00e9 initi\u00e9e en partenariat avec l\u2019Ecole Nationale de Commerce et de Gestion de Settat (ENCGS).\u00a0Elle est accr\u00e9dit\u00e9e","robots":{"index":"index","follow":"follow","max-snippet":"max-snippet:-1","max-image-preview":"max-image-preview:large","max-video-preview":"max-video-preview:-1"},"canonical":"https:\/\/www.mediaplateforme.com\/fr\/le-groupe-marjane-lance-un-master-en-alternance-distribution-moderne\/","og_locale":"fr_FR","og_type":"article","og_title":"Le Groupe Marjane lance un Master en alternance \u00ab Distribution Moderne \u00bb - MEDIA PLATEFORME | FR","og_description":"La nouvelle fili\u00e8re a \u00e9t\u00e9 initi\u00e9e en partenariat avec l\u2019Ecole Nationale de Commerce et de Gestion de Settat (ENCGS).\u00a0Elle est accr\u00e9dit\u00e9e","og_url":"https:\/\/www.mediaplateforme.com\/fr\/le-groupe-marjane-lance-un-master-en-alternance-distribution-moderne\/","og_site_name":"MEDIA PLATEFORME | FR","article_published_time":"2023-07-18T13:37:19+00:00","og_image":[{"width":2560,"height":1888,"url":"https:\/\/www.mediaplateforme.com\/fr\/wp-content\/uploads\/sites\/5\/2023\/07\/Groupe-Marjane-x-ENCGS-Distribution-Moderne-HQ-scaled.jpeg","type":"image\/jpeg"}],"author":"Mediaplateforme","twitter_card":"summary_large_image","twitter_misc":{"\u00c9crit par":"Mediaplateforme","Dur\u00e9e de lecture estim\u00e9e":"5 minutes"},"schema":{"@context":"https:\/\/schema.org","@graph":[{"@type":"WebPage","@id":"https:\/\/www.mediaplateforme.com\/fr\/le-groupe-marjane-lance-un-master-en-alternance-distribution-moderne\/","url":"https:\/\/www.mediaplateforme.com\/fr\/le-groupe-marjane-lance-un-master-en-alternance-distribution-moderne\/","name":"Le Groupe Marjane lance un Master en alternance \u00ab Distribution Moderne \u00bb - MEDIA PLATEFORME | FR","isPartOf":{"@id":"https:\/\/www.mediaplateforme.com\/fr\/#website"},"datePublished":"2023-07-18T13:37:19+00:00","dateModified":"2023-07-18T13:37:19+00:00","author":{"@id":"https:\/\/www.mediaplateforme.com\/fr\/#\/schema\/person\/89833db382b5db2c76b094bc902aa12a"},"description":"La nouvelle fili\u00e8re a \u00e9t\u00e9 initi\u00e9e en partenariat avec l\u2019Ecole Nationale de Commerce et de Gestion de Settat (ENCGS).\u00a0Elle est accr\u00e9dit\u00e9e","breadcrumb":{"@id":"https:\/\/www.mediaplateforme.com\/fr\/le-groupe-marjane-lance-un-master-en-alternance-distribution-moderne\/#breadcrumb"},"inLanguage":"fr-FR","potentialAction":[{"@type":"ReadAction","target":["https:\/\/www.mediaplateforme.com\/fr\/le-groupe-marjane-lance-un-master-en-alternance-distribution-moderne\/"]}]},{"@type":"BreadcrumbList","@id":"https:\/\/www.mediaplateforme.com\/fr\/le-groupe-marjane-lance-un-master-en-alternance-distribution-moderne\/#breadcrumb","itemListElement":[{"@type":"ListItem","position":1,"name":"\u0627\u0644\u0631\u0626\u064a\u0633\u064a\u0629","item":"https:\/\/www.mediaplateforme.com\/fr\/"},{"@type":"ListItem","position":2,"name":"Le Groupe Marjane lance un Master en alternance \u00ab Distribution Moderne \u00bb"}]},{"@type":"WebSite","@id":"https:\/\/www.mediaplateforme.com\/fr\/#website","url":"https:\/\/www.mediaplateforme.com\/fr\/","name":"MEDIA PLATEFORME | FR","description":"Mediaplateforme sp\u00e9cialis\u00e9 dans la communication institutions publiques et des entreprises","potentialAction":[{"@type":"SearchAction","target":{"@type":"EntryPoint","urlTemplate":"https:\/\/www.mediaplateforme.com\/fr\/?s={search_term_string}"},"query-input":"required name=search_term_string"}],"inLanguage":"fr-FR"},{"@type":"Person","@id":"https:\/\/www.mediaplateforme.com\/fr\/#\/schema\/person\/89833db382b5db2c76b094bc902aa12a","name":"Mediaplateforme","image":{"@type":"ImageObject","inLanguage":"fr-FR","@id":"https:\/\/www.mediaplateforme.com\/fr\/#\/schema\/person\/image\/","url":"https:\/\/secure.gravatar.com\/avatar\/6c9c02e8928cc65d54bf75157f7b3a2d06d7ad0494ca0951f679552ff03b34c1?s=96&d=mm&r=g","contentUrl":"https:\/\/secure.gravatar.com\/avatar\/6c9c02e8928cc65d54bf75157f7b3a2d06d7ad0494ca0951f679552ff03b34c1?s=96&d=mm&r=g","caption":"Mediaplateforme"},"sameAs":["https:\/\/www.mediaplateforme.com"],"url":"https:\/\/www.mediaplateforme.com\/fr\/author\/mohamedladib\/"}]}},"_links":{"self":[{"href":"https:\/\/www.mediaplateforme.com\/fr\/wp-json\/wp\/v2\/posts\/3615","targetHints":{"allow":["GET"]}}],"collection":[{"href":"https:\/\/www.mediaplateforme.com\/fr\/wp-json\/wp\/v2\/posts"}],"about":[{"href":"https:\/\/www.mediaplateforme.com\/fr\/wp-json\/wp\/v2\/types\/post"}],"author":[{"embeddable":true,"href":"https:\/\/www.mediaplateforme.com\/fr\/wp-json\/wp\/v2\/users\/1"}],"replies":[{"embeddable":true,"href":"https:\/\/www.mediaplateforme.com\/fr\/wp-json\/wp\/v2\/comments?post=3615"}],"version-history":[{"count":1,"href":"https:\/\/www.mediaplateforme.com\/fr\/wp-json\/wp\/v2\/posts\/3615\/revisions"}],"predecessor-version":[{"id":3617,"href":"https:\/\/www.mediaplateforme.com\/fr\/wp-json\/wp\/v2\/posts\/3615\/revisions\/3617"}],"wp:featuredmedia":[{"embeddable":true,"href":"https:\/\/www.mediaplateforme.com\/fr\/wp-json\/wp\/v2\/media\/3616"}],"wp:attachment":[{"href":"https:\/\/www.mediaplateforme.com\/fr\/wp-json\/wp\/v2\/media?parent=3615"}],"wp:term":[{"taxonomy":"category","embeddable":true,"href":"https:\/\/www.mediaplateforme.com\/fr\/wp-json\/wp\/v2\/categories?post=3615"},{"taxonomy":"post_tag","embeddable":true,"href":"https:\/\/www.mediaplateforme.com\/fr\/wp-json\/wp\/v2\/tags?post=3615"}],"curies":[{"name":"wp","href":"https:\/\/api.w.org\/{rel}","templated":true}]}}