{"id":3612,"date":"2023-07-17T17:50:28","date_gmt":"2023-07-17T16:50:28","guid":{"rendered":"https:\/\/www.mediaplateforme.com\/fr\/?p=3612"},"modified":"2023-07-17T17:50:28","modified_gmt":"2023-07-17T16:50:28","slug":"le-maroc-doublement-qualifie-au-watc-2023","status":"publish","type":"post","link":"https:\/\/www.mediaplateforme.com\/fr\/le-maroc-doublement-qualifie-au-watc-2023\/","title":{"rendered":"Le Maroc doublement qualifi\u00e9  au WATC 2023"},"content":{"rendered":"<p style=\"font-weight: 400;\">Sous la Pr\u00e9sidence de\u00a0<strong>Son Altesse Royale le Prince Moulay Rachid,<\/strong>\u00a0la F\u00e9d\u00e9ration Royale Marocaine de Golf (FRMG) a la joie d\u2019annoncer la qualification de ses 2 \u00e9quipes nationales, masculine et f\u00e9minine, au \u00ab\u00a0World Amateur Team Championships\u00a0\u00bb (WATC) qui aura lieu en octobre 2023 \u00e0 Abu Dhabi. Cette annonce s\u2019est faite par\u00a0l\u2019International Golf Federation (IGF)\u00a0ce vendredi 14 juillet.<\/p>\n<p style=\"font-weight: 400;\">\n<p style=\"font-weight: 400;\">Organis\u00e9 tous les deux ans par l\u2019IGF,\u00a0ce\u00a0prestigieux\u00a0Championnat du Monde Amateur par \u00e9quipe\u00a0comprend deux \u00e9preuves &#8211; le Troph\u00e9e Espirito Santo (femmes) et le Troph\u00e9e Eisenhower (hommes). Organis\u00e9 pour la premi\u00e8re fois en 1958, le WATC regroupe les 36 meilleurs \u00e9quipes mondiales de chaque cat\u00e9gorie.<\/p>\n<p style=\"font-weight: 400;\">\n<p style=\"font-weight: 400;\">Pour rappel,\u00a0la F\u00e9d\u00e9ration Royale Marocaine de Golf (FRMG) organisera les \u00ab\u00a0World Amateur Team Championships\u00a0\u00bb (WATC) en 2027,\u00a0au Royal Golf Dar Es Salam\u00a0\u00e0 Rabat,\u00a0reconnu \u00e0 l\u2019\u00e9chelle mondiale pour avoir accueilli des \u00e9v\u00e9nements internationaux de grandes envergures notamment le Troph\u00e9e Hassan II de Golf et la Coupe Lalla Meryem.<\/p>\n<p style=\"font-weight: 400;\">Le Maroc sera la premi\u00e8re nation nord-africaine \u00e0 recevoir cette\u00a0 prestigieuse comp\u00e9tition qui a vu la participation de tr\u00e8s grands noms de ce sport.<\/p>\n<p style=\"font-weight: 400;\">\n<h4 style=\"font-weight: 400;\"><strong><u>\u00c0 propos de la F\u00e9d\u00e9ration Royale Marocaine de Golf\u00a0\u00ab\u00a0FRMG\u00a0\u00bb :<\/u><\/strong><\/h4>\n<p style=\"font-weight: 400;\">\n<p style=\"font-weight: 400;\">Sous la pr\u00e9sidence de<strong>\u00a0Son Altesse Royale Le Prince Moulay Rachid\u00a0<\/strong>depuis Janvier 2018, la F\u00e9d\u00e9ration Royale Marocaine de Golf \u00ab\u00a0FRMG\u00a0\u00bb, fond\u00e9e le 12 mars 1960, est une association sportive qui a pour objet l\u2019acc\u00e8s \u00e0 tous \u00e0 la pratique du golf, sous toutes ses formes. Elle veille au respect des r\u00e8gles de d\u00e9ontologie \u00e9dict\u00e9es par le mouvement sportif international, particuli\u00e8rement la F\u00e9d\u00e9ration Internationale de Golf et la Conf\u00e9d\u00e9ration Africaine de Golf. Ses missions sont\u00a0:<\/p>\n<p style=\"font-weight: 400;\">\n<ul>\n<li style=\"font-weight: 400;\"><strong>La promotion et le d\u00e9veloppement de la pratique du golf\u00a0<\/strong><\/li>\n<li style=\"font-weight: 400;\"><strong>L\u2019organisation et la gestion des comp\u00e9titions\u00a0<\/strong><\/li>\n<li style=\"font-weight: 400;\"><strong>La r\u00e9glementation de la pratique du golf\u00a0<\/strong><\/li>\n<li style=\"font-weight: 400;\"><strong>La formation et la professionnalisation des m\u00e9tiers golfiques<\/strong><\/li>\n<li style=\"font-weight: 400;\"><strong>L\u2019accompagnement des joueurs professionnels\u00a0<\/strong><\/li>\n<li style=\"font-weight: 400;\"><strong>La gestion des golfeurs de Haut Niveau<\/strong><\/li>\n<\/ul>\n<p style=\"font-weight: 400;\">\n<h4 style=\"font-weight: 400;\"><strong><u>\u00c0 propos de IGF<\/u><\/strong><\/h4>\n<p style=\"font-weight: 400;\">\n<p style=\"font-weight: 400;\">L&rsquo;IGF est compos\u00e9e de 150 f\u00e9d\u00e9rations membres, issues de 147 pays, repr\u00e9sentant plus de 66,5 millions de personnes qui jouent au golf. Toutes les f\u00e9d\u00e9rations nationales de golf affili\u00e9es \u00e0 l&rsquo;IGF sont incluses dans les Comit\u00e9s Nationaux \u00a0Olympiques (CNO) de leurs pays. L&rsquo;IGF est reconnue par le Comit\u00e9 International Olympique (CIO) comme la f\u00e9d\u00e9ration internationale de golf. Outre les championnats du monde par \u00e9quipes amateurs, l&rsquo;IGF organise \u00e9galement les comp\u00e9titions de golf aux Jeux olympiques et aux Jeux olympiques de la jeunesse.<\/p>\n<p style=\"font-weight: 400;\">\n<h4 style=\"font-weight: 400;\"><strong><u>\u00c0 propos de WATC<\/u><\/strong><\/h4>\n<p style=\"font-weight: 400;\">Les World Amateur Team Championships sont une comp\u00e9tition internationale biennale de golf amateur organis\u00e9e par la F\u00e9d\u00e9ration Internationale de Golf. Les femmes concourent pour le Troph\u00e9e Espirito Santo tandis que les hommes concourent pour le Troph\u00e9e Eisenhower. Cette ann\u00e9e marque la 29e \u00e9dition du WATC f\u00e9minin par \u00e9quipe, qui a \u00e9t\u00e9 disput\u00e9e pour la premi\u00e8re fois en 1964 en France. Le Championnat du monde amateur par \u00e9quipe a \u00e9t\u00e9 disput\u00e9 pour la premi\u00e8re fois en 1958 sur le Old Course de St. Andrews et 2022 est sa 32e \u00e9dition.\u00a0Chaque pays aligne deux \u00e0 trois joueurs et\u00a0seuls les deux meilleurs scores comptent\u00a0pour chaque tour.<\/p>\n","protected":false},"excerpt":{"rendered":"<p>Sous la Pr\u00e9sidence de\u00a0Son Altesse Royale le Prince Moulay Rachid,\u00a0la F\u00e9d\u00e9ration Royale Marocaine de Golf<\/p>\n","protected":false},"author":1,"featured_media":3613,"comment_status":"open","ping_status":"open","sticky":false,"template":"","format":"standard","meta":{"_acf_changed":false,"footnotes":""},"categories":[3,796],"tags":[1149,1148,1150],"class_list":["post-3612","post","type-post","status-publish","format-standard","has-post-thumbnail","hentry","category-nouvelles-selectionnees","category-sport-business","tag-frmg","tag-son-altesse-royale-le-prince-moulay-rachid","tag-watc"],"acf":[],"yoast_head":"<!-- This site is optimized with the Yoast SEO plugin v22.0 - https:\/\/yoast.com\/wordpress\/plugins\/seo\/ -->\n<title>Le Maroc doublement qualifi\u00e9 au WATC 2023 - MEDIA PLATEFORME | FR<\/title>\n<meta name=\"description\" content=\"Sous la Pr\u00e9sidence de\u00a0Son Altesse Royale le Prince Moulay Rachid,\u00a0la F\u00e9d\u00e9ration Royale Marocaine de Golf &quot; &quot; (WATC)\" \/>\n<meta name=\"robots\" content=\"index, follow, max-snippet:-1, max-image-preview:large, max-video-preview:-1\" \/>\n<link rel=\"canonical\" href=\"https:\/\/www.mediaplateforme.com\/fr\/le-maroc-doublement-qualifie-au-watc-2023\/\" \/>\n<meta property=\"og:locale\" content=\"fr_FR\" \/>\n<meta property=\"og:type\" content=\"article\" \/>\n<meta property=\"og:title\" content=\"Le Maroc doublement qualifi\u00e9 au WATC 2023 - MEDIA PLATEFORME | FR\" \/>\n<meta property=\"og:description\" content=\"Sous la Pr\u00e9sidence de\u00a0Son Altesse Royale le Prince Moulay Rachid,\u00a0la F\u00e9d\u00e9ration Royale Marocaine de Golf &quot; &quot; (WATC)\" \/>\n<meta property=\"og:url\" content=\"https:\/\/www.mediaplateforme.com\/fr\/le-maroc-doublement-qualifie-au-watc-2023\/\" \/>\n<meta property=\"og:site_name\" content=\"MEDIA PLATEFORME | FR\" \/>\n<meta property=\"article:published_time\" content=\"2023-07-17T16:50:28+00:00\" \/>\n<meta property=\"og:image\" content=\"https:\/\/www.mediaplateforme.com\/fr\/wp-content\/uploads\/sites\/5\/2023\/07\/vis_0717202316045150.jpg\" \/>\n\t<meta property=\"og:image:width\" content=\"920\" \/>\n\t<meta property=\"og:image:height\" content=\"490\" \/>\n\t<meta property=\"og:image:type\" content=\"image\/jpeg\" \/>\n<meta name=\"author\" content=\"Mediaplateforme\" \/>\n<meta name=\"twitter:card\" content=\"summary_large_image\" \/>\n<meta name=\"twitter:label1\" content=\"\u00c9crit par\" \/>\n\t<meta name=\"twitter:data1\" content=\"Mediaplateforme\" \/>\n\t<meta name=\"twitter:label2\" content=\"Dur\u00e9e de lecture estim\u00e9e\" \/>\n\t<meta name=\"twitter:data2\" content=\"3 minutes\" \/>\n<script type=\"application\/ld+json\" class=\"yoast-schema-graph\">{\"@context\":\"https:\/\/schema.org\",\"@graph\":[{\"@type\":\"WebPage\",\"@id\":\"https:\/\/www.mediaplateforme.com\/fr\/le-maroc-doublement-qualifie-au-watc-2023\/\",\"url\":\"https:\/\/www.mediaplateforme.com\/fr\/le-maroc-doublement-qualifie-au-watc-2023\/\",\"name\":\"Le Maroc doublement qualifi\u00e9 au WATC 2023 - MEDIA PLATEFORME | FR\",\"isPartOf\":{\"@id\":\"https:\/\/www.mediaplateforme.com\/fr\/#website\"},\"datePublished\":\"2023-07-17T16:50:28+00:00\",\"dateModified\":\"2023-07-17T16:50:28+00:00\",\"author\":{\"@id\":\"https:\/\/www.mediaplateforme.com\/fr\/#\/schema\/person\/89833db382b5db2c76b094bc902aa12a\"},\"description\":\"Sous la Pr\u00e9sidence de\u00a0Son Altesse Royale le Prince Moulay Rachid,\u00a0la F\u00e9d\u00e9ration Royale Marocaine de Golf \\\" \\\" (WATC)\",\"breadcrumb\":{\"@id\":\"https:\/\/www.mediaplateforme.com\/fr\/le-maroc-doublement-qualifie-au-watc-2023\/#breadcrumb\"},\"inLanguage\":\"fr-FR\",\"potentialAction\":[{\"@type\":\"ReadAction\",\"target\":[\"https:\/\/www.mediaplateforme.com\/fr\/le-maroc-doublement-qualifie-au-watc-2023\/\"]}]},{\"@type\":\"BreadcrumbList\",\"@id\":\"https:\/\/www.mediaplateforme.com\/fr\/le-maroc-doublement-qualifie-au-watc-2023\/#breadcrumb\",\"itemListElement\":[{\"@type\":\"ListItem\",\"position\":1,\"name\":\"\u0627\u0644\u0631\u0626\u064a\u0633\u064a\u0629\",\"item\":\"https:\/\/www.mediaplateforme.com\/fr\/\"},{\"@type\":\"ListItem\",\"position\":2,\"name\":\"Le Maroc doublement qualifi\u00e9 au WATC 2023\"}]},{\"@type\":\"WebSite\",\"@id\":\"https:\/\/www.mediaplateforme.com\/fr\/#website\",\"url\":\"https:\/\/www.mediaplateforme.com\/fr\/\",\"name\":\"MEDIA PLATEFORME | FR\",\"description\":\"Mediaplateforme sp\u00e9cialis\u00e9 dans la communication institutions publiques et des entreprises\",\"potentialAction\":[{\"@type\":\"SearchAction\",\"target\":{\"@type\":\"EntryPoint\",\"urlTemplate\":\"https:\/\/www.mediaplateforme.com\/fr\/?s={search_term_string}\"},\"query-input\":\"required name=search_term_string\"}],\"inLanguage\":\"fr-FR\"},{\"@type\":\"Person\",\"@id\":\"https:\/\/www.mediaplateforme.com\/fr\/#\/schema\/person\/89833db382b5db2c76b094bc902aa12a\",\"name\":\"Mediaplateforme\",\"image\":{\"@type\":\"ImageObject\",\"inLanguage\":\"fr-FR\",\"@id\":\"https:\/\/www.mediaplateforme.com\/fr\/#\/schema\/person\/image\/\",\"url\":\"https:\/\/secure.gravatar.com\/avatar\/6c9c02e8928cc65d54bf75157f7b3a2d06d7ad0494ca0951f679552ff03b34c1?s=96&d=mm&r=g\",\"contentUrl\":\"https:\/\/secure.gravatar.com\/avatar\/6c9c02e8928cc65d54bf75157f7b3a2d06d7ad0494ca0951f679552ff03b34c1?s=96&d=mm&r=g\",\"caption\":\"Mediaplateforme\"},\"sameAs\":[\"https:\/\/www.mediaplateforme.com\"],\"url\":\"https:\/\/www.mediaplateforme.com\/fr\/author\/mohamedladib\/\"}]}<\/script>\n<!-- \/ Yoast SEO plugin. -->","yoast_head_json":{"title":"Le Maroc doublement qualifi\u00e9 au WATC 2023 - MEDIA PLATEFORME | FR","description":"Sous la Pr\u00e9sidence de\u00a0Son Altesse Royale le Prince Moulay Rachid,\u00a0la F\u00e9d\u00e9ration Royale Marocaine de Golf \" \" (WATC)","robots":{"index":"index","follow":"follow","max-snippet":"max-snippet:-1","max-image-preview":"max-image-preview:large","max-video-preview":"max-video-preview:-1"},"canonical":"https:\/\/www.mediaplateforme.com\/fr\/le-maroc-doublement-qualifie-au-watc-2023\/","og_locale":"fr_FR","og_type":"article","og_title":"Le Maroc doublement qualifi\u00e9 au WATC 2023 - MEDIA PLATEFORME | FR","og_description":"Sous la Pr\u00e9sidence de\u00a0Son Altesse Royale le Prince Moulay Rachid,\u00a0la F\u00e9d\u00e9ration Royale Marocaine de Golf \" \" (WATC)","og_url":"https:\/\/www.mediaplateforme.com\/fr\/le-maroc-doublement-qualifie-au-watc-2023\/","og_site_name":"MEDIA PLATEFORME | FR","article_published_time":"2023-07-17T16:50:28+00:00","og_image":[{"width":920,"height":490,"url":"https:\/\/www.mediaplateforme.com\/fr\/wp-content\/uploads\/sites\/5\/2023\/07\/vis_0717202316045150.jpg","type":"image\/jpeg"}],"author":"Mediaplateforme","twitter_card":"summary_large_image","twitter_misc":{"\u00c9crit par":"Mediaplateforme","Dur\u00e9e de lecture estim\u00e9e":"3 minutes"},"schema":{"@context":"https:\/\/schema.org","@graph":[{"@type":"WebPage","@id":"https:\/\/www.mediaplateforme.com\/fr\/le-maroc-doublement-qualifie-au-watc-2023\/","url":"https:\/\/www.mediaplateforme.com\/fr\/le-maroc-doublement-qualifie-au-watc-2023\/","name":"Le Maroc doublement qualifi\u00e9 au WATC 2023 - MEDIA PLATEFORME | FR","isPartOf":{"@id":"https:\/\/www.mediaplateforme.com\/fr\/#website"},"datePublished":"2023-07-17T16:50:28+00:00","dateModified":"2023-07-17T16:50:28+00:00","author":{"@id":"https:\/\/www.mediaplateforme.com\/fr\/#\/schema\/person\/89833db382b5db2c76b094bc902aa12a"},"description":"Sous la Pr\u00e9sidence de\u00a0Son Altesse Royale le Prince Moulay Rachid,\u00a0la F\u00e9d\u00e9ration Royale Marocaine de Golf \" \" (WATC)","breadcrumb":{"@id":"https:\/\/www.mediaplateforme.com\/fr\/le-maroc-doublement-qualifie-au-watc-2023\/#breadcrumb"},"inLanguage":"fr-FR","potentialAction":[{"@type":"ReadAction","target":["https:\/\/www.mediaplateforme.com\/fr\/le-maroc-doublement-qualifie-au-watc-2023\/"]}]},{"@type":"BreadcrumbList","@id":"https:\/\/www.mediaplateforme.com\/fr\/le-maroc-doublement-qualifie-au-watc-2023\/#breadcrumb","itemListElement":[{"@type":"ListItem","position":1,"name":"\u0627\u0644\u0631\u0626\u064a\u0633\u064a\u0629","item":"https:\/\/www.mediaplateforme.com\/fr\/"},{"@type":"ListItem","position":2,"name":"Le Maroc doublement qualifi\u00e9 au WATC 2023"}]},{"@type":"WebSite","@id":"https:\/\/www.mediaplateforme.com\/fr\/#website","url":"https:\/\/www.mediaplateforme.com\/fr\/","name":"MEDIA PLATEFORME | FR","description":"Mediaplateforme sp\u00e9cialis\u00e9 dans la communication institutions publiques et des entreprises","potentialAction":[{"@type":"SearchAction","target":{"@type":"EntryPoint","urlTemplate":"https:\/\/www.mediaplateforme.com\/fr\/?s={search_term_string}"},"query-input":"required name=search_term_string"}],"inLanguage":"fr-FR"},{"@type":"Person","@id":"https:\/\/www.mediaplateforme.com\/fr\/#\/schema\/person\/89833db382b5db2c76b094bc902aa12a","name":"Mediaplateforme","image":{"@type":"ImageObject","inLanguage":"fr-FR","@id":"https:\/\/www.mediaplateforme.com\/fr\/#\/schema\/person\/image\/","url":"https:\/\/secure.gravatar.com\/avatar\/6c9c02e8928cc65d54bf75157f7b3a2d06d7ad0494ca0951f679552ff03b34c1?s=96&d=mm&r=g","contentUrl":"https:\/\/secure.gravatar.com\/avatar\/6c9c02e8928cc65d54bf75157f7b3a2d06d7ad0494ca0951f679552ff03b34c1?s=96&d=mm&r=g","caption":"Mediaplateforme"},"sameAs":["https:\/\/www.mediaplateforme.com"],"url":"https:\/\/www.mediaplateforme.com\/fr\/author\/mohamedladib\/"}]}},"_links":{"self":[{"href":"https:\/\/www.mediaplateforme.com\/fr\/wp-json\/wp\/v2\/posts\/3612","targetHints":{"allow":["GET"]}}],"collection":[{"href":"https:\/\/www.mediaplateforme.com\/fr\/wp-json\/wp\/v2\/posts"}],"about":[{"href":"https:\/\/www.mediaplateforme.com\/fr\/wp-json\/wp\/v2\/types\/post"}],"author":[{"embeddable":true,"href":"https:\/\/www.mediaplateforme.com\/fr\/wp-json\/wp\/v2\/users\/1"}],"replies":[{"embeddable":true,"href":"https:\/\/www.mediaplateforme.com\/fr\/wp-json\/wp\/v2\/comments?post=3612"}],"version-history":[{"count":1,"href":"https:\/\/www.mediaplateforme.com\/fr\/wp-json\/wp\/v2\/posts\/3612\/revisions"}],"predecessor-version":[{"id":3614,"href":"https:\/\/www.mediaplateforme.com\/fr\/wp-json\/wp\/v2\/posts\/3612\/revisions\/3614"}],"wp:featuredmedia":[{"embeddable":true,"href":"https:\/\/www.mediaplateforme.com\/fr\/wp-json\/wp\/v2\/media\/3613"}],"wp:attachment":[{"href":"https:\/\/www.mediaplateforme.com\/fr\/wp-json\/wp\/v2\/media?parent=3612"}],"wp:term":[{"taxonomy":"category","embeddable":true,"href":"https:\/\/www.mediaplateforme.com\/fr\/wp-json\/wp\/v2\/categories?post=3612"},{"taxonomy":"post_tag","embeddable":true,"href":"https:\/\/www.mediaplateforme.com\/fr\/wp-json\/wp\/v2\/tags?post=3612"}],"curies":[{"name":"wp","href":"https:\/\/api.w.org\/{rel}","templated":true}]}}