{"id":3576,"date":"2023-07-13T22:18:30","date_gmt":"2023-07-13T21:18:30","guid":{"rendered":"https:\/\/www.mediaplateforme.com\/fr\/?p=3576"},"modified":"2023-07-13T22:18:30","modified_gmt":"2023-07-13T21:18:30","slug":"mission-de-la-cgem-a-londres-pour-renforcer-davantage-le-partenariat-economique-maroc-royaume-uni","status":"publish","type":"post","link":"https:\/\/www.mediaplateforme.com\/fr\/mission-de-la-cgem-a-londres-pour-renforcer-davantage-le-partenariat-economique-maroc-royaume-uni\/","title":{"rendered":"Mission de la CGEM \u00e0 Londres pour renforcer davantage le partenariat \u00e9conomique Maroc-Royaume Uni"},"content":{"rendered":"<div>\n<p><span lang=\"FR-FR\">M. Chakib ALJ, Pr\u00e9sident de la CGEM, a conduit, accompagn\u00e9 de Mme Ghita LAHLOU, Vice-Pr\u00e9sidente de la CGEM et Pr\u00e9sidente de la Commission Internationale, de Mme\u00a0Abir\u00a0LEMSEFFER, Coordinatrice Principale des relations de la CGEM avec les Institutions europ\u00e9ennes, de Mme Samia TERHZAZ, Directeur G\u00e9n\u00e9ral d\u00e9l\u00e9gu\u00e9 de la CGEM et de Mme Marwa TELLAL, Responsable du P\u00f4le Communication, Relations publiques et International de la CGEM,\u00a0une mission \u00e0 Londres,\u00a0du 11 au 13 juillet 2023.\u00a0<\/span><\/p>\n<\/div>\n<div>\n<p>&nbsp;<\/p>\n<\/div>\n<div>\n<p><span lang=\"FR-FR\">Cette mission, qui vise \u00e0 renforcer davantage les relations commerciales et d&rsquo;investissement entre le Maroc et le Royaume Uni, a \u00e9t\u00e9 marqu\u00e9e par une rencontre avec\u00a0<\/span><span lang=\"FR-FR\">le \u00ab\u00a0<i>All-Party\u00a0<\/i><i>Parliamentary<\/i><i>\u00a0Group for Morocco<\/i>\u00a0\u00bb pr\u00e9sid\u00e9 par Mme Heather Wheeler, en pr\u00e9sence de M. Nigel HUDDLETON, Ministre britannique du Commerce international, de M. Nigel Evans, Vice-Speaker du Parlement britannique et de plusieurs autres membres de la House of Commons.\u00a0<\/span><\/p>\n<\/div>\n<div>\n<p>&nbsp;<\/p>\n<\/div>\n<div>\n<p><span lang=\"FR-FR\">Lors de cette r\u00e9union,\u00a0<\/span><span lang=\"FR-FR\">les participants se sont f\u00e9licit\u00e9s de la qualit\u00e9 des relations qui lient les deux pays, notamment en mati\u00e8re d&rsquo;\u00e9changes commerciaux qui ont atteint 3 milliards de pounds (37 milliards de dirhams) en 2022, soit une augmentation de 49,8% par rapport \u00e0 2021, ann\u00e9e d&rsquo;adoption de l&rsquo;Accord d&rsquo;Association Maroc-Royaume Uni.<\/span><span lang=\"FR-FR\">\u00a0<\/span><span lang=\"FR-FR\">Cet accord, d\u00e9sormais pr\u00e9serv\u00e9 de toute attaque, a fait ses preuves en tant que catalyseur puissant du commerce entre\u00a0les deux royaumes, cr\u00e9ateur\u00a0de valeur ajout\u00e9e et d&#8217;emplois.\u00a0<\/span><\/p>\n<p><span lang=\"FR-FR\">Il a \u00e9galement \u00e9t\u00e9 question des avanc\u00e9es remarquables r\u00e9alis\u00e9es par le Maroc faisant du Royaume une force \u00e9conomique r\u00e9gionale, une plateforme de croissance pour les op\u00e9rateurs \u00e9conomiques internationaux et leur porte vers l&rsquo;Afrique, ainsi qu&rsquo;une destination touristique de choix.\u00a0La d\u00e9l\u00e9gation de la CGEM a \u00e9galement rencontr\u00e9 la Pr\u00e9sidente du \u00ab\u00a0All-Party\u00a0Parliamentary\u00a0Group for\u00a0Foreign\u00a0Affairs\u00a0\u00bb.<\/span><\/p>\n<p>&nbsp;<\/p>\n<\/div>\n<div>\n<p><span lang=\"FR-FR\">La d\u00e9l\u00e9gation de la CGEM a, par ailleurs, tenu, en pr\u00e9sence de M.\u00a0Hakim HAJOUI, Ambassadeur du Maroc au Royaume-Uni,\u00a0une r\u00e9union avec M. Mark Spencer,\u00a0ministre d&rsquo;\u00c9tat\u00a0charg\u00e9 de l&rsquo;Alimentation, de l&rsquo;Agriculture\u00a0et de la\u00a0P\u00eache\u00a0qui a confirm\u00e9 le potentiel du Maroc pour contribuer \u00e0 nourrir l&rsquo;Afrique et l&rsquo;Europe, notamment \u00e0 la lumi\u00e8re des challenges relatifs \u00e0 la guerre entre la Russie et l&rsquo;Ukraine.\u00a0L&rsquo;utilisation des nouvelles technologies dans l&rsquo;agriculture et la gestion de l&rsquo;eau et la question de la durabilit\u00e9 ont aussi \u00e9t\u00e9 au\u00a0c\u0153ur\u00a0de cette r\u00e9union, lors de laquelle plusieurs opportunit\u00e9s ont \u00e9t\u00e9 soulev\u00e9es pour booster davantage le commerce bilat\u00e9ral, dans une logique de compl\u00e9mentarit\u00e9, notamment en termes de produits agricoles et laitiers.\u00a0<\/span><\/p>\n<p>&nbsp;<\/p>\n<\/div>\n<div>\n<p><span lang=\"FR-FR\">Une rencontre avec M. Rupert Daniels, Directeur de l&rsquo;Export et de l&rsquo;Investissement au sein du D\u00e9partement des Affaires et du Commerce, a \u00e9galement eu lieu.<\/span><span lang=\"FR-FR\">\u00a0Les discussions ont port\u00e9 sur les moyens de promouvoir davantage les relations d&rsquo;investissement dans une approche\u00a0win-win, dans des secteurs comme les services financiers, le textile, l&rsquo;agroalimentaire, la tech, l&rsquo;\u00e9ducation ou encore les industries cr\u00e9atives. L&rsquo;investissement et la cr\u00e9ation d&#8217;emplois repr\u00e9sentent en effet la meilleure r\u00e9ponse aux d\u00e9fis li\u00e9s \u00e0 la migration. La\u00a0CGEM et le D\u00e9partement britannique des Affaires et du Commerce travailleront ensemble pour soutenir la croissance des TPME et de l&rsquo;\u00e9cosyst\u00e8me marocain des startups.<\/span><\/p>\n<\/div>\n<div>\n<p lang=\"FR-FR\">\n<\/div>\n<div>\n<p lang=\"FR-FR\"><span lang=\"FR-FR\">Enfin, M. Chakib ALJ s\u2019est entretenu, en pr\u00e9sence de SEM. HAJOUI, avec des entrepreneurs britanniques souhaitant d\u00e9velopper d\u2019importants investissements dans les provinces du sud du Royaume du Maroc.<\/span><\/p>\n<\/div>\n","protected":false},"excerpt":{"rendered":"<p>M. Chakib ALJ, Pr\u00e9sident de la CGEM, a conduit, accompagn\u00e9 de Mme Ghita LAHLOU, Vice-Pr\u00e9sidente<\/p>\n","protected":false},"author":1,"featured_media":3577,"comment_status":"open","ping_status":"open","sticky":false,"template":"","format":"standard","meta":{"_acf_changed":false,"footnotes":""},"categories":[2,3],"tags":[340,1136],"class_list":["post-3576","post","type-post","status-publish","format-standard","has-post-thumbnail","hentry","category-nouvelles","category-nouvelles-selectionnees","tag-cgem","tag-partenariat-economique-maroc-royaume-uni"],"acf":[],"yoast_head":"<!-- This site is optimized with the Yoast SEO plugin v22.0 - https:\/\/yoast.com\/wordpress\/plugins\/seo\/ -->\n<title>Mission de la CGEM \u00e0 Londres pour renforcer davantage le partenariat \u00e9conomique Maroc-Royaume Uni - MEDIA PLATEFORME | FR<\/title>\n<meta name=\"description\" content=\"M. Chakib ALJ, Pr\u00e9sident de la CGEM, a conduit, accompagn\u00e9 de Mme Ghita LAHLOU, Vice-Pr\u00e9sidente de la CGEM et Pr\u00e9sidente de la Commission\" \/>\n<meta name=\"robots\" content=\"index, follow, max-snippet:-1, max-image-preview:large, max-video-preview:-1\" \/>\n<link rel=\"canonical\" href=\"https:\/\/www.mediaplateforme.com\/fr\/mission-de-la-cgem-a-londres-pour-renforcer-davantage-le-partenariat-economique-maroc-royaume-uni\/\" \/>\n<meta property=\"og:locale\" content=\"fr_FR\" \/>\n<meta property=\"og:type\" content=\"article\" \/>\n<meta property=\"og:title\" content=\"Mission de la CGEM \u00e0 Londres pour renforcer davantage le partenariat \u00e9conomique Maroc-Royaume Uni - MEDIA PLATEFORME | FR\" \/>\n<meta property=\"og:description\" content=\"M. Chakib ALJ, Pr\u00e9sident de la CGEM, a conduit, accompagn\u00e9 de Mme Ghita LAHLOU, Vice-Pr\u00e9sidente de la CGEM et Pr\u00e9sidente de la Commission\" \/>\n<meta property=\"og:url\" content=\"https:\/\/www.mediaplateforme.com\/fr\/mission-de-la-cgem-a-londres-pour-renforcer-davantage-le-partenariat-economique-maroc-royaume-uni\/\" \/>\n<meta property=\"og:site_name\" content=\"MEDIA PLATEFORME | FR\" \/>\n<meta property=\"article:published_time\" content=\"2023-07-13T21:18:30+00:00\" \/>\n<meta property=\"og:image\" content=\"https:\/\/www.mediaplateforme.com\/fr\/wp-content\/uploads\/sites\/5\/2023\/07\/Photo-3.jpeg\" \/>\n\t<meta property=\"og:image:width\" content=\"1600\" \/>\n\t<meta property=\"og:image:height\" content=\"1200\" \/>\n\t<meta property=\"og:image:type\" content=\"image\/jpeg\" \/>\n<meta name=\"author\" content=\"Mediaplateforme\" \/>\n<meta name=\"twitter:card\" content=\"summary_large_image\" \/>\n<meta name=\"twitter:label1\" content=\"\u00c9crit par\" \/>\n\t<meta name=\"twitter:data1\" content=\"Mediaplateforme\" \/>\n\t<meta name=\"twitter:label2\" content=\"Dur\u00e9e de lecture estim\u00e9e\" \/>\n\t<meta name=\"twitter:data2\" content=\"3 minutes\" \/>\n<script type=\"application\/ld+json\" class=\"yoast-schema-graph\">{\"@context\":\"https:\/\/schema.org\",\"@graph\":[{\"@type\":\"WebPage\",\"@id\":\"https:\/\/www.mediaplateforme.com\/fr\/mission-de-la-cgem-a-londres-pour-renforcer-davantage-le-partenariat-economique-maroc-royaume-uni\/\",\"url\":\"https:\/\/www.mediaplateforme.com\/fr\/mission-de-la-cgem-a-londres-pour-renforcer-davantage-le-partenariat-economique-maroc-royaume-uni\/\",\"name\":\"Mission de la CGEM \u00e0 Londres pour renforcer davantage le partenariat \u00e9conomique Maroc-Royaume Uni - MEDIA PLATEFORME | FR\",\"isPartOf\":{\"@id\":\"https:\/\/www.mediaplateforme.com\/fr\/#website\"},\"datePublished\":\"2023-07-13T21:18:30+00:00\",\"dateModified\":\"2023-07-13T21:18:30+00:00\",\"author\":{\"@id\":\"https:\/\/www.mediaplateforme.com\/fr\/#\/schema\/person\/89833db382b5db2c76b094bc902aa12a\"},\"description\":\"M. Chakib ALJ, Pr\u00e9sident de la CGEM, a conduit, accompagn\u00e9 de Mme Ghita LAHLOU, Vice-Pr\u00e9sidente de la CGEM et Pr\u00e9sidente de la Commission\",\"breadcrumb\":{\"@id\":\"https:\/\/www.mediaplateforme.com\/fr\/mission-de-la-cgem-a-londres-pour-renforcer-davantage-le-partenariat-economique-maroc-royaume-uni\/#breadcrumb\"},\"inLanguage\":\"fr-FR\",\"potentialAction\":[{\"@type\":\"ReadAction\",\"target\":[\"https:\/\/www.mediaplateforme.com\/fr\/mission-de-la-cgem-a-londres-pour-renforcer-davantage-le-partenariat-economique-maroc-royaume-uni\/\"]}]},{\"@type\":\"BreadcrumbList\",\"@id\":\"https:\/\/www.mediaplateforme.com\/fr\/mission-de-la-cgem-a-londres-pour-renforcer-davantage-le-partenariat-economique-maroc-royaume-uni\/#breadcrumb\",\"itemListElement\":[{\"@type\":\"ListItem\",\"position\":1,\"name\":\"\u0627\u0644\u0631\u0626\u064a\u0633\u064a\u0629\",\"item\":\"https:\/\/www.mediaplateforme.com\/fr\/\"},{\"@type\":\"ListItem\",\"position\":2,\"name\":\"Mission de la CGEM \u00e0 Londres pour renforcer davantage le partenariat \u00e9conomique Maroc-Royaume Uni\"}]},{\"@type\":\"WebSite\",\"@id\":\"https:\/\/www.mediaplateforme.com\/fr\/#website\",\"url\":\"https:\/\/www.mediaplateforme.com\/fr\/\",\"name\":\"MEDIA PLATEFORME | FR\",\"description\":\"Mediaplateforme sp\u00e9cialis\u00e9 dans la communication institutions publiques et des entreprises\",\"potentialAction\":[{\"@type\":\"SearchAction\",\"target\":{\"@type\":\"EntryPoint\",\"urlTemplate\":\"https:\/\/www.mediaplateforme.com\/fr\/?s={search_term_string}\"},\"query-input\":\"required name=search_term_string\"}],\"inLanguage\":\"fr-FR\"},{\"@type\":\"Person\",\"@id\":\"https:\/\/www.mediaplateforme.com\/fr\/#\/schema\/person\/89833db382b5db2c76b094bc902aa12a\",\"name\":\"Mediaplateforme\",\"image\":{\"@type\":\"ImageObject\",\"inLanguage\":\"fr-FR\",\"@id\":\"https:\/\/www.mediaplateforme.com\/fr\/#\/schema\/person\/image\/\",\"url\":\"https:\/\/secure.gravatar.com\/avatar\/6c9c02e8928cc65d54bf75157f7b3a2d06d7ad0494ca0951f679552ff03b34c1?s=96&d=mm&r=g\",\"contentUrl\":\"https:\/\/secure.gravatar.com\/avatar\/6c9c02e8928cc65d54bf75157f7b3a2d06d7ad0494ca0951f679552ff03b34c1?s=96&d=mm&r=g\",\"caption\":\"Mediaplateforme\"},\"sameAs\":[\"https:\/\/www.mediaplateforme.com\"],\"url\":\"https:\/\/www.mediaplateforme.com\/fr\/author\/mohamedladib\/\"}]}<\/script>\n<!-- \/ Yoast SEO plugin. -->","yoast_head_json":{"title":"Mission de la CGEM \u00e0 Londres pour renforcer davantage le partenariat \u00e9conomique Maroc-Royaume Uni - MEDIA PLATEFORME | FR","description":"M. Chakib ALJ, Pr\u00e9sident de la CGEM, a conduit, accompagn\u00e9 de Mme Ghita LAHLOU, Vice-Pr\u00e9sidente de la CGEM et Pr\u00e9sidente de la Commission","robots":{"index":"index","follow":"follow","max-snippet":"max-snippet:-1","max-image-preview":"max-image-preview:large","max-video-preview":"max-video-preview:-1"},"canonical":"https:\/\/www.mediaplateforme.com\/fr\/mission-de-la-cgem-a-londres-pour-renforcer-davantage-le-partenariat-economique-maroc-royaume-uni\/","og_locale":"fr_FR","og_type":"article","og_title":"Mission de la CGEM \u00e0 Londres pour renforcer davantage le partenariat \u00e9conomique Maroc-Royaume Uni - MEDIA PLATEFORME | FR","og_description":"M. Chakib ALJ, Pr\u00e9sident de la CGEM, a conduit, accompagn\u00e9 de Mme Ghita LAHLOU, Vice-Pr\u00e9sidente de la CGEM et Pr\u00e9sidente de la Commission","og_url":"https:\/\/www.mediaplateforme.com\/fr\/mission-de-la-cgem-a-londres-pour-renforcer-davantage-le-partenariat-economique-maroc-royaume-uni\/","og_site_name":"MEDIA PLATEFORME | FR","article_published_time":"2023-07-13T21:18:30+00:00","og_image":[{"width":1600,"height":1200,"url":"https:\/\/www.mediaplateforme.com\/fr\/wp-content\/uploads\/sites\/5\/2023\/07\/Photo-3.jpeg","type":"image\/jpeg"}],"author":"Mediaplateforme","twitter_card":"summary_large_image","twitter_misc":{"\u00c9crit par":"Mediaplateforme","Dur\u00e9e de lecture estim\u00e9e":"3 minutes"},"schema":{"@context":"https:\/\/schema.org","@graph":[{"@type":"WebPage","@id":"https:\/\/www.mediaplateforme.com\/fr\/mission-de-la-cgem-a-londres-pour-renforcer-davantage-le-partenariat-economique-maroc-royaume-uni\/","url":"https:\/\/www.mediaplateforme.com\/fr\/mission-de-la-cgem-a-londres-pour-renforcer-davantage-le-partenariat-economique-maroc-royaume-uni\/","name":"Mission de la CGEM \u00e0 Londres pour renforcer davantage le partenariat \u00e9conomique Maroc-Royaume Uni - MEDIA PLATEFORME | FR","isPartOf":{"@id":"https:\/\/www.mediaplateforme.com\/fr\/#website"},"datePublished":"2023-07-13T21:18:30+00:00","dateModified":"2023-07-13T21:18:30+00:00","author":{"@id":"https:\/\/www.mediaplateforme.com\/fr\/#\/schema\/person\/89833db382b5db2c76b094bc902aa12a"},"description":"M. Chakib ALJ, Pr\u00e9sident de la CGEM, a conduit, accompagn\u00e9 de Mme Ghita LAHLOU, Vice-Pr\u00e9sidente de la CGEM et Pr\u00e9sidente de la Commission","breadcrumb":{"@id":"https:\/\/www.mediaplateforme.com\/fr\/mission-de-la-cgem-a-londres-pour-renforcer-davantage-le-partenariat-economique-maroc-royaume-uni\/#breadcrumb"},"inLanguage":"fr-FR","potentialAction":[{"@type":"ReadAction","target":["https:\/\/www.mediaplateforme.com\/fr\/mission-de-la-cgem-a-londres-pour-renforcer-davantage-le-partenariat-economique-maroc-royaume-uni\/"]}]},{"@type":"BreadcrumbList","@id":"https:\/\/www.mediaplateforme.com\/fr\/mission-de-la-cgem-a-londres-pour-renforcer-davantage-le-partenariat-economique-maroc-royaume-uni\/#breadcrumb","itemListElement":[{"@type":"ListItem","position":1,"name":"\u0627\u0644\u0631\u0626\u064a\u0633\u064a\u0629","item":"https:\/\/www.mediaplateforme.com\/fr\/"},{"@type":"ListItem","position":2,"name":"Mission de la CGEM \u00e0 Londres pour renforcer davantage le partenariat \u00e9conomique Maroc-Royaume Uni"}]},{"@type":"WebSite","@id":"https:\/\/www.mediaplateforme.com\/fr\/#website","url":"https:\/\/www.mediaplateforme.com\/fr\/","name":"MEDIA PLATEFORME | FR","description":"Mediaplateforme sp\u00e9cialis\u00e9 dans la communication institutions publiques et des entreprises","potentialAction":[{"@type":"SearchAction","target":{"@type":"EntryPoint","urlTemplate":"https:\/\/www.mediaplateforme.com\/fr\/?s={search_term_string}"},"query-input":"required name=search_term_string"}],"inLanguage":"fr-FR"},{"@type":"Person","@id":"https:\/\/www.mediaplateforme.com\/fr\/#\/schema\/person\/89833db382b5db2c76b094bc902aa12a","name":"Mediaplateforme","image":{"@type":"ImageObject","inLanguage":"fr-FR","@id":"https:\/\/www.mediaplateforme.com\/fr\/#\/schema\/person\/image\/","url":"https:\/\/secure.gravatar.com\/avatar\/6c9c02e8928cc65d54bf75157f7b3a2d06d7ad0494ca0951f679552ff03b34c1?s=96&d=mm&r=g","contentUrl":"https:\/\/secure.gravatar.com\/avatar\/6c9c02e8928cc65d54bf75157f7b3a2d06d7ad0494ca0951f679552ff03b34c1?s=96&d=mm&r=g","caption":"Mediaplateforme"},"sameAs":["https:\/\/www.mediaplateforme.com"],"url":"https:\/\/www.mediaplateforme.com\/fr\/author\/mohamedladib\/"}]}},"_links":{"self":[{"href":"https:\/\/www.mediaplateforme.com\/fr\/wp-json\/wp\/v2\/posts\/3576","targetHints":{"allow":["GET"]}}],"collection":[{"href":"https:\/\/www.mediaplateforme.com\/fr\/wp-json\/wp\/v2\/posts"}],"about":[{"href":"https:\/\/www.mediaplateforme.com\/fr\/wp-json\/wp\/v2\/types\/post"}],"author":[{"embeddable":true,"href":"https:\/\/www.mediaplateforme.com\/fr\/wp-json\/wp\/v2\/users\/1"}],"replies":[{"embeddable":true,"href":"https:\/\/www.mediaplateforme.com\/fr\/wp-json\/wp\/v2\/comments?post=3576"}],"version-history":[{"count":1,"href":"https:\/\/www.mediaplateforme.com\/fr\/wp-json\/wp\/v2\/posts\/3576\/revisions"}],"predecessor-version":[{"id":3578,"href":"https:\/\/www.mediaplateforme.com\/fr\/wp-json\/wp\/v2\/posts\/3576\/revisions\/3578"}],"wp:featuredmedia":[{"embeddable":true,"href":"https:\/\/www.mediaplateforme.com\/fr\/wp-json\/wp\/v2\/media\/3577"}],"wp:attachment":[{"href":"https:\/\/www.mediaplateforme.com\/fr\/wp-json\/wp\/v2\/media?parent=3576"}],"wp:term":[{"taxonomy":"category","embeddable":true,"href":"https:\/\/www.mediaplateforme.com\/fr\/wp-json\/wp\/v2\/categories?post=3576"},{"taxonomy":"post_tag","embeddable":true,"href":"https:\/\/www.mediaplateforme.com\/fr\/wp-json\/wp\/v2\/tags?post=3576"}],"curies":[{"name":"wp","href":"https:\/\/api.w.org\/{rel}","templated":true}]}}