{"id":3567,"date":"2023-07-13T22:00:38","date_gmt":"2023-07-13T21:00:38","guid":{"rendered":"https:\/\/www.mediaplateforme.com\/fr\/?p=3567"},"modified":"2023-07-13T22:00:38","modified_gmt":"2023-07-13T21:00:38","slug":"bim-promeut-le-made-in-morocco-en-turquie","status":"publish","type":"post","link":"https:\/\/www.mediaplateforme.com\/fr\/bim-promeut-le-made-in-morocco-en-turquie\/","title":{"rendered":"BIM promeut le \u00ab Made In Morocco \u00bb en Turquie"},"content":{"rendered":"<p>BIM franchit une nouvelle \u00e9tape dans son engagement en faveur du \u00ab\u00a0Made In Morocco\u00a0\u00bb et lance la commercialisation de produits fabriqu\u00e9s au Maroc dans son r\u00e9seau turc. Ainsi, et d\u00e8s ce mois de Juillet, les 10.000 magasins BIM en Turquie proposent une large s\u00e9lection de produits de textile marocain, qui r\u00e9pondent aux normes internationales, \u00e0 des prix comp\u00e9titifs.<\/p>\n<p>Fruit d\u2019un partenariat de long terme avec un industriel marocain, cette collaboration marque une nouvelle \u00e9tape dans l\u2019engagement de BIM au Maroc. \u00ab\u00a0<em>Nous sommes heureux de cette collaboration qui incarne notre ambition d\u2019accompagner l\u2019industrie marocaine et porte notre partenariat avec le Minist\u00e8re de l\u2019Industrie et du Commerce, dans le cadre du renforcement du sourcing local, vers une autre dimension. En commercialisant du textile produit au Maroc dans nos 10.000 magasins en Turquie, nous confirmons notre confiance en l\u2019industrie marocaine en g\u00e9n\u00e9ral et du textile en particulier.\u00a0\u00bb <\/em>d\u00e9clare Haluk Dortluoglu, Pr\u00e9sident du Conseil d\u2019Administration de BIM Maroc.<\/p>\n<p>L\u2019impact \u00e9conomique de cette collaboration est consid\u00e9rable pour le groupe de textile et ouvre la voie \u00e0 d\u2019autres industriels marocains, partenaires de BIM, pour s\u2019exporter en Turquie. Dortluoglu ajoute<em> \u00ab\u00a0C\u2019est une premi\u00e8re op\u00e9ration en faveur du secteur du textile que nous souhaitons r\u00e9it\u00e9rer pour d\u2019autres types de produits. D\u2019ailleurs, nous poursuivons nos discussions avec des op\u00e9rateurs locaux du secteur de l\u2019agroalimentaire, en vue d\u2019\u00e9tablir de nouveaux partenariats. L\u2019exp\u00e9rience de BIM au Maroc notamment \u00e0 travers la production locale de nos produits de Marque Distributeur, nous a permis d\u2018appr\u00e9cier le grand potentiel du secteur industriel marocain et les capacit\u00e9s de ses op\u00e9rateurs\u00a0\u00bb.<\/em><\/p>\n<p>En plus de l\u2019apport en chiffre d\u2019affaires, ce type de partenariat contribue au rayonnement du \u00ab\u00a0Made In Morocco\u00a0\u00bb et \u00e0 la consolidation de la position du Maroc dans la cartographie industrielle Africaine.<\/p>\n<p>Ainsi, la croissance du sourcing local de BIM au Maroc continue d\u2019\u00eatre \u00e0 la t\u00eate de ses priorit\u00e9s. Le retailer r\u00e9alise plus de 85% de son approvisionnement au Maroc, et nourrit l\u2019ambition <em>d\u2019augmenter ce chiffre dans les ann\u00e9es \u00e0 venir.<\/em><\/p>\n<p><em>\u00a0<\/em><\/p>\n<h4><strong>A propos de BIM Maroc<\/strong><\/h4>\n<p>Avec 663 magasins dans 37 villes du Royaume, et environ 4000 employ\u00e9s, BIM Maroc est un acteur majeur du secteur de la distribution au Maroc, proposant des produits de grande qualit\u00e9 \u00e0 des prix abordables, avec des magasins de proximit\u00e9, en leur offrant une exp\u00e9rience shopping pratique et s\u00fbre.<\/p>\n<p>Gr\u00e2ce \u00e0 une politique efficace de ma\u00eetrise des co\u00fbts sans compromettre la d\u00e9marche de qualit\u00e9 et la satisfaction client, BIM r\u00e9alise du d\u00e9veloppement et de la croissance. Son mod\u00e8le de hard discounter s\u2019appuie sur le d\u00e9veloppement de sa gamme de produits de Marques Distributeur et l\u2019\u00e9largissement de son r\u00e9seau de magasins.<\/p>\n","protected":false},"excerpt":{"rendered":"<p>BIM franchit une nouvelle \u00e9tape dans son engagement en faveur du \u00ab\u00a0Made In Morocco\u00a0\u00bb et<\/p>\n","protected":false},"author":1,"featured_media":3568,"comment_status":"open","ping_status":"open","sticky":false,"template":"","format":"standard","meta":{"_acf_changed":false,"footnotes":""},"categories":[2,3],"tags":[1133,1134],"class_list":["post-3567","post","type-post","status-publish","format-standard","has-post-thumbnail","hentry","category-nouvelles","category-nouvelles-selectionnees","tag-bim","tag-made-in-morocco"],"acf":[],"yoast_head":"<!-- This site is optimized with the Yoast SEO plugin v22.0 - https:\/\/yoast.com\/wordpress\/plugins\/seo\/ -->\n<title>BIM promeut le \u00ab Made In Morocco \u00bb en Turquie - MEDIA PLATEFORME | FR<\/title>\n<meta name=\"description\" content=\"BIM franchit une nouvelle \u00e9tape dans son engagement en faveur du \u00ab\u00a0Made In Morocco\u00a0\u00bb et lance la commercialisation de produits au Maroc\" \/>\n<meta name=\"robots\" content=\"index, follow, max-snippet:-1, max-image-preview:large, max-video-preview:-1\" \/>\n<link rel=\"canonical\" href=\"https:\/\/www.mediaplateforme.com\/fr\/bim-promeut-le-made-in-morocco-en-turquie\/\" \/>\n<meta property=\"og:locale\" content=\"fr_FR\" \/>\n<meta property=\"og:type\" content=\"article\" \/>\n<meta property=\"og:title\" content=\"BIM promeut le \u00ab Made In Morocco \u00bb en Turquie - MEDIA PLATEFORME | FR\" \/>\n<meta property=\"og:description\" content=\"BIM franchit une nouvelle \u00e9tape dans son engagement en faveur du \u00ab\u00a0Made In Morocco\u00a0\u00bb et lance la commercialisation de produits au Maroc\" \/>\n<meta property=\"og:url\" content=\"https:\/\/www.mediaplateforme.com\/fr\/bim-promeut-le-made-in-morocco-en-turquie\/\" \/>\n<meta property=\"og:site_name\" content=\"MEDIA PLATEFORME | FR\" \/>\n<meta property=\"article:published_time\" content=\"2023-07-13T21:00:38+00:00\" \/>\n<meta property=\"og:image\" content=\"https:\/\/www.mediaplateforme.com\/fr\/wp-content\/uploads\/sites\/5\/2023\/07\/BIM.jpeg\" \/>\n\t<meta property=\"og:image:width\" content=\"1600\" \/>\n\t<meta property=\"og:image:height\" content=\"1290\" \/>\n\t<meta property=\"og:image:type\" content=\"image\/jpeg\" \/>\n<meta name=\"author\" content=\"Mediaplateforme\" \/>\n<meta name=\"twitter:card\" content=\"summary_large_image\" \/>\n<meta name=\"twitter:label1\" content=\"\u00c9crit par\" \/>\n\t<meta name=\"twitter:data1\" content=\"Mediaplateforme\" \/>\n\t<meta name=\"twitter:label2\" content=\"Dur\u00e9e de lecture estim\u00e9e\" \/>\n\t<meta name=\"twitter:data2\" content=\"3 minutes\" \/>\n<script type=\"application\/ld+json\" class=\"yoast-schema-graph\">{\"@context\":\"https:\/\/schema.org\",\"@graph\":[{\"@type\":\"WebPage\",\"@id\":\"https:\/\/www.mediaplateforme.com\/fr\/bim-promeut-le-made-in-morocco-en-turquie\/\",\"url\":\"https:\/\/www.mediaplateforme.com\/fr\/bim-promeut-le-made-in-morocco-en-turquie\/\",\"name\":\"BIM promeut le \u00ab Made In Morocco \u00bb en Turquie - MEDIA PLATEFORME | FR\",\"isPartOf\":{\"@id\":\"https:\/\/www.mediaplateforme.com\/fr\/#website\"},\"datePublished\":\"2023-07-13T21:00:38+00:00\",\"dateModified\":\"2023-07-13T21:00:38+00:00\",\"author\":{\"@id\":\"https:\/\/www.mediaplateforme.com\/fr\/#\/schema\/person\/89833db382b5db2c76b094bc902aa12a\"},\"description\":\"BIM franchit une nouvelle \u00e9tape dans son engagement en faveur du \u00ab\u00a0Made In Morocco\u00a0\u00bb et lance la commercialisation de produits au Maroc\",\"breadcrumb\":{\"@id\":\"https:\/\/www.mediaplateforme.com\/fr\/bim-promeut-le-made-in-morocco-en-turquie\/#breadcrumb\"},\"inLanguage\":\"fr-FR\",\"potentialAction\":[{\"@type\":\"ReadAction\",\"target\":[\"https:\/\/www.mediaplateforme.com\/fr\/bim-promeut-le-made-in-morocco-en-turquie\/\"]}]},{\"@type\":\"BreadcrumbList\",\"@id\":\"https:\/\/www.mediaplateforme.com\/fr\/bim-promeut-le-made-in-morocco-en-turquie\/#breadcrumb\",\"itemListElement\":[{\"@type\":\"ListItem\",\"position\":1,\"name\":\"\u0627\u0644\u0631\u0626\u064a\u0633\u064a\u0629\",\"item\":\"https:\/\/www.mediaplateforme.com\/fr\/\"},{\"@type\":\"ListItem\",\"position\":2,\"name\":\"BIM promeut le \u00ab Made In Morocco \u00bb en Turquie\"}]},{\"@type\":\"WebSite\",\"@id\":\"https:\/\/www.mediaplateforme.com\/fr\/#website\",\"url\":\"https:\/\/www.mediaplateforme.com\/fr\/\",\"name\":\"MEDIA PLATEFORME | FR\",\"description\":\"Mediaplateforme sp\u00e9cialis\u00e9 dans la communication institutions publiques et des entreprises\",\"potentialAction\":[{\"@type\":\"SearchAction\",\"target\":{\"@type\":\"EntryPoint\",\"urlTemplate\":\"https:\/\/www.mediaplateforme.com\/fr\/?s={search_term_string}\"},\"query-input\":\"required name=search_term_string\"}],\"inLanguage\":\"fr-FR\"},{\"@type\":\"Person\",\"@id\":\"https:\/\/www.mediaplateforme.com\/fr\/#\/schema\/person\/89833db382b5db2c76b094bc902aa12a\",\"name\":\"Mediaplateforme\",\"image\":{\"@type\":\"ImageObject\",\"inLanguage\":\"fr-FR\",\"@id\":\"https:\/\/www.mediaplateforme.com\/fr\/#\/schema\/person\/image\/\",\"url\":\"https:\/\/secure.gravatar.com\/avatar\/6c9c02e8928cc65d54bf75157f7b3a2d06d7ad0494ca0951f679552ff03b34c1?s=96&d=mm&r=g\",\"contentUrl\":\"https:\/\/secure.gravatar.com\/avatar\/6c9c02e8928cc65d54bf75157f7b3a2d06d7ad0494ca0951f679552ff03b34c1?s=96&d=mm&r=g\",\"caption\":\"Mediaplateforme\"},\"sameAs\":[\"https:\/\/www.mediaplateforme.com\"],\"url\":\"https:\/\/www.mediaplateforme.com\/fr\/author\/mohamedladib\/\"}]}<\/script>\n<!-- \/ Yoast SEO plugin. -->","yoast_head_json":{"title":"BIM promeut le \u00ab Made In Morocco \u00bb en Turquie - MEDIA PLATEFORME | FR","description":"BIM franchit une nouvelle \u00e9tape dans son engagement en faveur du \u00ab\u00a0Made In Morocco\u00a0\u00bb et lance la commercialisation de produits au Maroc","robots":{"index":"index","follow":"follow","max-snippet":"max-snippet:-1","max-image-preview":"max-image-preview:large","max-video-preview":"max-video-preview:-1"},"canonical":"https:\/\/www.mediaplateforme.com\/fr\/bim-promeut-le-made-in-morocco-en-turquie\/","og_locale":"fr_FR","og_type":"article","og_title":"BIM promeut le \u00ab Made In Morocco \u00bb en Turquie - MEDIA PLATEFORME | FR","og_description":"BIM franchit une nouvelle \u00e9tape dans son engagement en faveur du \u00ab\u00a0Made In Morocco\u00a0\u00bb et lance la commercialisation de produits au Maroc","og_url":"https:\/\/www.mediaplateforme.com\/fr\/bim-promeut-le-made-in-morocco-en-turquie\/","og_site_name":"MEDIA PLATEFORME | FR","article_published_time":"2023-07-13T21:00:38+00:00","og_image":[{"width":1600,"height":1290,"url":"https:\/\/www.mediaplateforme.com\/fr\/wp-content\/uploads\/sites\/5\/2023\/07\/BIM.jpeg","type":"image\/jpeg"}],"author":"Mediaplateforme","twitter_card":"summary_large_image","twitter_misc":{"\u00c9crit par":"Mediaplateforme","Dur\u00e9e de lecture estim\u00e9e":"3 minutes"},"schema":{"@context":"https:\/\/schema.org","@graph":[{"@type":"WebPage","@id":"https:\/\/www.mediaplateforme.com\/fr\/bim-promeut-le-made-in-morocco-en-turquie\/","url":"https:\/\/www.mediaplateforme.com\/fr\/bim-promeut-le-made-in-morocco-en-turquie\/","name":"BIM promeut le \u00ab Made In Morocco \u00bb en Turquie - MEDIA PLATEFORME | FR","isPartOf":{"@id":"https:\/\/www.mediaplateforme.com\/fr\/#website"},"datePublished":"2023-07-13T21:00:38+00:00","dateModified":"2023-07-13T21:00:38+00:00","author":{"@id":"https:\/\/www.mediaplateforme.com\/fr\/#\/schema\/person\/89833db382b5db2c76b094bc902aa12a"},"description":"BIM franchit une nouvelle \u00e9tape dans son engagement en faveur du \u00ab\u00a0Made In Morocco\u00a0\u00bb et lance la commercialisation de produits au Maroc","breadcrumb":{"@id":"https:\/\/www.mediaplateforme.com\/fr\/bim-promeut-le-made-in-morocco-en-turquie\/#breadcrumb"},"inLanguage":"fr-FR","potentialAction":[{"@type":"ReadAction","target":["https:\/\/www.mediaplateforme.com\/fr\/bim-promeut-le-made-in-morocco-en-turquie\/"]}]},{"@type":"BreadcrumbList","@id":"https:\/\/www.mediaplateforme.com\/fr\/bim-promeut-le-made-in-morocco-en-turquie\/#breadcrumb","itemListElement":[{"@type":"ListItem","position":1,"name":"\u0627\u0644\u0631\u0626\u064a\u0633\u064a\u0629","item":"https:\/\/www.mediaplateforme.com\/fr\/"},{"@type":"ListItem","position":2,"name":"BIM promeut le \u00ab Made In Morocco \u00bb en Turquie"}]},{"@type":"WebSite","@id":"https:\/\/www.mediaplateforme.com\/fr\/#website","url":"https:\/\/www.mediaplateforme.com\/fr\/","name":"MEDIA PLATEFORME | FR","description":"Mediaplateforme sp\u00e9cialis\u00e9 dans la communication institutions publiques et des entreprises","potentialAction":[{"@type":"SearchAction","target":{"@type":"EntryPoint","urlTemplate":"https:\/\/www.mediaplateforme.com\/fr\/?s={search_term_string}"},"query-input":"required name=search_term_string"}],"inLanguage":"fr-FR"},{"@type":"Person","@id":"https:\/\/www.mediaplateforme.com\/fr\/#\/schema\/person\/89833db382b5db2c76b094bc902aa12a","name":"Mediaplateforme","image":{"@type":"ImageObject","inLanguage":"fr-FR","@id":"https:\/\/www.mediaplateforme.com\/fr\/#\/schema\/person\/image\/","url":"https:\/\/secure.gravatar.com\/avatar\/6c9c02e8928cc65d54bf75157f7b3a2d06d7ad0494ca0951f679552ff03b34c1?s=96&d=mm&r=g","contentUrl":"https:\/\/secure.gravatar.com\/avatar\/6c9c02e8928cc65d54bf75157f7b3a2d06d7ad0494ca0951f679552ff03b34c1?s=96&d=mm&r=g","caption":"Mediaplateforme"},"sameAs":["https:\/\/www.mediaplateforme.com"],"url":"https:\/\/www.mediaplateforme.com\/fr\/author\/mohamedladib\/"}]}},"_links":{"self":[{"href":"https:\/\/www.mediaplateforme.com\/fr\/wp-json\/wp\/v2\/posts\/3567","targetHints":{"allow":["GET"]}}],"collection":[{"href":"https:\/\/www.mediaplateforme.com\/fr\/wp-json\/wp\/v2\/posts"}],"about":[{"href":"https:\/\/www.mediaplateforme.com\/fr\/wp-json\/wp\/v2\/types\/post"}],"author":[{"embeddable":true,"href":"https:\/\/www.mediaplateforme.com\/fr\/wp-json\/wp\/v2\/users\/1"}],"replies":[{"embeddable":true,"href":"https:\/\/www.mediaplateforme.com\/fr\/wp-json\/wp\/v2\/comments?post=3567"}],"version-history":[{"count":1,"href":"https:\/\/www.mediaplateforme.com\/fr\/wp-json\/wp\/v2\/posts\/3567\/revisions"}],"predecessor-version":[{"id":3569,"href":"https:\/\/www.mediaplateforme.com\/fr\/wp-json\/wp\/v2\/posts\/3567\/revisions\/3569"}],"wp:featuredmedia":[{"embeddable":true,"href":"https:\/\/www.mediaplateforme.com\/fr\/wp-json\/wp\/v2\/media\/3568"}],"wp:attachment":[{"href":"https:\/\/www.mediaplateforme.com\/fr\/wp-json\/wp\/v2\/media?parent=3567"}],"wp:term":[{"taxonomy":"category","embeddable":true,"href":"https:\/\/www.mediaplateforme.com\/fr\/wp-json\/wp\/v2\/categories?post=3567"},{"taxonomy":"post_tag","embeddable":true,"href":"https:\/\/www.mediaplateforme.com\/fr\/wp-json\/wp\/v2\/tags?post=3567"}],"curies":[{"name":"wp","href":"https:\/\/api.w.org\/{rel}","templated":true}]}}