{"id":3554,"date":"2023-07-12T12:42:12","date_gmt":"2023-07-12T11:42:12","guid":{"rendered":"https:\/\/www.mediaplateforme.com\/fr\/?p=3554"},"modified":"2023-07-12T12:42:12","modified_gmt":"2023-07-12T11:42:12","slug":"visa-remporte-le-prix-amcham-de-la-responsabilite-sociale-des-entreprises-2023","status":"publish","type":"post","link":"https:\/\/www.mediaplateforme.com\/fr\/visa-remporte-le-prix-amcham-de-la-responsabilite-sociale-des-entreprises-2023\/","title":{"rendered":"Visa remporte le prix AMCHAM DE LA RESPONSABILIT\u00c9 SOCIALE DES ENTREPRISES 2023"},"content":{"rendered":"<p>Visa, le leader mondial des paiements num\u00e9riques, a remport\u00e9 le prestigieux prix de la responsabilit\u00e9 sociale des entreprises (RSE) de la Chambre de commerce am\u00e9ricaine (AMCHAM) pour l&rsquo;ann\u00e9e 2023. Ce prix a \u00e9t\u00e9 d\u00e9cern\u00e9 \u00e0 Visa lors du gala annuel de l&rsquo;AMCHAM qui s&rsquo;est tenu le samedi 24 juin 2023.<\/p>\n<p>&nbsp;<\/p>\n<p>L&rsquo;engagement de Visa en mati\u00e8re de responsabilit\u00e9 sociale des entreprises a jou\u00e9 un r\u00f4le d\u00e9terminant dans sa r\u00e9ussite, et ce prix prestigieux t\u00e9moigne des efforts exceptionnels d\u00e9ploy\u00e9s par l&rsquo;entreprise pour avoir un impact positif sur la soci\u00e9t\u00e9. L&rsquo;annonce souligne la position de Visa en tant que partenaire privil\u00e9gi\u00e9, r\u00e9put\u00e9 pour ses valeurs \u00e9thiques \u00e9lev\u00e9es et ses initiatives porteuses de changement.<\/p>\n<p>&nbsp;<\/p>\n<p>Tout au long de l&rsquo;ann\u00e9e, Visa s&rsquo;est consacr\u00e9e \u00e0 une multitude de projets RSE, en se concentrant sur plusieurs th\u00e8mes cl\u00e9s qui soulignent son d\u00e9vouement \u00e0 des pratiques commerciales responsables et \u00e9thiques. Le prix a \u00e9t\u00e9 d\u00e9cern\u00e9 en reconnaissance de plusieurs initiatives men\u00e9es par Visa en vue d&rsquo;am\u00e9liorer la situation des communaut\u00e9s au sein desquelles elle op\u00e8re, notamment les initiatives suivantes :<\/p>\n<p>&nbsp;<\/p>\n<h4><strong>Renforcer l&rsquo;autonomie des Femmes Entrepreneurs<\/strong><\/h4>\n<p>L&rsquo;initiative mondiale de Visa, \u00ab\u00a0She&rsquo;s Next\u00a0\u00bb, est une force motrice pour l&rsquo;entrepreneuriat f\u00e9minin. Au Maroc, Visa a collabor\u00e9 avec la fondation iFundWomen pour reconna\u00eetre et r\u00e9compenser des femmes entrepreneurs exceptionnelles. Sur 110 candidates, Visa a r\u00e9compens\u00e9 cinq femmes marocaines exceptionnelles en leur accordant des subventions de 10 000 dollars et en leur proposant un programme de mentorat sur un an. Cette initiative illustre la d\u00e9termination de Visa \u00e0 favoriser l&rsquo;\u00e9mancipation \u00e9conomique des femmes.<\/p>\n<p>&nbsp;<\/p>\n<h4><strong>Soutenir les petites et moyennes entreprises (PME)<\/strong><\/h4>\n<p>Le soutien ind\u00e9fectible de Visa aux PME se refl\u00e8te dans sa collaboration avec divers partenaires, dont Glovo. Visa a organis\u00e9 des ateliers de \u00ab\u00a0comp\u00e9tences commerciales pratiques\u00a0\u00bb pour former plusieurs restaurateurs et commer\u00e7ants de Glovo, fournissant ainsi aux propri\u00e9taires de petites entreprises des connaissances essentielles dans divers domaines tels que le marketing digital et la gestion des flux de tr\u00e9sorerie. Ces initiatives permettent aux PME de prosp\u00e9rer dans le paysage num\u00e9rique en constante \u00e9volution.<\/p>\n<p>&nbsp;<\/p>\n<h4><strong>Sensibilisation et \u00e9ducation financi\u00e8re<\/strong><\/h4>\n<p>Visa s&rsquo;est associ\u00e9 \u00e0 FMEM et \u00e0 Al Barid Bank pour mener des campagnes d&rsquo;\u00e9ducation et d&rsquo;alphab\u00e9tisation financi\u00e8re. Pendant la \u00ab\u00a0Global Money Week\u00a0\u00bb de l&rsquo;OCDE, Visa et ses partenaires ont organis\u00e9 des ateliers intitul\u00e9s \u00ab\u00a0Plante ton argent, planifie ton avenir\u00a0\u00bb pour les enfants des \u00e9coles primaires et secondaires de Casablanca. Ces initiatives sensibilisent les jeunes \u00e0 la planification financi\u00e8re, \u00e0 l&rsquo;esprit d&rsquo;entreprise et \u00e0 la formalisation de leurs activit\u00e9s. En outre, des ateliers th\u00e9matiques dans quatre villes, Marrakech, F\u00e8s, Safi et Casablanca, ont pr\u00e9sent\u00e9 aux artisans les avantages de l&rsquo;entrepreneuriat et l&rsquo;importance de l&rsquo;inclusion financi\u00e8re.<\/p>\n<p>&nbsp;<\/p>\n<h4><strong>Favoriser l&rsquo;autonomie des artisans par le biais des paiements num\u00e9riques<\/strong><\/h4>\n<p>\u00c0 l&rsquo;occasion de la Journ\u00e9e Internationale de la Femme, Visa a accord\u00e9 une subvention \u00e0 la startup marocaine Neolli afin d&rsquo;am\u00e9liorer l&rsquo;accessibilit\u00e9 des paiements num\u00e9riques pour son r\u00e9seau de 400 artisans marocains qui g\u00e8rent tous des petites et moyennes entreprises. Neolli, laur\u00e9ate du programme mondial \u00ab\u00a0She&rsquo;s Next\u00a0\u00bb de Visa, est dirig\u00e9e par Mariem Faghraoui, une jeune femme chef d&rsquo;entreprise. Ce partenariat s&rsquo;inscrit dans l&rsquo;objectif de Visa de favoriser l&rsquo;inclusion financi\u00e8re et d&rsquo;encourager les entreprises locales.<\/p>\n<p>&nbsp;<\/p>\n<h4><strong>Promouvoir l&rsquo;int\u00e9gration sociale au moyen du sport<\/strong><\/h4>\n<p>Visa soutient le programme \u00ab\u00a0Girls Can\u00a0\u00bb de l&rsquo;ONG marocaine TIBU Africa, qui vise \u00e0 autonomiser les jeunes filles mineures vivant dans les centres de protection sociale. Le programme offre des opportunit\u00e9s \u00e9ducatives et des activit\u00e9s sportives, encourageant l&rsquo;esprit d&rsquo;entreprise et permettant \u00e0 ces jeunes filles de r\u00e9ussir dans leur vie personnelle et professionnelle. En s&rsquo;associant \u00e0 TIBU Africa, Visa contribue activement \u00e0 l&rsquo;int\u00e9gration sociale et \u00e0 l&rsquo;autonomisation \u00e9conomique.<\/p>\n<p>&nbsp;<\/p>\n<p>L&rsquo;engagement de Visa en mati\u00e8re de RSE s&rsquo;\u00e9tend au-del\u00e0 des initiatives mentionn\u00e9es, y compris les programmes de b\u00e9n\u00e9volat des employ\u00e9s. Pendant le mois sacr\u00e9 du Ramadan, Visa a organis\u00e9 deux campagnes de dons pour deux \u00e9tablissements sociaux \u00e0 Deroua et \u00e0 Casablanca. Les donations \u00e9taient sous forme de cadeaux en nature pour couvrir les besoins de 100 familles \u00e0 Deroua en plus des besoins de plusieurs mois d&rsquo;une maison de retraite avec ses 34 r\u00e9sidents.<\/p>\n<p>&nbsp;<\/p>\n<p>Sami Romdhane, Country Manager chez Visa, a d\u00e9clar\u00e9 : \u00a0\u00bb Nous sommes honor\u00e9s de recevoir le prix AMCHAM de la responsabilit\u00e9 sociale des entreprises pour 2023. Cette reconnaissance refl\u00e8te l&rsquo;engagement de Visa \u00e0 cr\u00e9er un impact positif au Maroc et sur tous les march\u00e9s o\u00f9 l&rsquo;entreprise op\u00e8re. Nous restons fermement engag\u00e9s dans nos valeurs et continuerons \u00e0 conduire des changements significatifs \u00e0 travers nos initiatives d&rsquo;impact social.\u00a0\u00bb<\/p>\n<p>&nbsp;<\/p>\n<p>Les efforts exceptionnels de Visa et l&rsquo;impact de ses partenariats lui ont valu la reconnaissance du prestigieux prix AMCHAM CSR. Cette r\u00e9alisation renforce l&rsquo;engagement de Visa \u00e0 promouvoir l&rsquo;inclusion, l&rsquo;autonomisation \u00e9conomique et le d\u00e9veloppement social au Maroc et au-del\u00e0.<\/p>\n<p>&nbsp;<\/p>\n<h4><strong>\u00c0 propos de Visa Inc.<\/strong><\/h4>\n<p>Visa (NYSE : V) est un leader mondial des paiements num\u00e9riques, facilitant les transactions entre les consommateurs, les commer\u00e7ants, les institutions financi\u00e8res et les entit\u00e9s gouvernementales dans plus de 200 pays et territoires. Notre mission est de connecter le monde gr\u00e2ce au r\u00e9seau de paiements le plus innovant, le plus pratique, le plus fiable et le plus s\u00fbr, permettant aux individus, aux entreprises et aux \u00e9conomies de prosp\u00e9rer. Nous croyons que les \u00e9conomies qui incluent tout le monde partout, \u00e9l\u00e8vent tout le monde partout et consid\u00e8rent l&rsquo;acc\u00e8s comme fondamental pour l&rsquo;avenir du mouvement de l&rsquo;argent. Pour en savoir plus, consultez le site <a href=\"http:\/\/visa.com\">Visa.com<\/a>.<\/p>\n<p>&nbsp;<\/p>\n<h4><strong>\u00c0 propos de AmCham &#8211; The American Chamber of Commerce in Morocco<\/strong><\/h4>\n<p>La Chambre de Commerce Am\u00e9ricaine au Maroc (AmCham Maroc) est une organisation non gouvernementale \u00e0 but non lucratif qui repr\u00e9sente les entreprises et les individus am\u00e9ricains et marocains. La mission de la chambre est de soutenir les entreprises, marocaines et am\u00e9ricaines, dans l&rsquo;expansion de leurs opportunit\u00e9s sur chaque march\u00e9 \u00e0 travers la d\u00e9fense, l&rsquo;information, le r\u00e9seautage et les services de soutien aux entreprises. AmCham Maroc a \u00e9t\u00e9 cr\u00e9\u00e9e en 1966 par un groupe d&rsquo;entreprises marocaines et am\u00e9ricaines sous les \u00e9gides de la Chambre de Commerce Am\u00e9ricaine \u00e0 Washington, D.C. La charge de travail annuelle de la Chambre est accomplie par le biais de trois comit\u00e9s permanents avec des centres d&rsquo;int\u00e9r\u00eat diff\u00e9rents : Le commerce et l&rsquo;investissement, les pr\u00e9occupations des entreprises am\u00e9ricano-marocaines et la responsabilit\u00e9 sociale des entreprises.<\/p>\n<p>&nbsp;<\/p>\n","protected":false},"excerpt":{"rendered":"<p>Visa, le leader mondial des paiements num\u00e9riques, a remport\u00e9 le prestigieux prix de la responsabilit\u00e9<\/p>\n","protected":false},"author":1,"featured_media":3555,"comment_status":"open","ping_status":"open","sticky":false,"template":"","format":"standard","meta":{"_acf_changed":false,"footnotes":""},"categories":[2,3],"tags":[1127,512],"class_list":["post-3554","post","type-post","status-publish","format-standard","has-post-thumbnail","hentry","category-nouvelles","category-nouvelles-selectionnees","tag-amcham","tag-visa"],"acf":[],"yoast_head":"<!-- This site is optimized with the Yoast SEO plugin v22.0 - https:\/\/yoast.com\/wordpress\/plugins\/seo\/ -->\n<title>Visa remporte le prix AMCHAM DE LA RESPONSABILIT\u00c9 SOCIALE DES ENTREPRISES 2023 - MEDIA PLATEFORME | FR<\/title>\n<meta name=\"description\" content=\"Visa, a remport\u00e9 le prestigieux prix de la responsabilit\u00e9 sociale des entreprises (RSE) de la Chambre de commerce am\u00e9ricaine (AMCHAM)\" \/>\n<meta name=\"robots\" content=\"index, follow, max-snippet:-1, max-image-preview:large, max-video-preview:-1\" \/>\n<link rel=\"canonical\" href=\"https:\/\/www.mediaplateforme.com\/fr\/visa-remporte-le-prix-amcham-de-la-responsabilite-sociale-des-entreprises-2023\/\" \/>\n<meta property=\"og:locale\" content=\"fr_FR\" \/>\n<meta property=\"og:type\" content=\"article\" \/>\n<meta property=\"og:title\" content=\"Visa remporte le prix AMCHAM DE LA RESPONSABILIT\u00c9 SOCIALE DES ENTREPRISES 2023 - MEDIA PLATEFORME | FR\" \/>\n<meta property=\"og:description\" content=\"Visa, a remport\u00e9 le prestigieux prix de la responsabilit\u00e9 sociale des entreprises (RSE) de la Chambre de commerce am\u00e9ricaine (AMCHAM)\" \/>\n<meta property=\"og:url\" content=\"https:\/\/www.mediaplateforme.com\/fr\/visa-remporte-le-prix-amcham-de-la-responsabilite-sociale-des-entreprises-2023\/\" \/>\n<meta property=\"og:site_name\" content=\"MEDIA PLATEFORME | FR\" \/>\n<meta property=\"article:published_time\" content=\"2023-07-12T11:42:12+00:00\" \/>\n<meta property=\"og:image\" content=\"https:\/\/www.mediaplateforme.com\/fr\/wp-content\/uploads\/sites\/5\/2023\/07\/AMCHAMPRIZE01.jpg\" \/>\n\t<meta property=\"og:image:width\" content=\"2000\" \/>\n\t<meta property=\"og:image:height\" content=\"1500\" \/>\n\t<meta property=\"og:image:type\" content=\"image\/jpeg\" \/>\n<meta name=\"author\" content=\"Mediaplateforme\" \/>\n<meta name=\"twitter:card\" content=\"summary_large_image\" \/>\n<meta name=\"twitter:label1\" content=\"\u00c9crit par\" \/>\n\t<meta name=\"twitter:data1\" content=\"Mediaplateforme\" \/>\n\t<meta name=\"twitter:label2\" content=\"Dur\u00e9e de lecture estim\u00e9e\" \/>\n\t<meta name=\"twitter:data2\" content=\"6 minutes\" \/>\n<script type=\"application\/ld+json\" class=\"yoast-schema-graph\">{\"@context\":\"https:\/\/schema.org\",\"@graph\":[{\"@type\":\"WebPage\",\"@id\":\"https:\/\/www.mediaplateforme.com\/fr\/visa-remporte-le-prix-amcham-de-la-responsabilite-sociale-des-entreprises-2023\/\",\"url\":\"https:\/\/www.mediaplateforme.com\/fr\/visa-remporte-le-prix-amcham-de-la-responsabilite-sociale-des-entreprises-2023\/\",\"name\":\"Visa remporte le prix AMCHAM DE LA RESPONSABILIT\u00c9 SOCIALE DES ENTREPRISES 2023 - MEDIA PLATEFORME | FR\",\"isPartOf\":{\"@id\":\"https:\/\/www.mediaplateforme.com\/fr\/#website\"},\"datePublished\":\"2023-07-12T11:42:12+00:00\",\"dateModified\":\"2023-07-12T11:42:12+00:00\",\"author\":{\"@id\":\"https:\/\/www.mediaplateforme.com\/fr\/#\/schema\/person\/89833db382b5db2c76b094bc902aa12a\"},\"description\":\"Visa, a remport\u00e9 le prestigieux prix de la responsabilit\u00e9 sociale des entreprises (RSE) de la Chambre de commerce am\u00e9ricaine (AMCHAM)\",\"breadcrumb\":{\"@id\":\"https:\/\/www.mediaplateforme.com\/fr\/visa-remporte-le-prix-amcham-de-la-responsabilite-sociale-des-entreprises-2023\/#breadcrumb\"},\"inLanguage\":\"fr-FR\",\"potentialAction\":[{\"@type\":\"ReadAction\",\"target\":[\"https:\/\/www.mediaplateforme.com\/fr\/visa-remporte-le-prix-amcham-de-la-responsabilite-sociale-des-entreprises-2023\/\"]}]},{\"@type\":\"BreadcrumbList\",\"@id\":\"https:\/\/www.mediaplateforme.com\/fr\/visa-remporte-le-prix-amcham-de-la-responsabilite-sociale-des-entreprises-2023\/#breadcrumb\",\"itemListElement\":[{\"@type\":\"ListItem\",\"position\":1,\"name\":\"\u0627\u0644\u0631\u0626\u064a\u0633\u064a\u0629\",\"item\":\"https:\/\/www.mediaplateforme.com\/fr\/\"},{\"@type\":\"ListItem\",\"position\":2,\"name\":\"Visa remporte le prix AMCHAM DE LA RESPONSABILIT\u00c9 SOCIALE DES ENTREPRISES 2023\"}]},{\"@type\":\"WebSite\",\"@id\":\"https:\/\/www.mediaplateforme.com\/fr\/#website\",\"url\":\"https:\/\/www.mediaplateforme.com\/fr\/\",\"name\":\"MEDIA PLATEFORME | FR\",\"description\":\"Mediaplateforme sp\u00e9cialis\u00e9 dans la communication institutions publiques et des entreprises\",\"potentialAction\":[{\"@type\":\"SearchAction\",\"target\":{\"@type\":\"EntryPoint\",\"urlTemplate\":\"https:\/\/www.mediaplateforme.com\/fr\/?s={search_term_string}\"},\"query-input\":\"required name=search_term_string\"}],\"inLanguage\":\"fr-FR\"},{\"@type\":\"Person\",\"@id\":\"https:\/\/www.mediaplateforme.com\/fr\/#\/schema\/person\/89833db382b5db2c76b094bc902aa12a\",\"name\":\"Mediaplateforme\",\"image\":{\"@type\":\"ImageObject\",\"inLanguage\":\"fr-FR\",\"@id\":\"https:\/\/www.mediaplateforme.com\/fr\/#\/schema\/person\/image\/\",\"url\":\"https:\/\/secure.gravatar.com\/avatar\/6c9c02e8928cc65d54bf75157f7b3a2d06d7ad0494ca0951f679552ff03b34c1?s=96&d=mm&r=g\",\"contentUrl\":\"https:\/\/secure.gravatar.com\/avatar\/6c9c02e8928cc65d54bf75157f7b3a2d06d7ad0494ca0951f679552ff03b34c1?s=96&d=mm&r=g\",\"caption\":\"Mediaplateforme\"},\"sameAs\":[\"https:\/\/www.mediaplateforme.com\"],\"url\":\"https:\/\/www.mediaplateforme.com\/fr\/author\/mohamedladib\/\"}]}<\/script>\n<!-- \/ Yoast SEO plugin. -->","yoast_head_json":{"title":"Visa remporte le prix AMCHAM DE LA RESPONSABILIT\u00c9 SOCIALE DES ENTREPRISES 2023 - MEDIA PLATEFORME | FR","description":"Visa, a remport\u00e9 le prestigieux prix de la responsabilit\u00e9 sociale des entreprises (RSE) de la Chambre de commerce am\u00e9ricaine (AMCHAM)","robots":{"index":"index","follow":"follow","max-snippet":"max-snippet:-1","max-image-preview":"max-image-preview:large","max-video-preview":"max-video-preview:-1"},"canonical":"https:\/\/www.mediaplateforme.com\/fr\/visa-remporte-le-prix-amcham-de-la-responsabilite-sociale-des-entreprises-2023\/","og_locale":"fr_FR","og_type":"article","og_title":"Visa remporte le prix AMCHAM DE LA RESPONSABILIT\u00c9 SOCIALE DES ENTREPRISES 2023 - MEDIA PLATEFORME | FR","og_description":"Visa, a remport\u00e9 le prestigieux prix de la responsabilit\u00e9 sociale des entreprises (RSE) de la Chambre de commerce am\u00e9ricaine (AMCHAM)","og_url":"https:\/\/www.mediaplateforme.com\/fr\/visa-remporte-le-prix-amcham-de-la-responsabilite-sociale-des-entreprises-2023\/","og_site_name":"MEDIA PLATEFORME | FR","article_published_time":"2023-07-12T11:42:12+00:00","og_image":[{"width":2000,"height":1500,"url":"https:\/\/www.mediaplateforme.com\/fr\/wp-content\/uploads\/sites\/5\/2023\/07\/AMCHAMPRIZE01.jpg","type":"image\/jpeg"}],"author":"Mediaplateforme","twitter_card":"summary_large_image","twitter_misc":{"\u00c9crit par":"Mediaplateforme","Dur\u00e9e de lecture estim\u00e9e":"6 minutes"},"schema":{"@context":"https:\/\/schema.org","@graph":[{"@type":"WebPage","@id":"https:\/\/www.mediaplateforme.com\/fr\/visa-remporte-le-prix-amcham-de-la-responsabilite-sociale-des-entreprises-2023\/","url":"https:\/\/www.mediaplateforme.com\/fr\/visa-remporte-le-prix-amcham-de-la-responsabilite-sociale-des-entreprises-2023\/","name":"Visa remporte le prix AMCHAM DE LA RESPONSABILIT\u00c9 SOCIALE DES ENTREPRISES 2023 - MEDIA PLATEFORME | FR","isPartOf":{"@id":"https:\/\/www.mediaplateforme.com\/fr\/#website"},"datePublished":"2023-07-12T11:42:12+00:00","dateModified":"2023-07-12T11:42:12+00:00","author":{"@id":"https:\/\/www.mediaplateforme.com\/fr\/#\/schema\/person\/89833db382b5db2c76b094bc902aa12a"},"description":"Visa, a remport\u00e9 le prestigieux prix de la responsabilit\u00e9 sociale des entreprises (RSE) de la Chambre de commerce am\u00e9ricaine (AMCHAM)","breadcrumb":{"@id":"https:\/\/www.mediaplateforme.com\/fr\/visa-remporte-le-prix-amcham-de-la-responsabilite-sociale-des-entreprises-2023\/#breadcrumb"},"inLanguage":"fr-FR","potentialAction":[{"@type":"ReadAction","target":["https:\/\/www.mediaplateforme.com\/fr\/visa-remporte-le-prix-amcham-de-la-responsabilite-sociale-des-entreprises-2023\/"]}]},{"@type":"BreadcrumbList","@id":"https:\/\/www.mediaplateforme.com\/fr\/visa-remporte-le-prix-amcham-de-la-responsabilite-sociale-des-entreprises-2023\/#breadcrumb","itemListElement":[{"@type":"ListItem","position":1,"name":"\u0627\u0644\u0631\u0626\u064a\u0633\u064a\u0629","item":"https:\/\/www.mediaplateforme.com\/fr\/"},{"@type":"ListItem","position":2,"name":"Visa remporte le prix AMCHAM DE LA RESPONSABILIT\u00c9 SOCIALE DES ENTREPRISES 2023"}]},{"@type":"WebSite","@id":"https:\/\/www.mediaplateforme.com\/fr\/#website","url":"https:\/\/www.mediaplateforme.com\/fr\/","name":"MEDIA PLATEFORME | FR","description":"Mediaplateforme sp\u00e9cialis\u00e9 dans la communication institutions publiques et des entreprises","potentialAction":[{"@type":"SearchAction","target":{"@type":"EntryPoint","urlTemplate":"https:\/\/www.mediaplateforme.com\/fr\/?s={search_term_string}"},"query-input":"required name=search_term_string"}],"inLanguage":"fr-FR"},{"@type":"Person","@id":"https:\/\/www.mediaplateforme.com\/fr\/#\/schema\/person\/89833db382b5db2c76b094bc902aa12a","name":"Mediaplateforme","image":{"@type":"ImageObject","inLanguage":"fr-FR","@id":"https:\/\/www.mediaplateforme.com\/fr\/#\/schema\/person\/image\/","url":"https:\/\/secure.gravatar.com\/avatar\/6c9c02e8928cc65d54bf75157f7b3a2d06d7ad0494ca0951f679552ff03b34c1?s=96&d=mm&r=g","contentUrl":"https:\/\/secure.gravatar.com\/avatar\/6c9c02e8928cc65d54bf75157f7b3a2d06d7ad0494ca0951f679552ff03b34c1?s=96&d=mm&r=g","caption":"Mediaplateforme"},"sameAs":["https:\/\/www.mediaplateforme.com"],"url":"https:\/\/www.mediaplateforme.com\/fr\/author\/mohamedladib\/"}]}},"_links":{"self":[{"href":"https:\/\/www.mediaplateforme.com\/fr\/wp-json\/wp\/v2\/posts\/3554","targetHints":{"allow":["GET"]}}],"collection":[{"href":"https:\/\/www.mediaplateforme.com\/fr\/wp-json\/wp\/v2\/posts"}],"about":[{"href":"https:\/\/www.mediaplateforme.com\/fr\/wp-json\/wp\/v2\/types\/post"}],"author":[{"embeddable":true,"href":"https:\/\/www.mediaplateforme.com\/fr\/wp-json\/wp\/v2\/users\/1"}],"replies":[{"embeddable":true,"href":"https:\/\/www.mediaplateforme.com\/fr\/wp-json\/wp\/v2\/comments?post=3554"}],"version-history":[{"count":1,"href":"https:\/\/www.mediaplateforme.com\/fr\/wp-json\/wp\/v2\/posts\/3554\/revisions"}],"predecessor-version":[{"id":3556,"href":"https:\/\/www.mediaplateforme.com\/fr\/wp-json\/wp\/v2\/posts\/3554\/revisions\/3556"}],"wp:featuredmedia":[{"embeddable":true,"href":"https:\/\/www.mediaplateforme.com\/fr\/wp-json\/wp\/v2\/media\/3555"}],"wp:attachment":[{"href":"https:\/\/www.mediaplateforme.com\/fr\/wp-json\/wp\/v2\/media?parent=3554"}],"wp:term":[{"taxonomy":"category","embeddable":true,"href":"https:\/\/www.mediaplateforme.com\/fr\/wp-json\/wp\/v2\/categories?post=3554"},{"taxonomy":"post_tag","embeddable":true,"href":"https:\/\/www.mediaplateforme.com\/fr\/wp-json\/wp\/v2\/tags?post=3554"}],"curies":[{"name":"wp","href":"https:\/\/api.w.org\/{rel}","templated":true}]}}