{"id":3493,"date":"2023-07-04T12:28:01","date_gmt":"2023-07-04T11:28:01","guid":{"rendered":"https:\/\/www.mediaplateforme.com\/fr\/?p=3493"},"modified":"2023-07-04T12:28:01","modified_gmt":"2023-07-04T11:28:01","slug":"accelerer-les-progres-de-durabilite-en-developpant-les-capacites-esg","status":"publish","type":"post","link":"https:\/\/www.mediaplateforme.com\/fr\/accelerer-les-progres-de-durabilite-en-developpant-les-capacites-esg\/","title":{"rendered":"Acc\u00e9l\u00e9rer les progr\u00e8s de durabilit\u00e9 en d\u00e9veloppant les capacit\u00e9s ESG"},"content":{"rendered":"<p>Les entreprises sont sous une pression grandissante au niveau mondial pour acc\u00e9l\u00e9rer leurs progr\u00e8s vers des objectifs de durabilit\u00e9 en mettant sur pied un ensemble croissant de capacit\u00e9s environnementales, sociales et de gouvernance (ESG) pour leurs entreprises. Ces derni\u00e8res ann\u00e9es, de plus en plus d&rsquo;entreprises ont pris conscience de l&rsquo;importance de l&rsquo;ESG pour leurs activit\u00e9s et ont commenc\u00e9 \u00e0 adopter des objectifs (ESG), en int\u00e9grant des objectifs tels que l&rsquo;absence nette d&rsquo;\u00e9missions, l&rsquo;utilisation positive de l&rsquo;eau et l&rsquo;absence de d\u00e9chets, ainsi que d&rsquo;autres objectifs de durabilit\u00e9 \u00e0 long terme.<\/p>\n<p>L&rsquo;adoption de pratiques commerciales durables rel\u00e8ve \u00e9galement du bon sens commercial. Selon <a href=\"mailto:https:\/\/www.mckinsey.com\/business-functions\/sustainability\/our-insights\/sustainability-blog\/how-the-e-in-esg-creates-business-value\">McKinsey &amp; Company<\/a>, la durabilit\u00e9 r\u00e9duit les co\u00fbts et peut affecter jusqu&rsquo;\u00e0 60 % des b\u00e9n\u00e9fices d&rsquo;exploitation.<\/p>\n<p>Pour progresser plus rapidement vers une \u00e9conomie mondiale \u00e0 z\u00e9ro \u00e9mission nette de carbone, les organisations de tous types, tailles et secteurs doivent transformer leurs pratiques courantes. Cela comprend une gestion plus efficace de leur empreinte environnementale, l\u2019int\u00e9gration de la durabilit\u00e9 dans leurs organisations et leurs cha\u00eenes de valeur, et la r\u00e9alisation d\u2019investissements commerciaux strat\u00e9giques qui g\u00e9n\u00e8rent de la valeur. Ce n\u2019est pas une mince affaire \u2013 et cela commence par la r\u00e9solution d\u2019un probl\u00e8me de donn\u00e9es.<\/p>\n<p>&nbsp;<\/p>\n<h4><strong>Nous ne pouvons pas nous contenter de parler d\u2019ESG \u2013 nous devons les mesurer<\/strong><\/h4>\n<p>Pour faire progresser leurs programmes de d\u00e9veloppement durable, les organisations doivent non seulement fixer des objectifs de durabilit\u00e9, mais aussi les suivre. <em>Vous ne pouvez faire progresser ce que vous ne pouvez mesurer.<\/em> Le d\u00e9fi, cependant, est que de nombreuses entreprises n\u2019ont pas l\u2019acc\u00e8s opportun et pr\u00e9cis aux informations dont elles ont besoin pour surveiller leurs efforts en mati\u00e8re de d\u00e9veloppement durable, avec des donn\u00e9es fragment\u00e9es dans des silos \u00e0 travers l\u2019organisation. Il peut \u00eatre difficile d\u2019unifier et de consolider ces informations en une seule carte de pointage de durabilit\u00e9 ou de suivre les progr\u00e8s r\u00e9alis\u00e9s par rapport \u00e0 leurs objectifs ann\u00e9e apr\u00e8s ann\u00e9e.<\/p>\n<p>Les organisations ont besoin d&rsquo;une intelligence des donn\u00e9es centralis\u00e9e et accessible pour prendre les d\u00e9cisions n\u00e9cessaires \u00e0 la r\u00e9solution de ces probl\u00e8mes complexes, en pesant \u00e0 la fois les crit\u00e8res commerciaux et ESG pour orienter le capital vers des opportunit\u00e9s d&rsquo;investissement qui \u00e9quilibrent la croissance et l&rsquo;impact.<\/p>\n<p>Un rapport de <a href=\"mailto:https:\/\/www.pwc.com\/us\/en\/tech-effect\/cloud\/esg.html%23:~:text=Cloud%2Dbased%20data%20management%20and,diverse%20social%20and%20environmental%20risks\">PWC<\/a> indique que la gestion des donn\u00e9es et le reporting bas\u00e9s sur le cloud peuvent aider \u00e0 soutenir les facteurs ESG en automatisant les processus et en normalisant les donn\u00e9es, offrant ainsi une transparence accrue au sein de l\u2019organisation alors que les dirigeants cherchent \u00e0 mieux comprendre les divers risques sociaux et environnementaux. Les solutions de donn\u00e9es int\u00e9gr\u00e9es permettent aux organisations d\u2019examiner et de g\u00e9rer l\u2019empreinte de leurs installations, de leurs flottes et de leurs processus de production et de r\u00e9orienter les activit\u00e9s de leurs employ\u00e9s pour r\u00e9pondre aux exigences changeantes d\u2019une \u00e9conomie durable.<\/p>\n<p>Bien qu&rsquo;il soit important d&rsquo;identifier les possibilit\u00e9s de r\u00e9duire la consommation d&rsquo;\u00e9nergie et les \u00e9missions, il est \u00e9galement essentiel d&rsquo;adopter des syst\u00e8mes int\u00e9gr\u00e9s pour faciliter la transition vers une \u00e9nergie propre. Comme Microsoft l&rsquo;a elle-m\u00eame constat\u00e9, pour la plupart des organisations, ce ne sera pas une voie toute trac\u00e9e : cela n\u00e9cessitera un certain degr\u00e9 de flexibilit\u00e9 \u00e0 mesure que les march\u00e9s et les infrastructures \u00e9nerg\u00e9tiques hors contr\u00f4le changent. Mais les outils intelligents peuvent aider les organisations \u00e0 pr\u00e9voir et \u00e0 s\u2019adapter aux changements tout en continuant \u00e0 acc\u00e9l\u00e9rer les progr\u00e8s.<\/p>\n<p>&nbsp;<\/p>\n<h4><strong>Pour les DSI, le suivi des \u00e9missions commence \u00ab \u00e0 la maison \u00bb<\/strong><\/h4>\n<p>Alors que les organisations s&rsquo;efforcent d&rsquo;atteindre des \u00e9missions nettes de carbone nulles, <a href=\"mailto:https:\/\/www2.deloitte.com\/uk\/en\/focus\/climate-change\/zero-in-on-sustainable-use-of-cloud-computing.html\">Deloitte<\/a> estime qu&rsquo;elles doivent adopter des centres de donn\u00e9es hyperscale, plus propres et plus \u00e9cologiques, et remplacer l&rsquo;\u00e9nergie du r\u00e9seau bas\u00e9e sur les combustibles fossiles par des ressources renouvelables. De m\u00eame, <a href=\"mailto:https:\/\/www.accenture.com\/us-en\/insights\/strategy\/green-behind-cloud\">Accenture<\/a> a d\u00e9clar\u00e9 que les migrations vers le cloud public peuvent r\u00e9duire les \u00e9missions de CO\u00b2 de 59 millions de tonnes par an, ce qui \u00e9quivaut \u00e0 retirer 22 millions de voitures de la circulation.<\/p>\n<p>Pour les organisations qui s&rsquo;efforcent d&rsquo;atteindre l&rsquo;objectif \u00ab\u00a0net z\u00e9ro\u00a0\u00bb, l&rsquo;\u00e9limination des \u00e9missions provenant de leurs propres op\u00e9rations informatiques est un \u00e9l\u00e9ment important de ce parcours. La fa\u00e7on dont les DSI d\u00e9ploient et configurent leurs outils informatiques peut affecter l&#8217;empreinte environnementale de leurs propres syst\u00e8mes. L&rsquo;un des principaux d\u00e9fis consiste \u00e0 s&rsquo;assurer que les organisations obtiennent la transparence et les connaissances dont elles ont besoin pour g\u00e9rer leur empreinte environnementale et int\u00e9grer les initiatives de d\u00e9veloppement durable dans l&rsquo;ensemble de l&rsquo;organisation et de la cha\u00eene de valeur afin de cr\u00e9er une nouvelle valeur.<\/p>\n<p>La migration vers le cloud est une partie importante du parcours de d\u00e9veloppement durable pour les DSI. Les centres de donn\u00e9es sur site sont gourmands en ressources, et l&rsquo;un des moyens pour les organisations de r\u00e9duire leur impact environnemental et d&rsquo;accro\u00eetre leur valeur commerciale consiste \u00e0 remplacer les outils, les syst\u00e8mes ou les activit\u00e9s par des options plus efficaces. Le d\u00e9placement des charges de travail vers le cloud par exemple, peut avoir un impact consid\u00e9rable sur l\u2019empreinte carbone d\u2019une organisation, en augmentant \u00e0 la fois l\u2019efficacit\u00e9 carbone et \u00e9nerg\u00e9tique et en aidant les entreprises \u00e0 atteindre leurs objectifs de r\u00e9duction des \u00e9missions. En fait, <a href=\"mailto:https:\/\/learn.microsoft.com\/en-us\/azure\/cloud-adoption-framework\/strategy\/business-outcomes\/sustainability\">la transition<\/a> des charges de travail vers Microsoft Azure peut produire jusqu\u2019\u00e0 98 % d\u2019efficacit\u00e9 carbone et jusqu\u2019\u00e0 93 % d\u2019efficacit\u00e9 \u00e9nerg\u00e9tique de plus que les options sur site.<\/p>\n<p><strong>\u00a0<\/strong><\/p>\n<h4><strong>Unifier l&rsquo;intelligence des donn\u00e9es<\/strong><\/h4>\n<p>Pour g\u00e9rer efficacement les rapports et les efforts de durabilit\u00e9, ainsi que la transformation de l&rsquo;entreprise, les organisations ont besoin d&rsquo;une meilleure visibilit\u00e9 des activit\u00e9s dans l&rsquo;ensemble de leur entreprise et de leur cha\u00eene de valeur.<\/p>\n<p>L&rsquo;unification de l&rsquo;intelligence des donn\u00e9es est cruciale pour guider le reporting et les efforts en mati\u00e8re de durabilit\u00e9. La plupart des entreprises ont recours \u00e0 diverses m\u00e9thodes d&rsquo;acquisition de donn\u00e9es, qu&rsquo;il s&rsquo;agisse d&rsquo;importations manuelles ou de fichiers, ou encore de connexions \u00e0 des sources de donn\u00e9es disparates. Id\u00e9alement, ces donn\u00e9es doivent \u00eatre rassembl\u00e9es et converties dans un format commun qui permet de convertir les donn\u00e9es brutes en \u00e9missions calcul\u00e9es, de cr\u00e9er une visualisation de l&rsquo;impact environnemental de l&rsquo;organisation, de mettre en \u00e9vidence les domaines qui n\u00e9cessitent plus d&rsquo;attention et ceux o\u00f9 des progr\u00e8s ont \u00e9t\u00e9 accomplis.<\/p>\n<p>Le d\u00e9veloppement durable est au c\u0153ur de notre activit\u00e9, et ce depuis plus d&rsquo;une d\u00e9cennie &#8211; depuis l&rsquo;optimisation de nos propres op\u00e9rations jusqu&rsquo;\u00e0 la cr\u00e9ation d&rsquo;une communaut\u00e9 de clients et de partenaires qui apprennent et travaillent ensemble pour faire avancer leurs ambitions en mati\u00e8re de d\u00e9veloppement durable. Gr\u00e2ce \u00e0 la collaboration, \u00e0 la fourniture de solutions d\u00e9di\u00e9es \u00e0 la durabilit\u00e9 et aux investissements dans l&rsquo;\u00e9quit\u00e9 climatique et l&rsquo;innovation, nous nous engageons \u00e0 mener et \u00e0 conduire la transformation pour construire le monde dont chaque personne et chaque organisation sur la plan\u00e8te a besoin pour prosp\u00e9rer. Se faisant, nous nous concentrons sur l&rsquo;unification de l&rsquo;intelligence des donn\u00e9es.<\/p>\n<p>&nbsp;<\/p>\n<h4><strong>Construire une infrastructure informatique durable<\/strong><\/h4>\n<p>Surtout pour une entreprise comme Microsoft dont l&rsquo;objectif est d&rsquo;aider les organisations du monde entier \u00e0 innover gr\u00e2ce \u00e0 la technologie, notre r\u00f4le li\u00e9 au climat ne pourrait \u00eatre plus clair. Les services num\u00e9riques bas\u00e9s sur le cloud, une meilleure utilisation des donn\u00e9es et les progr\u00e8s rapides de l&rsquo;IA cr\u00e9eront de nouvelles opportunit\u00e9s pour nous, d&rsquo;aider chaque organisation \u00e0 r\u00e9aliser davantage de progr\u00e8s pour r\u00e9pondre aux besoins climatiques et \u00e9nerg\u00e9tiques mondiaux. Il s&rsquo;agit notamment d&rsquo;aller au-del\u00e0 de la capture de donn\u00e9es pour aider les clients \u00e0 agr\u00e9ger les donn\u00e9es de durabilit\u00e9 d&rsquo;une mani\u00e8re exploitable.<\/p>\n<p>Microsoft Cloud for Sustainability permet aux organisations d\u2019acc\u00e9l\u00e9rer les progr\u00e8s en mati\u00e8re de d\u00e9veloppement durable en rassemblant un ensemble croissant de fonctionnalit\u00e9s environnementales, sociales et de gouvernance (ESG) de l&rsquo;ensemble du portefeuille Microsoft Cloud et des solutions de notre \u00e9cosyst\u00e8me mondial de partenaires.<\/p>\n<p>Ensemble, nous permettons aux organisations d&rsquo;obtenir la transparence et les connaissances dont elles ont besoin pour g\u00e9rer leur empreinte environnementale, int\u00e9grer la durabilit\u00e9 dans leur organisation et leur cha\u00eene de valeur, et cr\u00e9er une nouvelle valeur dans un paysage en pleine \u00e9volution.<\/p>\n","protected":false},"excerpt":{"rendered":"<p>Les entreprises sont sous une pression grandissante au niveau mondial pour acc\u00e9l\u00e9rer leurs progr\u00e8s vers<\/p>\n","protected":false},"author":1,"featured_media":3494,"comment_status":"open","ping_status":"open","sticky":false,"template":"","format":"standard","meta":{"_acf_changed":false,"footnotes":""},"categories":[7,3],"tags":[1105,627,1106,712],"class_list":["post-3493","post","type-post","status-publish","format-standard","has-post-thumbnail","hentry","category-articles","category-nouvelles-selectionnees","tag-directrice-generale","tag-entreprises","tag-microsoft-maroc","tag-salima-amira"],"acf":[],"yoast_head":"<!-- This site is optimized with the Yoast SEO plugin v22.0 - https:\/\/yoast.com\/wordpress\/plugins\/seo\/ -->\n<title>Acc\u00e9l\u00e9rer les progr\u00e8s de durabilit\u00e9 en d\u00e9veloppant les capacit\u00e9s ESG - MEDIA PLATEFORME | FR<\/title>\n<meta name=\"description\" content=\"entreprises sont sous une pression grandissante au niveau mondial pour acc\u00e9l\u00e9rer leurs progr\u00e8s vers des objectifs de durabilit\u00e9 entreprises\" \/>\n<meta name=\"robots\" content=\"index, follow, max-snippet:-1, max-image-preview:large, max-video-preview:-1\" \/>\n<link rel=\"canonical\" href=\"https:\/\/www.mediaplateforme.com\/fr\/accelerer-les-progres-de-durabilite-en-developpant-les-capacites-esg\/\" \/>\n<meta property=\"og:locale\" content=\"fr_FR\" \/>\n<meta property=\"og:type\" content=\"article\" \/>\n<meta property=\"og:title\" content=\"Acc\u00e9l\u00e9rer les progr\u00e8s de durabilit\u00e9 en d\u00e9veloppant les capacit\u00e9s ESG - MEDIA PLATEFORME | FR\" \/>\n<meta property=\"og:description\" content=\"entreprises sont sous une pression grandissante au niveau mondial pour acc\u00e9l\u00e9rer leurs progr\u00e8s vers des objectifs de durabilit\u00e9 entreprises\" \/>\n<meta property=\"og:url\" content=\"https:\/\/www.mediaplateforme.com\/fr\/accelerer-les-progres-de-durabilite-en-developpant-les-capacites-esg\/\" \/>\n<meta property=\"og:site_name\" content=\"MEDIA PLATEFORME | FR\" \/>\n<meta property=\"article:published_time\" content=\"2023-07-04T11:28:01+00:00\" \/>\n<meta property=\"og:image\" content=\"https:\/\/www.mediaplateforme.com\/fr\/wp-content\/uploads\/sites\/5\/2023\/07\/Salima-Amira.webp\" \/>\n\t<meta property=\"og:image:width\" content=\"950\" \/>\n\t<meta property=\"og:image:height\" content=\"534\" \/>\n\t<meta property=\"og:image:type\" content=\"image\/webp\" \/>\n<meta name=\"author\" content=\"Mediaplateforme\" \/>\n<meta name=\"twitter:card\" content=\"summary_large_image\" \/>\n<meta name=\"twitter:label1\" content=\"\u00c9crit par\" \/>\n\t<meta name=\"twitter:data1\" content=\"Mediaplateforme\" \/>\n\t<meta name=\"twitter:label2\" content=\"Dur\u00e9e de lecture estim\u00e9e\" \/>\n\t<meta name=\"twitter:data2\" content=\"7 minutes\" \/>\n<script type=\"application\/ld+json\" class=\"yoast-schema-graph\">{\"@context\":\"https:\/\/schema.org\",\"@graph\":[{\"@type\":\"WebPage\",\"@id\":\"https:\/\/www.mediaplateforme.com\/fr\/accelerer-les-progres-de-durabilite-en-developpant-les-capacites-esg\/\",\"url\":\"https:\/\/www.mediaplateforme.com\/fr\/accelerer-les-progres-de-durabilite-en-developpant-les-capacites-esg\/\",\"name\":\"Acc\u00e9l\u00e9rer les progr\u00e8s de durabilit\u00e9 en d\u00e9veloppant les capacit\u00e9s ESG - MEDIA PLATEFORME | FR\",\"isPartOf\":{\"@id\":\"https:\/\/www.mediaplateforme.com\/fr\/#website\"},\"datePublished\":\"2023-07-04T11:28:01+00:00\",\"dateModified\":\"2023-07-04T11:28:01+00:00\",\"author\":{\"@id\":\"https:\/\/www.mediaplateforme.com\/fr\/#\/schema\/person\/89833db382b5db2c76b094bc902aa12a\"},\"description\":\"entreprises sont sous une pression grandissante au niveau mondial pour acc\u00e9l\u00e9rer leurs progr\u00e8s vers des objectifs de durabilit\u00e9 entreprises\",\"breadcrumb\":{\"@id\":\"https:\/\/www.mediaplateforme.com\/fr\/accelerer-les-progres-de-durabilite-en-developpant-les-capacites-esg\/#breadcrumb\"},\"inLanguage\":\"fr-FR\",\"potentialAction\":[{\"@type\":\"ReadAction\",\"target\":[\"https:\/\/www.mediaplateforme.com\/fr\/accelerer-les-progres-de-durabilite-en-developpant-les-capacites-esg\/\"]}]},{\"@type\":\"BreadcrumbList\",\"@id\":\"https:\/\/www.mediaplateforme.com\/fr\/accelerer-les-progres-de-durabilite-en-developpant-les-capacites-esg\/#breadcrumb\",\"itemListElement\":[{\"@type\":\"ListItem\",\"position\":1,\"name\":\"\u0627\u0644\u0631\u0626\u064a\u0633\u064a\u0629\",\"item\":\"https:\/\/www.mediaplateforme.com\/fr\/\"},{\"@type\":\"ListItem\",\"position\":2,\"name\":\"Acc\u00e9l\u00e9rer les progr\u00e8s de durabilit\u00e9 en d\u00e9veloppant les capacit\u00e9s ESG\"}]},{\"@type\":\"WebSite\",\"@id\":\"https:\/\/www.mediaplateforme.com\/fr\/#website\",\"url\":\"https:\/\/www.mediaplateforme.com\/fr\/\",\"name\":\"MEDIA PLATEFORME | FR\",\"description\":\"Mediaplateforme sp\u00e9cialis\u00e9 dans la communication institutions publiques et des entreprises\",\"potentialAction\":[{\"@type\":\"SearchAction\",\"target\":{\"@type\":\"EntryPoint\",\"urlTemplate\":\"https:\/\/www.mediaplateforme.com\/fr\/?s={search_term_string}\"},\"query-input\":\"required name=search_term_string\"}],\"inLanguage\":\"fr-FR\"},{\"@type\":\"Person\",\"@id\":\"https:\/\/www.mediaplateforme.com\/fr\/#\/schema\/person\/89833db382b5db2c76b094bc902aa12a\",\"name\":\"Mediaplateforme\",\"image\":{\"@type\":\"ImageObject\",\"inLanguage\":\"fr-FR\",\"@id\":\"https:\/\/www.mediaplateforme.com\/fr\/#\/schema\/person\/image\/\",\"url\":\"https:\/\/secure.gravatar.com\/avatar\/6c9c02e8928cc65d54bf75157f7b3a2d06d7ad0494ca0951f679552ff03b34c1?s=96&d=mm&r=g\",\"contentUrl\":\"https:\/\/secure.gravatar.com\/avatar\/6c9c02e8928cc65d54bf75157f7b3a2d06d7ad0494ca0951f679552ff03b34c1?s=96&d=mm&r=g\",\"caption\":\"Mediaplateforme\"},\"sameAs\":[\"https:\/\/www.mediaplateforme.com\"],\"url\":\"https:\/\/www.mediaplateforme.com\/fr\/author\/mohamedladib\/\"}]}<\/script>\n<!-- \/ Yoast SEO plugin. -->","yoast_head_json":{"title":"Acc\u00e9l\u00e9rer les progr\u00e8s de durabilit\u00e9 en d\u00e9veloppant les capacit\u00e9s ESG - MEDIA PLATEFORME | FR","description":"entreprises sont sous une pression grandissante au niveau mondial pour acc\u00e9l\u00e9rer leurs progr\u00e8s vers des objectifs de durabilit\u00e9 entreprises","robots":{"index":"index","follow":"follow","max-snippet":"max-snippet:-1","max-image-preview":"max-image-preview:large","max-video-preview":"max-video-preview:-1"},"canonical":"https:\/\/www.mediaplateforme.com\/fr\/accelerer-les-progres-de-durabilite-en-developpant-les-capacites-esg\/","og_locale":"fr_FR","og_type":"article","og_title":"Acc\u00e9l\u00e9rer les progr\u00e8s de durabilit\u00e9 en d\u00e9veloppant les capacit\u00e9s ESG - MEDIA PLATEFORME | FR","og_description":"entreprises sont sous une pression grandissante au niveau mondial pour acc\u00e9l\u00e9rer leurs progr\u00e8s vers des objectifs de durabilit\u00e9 entreprises","og_url":"https:\/\/www.mediaplateforme.com\/fr\/accelerer-les-progres-de-durabilite-en-developpant-les-capacites-esg\/","og_site_name":"MEDIA PLATEFORME | FR","article_published_time":"2023-07-04T11:28:01+00:00","og_image":[{"width":950,"height":534,"url":"https:\/\/www.mediaplateforme.com\/fr\/wp-content\/uploads\/sites\/5\/2023\/07\/Salima-Amira.webp","type":"image\/webp"}],"author":"Mediaplateforme","twitter_card":"summary_large_image","twitter_misc":{"\u00c9crit par":"Mediaplateforme","Dur\u00e9e de lecture estim\u00e9e":"7 minutes"},"schema":{"@context":"https:\/\/schema.org","@graph":[{"@type":"WebPage","@id":"https:\/\/www.mediaplateforme.com\/fr\/accelerer-les-progres-de-durabilite-en-developpant-les-capacites-esg\/","url":"https:\/\/www.mediaplateforme.com\/fr\/accelerer-les-progres-de-durabilite-en-developpant-les-capacites-esg\/","name":"Acc\u00e9l\u00e9rer les progr\u00e8s de durabilit\u00e9 en d\u00e9veloppant les capacit\u00e9s ESG - MEDIA PLATEFORME | FR","isPartOf":{"@id":"https:\/\/www.mediaplateforme.com\/fr\/#website"},"datePublished":"2023-07-04T11:28:01+00:00","dateModified":"2023-07-04T11:28:01+00:00","author":{"@id":"https:\/\/www.mediaplateforme.com\/fr\/#\/schema\/person\/89833db382b5db2c76b094bc902aa12a"},"description":"entreprises sont sous une pression grandissante au niveau mondial pour acc\u00e9l\u00e9rer leurs progr\u00e8s vers des objectifs de durabilit\u00e9 entreprises","breadcrumb":{"@id":"https:\/\/www.mediaplateforme.com\/fr\/accelerer-les-progres-de-durabilite-en-developpant-les-capacites-esg\/#breadcrumb"},"inLanguage":"fr-FR","potentialAction":[{"@type":"ReadAction","target":["https:\/\/www.mediaplateforme.com\/fr\/accelerer-les-progres-de-durabilite-en-developpant-les-capacites-esg\/"]}]},{"@type":"BreadcrumbList","@id":"https:\/\/www.mediaplateforme.com\/fr\/accelerer-les-progres-de-durabilite-en-developpant-les-capacites-esg\/#breadcrumb","itemListElement":[{"@type":"ListItem","position":1,"name":"\u0627\u0644\u0631\u0626\u064a\u0633\u064a\u0629","item":"https:\/\/www.mediaplateforme.com\/fr\/"},{"@type":"ListItem","position":2,"name":"Acc\u00e9l\u00e9rer les progr\u00e8s de durabilit\u00e9 en d\u00e9veloppant les capacit\u00e9s ESG"}]},{"@type":"WebSite","@id":"https:\/\/www.mediaplateforme.com\/fr\/#website","url":"https:\/\/www.mediaplateforme.com\/fr\/","name":"MEDIA PLATEFORME | FR","description":"Mediaplateforme sp\u00e9cialis\u00e9 dans la communication institutions publiques et des entreprises","potentialAction":[{"@type":"SearchAction","target":{"@type":"EntryPoint","urlTemplate":"https:\/\/www.mediaplateforme.com\/fr\/?s={search_term_string}"},"query-input":"required name=search_term_string"}],"inLanguage":"fr-FR"},{"@type":"Person","@id":"https:\/\/www.mediaplateforme.com\/fr\/#\/schema\/person\/89833db382b5db2c76b094bc902aa12a","name":"Mediaplateforme","image":{"@type":"ImageObject","inLanguage":"fr-FR","@id":"https:\/\/www.mediaplateforme.com\/fr\/#\/schema\/person\/image\/","url":"https:\/\/secure.gravatar.com\/avatar\/6c9c02e8928cc65d54bf75157f7b3a2d06d7ad0494ca0951f679552ff03b34c1?s=96&d=mm&r=g","contentUrl":"https:\/\/secure.gravatar.com\/avatar\/6c9c02e8928cc65d54bf75157f7b3a2d06d7ad0494ca0951f679552ff03b34c1?s=96&d=mm&r=g","caption":"Mediaplateforme"},"sameAs":["https:\/\/www.mediaplateforme.com"],"url":"https:\/\/www.mediaplateforme.com\/fr\/author\/mohamedladib\/"}]}},"_links":{"self":[{"href":"https:\/\/www.mediaplateforme.com\/fr\/wp-json\/wp\/v2\/posts\/3493","targetHints":{"allow":["GET"]}}],"collection":[{"href":"https:\/\/www.mediaplateforme.com\/fr\/wp-json\/wp\/v2\/posts"}],"about":[{"href":"https:\/\/www.mediaplateforme.com\/fr\/wp-json\/wp\/v2\/types\/post"}],"author":[{"embeddable":true,"href":"https:\/\/www.mediaplateforme.com\/fr\/wp-json\/wp\/v2\/users\/1"}],"replies":[{"embeddable":true,"href":"https:\/\/www.mediaplateforme.com\/fr\/wp-json\/wp\/v2\/comments?post=3493"}],"version-history":[{"count":1,"href":"https:\/\/www.mediaplateforme.com\/fr\/wp-json\/wp\/v2\/posts\/3493\/revisions"}],"predecessor-version":[{"id":3495,"href":"https:\/\/www.mediaplateforme.com\/fr\/wp-json\/wp\/v2\/posts\/3493\/revisions\/3495"}],"wp:featuredmedia":[{"embeddable":true,"href":"https:\/\/www.mediaplateforme.com\/fr\/wp-json\/wp\/v2\/media\/3494"}],"wp:attachment":[{"href":"https:\/\/www.mediaplateforme.com\/fr\/wp-json\/wp\/v2\/media?parent=3493"}],"wp:term":[{"taxonomy":"category","embeddable":true,"href":"https:\/\/www.mediaplateforme.com\/fr\/wp-json\/wp\/v2\/categories?post=3493"},{"taxonomy":"post_tag","embeddable":true,"href":"https:\/\/www.mediaplateforme.com\/fr\/wp-json\/wp\/v2\/tags?post=3493"}],"curies":[{"name":"wp","href":"https:\/\/api.w.org\/{rel}","templated":true}]}}