{"id":3490,"date":"2023-07-04T12:17:30","date_gmt":"2023-07-04T11:17:30","guid":{"rendered":"https:\/\/www.mediaplateforme.com\/fr\/?p=3490"},"modified":"2023-07-04T12:17:30","modified_gmt":"2023-07-04T11:17:30","slug":"onomo-summer-fest-une-celebration-de-la-musique-africaine-au-coeur-de-casablanca","status":"publish","type":"post","link":"https:\/\/www.mediaplateforme.com\/fr\/onomo-summer-fest-une-celebration-de-la-musique-africaine-au-coeur-de-casablanca\/","title":{"rendered":"ONOMO SUMMER FEST : UNE C\u00c9L\u00c9BRATION DE LA MUSIQUE AFRICAINE AU C\u0152UR DE CASABLANCA"},"content":{"rendered":"<p style=\"font-weight: 400;\">Le Onomo Casablanca City Center est fier d&rsquo;annoncer l&rsquo;arriv\u00e9e imminente de l&rsquo;\u00e9v\u00e9nement musical le plus envo\u00fbtant de l&rsquo;\u00e9t\u00e9 :\u00a0<strong>l&rsquo;Onomo Summer Fest.<\/strong>\u00a0Cette rencontre musicale,\u00a0tant attendue,\u00a0se tiendra le 9 juillet de 15h \u00e0 minuit dans l&rsquo;enceinte de l&rsquo;h\u00f4tel, offrant une occasion unique de d\u00e9couvrir et d&rsquo;appr\u00e9cier les rythmes enivrants de l&rsquo;Afrohouse,\u00a0l&rsquo;Afrobeat\u00a0et\u00a0l&rsquo;Amapiano.<\/p>\n<p style=\"font-weight: 400;\"><strong>L&rsquo;Onomo Summer Fest<\/strong>\u00a0est une c\u00e9l\u00e9bration vibrante de la richesse et de la diversit\u00e9 de la musique africaine contemporaine, qui\u00a0mettra en lumi\u00e8re certains des genres musicaux les plus en vogue du continent, offrant aux m\u00e9lomanes et aux amateurs de danse une exp\u00e9rience immersive et inoubliable. Avec une programmation soigneusement s\u00e9lectionn\u00e9e,\u00a0mettant en vedette des artistes renomm\u00e9s et \u00e9mergents,\u00a0<strong>l&rsquo;Onomo Summer Fest<\/strong>\u00a0promet d&rsquo;\u00eatre un v\u00e9ritable festival de sons et de rythmes africains, avec des DJ artistes\u00a0talentueux\u00a0tels que\u00a0<strong><em>Uncle Waffles, MR ID, Nadia Keira, Ginger Boy, Asna, Maro, Big Kid, Black Charles<\/em><\/strong>.<\/p>\n<p style=\"font-weight: 400;\">\n<p style=\"font-weight: 400;\"><strong>L&rsquo;Onomo Summer Fest<\/strong>\u00a0se d\u00e9roulera dans un cadre exceptionnel, et sp\u00e9cialement au niveau de la terrasse du\u00a0Onomo Casablanca City Center, sous les \u00e9toiles de Casablanca.\u00a0Cet h\u00f4tel moderne et sophistiqu\u00e9 offre un espace id\u00e9al pour accueillir cet \u00e9v\u00e9nement musical d&rsquo;envergure, avec des installations de classe mondiale et une acoustique impeccable.<\/p>\n<p style=\"font-weight: 400;\">\n<p style=\"font-weight: 400;\">Les billets pour\u00a0<strong>l&rsquo;Onomo Summer Fest<\/strong>\u00a0sont disponibles d\u00e8s maintenant sur notre site web officiel\u00a0<a href=\"http:\/\/www.onomohotels.com\/onomosummerfest\" data-saferedirecturl=\"https:\/\/www.google.com\/url?q=http:\/\/www.onomohotels.com\/onomosummerfest&amp;source=gmail&amp;ust=1688554647809000&amp;usg=AOvVaw15Wme2WgCMAsPtqKlwTYAI\">Onomo-Officiel<\/a>\u00a0et\u00a0sur\u00a0<a href=\"https:\/\/www.guichet.com\/concerts-festivals\/onomo-summer-fest\" data-saferedirecturl=\"https:\/\/www.google.com\/url?q=https:\/\/www.guichet.com\/concerts-festivals\/onomo-summer-fest&amp;source=gmail&amp;ust=1688554647809000&amp;usg=AOvVaw2yS8esFuFtDtNxsxVFWARL\">Onomo-Guichet.ma<\/a>.<\/p>\n<h4 style=\"font-weight: 400;\">\n<p><strong><em>Liens utiles\u00a0:<\/em><\/strong><\/h4>\n<p style=\"font-weight: 400;\"><a href=\"https:\/\/www.onomohotels.com\/onomosummerfest\/\" data-saferedirecturl=\"https:\/\/www.google.com\/url?q=https:\/\/www.onomohotels.com\/onomosummerfest\/&amp;source=gmail&amp;ust=1688554647809000&amp;usg=AOvVaw06CSfDCQIEEQgjn_Zw8p8Z\">https:\/\/www.onomohotels.com\/onomosummerfest\/<\/a><\/p>\n<p style=\"font-weight: 400;\"><a href=\"https:\/\/www.guichet.com\/concerts-festivals\/onomo-summer-fest\" data-saferedirecturl=\"https:\/\/www.google.com\/url?q=https:\/\/www.guichet.com\/concerts-festivals\/onomo-summer-fest&amp;source=gmail&amp;ust=1688554647809000&amp;usg=AOvVaw2yS8esFuFtDtNxsxVFWARL\">https:\/\/www.guichet.com\/concerts-festivals\/onomo-summer-fest<\/a><\/p>\n<p style=\"font-weight: 400;\">\n<h4 style=\"font-weight: 400;\"><strong><em>A propos de Onomo Hotels<\/em><\/strong><\/h4>\n<p style=\"font-weight: 400;\"><em>\u00a0<\/em><\/p>\n<p style=\"font-weight: 400;\">Premier op\u00e9rateur h\u00f4telier Africain, ONOMO Hotels op\u00e8re dans 13 pays Africains avec 22 h\u00f4tels : S\u00e9n\u00e9gal, C\u00f4te d\u2019Ivoire, Gabon, Mali, Togo, Afrique du Sud, Guin\u00e9e Conakry, Rwanda, Maroc, Cameroun, Tanzanie, Mozambique et Ouganda.<\/p>\n<p style=\"font-weight: 400;\">\n<p style=\"font-weight: 400;\">Ancr\u00e9e dans une Afrique en pleine mutation, notre marque d\u00e9ploie des h\u00f4tels c\u00e9l\u00e9brant la culture et l\u2019art africain au c\u0153ur du continent. Notre ambition : proposer une h\u00f4tellerie lifestyle mettant en valeur l\u2019identit\u00e9 et la culture locale de nos destinations.<\/p>\n<p style=\"font-weight: 400;\">\n<p style=\"font-weight: 400;\">Notre groupe a lanc\u00e9 le label ONOMO Africa\u2019s Finest, qui promeut les artistes du continent et fait conna\u00eetre les savoir-faire locaux. Le label r\u00e9unit des arts comme la musique, le cin\u00e9ma, la mode, la litt\u00e9rature, la photographie, la gastronomie et la peinture. ONOMO Africa\u2019s Finest est le porte-\u00e9tendard de ce que l\u2019Afrique a de meilleur.<\/p>\n<p style=\"font-weight: 400;\">\n<p style=\"font-weight: 400;\">Plus d\u2019informations sur\u00a0:\u00a0<a href=\"http:\/\/www.onomohotels.com\/\" data-saferedirecturl=\"https:\/\/www.google.com\/url?q=http:\/\/www.onomohotels.com\/&amp;source=gmail&amp;ust=1688554647809000&amp;usg=AOvVaw2MnmOAkfocirwOkRFjhUQD\">www.onomohotels.com<\/a><\/p>\n","protected":false},"excerpt":{"rendered":"<p>Le Onomo Casablanca City Center est fier d&rsquo;annoncer l&rsquo;arriv\u00e9e imminente de l&rsquo;\u00e9v\u00e9nement musical le plus<\/p>\n","protected":false},"author":1,"featured_media":3491,"comment_status":"open","ping_status":"open","sticky":false,"template":"","format":"standard","meta":{"_acf_changed":false,"footnotes":""},"categories":[2,3],"tags":[1104],"class_list":["post-3490","post","type-post","status-publish","format-standard","has-post-thumbnail","hentry","category-nouvelles","category-nouvelles-selectionnees","tag-onomo-casablanca-city-center"],"acf":[],"yoast_head":"<!-- This site is optimized with the Yoast SEO plugin v22.0 - https:\/\/yoast.com\/wordpress\/plugins\/seo\/ -->\n<title>ONOMO SUMMER FEST : UNE C\u00c9L\u00c9BRATION DE LA MUSIQUE AFRICAINE AU C\u0152UR DE CASABLANCA - MEDIA PLATEFORME | FR<\/title>\n<meta name=\"description\" content=\"Le Onomo Casablanca City Center est fier d&#039;annoncer l&#039;arriv\u00e9e imminente de l&#039;\u00e9v\u00e9nement musical le plus envo\u00fbtant de l&#039;\u00e9t\u00e9 ONOMO SUMMER FEST\" \/>\n<meta name=\"robots\" content=\"index, follow, max-snippet:-1, max-image-preview:large, max-video-preview:-1\" \/>\n<link rel=\"canonical\" href=\"https:\/\/www.mediaplateforme.com\/fr\/onomo-summer-fest-une-celebration-de-la-musique-africaine-au-coeur-de-casablanca\/\" \/>\n<meta property=\"og:locale\" content=\"fr_FR\" \/>\n<meta property=\"og:type\" content=\"article\" \/>\n<meta property=\"og:title\" content=\"ONOMO SUMMER FEST : UNE C\u00c9L\u00c9BRATION DE LA MUSIQUE AFRICAINE AU C\u0152UR DE CASABLANCA - MEDIA PLATEFORME | FR\" \/>\n<meta property=\"og:description\" content=\"Le Onomo Casablanca City Center est fier d&#039;annoncer l&#039;arriv\u00e9e imminente de l&#039;\u00e9v\u00e9nement musical le plus envo\u00fbtant de l&#039;\u00e9t\u00e9 ONOMO SUMMER FEST\" \/>\n<meta property=\"og:url\" content=\"https:\/\/www.mediaplateforme.com\/fr\/onomo-summer-fest-une-celebration-de-la-musique-africaine-au-coeur-de-casablanca\/\" \/>\n<meta property=\"og:site_name\" content=\"MEDIA PLATEFORME | FR\" \/>\n<meta property=\"article:published_time\" content=\"2023-07-04T11:17:30+00:00\" \/>\n<meta property=\"og:image\" content=\"https:\/\/www.mediaplateforme.com\/fr\/wp-content\/uploads\/sites\/5\/2023\/07\/onomo-summer-fest.jpg\" \/>\n\t<meta property=\"og:image:width\" content=\"1600\" \/>\n\t<meta property=\"og:image:height\" content=\"924\" \/>\n\t<meta property=\"og:image:type\" content=\"image\/jpeg\" \/>\n<meta name=\"author\" content=\"Mediaplateforme\" \/>\n<meta name=\"twitter:card\" content=\"summary_large_image\" \/>\n<meta name=\"twitter:label1\" content=\"\u00c9crit par\" \/>\n\t<meta name=\"twitter:data1\" content=\"Mediaplateforme\" \/>\n\t<meta name=\"twitter:label2\" content=\"Dur\u00e9e de lecture estim\u00e9e\" \/>\n\t<meta name=\"twitter:data2\" content=\"2 minutes\" \/>\n<script type=\"application\/ld+json\" class=\"yoast-schema-graph\">{\"@context\":\"https:\/\/schema.org\",\"@graph\":[{\"@type\":\"WebPage\",\"@id\":\"https:\/\/www.mediaplateforme.com\/fr\/onomo-summer-fest-une-celebration-de-la-musique-africaine-au-coeur-de-casablanca\/\",\"url\":\"https:\/\/www.mediaplateforme.com\/fr\/onomo-summer-fest-une-celebration-de-la-musique-africaine-au-coeur-de-casablanca\/\",\"name\":\"ONOMO SUMMER FEST : UNE C\u00c9L\u00c9BRATION DE LA MUSIQUE AFRICAINE AU C\u0152UR DE CASABLANCA - MEDIA PLATEFORME | FR\",\"isPartOf\":{\"@id\":\"https:\/\/www.mediaplateforme.com\/fr\/#website\"},\"datePublished\":\"2023-07-04T11:17:30+00:00\",\"dateModified\":\"2023-07-04T11:17:30+00:00\",\"author\":{\"@id\":\"https:\/\/www.mediaplateforme.com\/fr\/#\/schema\/person\/89833db382b5db2c76b094bc902aa12a\"},\"description\":\"Le Onomo Casablanca City Center est fier d'annoncer l'arriv\u00e9e imminente de l'\u00e9v\u00e9nement musical le plus envo\u00fbtant de l'\u00e9t\u00e9 ONOMO SUMMER FEST\",\"breadcrumb\":{\"@id\":\"https:\/\/www.mediaplateforme.com\/fr\/onomo-summer-fest-une-celebration-de-la-musique-africaine-au-coeur-de-casablanca\/#breadcrumb\"},\"inLanguage\":\"fr-FR\",\"potentialAction\":[{\"@type\":\"ReadAction\",\"target\":[\"https:\/\/www.mediaplateforme.com\/fr\/onomo-summer-fest-une-celebration-de-la-musique-africaine-au-coeur-de-casablanca\/\"]}]},{\"@type\":\"BreadcrumbList\",\"@id\":\"https:\/\/www.mediaplateforme.com\/fr\/onomo-summer-fest-une-celebration-de-la-musique-africaine-au-coeur-de-casablanca\/#breadcrumb\",\"itemListElement\":[{\"@type\":\"ListItem\",\"position\":1,\"name\":\"\u0627\u0644\u0631\u0626\u064a\u0633\u064a\u0629\",\"item\":\"https:\/\/www.mediaplateforme.com\/fr\/\"},{\"@type\":\"ListItem\",\"position\":2,\"name\":\"ONOMO SUMMER FEST : UNE C\u00c9L\u00c9BRATION DE LA MUSIQUE AFRICAINE AU C\u0152UR DE CASABLANCA\"}]},{\"@type\":\"WebSite\",\"@id\":\"https:\/\/www.mediaplateforme.com\/fr\/#website\",\"url\":\"https:\/\/www.mediaplateforme.com\/fr\/\",\"name\":\"MEDIA PLATEFORME | FR\",\"description\":\"Mediaplateforme sp\u00e9cialis\u00e9 dans la communication institutions publiques et des entreprises\",\"potentialAction\":[{\"@type\":\"SearchAction\",\"target\":{\"@type\":\"EntryPoint\",\"urlTemplate\":\"https:\/\/www.mediaplateforme.com\/fr\/?s={search_term_string}\"},\"query-input\":\"required name=search_term_string\"}],\"inLanguage\":\"fr-FR\"},{\"@type\":\"Person\",\"@id\":\"https:\/\/www.mediaplateforme.com\/fr\/#\/schema\/person\/89833db382b5db2c76b094bc902aa12a\",\"name\":\"Mediaplateforme\",\"image\":{\"@type\":\"ImageObject\",\"inLanguage\":\"fr-FR\",\"@id\":\"https:\/\/www.mediaplateforme.com\/fr\/#\/schema\/person\/image\/\",\"url\":\"https:\/\/secure.gravatar.com\/avatar\/6c9c02e8928cc65d54bf75157f7b3a2d06d7ad0494ca0951f679552ff03b34c1?s=96&d=mm&r=g\",\"contentUrl\":\"https:\/\/secure.gravatar.com\/avatar\/6c9c02e8928cc65d54bf75157f7b3a2d06d7ad0494ca0951f679552ff03b34c1?s=96&d=mm&r=g\",\"caption\":\"Mediaplateforme\"},\"sameAs\":[\"https:\/\/www.mediaplateforme.com\"],\"url\":\"https:\/\/www.mediaplateforme.com\/fr\/author\/mohamedladib\/\"}]}<\/script>\n<!-- \/ Yoast SEO plugin. -->","yoast_head_json":{"title":"ONOMO SUMMER FEST : UNE C\u00c9L\u00c9BRATION DE LA MUSIQUE AFRICAINE AU C\u0152UR DE CASABLANCA - MEDIA PLATEFORME | FR","description":"Le Onomo Casablanca City Center est fier d'annoncer l'arriv\u00e9e imminente de l'\u00e9v\u00e9nement musical le plus envo\u00fbtant de l'\u00e9t\u00e9 ONOMO SUMMER FEST","robots":{"index":"index","follow":"follow","max-snippet":"max-snippet:-1","max-image-preview":"max-image-preview:large","max-video-preview":"max-video-preview:-1"},"canonical":"https:\/\/www.mediaplateforme.com\/fr\/onomo-summer-fest-une-celebration-de-la-musique-africaine-au-coeur-de-casablanca\/","og_locale":"fr_FR","og_type":"article","og_title":"ONOMO SUMMER FEST : UNE C\u00c9L\u00c9BRATION DE LA MUSIQUE AFRICAINE AU C\u0152UR DE CASABLANCA - MEDIA PLATEFORME | FR","og_description":"Le Onomo Casablanca City Center est fier d'annoncer l'arriv\u00e9e imminente de l'\u00e9v\u00e9nement musical le plus envo\u00fbtant de l'\u00e9t\u00e9 ONOMO SUMMER FEST","og_url":"https:\/\/www.mediaplateforme.com\/fr\/onomo-summer-fest-une-celebration-de-la-musique-africaine-au-coeur-de-casablanca\/","og_site_name":"MEDIA PLATEFORME | FR","article_published_time":"2023-07-04T11:17:30+00:00","og_image":[{"width":1600,"height":924,"url":"https:\/\/www.mediaplateforme.com\/fr\/wp-content\/uploads\/sites\/5\/2023\/07\/onomo-summer-fest.jpg","type":"image\/jpeg"}],"author":"Mediaplateforme","twitter_card":"summary_large_image","twitter_misc":{"\u00c9crit par":"Mediaplateforme","Dur\u00e9e de lecture estim\u00e9e":"2 minutes"},"schema":{"@context":"https:\/\/schema.org","@graph":[{"@type":"WebPage","@id":"https:\/\/www.mediaplateforme.com\/fr\/onomo-summer-fest-une-celebration-de-la-musique-africaine-au-coeur-de-casablanca\/","url":"https:\/\/www.mediaplateforme.com\/fr\/onomo-summer-fest-une-celebration-de-la-musique-africaine-au-coeur-de-casablanca\/","name":"ONOMO SUMMER FEST : UNE C\u00c9L\u00c9BRATION DE LA MUSIQUE AFRICAINE AU C\u0152UR DE CASABLANCA - MEDIA PLATEFORME | FR","isPartOf":{"@id":"https:\/\/www.mediaplateforme.com\/fr\/#website"},"datePublished":"2023-07-04T11:17:30+00:00","dateModified":"2023-07-04T11:17:30+00:00","author":{"@id":"https:\/\/www.mediaplateforme.com\/fr\/#\/schema\/person\/89833db382b5db2c76b094bc902aa12a"},"description":"Le Onomo Casablanca City Center est fier d'annoncer l'arriv\u00e9e imminente de l'\u00e9v\u00e9nement musical le plus envo\u00fbtant de l'\u00e9t\u00e9 ONOMO SUMMER FEST","breadcrumb":{"@id":"https:\/\/www.mediaplateforme.com\/fr\/onomo-summer-fest-une-celebration-de-la-musique-africaine-au-coeur-de-casablanca\/#breadcrumb"},"inLanguage":"fr-FR","potentialAction":[{"@type":"ReadAction","target":["https:\/\/www.mediaplateforme.com\/fr\/onomo-summer-fest-une-celebration-de-la-musique-africaine-au-coeur-de-casablanca\/"]}]},{"@type":"BreadcrumbList","@id":"https:\/\/www.mediaplateforme.com\/fr\/onomo-summer-fest-une-celebration-de-la-musique-africaine-au-coeur-de-casablanca\/#breadcrumb","itemListElement":[{"@type":"ListItem","position":1,"name":"\u0627\u0644\u0631\u0626\u064a\u0633\u064a\u0629","item":"https:\/\/www.mediaplateforme.com\/fr\/"},{"@type":"ListItem","position":2,"name":"ONOMO SUMMER FEST : UNE C\u00c9L\u00c9BRATION DE LA MUSIQUE AFRICAINE AU C\u0152UR DE CASABLANCA"}]},{"@type":"WebSite","@id":"https:\/\/www.mediaplateforme.com\/fr\/#website","url":"https:\/\/www.mediaplateforme.com\/fr\/","name":"MEDIA PLATEFORME | FR","description":"Mediaplateforme sp\u00e9cialis\u00e9 dans la communication institutions publiques et des entreprises","potentialAction":[{"@type":"SearchAction","target":{"@type":"EntryPoint","urlTemplate":"https:\/\/www.mediaplateforme.com\/fr\/?s={search_term_string}"},"query-input":"required name=search_term_string"}],"inLanguage":"fr-FR"},{"@type":"Person","@id":"https:\/\/www.mediaplateforme.com\/fr\/#\/schema\/person\/89833db382b5db2c76b094bc902aa12a","name":"Mediaplateforme","image":{"@type":"ImageObject","inLanguage":"fr-FR","@id":"https:\/\/www.mediaplateforme.com\/fr\/#\/schema\/person\/image\/","url":"https:\/\/secure.gravatar.com\/avatar\/6c9c02e8928cc65d54bf75157f7b3a2d06d7ad0494ca0951f679552ff03b34c1?s=96&d=mm&r=g","contentUrl":"https:\/\/secure.gravatar.com\/avatar\/6c9c02e8928cc65d54bf75157f7b3a2d06d7ad0494ca0951f679552ff03b34c1?s=96&d=mm&r=g","caption":"Mediaplateforme"},"sameAs":["https:\/\/www.mediaplateforme.com"],"url":"https:\/\/www.mediaplateforme.com\/fr\/author\/mohamedladib\/"}]}},"_links":{"self":[{"href":"https:\/\/www.mediaplateforme.com\/fr\/wp-json\/wp\/v2\/posts\/3490","targetHints":{"allow":["GET"]}}],"collection":[{"href":"https:\/\/www.mediaplateforme.com\/fr\/wp-json\/wp\/v2\/posts"}],"about":[{"href":"https:\/\/www.mediaplateforme.com\/fr\/wp-json\/wp\/v2\/types\/post"}],"author":[{"embeddable":true,"href":"https:\/\/www.mediaplateforme.com\/fr\/wp-json\/wp\/v2\/users\/1"}],"replies":[{"embeddable":true,"href":"https:\/\/www.mediaplateforme.com\/fr\/wp-json\/wp\/v2\/comments?post=3490"}],"version-history":[{"count":1,"href":"https:\/\/www.mediaplateforme.com\/fr\/wp-json\/wp\/v2\/posts\/3490\/revisions"}],"predecessor-version":[{"id":3492,"href":"https:\/\/www.mediaplateforme.com\/fr\/wp-json\/wp\/v2\/posts\/3490\/revisions\/3492"}],"wp:featuredmedia":[{"embeddable":true,"href":"https:\/\/www.mediaplateforme.com\/fr\/wp-json\/wp\/v2\/media\/3491"}],"wp:attachment":[{"href":"https:\/\/www.mediaplateforme.com\/fr\/wp-json\/wp\/v2\/media?parent=3490"}],"wp:term":[{"taxonomy":"category","embeddable":true,"href":"https:\/\/www.mediaplateforme.com\/fr\/wp-json\/wp\/v2\/categories?post=3490"},{"taxonomy":"post_tag","embeddable":true,"href":"https:\/\/www.mediaplateforme.com\/fr\/wp-json\/wp\/v2\/tags?post=3490"}],"curies":[{"name":"wp","href":"https:\/\/api.w.org\/{rel}","templated":true}]}}