{"id":3485,"date":"2023-07-04T12:03:51","date_gmt":"2023-07-04T11:03:51","guid":{"rendered":"https:\/\/www.mediaplateforme.com\/fr\/?p=3485"},"modified":"2023-07-04T12:03:51","modified_gmt":"2023-07-04T11:03:51","slug":"air-arabia-inaugure-de-nouvelles-liaisons-aeriennes-a-partir-de-tanger","status":"publish","type":"post","link":"https:\/\/www.mediaplateforme.com\/fr\/air-arabia-inaugure-de-nouvelles-liaisons-aeriennes-a-partir-de-tanger\/","title":{"rendered":"Air Arabia inaugure de nouvelles liaisons a\u00e9riennes \u00e0 partir de Tanger"},"content":{"rendered":"<p style=\"font-weight: 400;\">Air Arabia, la compagnie a\u00e9rienne pionni\u00e8re du voyage low-cost dans la r\u00e9gion MENA, a lanc\u00e9 avec succ\u00e8s, le vendredi 23 juin, de nouveaux vols au d\u00e9part de Tanger \u00e0 destination de Palma de Majorque (Espagne) et Montpellier (France) \u00e0 fr\u00e9quence bihebdomadaire.<\/p>\n<p style=\"font-weight: 400;\">\n<p style=\"font-weight: 400;\">Deux vols inauguraux ont quitt\u00e9 la ville du D\u00e9troit, l&rsquo;un \u00e0 destination de Palma de Majorque, et l&rsquo;autre \u00e0 destination de Montpellier. La ligne pour Montpellier, lanc\u00e9e \u00e0 14h20, donnera aux passagers la chance de se plonger dans le charme du sud de la France, avec sa culture riche, ses plages splendides et sa gastronomie d\u00e9licieuse. La ligne a\u00e9rienne pour Palma de Majorque, inaugur\u00e9e \u00e0 22h40, offrira aux voyageurs l&rsquo;opportunit\u00e9 de d\u00e9couvrir l&rsquo;\u00eele m\u00e9diterran\u00e9enne pris\u00e9e pour ses plages ensoleill\u00e9es et sa vie nocturne vibrante.<\/p>\n<p style=\"font-weight: 400;\">\n<p style=\"font-weight: 400;\">Ces vols, qui viennent renforcer le r\u00e9seau europ\u00e9en d&rsquo;Air Arabia, t\u00e9moignent de l&rsquo;engagement constant de la compagnie a\u00e9rienne \u00e0 fournir aux clients une plus grande flexibilit\u00e9 de voyage avec plus de destinations.<\/p>\n<p style=\"font-weight: 400;\">\n<p style=\"font-weight: 400;\">Ces liaisons a\u00e9riennes sont le symbole de l&rsquo;engagement constant d&rsquo;Air Arabia \u00e0 innover et \u00e0 \u00e9tendre ses fronti\u00e8res. C&rsquo;est une nouvelle r\u00e9alisation, une promesse tenue, qui ouvre la voie \u00e0 une nouvelle g\u00e9n\u00e9ration de voyageurs intr\u00e9pides. En quelques clics sur le site web ou l&rsquo;application Air Arabia, les voyageurs peuvent maintenant s&rsquo;enregistrer confortablement avant leur vol.<\/p>\n<p style=\"font-weight: 400;\">\n<p style=\"font-weight: 400;\">Les passagers peuvent \u00e9galement profiter des avantages du programme de fid\u00e9lit\u00e9 d&rsquo;Air Arabia, AirRewards. Ce programme unique permet aux voyageurs de gagner des points pour toutes leurs d\u00e9penses, et ils peuvent \u00e9changer ces points contre des vols gratuits ou des services suppl\u00e9mentaires, ainsi qu&rsquo;une multitude d&rsquo;autres avantages.<\/p>\n<p style=\"font-weight: 400;\">\n<p style=\"font-weight: 400;\">L&rsquo;ajout de cette nouvelle destination illustre parfaitement la vision d&rsquo;Air Arabia. Plus qu&rsquo;une simple compagnie a\u00e9rienne, Air Arabia voit chaque passager comme un explorateur potentiel et chaque vol comme une nouvelle occasion de d\u00e9couverte.<\/p>\n<p style=\"font-weight: 400;\">\n<h4 style=\"font-weight: 400;\"><strong>A propos d&rsquo;Air Arabia Maroc :<\/strong><\/h4>\n<p style=\"font-weight: 400;\"><strong>\u00a0<\/strong><\/p>\n<p style=\"font-weight: 400;\"><em>Air Arabia Maroc est membre du groupe Air Arabia. Bas\u00e9e \u00e0 Casablanca, Air Arabia Maroc est la premi\u00e8re compagnie low-cost (LCC) du Maroc. La compagnie a\u00e9rienne a \u00e9t\u00e9 cr\u00e9\u00e9e en avril 2009. Elle se concentre essentiellement sur le confort de ses passagers, sur la fiabilit\u00e9 de ses a\u00e9ronefs et sur le rapport qualit\u00e9-prix de ses voyages a\u00e9riens.\u00a0<\/em><\/p>\n<p style=\"font-weight: 400;\"><em>Pour plus d&rsquo;informations, veuillez consulter :\u00a0<a href=\"http:\/\/www.airarabia.com\/\" data-saferedirecturl=\"https:\/\/www.google.com\/url?q=http:\/\/www.airarabia.com&amp;source=gmail&amp;ust=1688554647835000&amp;usg=AOvVaw0S27HxdPgqAK-c5LSxsF_t\">www.airarabia.com<\/a>\u00a0 \u00a0<\/em><\/p>\n","protected":false},"excerpt":{"rendered":"<p>Air Arabia, la compagnie a\u00e9rienne pionni\u00e8re du voyage low-cost dans la r\u00e9gion MENA, a lanc\u00e9<\/p>\n","protected":false},"author":1,"featured_media":143,"comment_status":"open","ping_status":"open","sticky":false,"template":"","format":"standard","meta":{"_acf_changed":false,"footnotes":""},"categories":[2,3],"tags":[55,1100,1099],"class_list":["post-3485","post","type-post","status-publish","format-standard","has-post-thumbnail","hentry","category-nouvelles","category-nouvelles-selectionnees","tag-air-arabia","tag-majorque","tag-tanger"],"acf":[],"yoast_head":"<!-- This site is optimized with the Yoast SEO plugin v22.0 - https:\/\/yoast.com\/wordpress\/plugins\/seo\/ -->\n<title>Air Arabia inaugure de nouvelles liaisons a\u00e9riennes \u00e0 partir de Tanger - MEDIA PLATEFORME | FR<\/title>\n<meta name=\"description\" content=\"Air Arabia, de nouveaux vols au d\u00e9part de Tanger \u00e0 Palma de Majorque (Espagne) et Montpellier (France) \u00e0 fr\u00e9quence bihebdomadaire.\" \/>\n<meta name=\"robots\" content=\"index, follow, max-snippet:-1, max-image-preview:large, max-video-preview:-1\" \/>\n<link rel=\"canonical\" href=\"https:\/\/www.mediaplateforme.com\/fr\/air-arabia-inaugure-de-nouvelles-liaisons-aeriennes-a-partir-de-tanger\/\" \/>\n<meta property=\"og:locale\" content=\"fr_FR\" \/>\n<meta property=\"og:type\" content=\"article\" \/>\n<meta property=\"og:title\" content=\"Air Arabia inaugure de nouvelles liaisons a\u00e9riennes \u00e0 partir de Tanger - MEDIA PLATEFORME | FR\" \/>\n<meta property=\"og:description\" content=\"Air Arabia, de nouveaux vols au d\u00e9part de Tanger \u00e0 Palma de Majorque (Espagne) et Montpellier (France) \u00e0 fr\u00e9quence bihebdomadaire.\" \/>\n<meta property=\"og:url\" content=\"https:\/\/www.mediaplateforme.com\/fr\/air-arabia-inaugure-de-nouvelles-liaisons-aeriennes-a-partir-de-tanger\/\" \/>\n<meta property=\"og:site_name\" content=\"MEDIA PLATEFORME | FR\" \/>\n<meta property=\"article:published_time\" content=\"2023-07-04T11:03:51+00:00\" \/>\n<meta property=\"og:image\" content=\"https:\/\/www.mediaplateforme.com\/fr\/wp-content\/uploads\/sites\/5\/2022\/06\/Air-Arabia-lance-la-liaison-Madrid-Nador.jpg\" \/>\n\t<meta property=\"og:image:width\" content=\"647\" \/>\n\t<meta property=\"og:image:height\" content=\"403\" \/>\n\t<meta property=\"og:image:type\" content=\"image\/jpeg\" \/>\n<meta name=\"author\" content=\"Mediaplateforme\" \/>\n<meta name=\"twitter:card\" content=\"summary_large_image\" \/>\n<meta name=\"twitter:label1\" content=\"\u00c9crit par\" \/>\n\t<meta name=\"twitter:data1\" content=\"Mediaplateforme\" \/>\n\t<meta name=\"twitter:label2\" content=\"Dur\u00e9e de lecture estim\u00e9e\" \/>\n\t<meta name=\"twitter:data2\" content=\"2 minutes\" \/>\n<script type=\"application\/ld+json\" class=\"yoast-schema-graph\">{\"@context\":\"https:\/\/schema.org\",\"@graph\":[{\"@type\":\"WebPage\",\"@id\":\"https:\/\/www.mediaplateforme.com\/fr\/air-arabia-inaugure-de-nouvelles-liaisons-aeriennes-a-partir-de-tanger\/\",\"url\":\"https:\/\/www.mediaplateforme.com\/fr\/air-arabia-inaugure-de-nouvelles-liaisons-aeriennes-a-partir-de-tanger\/\",\"name\":\"Air Arabia inaugure de nouvelles liaisons a\u00e9riennes \u00e0 partir de Tanger - MEDIA PLATEFORME | FR\",\"isPartOf\":{\"@id\":\"https:\/\/www.mediaplateforme.com\/fr\/#website\"},\"datePublished\":\"2023-07-04T11:03:51+00:00\",\"dateModified\":\"2023-07-04T11:03:51+00:00\",\"author\":{\"@id\":\"https:\/\/www.mediaplateforme.com\/fr\/#\/schema\/person\/89833db382b5db2c76b094bc902aa12a\"},\"description\":\"Air Arabia, de nouveaux vols au d\u00e9part de Tanger \u00e0 Palma de Majorque (Espagne) et Montpellier (France) \u00e0 fr\u00e9quence bihebdomadaire.\",\"breadcrumb\":{\"@id\":\"https:\/\/www.mediaplateforme.com\/fr\/air-arabia-inaugure-de-nouvelles-liaisons-aeriennes-a-partir-de-tanger\/#breadcrumb\"},\"inLanguage\":\"fr-FR\",\"potentialAction\":[{\"@type\":\"ReadAction\",\"target\":[\"https:\/\/www.mediaplateforme.com\/fr\/air-arabia-inaugure-de-nouvelles-liaisons-aeriennes-a-partir-de-tanger\/\"]}]},{\"@type\":\"BreadcrumbList\",\"@id\":\"https:\/\/www.mediaplateforme.com\/fr\/air-arabia-inaugure-de-nouvelles-liaisons-aeriennes-a-partir-de-tanger\/#breadcrumb\",\"itemListElement\":[{\"@type\":\"ListItem\",\"position\":1,\"name\":\"\u0627\u0644\u0631\u0626\u064a\u0633\u064a\u0629\",\"item\":\"https:\/\/www.mediaplateforme.com\/fr\/\"},{\"@type\":\"ListItem\",\"position\":2,\"name\":\"Air Arabia inaugure de nouvelles liaisons a\u00e9riennes \u00e0 partir de Tanger\"}]},{\"@type\":\"WebSite\",\"@id\":\"https:\/\/www.mediaplateforme.com\/fr\/#website\",\"url\":\"https:\/\/www.mediaplateforme.com\/fr\/\",\"name\":\"MEDIA PLATEFORME | FR\",\"description\":\"Mediaplateforme sp\u00e9cialis\u00e9 dans la communication institutions publiques et des entreprises\",\"potentialAction\":[{\"@type\":\"SearchAction\",\"target\":{\"@type\":\"EntryPoint\",\"urlTemplate\":\"https:\/\/www.mediaplateforme.com\/fr\/?s={search_term_string}\"},\"query-input\":\"required name=search_term_string\"}],\"inLanguage\":\"fr-FR\"},{\"@type\":\"Person\",\"@id\":\"https:\/\/www.mediaplateforme.com\/fr\/#\/schema\/person\/89833db382b5db2c76b094bc902aa12a\",\"name\":\"Mediaplateforme\",\"image\":{\"@type\":\"ImageObject\",\"inLanguage\":\"fr-FR\",\"@id\":\"https:\/\/www.mediaplateforme.com\/fr\/#\/schema\/person\/image\/\",\"url\":\"https:\/\/secure.gravatar.com\/avatar\/6c9c02e8928cc65d54bf75157f7b3a2d06d7ad0494ca0951f679552ff03b34c1?s=96&d=mm&r=g\",\"contentUrl\":\"https:\/\/secure.gravatar.com\/avatar\/6c9c02e8928cc65d54bf75157f7b3a2d06d7ad0494ca0951f679552ff03b34c1?s=96&d=mm&r=g\",\"caption\":\"Mediaplateforme\"},\"sameAs\":[\"https:\/\/www.mediaplateforme.com\"],\"url\":\"https:\/\/www.mediaplateforme.com\/fr\/author\/mohamedladib\/\"}]}<\/script>\n<!-- \/ Yoast SEO plugin. -->","yoast_head_json":{"title":"Air Arabia inaugure de nouvelles liaisons a\u00e9riennes \u00e0 partir de Tanger - MEDIA PLATEFORME | FR","description":"Air Arabia, de nouveaux vols au d\u00e9part de Tanger \u00e0 Palma de Majorque (Espagne) et Montpellier (France) \u00e0 fr\u00e9quence bihebdomadaire.","robots":{"index":"index","follow":"follow","max-snippet":"max-snippet:-1","max-image-preview":"max-image-preview:large","max-video-preview":"max-video-preview:-1"},"canonical":"https:\/\/www.mediaplateforme.com\/fr\/air-arabia-inaugure-de-nouvelles-liaisons-aeriennes-a-partir-de-tanger\/","og_locale":"fr_FR","og_type":"article","og_title":"Air Arabia inaugure de nouvelles liaisons a\u00e9riennes \u00e0 partir de Tanger - MEDIA PLATEFORME | FR","og_description":"Air Arabia, de nouveaux vols au d\u00e9part de Tanger \u00e0 Palma de Majorque (Espagne) et Montpellier (France) \u00e0 fr\u00e9quence bihebdomadaire.","og_url":"https:\/\/www.mediaplateforme.com\/fr\/air-arabia-inaugure-de-nouvelles-liaisons-aeriennes-a-partir-de-tanger\/","og_site_name":"MEDIA PLATEFORME | FR","article_published_time":"2023-07-04T11:03:51+00:00","og_image":[{"width":647,"height":403,"url":"https:\/\/www.mediaplateforme.com\/fr\/wp-content\/uploads\/sites\/5\/2022\/06\/Air-Arabia-lance-la-liaison-Madrid-Nador.jpg","type":"image\/jpeg"}],"author":"Mediaplateforme","twitter_card":"summary_large_image","twitter_misc":{"\u00c9crit par":"Mediaplateforme","Dur\u00e9e de lecture estim\u00e9e":"2 minutes"},"schema":{"@context":"https:\/\/schema.org","@graph":[{"@type":"WebPage","@id":"https:\/\/www.mediaplateforme.com\/fr\/air-arabia-inaugure-de-nouvelles-liaisons-aeriennes-a-partir-de-tanger\/","url":"https:\/\/www.mediaplateforme.com\/fr\/air-arabia-inaugure-de-nouvelles-liaisons-aeriennes-a-partir-de-tanger\/","name":"Air Arabia inaugure de nouvelles liaisons a\u00e9riennes \u00e0 partir de Tanger - MEDIA PLATEFORME | FR","isPartOf":{"@id":"https:\/\/www.mediaplateforme.com\/fr\/#website"},"datePublished":"2023-07-04T11:03:51+00:00","dateModified":"2023-07-04T11:03:51+00:00","author":{"@id":"https:\/\/www.mediaplateforme.com\/fr\/#\/schema\/person\/89833db382b5db2c76b094bc902aa12a"},"description":"Air Arabia, de nouveaux vols au d\u00e9part de Tanger \u00e0 Palma de Majorque (Espagne) et Montpellier (France) \u00e0 fr\u00e9quence bihebdomadaire.","breadcrumb":{"@id":"https:\/\/www.mediaplateforme.com\/fr\/air-arabia-inaugure-de-nouvelles-liaisons-aeriennes-a-partir-de-tanger\/#breadcrumb"},"inLanguage":"fr-FR","potentialAction":[{"@type":"ReadAction","target":["https:\/\/www.mediaplateforme.com\/fr\/air-arabia-inaugure-de-nouvelles-liaisons-aeriennes-a-partir-de-tanger\/"]}]},{"@type":"BreadcrumbList","@id":"https:\/\/www.mediaplateforme.com\/fr\/air-arabia-inaugure-de-nouvelles-liaisons-aeriennes-a-partir-de-tanger\/#breadcrumb","itemListElement":[{"@type":"ListItem","position":1,"name":"\u0627\u0644\u0631\u0626\u064a\u0633\u064a\u0629","item":"https:\/\/www.mediaplateforme.com\/fr\/"},{"@type":"ListItem","position":2,"name":"Air Arabia inaugure de nouvelles liaisons a\u00e9riennes \u00e0 partir de Tanger"}]},{"@type":"WebSite","@id":"https:\/\/www.mediaplateforme.com\/fr\/#website","url":"https:\/\/www.mediaplateforme.com\/fr\/","name":"MEDIA PLATEFORME | FR","description":"Mediaplateforme sp\u00e9cialis\u00e9 dans la communication institutions publiques et des entreprises","potentialAction":[{"@type":"SearchAction","target":{"@type":"EntryPoint","urlTemplate":"https:\/\/www.mediaplateforme.com\/fr\/?s={search_term_string}"},"query-input":"required name=search_term_string"}],"inLanguage":"fr-FR"},{"@type":"Person","@id":"https:\/\/www.mediaplateforme.com\/fr\/#\/schema\/person\/89833db382b5db2c76b094bc902aa12a","name":"Mediaplateforme","image":{"@type":"ImageObject","inLanguage":"fr-FR","@id":"https:\/\/www.mediaplateforme.com\/fr\/#\/schema\/person\/image\/","url":"https:\/\/secure.gravatar.com\/avatar\/6c9c02e8928cc65d54bf75157f7b3a2d06d7ad0494ca0951f679552ff03b34c1?s=96&d=mm&r=g","contentUrl":"https:\/\/secure.gravatar.com\/avatar\/6c9c02e8928cc65d54bf75157f7b3a2d06d7ad0494ca0951f679552ff03b34c1?s=96&d=mm&r=g","caption":"Mediaplateforme"},"sameAs":["https:\/\/www.mediaplateforme.com"],"url":"https:\/\/www.mediaplateforme.com\/fr\/author\/mohamedladib\/"}]}},"_links":{"self":[{"href":"https:\/\/www.mediaplateforme.com\/fr\/wp-json\/wp\/v2\/posts\/3485","targetHints":{"allow":["GET"]}}],"collection":[{"href":"https:\/\/www.mediaplateforme.com\/fr\/wp-json\/wp\/v2\/posts"}],"about":[{"href":"https:\/\/www.mediaplateforme.com\/fr\/wp-json\/wp\/v2\/types\/post"}],"author":[{"embeddable":true,"href":"https:\/\/www.mediaplateforme.com\/fr\/wp-json\/wp\/v2\/users\/1"}],"replies":[{"embeddable":true,"href":"https:\/\/www.mediaplateforme.com\/fr\/wp-json\/wp\/v2\/comments?post=3485"}],"version-history":[{"count":1,"href":"https:\/\/www.mediaplateforme.com\/fr\/wp-json\/wp\/v2\/posts\/3485\/revisions"}],"predecessor-version":[{"id":3486,"href":"https:\/\/www.mediaplateforme.com\/fr\/wp-json\/wp\/v2\/posts\/3485\/revisions\/3486"}],"wp:featuredmedia":[{"embeddable":true,"href":"https:\/\/www.mediaplateforme.com\/fr\/wp-json\/wp\/v2\/media\/143"}],"wp:attachment":[{"href":"https:\/\/www.mediaplateforme.com\/fr\/wp-json\/wp\/v2\/media?parent=3485"}],"wp:term":[{"taxonomy":"category","embeddable":true,"href":"https:\/\/www.mediaplateforme.com\/fr\/wp-json\/wp\/v2\/categories?post=3485"},{"taxonomy":"post_tag","embeddable":true,"href":"https:\/\/www.mediaplateforme.com\/fr\/wp-json\/wp\/v2\/tags?post=3485"}],"curies":[{"name":"wp","href":"https:\/\/api.w.org\/{rel}","templated":true}]}}