{"id":348,"date":"2022-07-02T10:30:16","date_gmt":"2022-07-02T09:30:16","guid":{"rendered":"https:\/\/www.mediaplateforme.com\/fr\/?p=348"},"modified":"2022-07-02T11:26:08","modified_gmt":"2022-07-02T10:26:08","slug":"remise-des-prix-de-la-deuxieme-phase-du-programme-educatif-inwi-challenge","status":"publish","type":"post","link":"https:\/\/www.mediaplateforme.com\/fr\/remise-des-prix-de-la-deuxieme-phase-du-programme-educatif-inwi-challenge\/","title":{"rendered":"Remise des prix de la deuxi\u00e8me phase du programme \u00e9ducatif \u00ab inwi Challenge \u00bb"},"content":{"rendered":"<ol>\n<li style=\"font-weight: 400;\"><strong> Chakib Benmoussa, Ministre de l\u2019Education Nationale, du Pr\u00e9scolaire et des Sports, et M. Azdine El Mountassir Billah, <\/strong><strong>Pr\u00e9sident Directeur G\u00e9n\u00e9ral de inwi, ont pr\u00e9sid\u00e9, ce vendredi 1 juillet, la c\u00e9r\u00e9monie de remise des prix aux \u00e9l\u00e8ves et \u00e9tablissements scolaires gagnants de la 2<sup>\u00e8me<\/sup>phase du programme \u00e9ducatif \u00ab\u00a0inwi Challenge\u00a0\u00bb.<\/strong><\/li>\n<\/ol>\n<p style=\"font-weight: 400;\">Bas\u00e9 autour d\u2019ateliers ludo-\u00e9ducatifs du jeu Minecraft Education Edition, le programme \u00ab\u00a0inwi <a href=\"https:\/\/inwi.ma\/inwi-challenge\">Challenge<\/a>\u00a0\u00bb s\u2019inscrit dans le cadre des actions pour l\u2019am\u00e9lioration de l\u2019apprentissage et de l\u2019\u00e9ducation, men\u00e9es par le d\u00e9partement de l\u2019Education Nationale avec ses partenaires et les \u00e9tablissements qui op\u00e8rent dans l\u2019int\u00e9gration de la technologie de l\u2019information et de la communication dans l\u2019enseignement.<\/p>\n<p style=\"font-weight: 400;\">\u00ab\u00a0inwi Challenge\u00a0\u00bb est, dans ce sens, la mat\u00e9rialisation de l\u2019engagement de l\u2019op\u00e9rateur inwi dans le secteur de l\u2019\u00e9ducation, en faisant du num\u00e9rique un levier d\u2019excellence dans le syst\u00e8me scolaire national. C\u2019est un exemple concret de l\u2019accompagnement de proximit\u00e9 et de qualit\u00e9 apport\u00e9 par l\u2019op\u00e9rateur global aux \u00e9l\u00e8ves d\u2019\u00e9coles, en int\u00e9grant la technologie et le num\u00e9rique pour am\u00e9liorer le quotidien et l\u2019apprentissage dans le monde rural.<\/p>\n<p style=\"font-weight: 400;\">Les phases qualificatives de cette comp\u00e9tition \u00e9ducative ont \u00e9t\u00e9 lanc\u00e9es en avril 2022 avec la participation plus de 10000 \u00e9l\u00e8ves issus de 163 \u00e9tablissements scolaires. Ces \u00e9l\u00e8ves ont re\u00e7u, chacun, une formation dans plusieurs disciplines\u00a0: les math\u00e9matiques, l\u2019histoire, les langues&#8230;etc, encadr\u00e9s par 190 professeurs pr\u00e9alablement form\u00e9s, avec le soutien de formateurs b\u00e9n\u00e9voles d\u2019Injaz Al Maghrib et des encadrants de la soci\u00e9t\u00e9 \u00ab\u00a0DynIt\u00a0\u00bb.<\/p>\n<p style=\"font-weight: 400;\">Les ateliers \u00ab\u00a0inwi Challenge\u00a0\u00bb et les comp\u00e9titions r\u00e9gionales ont \u00e9t\u00e9 organis\u00e9s dans les salles multim\u00e9dia des \u00e9tablissements, gr\u00e2ce \u00e0 la licence Minecraft Education offerte par inwi \u00e0 l\u2019ensemble des \u00e9l\u00e8ves participants.<\/p>\n<p style=\"font-weight: 400;\">L\u2019\u00e9dition de cette ann\u00e9e a ainsi c\u00e9l\u00e9br\u00e9 \u00e0 la fois les coll\u00e8ges et les lyc\u00e9es.<\/p>\n<p style=\"font-weight: 400;\">Les 3 coll\u00e8ges r\u00e9compens\u00e9s du 1<sup>er<\/sup>\u00a0prix sont : le\u00a0<strong><em>Coll\u00e8ge Ibn Battouta\u00a0<\/em><\/strong>de l\u2019acad\u00e9mie Tanger &#8211; Tetouan &#8211; Alhouceima, le\u00a0<strong><em>Coll\u00e8ge Al Fadila\u00a0<\/em><\/strong>de l\u2019acad\u00e9mie Guelmim-Oued Noun et\u00a0<strong><em>le Coll\u00e8ge El Mansour Eddahbi<\/em><\/strong>\u00a0de l\u2019acad\u00e9mie de Marrakech-Safi.<\/p>\n<p style=\"font-weight: 400;\">Les 3 lyc\u00e9es r\u00e9compens\u00e9s du 1<sup>er<\/sup>\u00a0prix sont : le\u00a0<strong><em>Lyc\u00e9e Moulay Ali Cherif\u00a0<\/em><\/strong>de l\u2019acad\u00e9mie Dr\u00e2a Tafilalt, le\u00a0<strong><em>Lyc\u00e9e El Mansour Dahbi\u00a0<\/em><\/strong>de l\u2019acad\u00e9mie F\u00e8s-Mekn\u00e8s et\u00a0<strong><em>le Lyc\u00e9e Qualifiant Omar Ibn Abdelaziz<\/em><\/strong>\u00a0de l\u2019acad\u00e9mie de Casablanca-Settat.<\/p>\n<p style=\"font-weight: 400;\">\n<p style=\"font-weight: 400;\">Pour rappel, la 1<sup>\u00e8re<\/sup>\u00a0phase de ce programme, qui s\u2019est d\u00e9roul\u00e9e durant l\u2019ann\u00e9e scolaire 2020-2021 et qui s\u2019est \u00e9tal\u00e9e sur 4 mois, avait enregistr\u00e9 la participation de 39 \u00e9tablissements scolaires au sein de 3 acad\u00e9mies r\u00e9gionales, et ce, au profit de plus de 3000 \u00e9l\u00e8ves des \u00e9tablissements concern\u00e9s.<\/p>\n","protected":false},"excerpt":{"rendered":"<p>Chakib Benmoussa, Ministre de l\u2019Education Nationale, du Pr\u00e9scolaire et des Sports, et M. Azdine El<\/p>\n","protected":false},"author":1,"featured_media":349,"comment_status":"open","ping_status":"open","sticky":false,"template":"","format":"standard","meta":{"_acf_changed":false,"footnotes":""},"categories":[7,3],"tags":[157,156,154,155],"class_list":["post-348","post","type-post","status-publish","format-standard","has-post-thumbnail","hentry","category-articles","category-nouvelles-selectionnees","tag-azdine-el-mountassir","tag-chakib-benmoussa","tag-inwi","tag-inwi-challenge"],"acf":[],"yoast_head":"<!-- This site is optimized with the Yoast SEO plugin v22.0 - https:\/\/yoast.com\/wordpress\/plugins\/seo\/ -->\n<title>Remise des prix de la deuxi\u00e8me phase du programme \u00e9ducatif \u00ab inwi Challenge \u00bb - MEDIA PLATEFORME | FR<\/title>\n<meta name=\"description\" content=\"Ministre de l\u2019Education et PDG de inwi, ont pr\u00e9sid\u00e9, la c\u00e9r\u00e9monie de remise des prix aux \u00e9l\u00e8ves et \u00e9tablissements scolaires gagnants\" \/>\n<meta name=\"robots\" content=\"index, follow, max-snippet:-1, max-image-preview:large, max-video-preview:-1\" \/>\n<link rel=\"canonical\" href=\"https:\/\/www.mediaplateforme.com\/fr\/remise-des-prix-de-la-deuxieme-phase-du-programme-educatif-inwi-challenge\/\" \/>\n<meta property=\"og:locale\" content=\"fr_FR\" \/>\n<meta property=\"og:type\" content=\"article\" \/>\n<meta property=\"og:title\" content=\"Remise des prix de la deuxi\u00e8me phase du programme \u00e9ducatif \u00ab inwi Challenge \u00bb - MEDIA PLATEFORME | FR\" \/>\n<meta property=\"og:description\" content=\"Ministre de l\u2019Education et PDG de inwi, ont pr\u00e9sid\u00e9, la c\u00e9r\u00e9monie de remise des prix aux \u00e9l\u00e8ves et \u00e9tablissements scolaires gagnants\" \/>\n<meta property=\"og:url\" content=\"https:\/\/www.mediaplateforme.com\/fr\/remise-des-prix-de-la-deuxieme-phase-du-programme-educatif-inwi-challenge\/\" \/>\n<meta property=\"og:site_name\" content=\"MEDIA PLATEFORME | FR\" \/>\n<meta property=\"article:published_time\" content=\"2022-07-02T09:30:16+00:00\" \/>\n<meta property=\"article:modified_time\" content=\"2022-07-02T10:26:08+00:00\" \/>\n<meta property=\"og:image\" content=\"https:\/\/www.mediaplateforme.com\/fr\/wp-content\/uploads\/sites\/5\/2022\/07\/IMG_20220701_203022.jpg\" \/>\n\t<meta property=\"og:image:width\" content=\"1835\" \/>\n\t<meta property=\"og:image:height\" content=\"1183\" \/>\n\t<meta property=\"og:image:type\" content=\"image\/jpeg\" \/>\n<meta name=\"author\" content=\"Mediaplateforme\" \/>\n<meta name=\"twitter:card\" content=\"summary_large_image\" \/>\n<meta name=\"twitter:label1\" content=\"\u00c9crit par\" \/>\n\t<meta name=\"twitter:data1\" content=\"Mediaplateforme\" \/>\n\t<meta name=\"twitter:label2\" content=\"Dur\u00e9e de lecture estim\u00e9e\" \/>\n\t<meta name=\"twitter:data2\" content=\"2 minutes\" \/>\n<script type=\"application\/ld+json\" class=\"yoast-schema-graph\">{\"@context\":\"https:\/\/schema.org\",\"@graph\":[{\"@type\":\"WebPage\",\"@id\":\"https:\/\/www.mediaplateforme.com\/fr\/remise-des-prix-de-la-deuxieme-phase-du-programme-educatif-inwi-challenge\/\",\"url\":\"https:\/\/www.mediaplateforme.com\/fr\/remise-des-prix-de-la-deuxieme-phase-du-programme-educatif-inwi-challenge\/\",\"name\":\"Remise des prix de la deuxi\u00e8me phase du programme \u00e9ducatif \u00ab inwi Challenge \u00bb - MEDIA PLATEFORME | FR\",\"isPartOf\":{\"@id\":\"https:\/\/www.mediaplateforme.com\/fr\/#website\"},\"datePublished\":\"2022-07-02T09:30:16+00:00\",\"dateModified\":\"2022-07-02T10:26:08+00:00\",\"author\":{\"@id\":\"https:\/\/www.mediaplateforme.com\/fr\/#\/schema\/person\/89833db382b5db2c76b094bc902aa12a\"},\"description\":\"Ministre de l\u2019Education et PDG de inwi, ont pr\u00e9sid\u00e9, la c\u00e9r\u00e9monie de remise des prix aux \u00e9l\u00e8ves et \u00e9tablissements scolaires gagnants\",\"breadcrumb\":{\"@id\":\"https:\/\/www.mediaplateforme.com\/fr\/remise-des-prix-de-la-deuxieme-phase-du-programme-educatif-inwi-challenge\/#breadcrumb\"},\"inLanguage\":\"fr-FR\",\"potentialAction\":[{\"@type\":\"ReadAction\",\"target\":[\"https:\/\/www.mediaplateforme.com\/fr\/remise-des-prix-de-la-deuxieme-phase-du-programme-educatif-inwi-challenge\/\"]}]},{\"@type\":\"BreadcrumbList\",\"@id\":\"https:\/\/www.mediaplateforme.com\/fr\/remise-des-prix-de-la-deuxieme-phase-du-programme-educatif-inwi-challenge\/#breadcrumb\",\"itemListElement\":[{\"@type\":\"ListItem\",\"position\":1,\"name\":\"\u0627\u0644\u0631\u0626\u064a\u0633\u064a\u0629\",\"item\":\"https:\/\/www.mediaplateforme.com\/fr\/\"},{\"@type\":\"ListItem\",\"position\":2,\"name\":\"Remise des prix de la deuxi\u00e8me phase du programme \u00e9ducatif \u00ab inwi Challenge \u00bb\"}]},{\"@type\":\"WebSite\",\"@id\":\"https:\/\/www.mediaplateforme.com\/fr\/#website\",\"url\":\"https:\/\/www.mediaplateforme.com\/fr\/\",\"name\":\"MEDIA PLATEFORME | FR\",\"description\":\"Mediaplateforme sp\u00e9cialis\u00e9 dans la communication institutions publiques et des entreprises\",\"potentialAction\":[{\"@type\":\"SearchAction\",\"target\":{\"@type\":\"EntryPoint\",\"urlTemplate\":\"https:\/\/www.mediaplateforme.com\/fr\/?s={search_term_string}\"},\"query-input\":\"required name=search_term_string\"}],\"inLanguage\":\"fr-FR\"},{\"@type\":\"Person\",\"@id\":\"https:\/\/www.mediaplateforme.com\/fr\/#\/schema\/person\/89833db382b5db2c76b094bc902aa12a\",\"name\":\"Mediaplateforme\",\"image\":{\"@type\":\"ImageObject\",\"inLanguage\":\"fr-FR\",\"@id\":\"https:\/\/www.mediaplateforme.com\/fr\/#\/schema\/person\/image\/\",\"url\":\"https:\/\/secure.gravatar.com\/avatar\/6c9c02e8928cc65d54bf75157f7b3a2d06d7ad0494ca0951f679552ff03b34c1?s=96&d=mm&r=g\",\"contentUrl\":\"https:\/\/secure.gravatar.com\/avatar\/6c9c02e8928cc65d54bf75157f7b3a2d06d7ad0494ca0951f679552ff03b34c1?s=96&d=mm&r=g\",\"caption\":\"Mediaplateforme\"},\"sameAs\":[\"https:\/\/www.mediaplateforme.com\"],\"url\":\"https:\/\/www.mediaplateforme.com\/fr\/author\/mohamedladib\/\"}]}<\/script>\n<!-- \/ Yoast SEO plugin. -->","yoast_head_json":{"title":"Remise des prix de la deuxi\u00e8me phase du programme \u00e9ducatif \u00ab inwi Challenge \u00bb - MEDIA PLATEFORME | FR","description":"Ministre de l\u2019Education et PDG de inwi, ont pr\u00e9sid\u00e9, la c\u00e9r\u00e9monie de remise des prix aux \u00e9l\u00e8ves et \u00e9tablissements scolaires gagnants","robots":{"index":"index","follow":"follow","max-snippet":"max-snippet:-1","max-image-preview":"max-image-preview:large","max-video-preview":"max-video-preview:-1"},"canonical":"https:\/\/www.mediaplateforme.com\/fr\/remise-des-prix-de-la-deuxieme-phase-du-programme-educatif-inwi-challenge\/","og_locale":"fr_FR","og_type":"article","og_title":"Remise des prix de la deuxi\u00e8me phase du programme \u00e9ducatif \u00ab inwi Challenge \u00bb - MEDIA PLATEFORME | FR","og_description":"Ministre de l\u2019Education et PDG de inwi, ont pr\u00e9sid\u00e9, la c\u00e9r\u00e9monie de remise des prix aux \u00e9l\u00e8ves et \u00e9tablissements scolaires gagnants","og_url":"https:\/\/www.mediaplateforme.com\/fr\/remise-des-prix-de-la-deuxieme-phase-du-programme-educatif-inwi-challenge\/","og_site_name":"MEDIA PLATEFORME | FR","article_published_time":"2022-07-02T09:30:16+00:00","article_modified_time":"2022-07-02T10:26:08+00:00","og_image":[{"width":1835,"height":1183,"url":"https:\/\/www.mediaplateforme.com\/fr\/wp-content\/uploads\/sites\/5\/2022\/07\/IMG_20220701_203022.jpg","type":"image\/jpeg"}],"author":"Mediaplateforme","twitter_card":"summary_large_image","twitter_misc":{"\u00c9crit par":"Mediaplateforme","Dur\u00e9e de lecture estim\u00e9e":"2 minutes"},"schema":{"@context":"https:\/\/schema.org","@graph":[{"@type":"WebPage","@id":"https:\/\/www.mediaplateforme.com\/fr\/remise-des-prix-de-la-deuxieme-phase-du-programme-educatif-inwi-challenge\/","url":"https:\/\/www.mediaplateforme.com\/fr\/remise-des-prix-de-la-deuxieme-phase-du-programme-educatif-inwi-challenge\/","name":"Remise des prix de la deuxi\u00e8me phase du programme \u00e9ducatif \u00ab inwi Challenge \u00bb - MEDIA PLATEFORME | FR","isPartOf":{"@id":"https:\/\/www.mediaplateforme.com\/fr\/#website"},"datePublished":"2022-07-02T09:30:16+00:00","dateModified":"2022-07-02T10:26:08+00:00","author":{"@id":"https:\/\/www.mediaplateforme.com\/fr\/#\/schema\/person\/89833db382b5db2c76b094bc902aa12a"},"description":"Ministre de l\u2019Education et PDG de inwi, ont pr\u00e9sid\u00e9, la c\u00e9r\u00e9monie de remise des prix aux \u00e9l\u00e8ves et \u00e9tablissements scolaires gagnants","breadcrumb":{"@id":"https:\/\/www.mediaplateforme.com\/fr\/remise-des-prix-de-la-deuxieme-phase-du-programme-educatif-inwi-challenge\/#breadcrumb"},"inLanguage":"fr-FR","potentialAction":[{"@type":"ReadAction","target":["https:\/\/www.mediaplateforme.com\/fr\/remise-des-prix-de-la-deuxieme-phase-du-programme-educatif-inwi-challenge\/"]}]},{"@type":"BreadcrumbList","@id":"https:\/\/www.mediaplateforme.com\/fr\/remise-des-prix-de-la-deuxieme-phase-du-programme-educatif-inwi-challenge\/#breadcrumb","itemListElement":[{"@type":"ListItem","position":1,"name":"\u0627\u0644\u0631\u0626\u064a\u0633\u064a\u0629","item":"https:\/\/www.mediaplateforme.com\/fr\/"},{"@type":"ListItem","position":2,"name":"Remise des prix de la deuxi\u00e8me phase du programme \u00e9ducatif \u00ab inwi Challenge \u00bb"}]},{"@type":"WebSite","@id":"https:\/\/www.mediaplateforme.com\/fr\/#website","url":"https:\/\/www.mediaplateforme.com\/fr\/","name":"MEDIA PLATEFORME | FR","description":"Mediaplateforme sp\u00e9cialis\u00e9 dans la communication institutions publiques et des entreprises","potentialAction":[{"@type":"SearchAction","target":{"@type":"EntryPoint","urlTemplate":"https:\/\/www.mediaplateforme.com\/fr\/?s={search_term_string}"},"query-input":"required name=search_term_string"}],"inLanguage":"fr-FR"},{"@type":"Person","@id":"https:\/\/www.mediaplateforme.com\/fr\/#\/schema\/person\/89833db382b5db2c76b094bc902aa12a","name":"Mediaplateforme","image":{"@type":"ImageObject","inLanguage":"fr-FR","@id":"https:\/\/www.mediaplateforme.com\/fr\/#\/schema\/person\/image\/","url":"https:\/\/secure.gravatar.com\/avatar\/6c9c02e8928cc65d54bf75157f7b3a2d06d7ad0494ca0951f679552ff03b34c1?s=96&d=mm&r=g","contentUrl":"https:\/\/secure.gravatar.com\/avatar\/6c9c02e8928cc65d54bf75157f7b3a2d06d7ad0494ca0951f679552ff03b34c1?s=96&d=mm&r=g","caption":"Mediaplateforme"},"sameAs":["https:\/\/www.mediaplateforme.com"],"url":"https:\/\/www.mediaplateforme.com\/fr\/author\/mohamedladib\/"}]}},"_links":{"self":[{"href":"https:\/\/www.mediaplateforme.com\/fr\/wp-json\/wp\/v2\/posts\/348","targetHints":{"allow":["GET"]}}],"collection":[{"href":"https:\/\/www.mediaplateforme.com\/fr\/wp-json\/wp\/v2\/posts"}],"about":[{"href":"https:\/\/www.mediaplateforme.com\/fr\/wp-json\/wp\/v2\/types\/post"}],"author":[{"embeddable":true,"href":"https:\/\/www.mediaplateforme.com\/fr\/wp-json\/wp\/v2\/users\/1"}],"replies":[{"embeddable":true,"href":"https:\/\/www.mediaplateforme.com\/fr\/wp-json\/wp\/v2\/comments?post=348"}],"version-history":[{"count":0,"href":"https:\/\/www.mediaplateforme.com\/fr\/wp-json\/wp\/v2\/posts\/348\/revisions"}],"wp:featuredmedia":[{"embeddable":true,"href":"https:\/\/www.mediaplateforme.com\/fr\/wp-json\/wp\/v2\/media\/349"}],"wp:attachment":[{"href":"https:\/\/www.mediaplateforme.com\/fr\/wp-json\/wp\/v2\/media?parent=348"}],"wp:term":[{"taxonomy":"category","embeddable":true,"href":"https:\/\/www.mediaplateforme.com\/fr\/wp-json\/wp\/v2\/categories?post=348"},{"taxonomy":"post_tag","embeddable":true,"href":"https:\/\/www.mediaplateforme.com\/fr\/wp-json\/wp\/v2\/tags?post=348"}],"curies":[{"name":"wp","href":"https:\/\/api.w.org\/{rel}","templated":true}]}}