{"id":3449,"date":"2023-06-22T19:01:19","date_gmt":"2023-06-22T18:01:19","guid":{"rendered":"https:\/\/www.mediaplateforme.com\/fr\/?p=3449"},"modified":"2023-06-22T19:01:19","modified_gmt":"2023-06-22T18:01:19","slug":"baker-tilly-burj-finance-continue-doeuvrer-pour-la-consolidation-du-secteur-de-leducation-au-maroc","status":"publish","type":"post","link":"https:\/\/www.mediaplateforme.com\/fr\/baker-tilly-burj-finance-continue-doeuvrer-pour-la-consolidation-du-secteur-de-leducation-au-maroc\/","title":{"rendered":"Baker Tilly Burj Finance continue d\u2019\u0153uvrer pour la consolidation du secteur de l\u2019\u00c9ducation au Maroc"},"content":{"rendered":"<p style=\"font-weight: 400;\">Baker Tilly Burj Finance est heureuse d\u2019annoncer la r\u00e9alisation de l\u2019op\u00e9ration d\u2019acquisition de COM\u2019SUP par le Groupe EDVANTIS Higher Education. Le Groupe consolide ainsi son portefeuille incluant\u00a0: l&rsquo;ISGA \u00c9cole d&rsquo;Ing\u00e9nieur.e.s, l&rsquo;ISGA \u00c9cole de Management et ARTCOM&rsquo;SUP \u00c9cole de Design.<\/p>\n<p style=\"font-weight: 400;\">En qualit\u00e9 de coordinateur financier global de cette op\u00e9ration de capital transmission, Baker Tilly Burj Finance a travaill\u00e9 en \u00e9troite collaboration avec M. Azzeddine Lazrak, fondateur de COM\u2019SUP ainsi que le management du Groupe EDVANTIS Higher Education pour assurer la bonne conduite de la transaction.<\/p>\n<p style=\"font-weight: 400;\">Pour rappel, Baker Tilly Burj Finance a conseill\u00e9 en novembre 2021 les actionnaires du Groupe ISGA lors de la cession majoritaire de leurs participations \u00e0 AfricInvest et \u00e0 Dr. Tawhid Chtioui, respectivement un acteur majeur du capital-investissement panafricain et un entrepreneur dans le domaine de l&rsquo;enseignement sup\u00e9rieur. En 2022, Baker Tilly Burj Finance a jou\u00e9 un r\u00f4le cl\u00e9 en accompagnant ARTCOM\u2019SUP, l&rsquo;\u00e9cole de r\u00e9f\u00e9rence dans le domaine du design au Maroc, lors de sa cession au Groupe ISGA, donnant ainsi naissance au prestigieux Groupe EDVANTIS Higher Education.<\/p>\n<p style=\"font-weight: 400;\">Baker Tilly Burj Finance r\u00e9affirme ainsi son engagement \u00e0 accompagner ses clients dans leur d\u00e9veloppement \u00e0 long terme.<\/p>\n<p style=\"font-weight: 400;\"><strong>\u00a0<\/strong><\/p>\n<p style=\"font-weight: 400;\"><strong>R\u00e9f\u00e9rences de Baker Tilly Maroc dans le secteur de l\u2019\u00c9ducation<\/strong><\/p>\n<ul>\n<li style=\"font-weight: 400;\">Conseil de EDVANTIS Higher Education et Com\u2019Sup le cadre de leur rapprochement (2023)<\/li>\n<li style=\"font-weight: 400;\">Conseil des actionnaires de Art\u2019Com Sup dans le cadre d\u2019une cession de leurs participations au Groupe ISGA (2022)<\/li>\n<li style=\"font-weight: 400;\">Conseil des actionnaires de l\u2019ISGA dans le cadre d\u2019une cession de leurs participations \u00e0 AfricInvest (2021)<\/li>\n<li style=\"font-weight: 400;\">Conseil des actionnaires dans le cadre de la cession de l&rsquo;\u00c9cole Marocaine des Sciences de l&rsquo;Ing\u00e9nieur (EMSI) au r\u00e9seau panafricain Honoris\u00a0\u00a0 \u00a0 \u00a0 \u00a0\u00a0United Universites \u2013 Actis (2018)<\/li>\n<li style=\"font-weight: 400;\">Conseil de l\u2019\u00c9cole d\u2019Architecture de Casablanca dans son adossement au r\u00e9seau panafricain Honoris United Universities (2017)<\/li>\n<\/ul>\n<p style=\"font-weight: 400;\"><strong>Conseils de l\u2019op\u00e9ration<\/strong><\/p>\n<p style=\"font-weight: 400;\"><strong>Conseiller financier et coordinateur global de l\u2019op\u00e9ration\u00a0:\u00a0<\/strong>Baker Tilly Burj Finance (Salma Benaddou Idrissi, Brahim Skalli, Najlae Haouti)<\/p>\n<p style=\"font-weight: 400;\"><strong>Conseil des investisseurs et du Groupe EDVANTIS dans le cadre de l\u2019op\u00e9ration\u00a0:<\/strong><\/p>\n<ul>\n<li style=\"font-weight: 400;\"><strong>Conseil juridique\u00a0:<\/strong>\u00a0DLA Piper (Christophe Bachelet, Ghita Moussaid, Camelia Benani, Kenza Belrhiti Alaoui, Fatine El Mechrafi)<\/li>\n<li style=\"font-weight: 400;\"><strong>Due diligence comptable et fiscale :<\/strong>\u00a0Boughaleb &amp;Associ\u00e9s (Mohamed Boughaleb et Abderrahmane Chbary)<\/li>\n<li style=\"font-weight: 400;\"><strong>Conseil juridique de la famille Lazrak dans le cadre de l\u2019op\u00e9ration\u00a0:\u00a0<\/strong>Afrique Advisors (Laila Slassi, Khadija Zoulali)<\/li>\n<\/ul>\n","protected":false},"excerpt":{"rendered":"<p>Baker Tilly Burj Finance est heureuse d\u2019annoncer la r\u00e9alisation de l\u2019op\u00e9ration d\u2019acquisition de COM\u2019SUP par<\/p>\n","protected":false},"author":1,"featured_media":3450,"comment_status":"open","ping_status":"open","sticky":false,"template":"","format":"standard","meta":{"_acf_changed":false,"footnotes":""},"categories":[2,3],"tags":[1084,1086,1085],"class_list":["post-3449","post","type-post","status-publish","format-standard","has-post-thumbnail","hentry","category-nouvelles","category-nouvelles-selectionnees","tag-baker-tilly-burj-finance","tag-comsup","tag-groupe-edvantis-higher-education"],"acf":[],"yoast_head":"<!-- This site is optimized with the Yoast SEO plugin v22.0 - https:\/\/yoast.com\/wordpress\/plugins\/seo\/ -->\n<title>Baker Tilly Burj Finance continue d\u2019\u0153uvrer pour la consolidation du secteur de l\u2019\u00c9ducation au Maroc - MEDIA PLATEFORME | FR<\/title>\n<meta name=\"description\" content=\"Baker Tilly Burj Finance la r\u00e9alisation de l\u2019op\u00e9ration d\u2019acquisition de COM\u2019SUP le Groupe EDVANTIS Higher Education.\" \/>\n<meta name=\"robots\" content=\"index, follow, max-snippet:-1, max-image-preview:large, max-video-preview:-1\" \/>\n<link rel=\"canonical\" href=\"https:\/\/www.mediaplateforme.com\/fr\/baker-tilly-burj-finance-continue-doeuvrer-pour-la-consolidation-du-secteur-de-leducation-au-maroc\/\" \/>\n<meta property=\"og:locale\" content=\"fr_FR\" \/>\n<meta property=\"og:type\" content=\"article\" \/>\n<meta property=\"og:title\" content=\"Baker Tilly Burj Finance continue d\u2019\u0153uvrer pour la consolidation du secteur de l\u2019\u00c9ducation au Maroc - MEDIA PLATEFORME | FR\" \/>\n<meta property=\"og:description\" content=\"Baker Tilly Burj Finance la r\u00e9alisation de l\u2019op\u00e9ration d\u2019acquisition de COM\u2019SUP le Groupe EDVANTIS Higher Education.\" \/>\n<meta property=\"og:url\" content=\"https:\/\/www.mediaplateforme.com\/fr\/baker-tilly-burj-finance-continue-doeuvrer-pour-la-consolidation-du-secteur-de-leducation-au-maroc\/\" \/>\n<meta property=\"og:site_name\" content=\"MEDIA PLATEFORME | FR\" \/>\n<meta property=\"article:published_time\" content=\"2023-06-22T18:01:19+00:00\" \/>\n<meta property=\"og:image\" content=\"https:\/\/www.mediaplateforme.com\/fr\/wp-content\/uploads\/sites\/5\/2023\/06\/Photo-Closing.jpg\" \/>\n\t<meta property=\"og:image:width\" content=\"2000\" \/>\n\t<meta property=\"og:image:height\" content=\"1322\" \/>\n\t<meta property=\"og:image:type\" content=\"image\/jpeg\" \/>\n<meta name=\"author\" content=\"Mediaplateforme\" \/>\n<meta name=\"twitter:card\" content=\"summary_large_image\" \/>\n<meta name=\"twitter:label1\" content=\"\u00c9crit par\" \/>\n\t<meta name=\"twitter:data1\" content=\"Mediaplateforme\" \/>\n\t<meta name=\"twitter:label2\" content=\"Dur\u00e9e de lecture estim\u00e9e\" \/>\n\t<meta name=\"twitter:data2\" content=\"2 minutes\" \/>\n<script type=\"application\/ld+json\" class=\"yoast-schema-graph\">{\"@context\":\"https:\/\/schema.org\",\"@graph\":[{\"@type\":\"WebPage\",\"@id\":\"https:\/\/www.mediaplateforme.com\/fr\/baker-tilly-burj-finance-continue-doeuvrer-pour-la-consolidation-du-secteur-de-leducation-au-maroc\/\",\"url\":\"https:\/\/www.mediaplateforme.com\/fr\/baker-tilly-burj-finance-continue-doeuvrer-pour-la-consolidation-du-secteur-de-leducation-au-maroc\/\",\"name\":\"Baker Tilly Burj Finance continue d\u2019\u0153uvrer pour la consolidation du secteur de l\u2019\u00c9ducation au Maroc - MEDIA PLATEFORME | FR\",\"isPartOf\":{\"@id\":\"https:\/\/www.mediaplateforme.com\/fr\/#website\"},\"datePublished\":\"2023-06-22T18:01:19+00:00\",\"dateModified\":\"2023-06-22T18:01:19+00:00\",\"author\":{\"@id\":\"https:\/\/www.mediaplateforme.com\/fr\/#\/schema\/person\/89833db382b5db2c76b094bc902aa12a\"},\"description\":\"Baker Tilly Burj Finance la r\u00e9alisation de l\u2019op\u00e9ration d\u2019acquisition de COM\u2019SUP le Groupe EDVANTIS Higher Education.\",\"breadcrumb\":{\"@id\":\"https:\/\/www.mediaplateforme.com\/fr\/baker-tilly-burj-finance-continue-doeuvrer-pour-la-consolidation-du-secteur-de-leducation-au-maroc\/#breadcrumb\"},\"inLanguage\":\"fr-FR\",\"potentialAction\":[{\"@type\":\"ReadAction\",\"target\":[\"https:\/\/www.mediaplateforme.com\/fr\/baker-tilly-burj-finance-continue-doeuvrer-pour-la-consolidation-du-secteur-de-leducation-au-maroc\/\"]}]},{\"@type\":\"BreadcrumbList\",\"@id\":\"https:\/\/www.mediaplateforme.com\/fr\/baker-tilly-burj-finance-continue-doeuvrer-pour-la-consolidation-du-secteur-de-leducation-au-maroc\/#breadcrumb\",\"itemListElement\":[{\"@type\":\"ListItem\",\"position\":1,\"name\":\"\u0627\u0644\u0631\u0626\u064a\u0633\u064a\u0629\",\"item\":\"https:\/\/www.mediaplateforme.com\/fr\/\"},{\"@type\":\"ListItem\",\"position\":2,\"name\":\"Baker Tilly Burj Finance continue d\u2019\u0153uvrer pour la consolidation du secteur de l\u2019\u00c9ducation au Maroc\"}]},{\"@type\":\"WebSite\",\"@id\":\"https:\/\/www.mediaplateforme.com\/fr\/#website\",\"url\":\"https:\/\/www.mediaplateforme.com\/fr\/\",\"name\":\"MEDIA PLATEFORME | FR\",\"description\":\"Mediaplateforme sp\u00e9cialis\u00e9 dans la communication institutions publiques et des entreprises\",\"potentialAction\":[{\"@type\":\"SearchAction\",\"target\":{\"@type\":\"EntryPoint\",\"urlTemplate\":\"https:\/\/www.mediaplateforme.com\/fr\/?s={search_term_string}\"},\"query-input\":\"required name=search_term_string\"}],\"inLanguage\":\"fr-FR\"},{\"@type\":\"Person\",\"@id\":\"https:\/\/www.mediaplateforme.com\/fr\/#\/schema\/person\/89833db382b5db2c76b094bc902aa12a\",\"name\":\"Mediaplateforme\",\"image\":{\"@type\":\"ImageObject\",\"inLanguage\":\"fr-FR\",\"@id\":\"https:\/\/www.mediaplateforme.com\/fr\/#\/schema\/person\/image\/\",\"url\":\"https:\/\/secure.gravatar.com\/avatar\/6c9c02e8928cc65d54bf75157f7b3a2d06d7ad0494ca0951f679552ff03b34c1?s=96&d=mm&r=g\",\"contentUrl\":\"https:\/\/secure.gravatar.com\/avatar\/6c9c02e8928cc65d54bf75157f7b3a2d06d7ad0494ca0951f679552ff03b34c1?s=96&d=mm&r=g\",\"caption\":\"Mediaplateforme\"},\"sameAs\":[\"https:\/\/www.mediaplateforme.com\"],\"url\":\"https:\/\/www.mediaplateforme.com\/fr\/author\/mohamedladib\/\"}]}<\/script>\n<!-- \/ Yoast SEO plugin. -->","yoast_head_json":{"title":"Baker Tilly Burj Finance continue d\u2019\u0153uvrer pour la consolidation du secteur de l\u2019\u00c9ducation au Maroc - MEDIA PLATEFORME | FR","description":"Baker Tilly Burj Finance la r\u00e9alisation de l\u2019op\u00e9ration d\u2019acquisition de COM\u2019SUP le Groupe EDVANTIS Higher Education.","robots":{"index":"index","follow":"follow","max-snippet":"max-snippet:-1","max-image-preview":"max-image-preview:large","max-video-preview":"max-video-preview:-1"},"canonical":"https:\/\/www.mediaplateforme.com\/fr\/baker-tilly-burj-finance-continue-doeuvrer-pour-la-consolidation-du-secteur-de-leducation-au-maroc\/","og_locale":"fr_FR","og_type":"article","og_title":"Baker Tilly Burj Finance continue d\u2019\u0153uvrer pour la consolidation du secteur de l\u2019\u00c9ducation au Maroc - MEDIA PLATEFORME | FR","og_description":"Baker Tilly Burj Finance la r\u00e9alisation de l\u2019op\u00e9ration d\u2019acquisition de COM\u2019SUP le Groupe EDVANTIS Higher Education.","og_url":"https:\/\/www.mediaplateforme.com\/fr\/baker-tilly-burj-finance-continue-doeuvrer-pour-la-consolidation-du-secteur-de-leducation-au-maroc\/","og_site_name":"MEDIA PLATEFORME | FR","article_published_time":"2023-06-22T18:01:19+00:00","og_image":[{"width":2000,"height":1322,"url":"https:\/\/www.mediaplateforme.com\/fr\/wp-content\/uploads\/sites\/5\/2023\/06\/Photo-Closing.jpg","type":"image\/jpeg"}],"author":"Mediaplateforme","twitter_card":"summary_large_image","twitter_misc":{"\u00c9crit par":"Mediaplateforme","Dur\u00e9e de lecture estim\u00e9e":"2 minutes"},"schema":{"@context":"https:\/\/schema.org","@graph":[{"@type":"WebPage","@id":"https:\/\/www.mediaplateforme.com\/fr\/baker-tilly-burj-finance-continue-doeuvrer-pour-la-consolidation-du-secteur-de-leducation-au-maroc\/","url":"https:\/\/www.mediaplateforme.com\/fr\/baker-tilly-burj-finance-continue-doeuvrer-pour-la-consolidation-du-secteur-de-leducation-au-maroc\/","name":"Baker Tilly Burj Finance continue d\u2019\u0153uvrer pour la consolidation du secteur de l\u2019\u00c9ducation au Maroc - MEDIA PLATEFORME | FR","isPartOf":{"@id":"https:\/\/www.mediaplateforme.com\/fr\/#website"},"datePublished":"2023-06-22T18:01:19+00:00","dateModified":"2023-06-22T18:01:19+00:00","author":{"@id":"https:\/\/www.mediaplateforme.com\/fr\/#\/schema\/person\/89833db382b5db2c76b094bc902aa12a"},"description":"Baker Tilly Burj Finance la r\u00e9alisation de l\u2019op\u00e9ration d\u2019acquisition de COM\u2019SUP le Groupe EDVANTIS Higher Education.","breadcrumb":{"@id":"https:\/\/www.mediaplateforme.com\/fr\/baker-tilly-burj-finance-continue-doeuvrer-pour-la-consolidation-du-secteur-de-leducation-au-maroc\/#breadcrumb"},"inLanguage":"fr-FR","potentialAction":[{"@type":"ReadAction","target":["https:\/\/www.mediaplateforme.com\/fr\/baker-tilly-burj-finance-continue-doeuvrer-pour-la-consolidation-du-secteur-de-leducation-au-maroc\/"]}]},{"@type":"BreadcrumbList","@id":"https:\/\/www.mediaplateforme.com\/fr\/baker-tilly-burj-finance-continue-doeuvrer-pour-la-consolidation-du-secteur-de-leducation-au-maroc\/#breadcrumb","itemListElement":[{"@type":"ListItem","position":1,"name":"\u0627\u0644\u0631\u0626\u064a\u0633\u064a\u0629","item":"https:\/\/www.mediaplateforme.com\/fr\/"},{"@type":"ListItem","position":2,"name":"Baker Tilly Burj Finance continue d\u2019\u0153uvrer pour la consolidation du secteur de l\u2019\u00c9ducation au Maroc"}]},{"@type":"WebSite","@id":"https:\/\/www.mediaplateforme.com\/fr\/#website","url":"https:\/\/www.mediaplateforme.com\/fr\/","name":"MEDIA PLATEFORME | FR","description":"Mediaplateforme sp\u00e9cialis\u00e9 dans la communication institutions publiques et des entreprises","potentialAction":[{"@type":"SearchAction","target":{"@type":"EntryPoint","urlTemplate":"https:\/\/www.mediaplateforme.com\/fr\/?s={search_term_string}"},"query-input":"required name=search_term_string"}],"inLanguage":"fr-FR"},{"@type":"Person","@id":"https:\/\/www.mediaplateforme.com\/fr\/#\/schema\/person\/89833db382b5db2c76b094bc902aa12a","name":"Mediaplateforme","image":{"@type":"ImageObject","inLanguage":"fr-FR","@id":"https:\/\/www.mediaplateforme.com\/fr\/#\/schema\/person\/image\/","url":"https:\/\/secure.gravatar.com\/avatar\/6c9c02e8928cc65d54bf75157f7b3a2d06d7ad0494ca0951f679552ff03b34c1?s=96&d=mm&r=g","contentUrl":"https:\/\/secure.gravatar.com\/avatar\/6c9c02e8928cc65d54bf75157f7b3a2d06d7ad0494ca0951f679552ff03b34c1?s=96&d=mm&r=g","caption":"Mediaplateforme"},"sameAs":["https:\/\/www.mediaplateforme.com"],"url":"https:\/\/www.mediaplateforme.com\/fr\/author\/mohamedladib\/"}]}},"_links":{"self":[{"href":"https:\/\/www.mediaplateforme.com\/fr\/wp-json\/wp\/v2\/posts\/3449","targetHints":{"allow":["GET"]}}],"collection":[{"href":"https:\/\/www.mediaplateforme.com\/fr\/wp-json\/wp\/v2\/posts"}],"about":[{"href":"https:\/\/www.mediaplateforme.com\/fr\/wp-json\/wp\/v2\/types\/post"}],"author":[{"embeddable":true,"href":"https:\/\/www.mediaplateforme.com\/fr\/wp-json\/wp\/v2\/users\/1"}],"replies":[{"embeddable":true,"href":"https:\/\/www.mediaplateforme.com\/fr\/wp-json\/wp\/v2\/comments?post=3449"}],"version-history":[{"count":1,"href":"https:\/\/www.mediaplateforme.com\/fr\/wp-json\/wp\/v2\/posts\/3449\/revisions"}],"predecessor-version":[{"id":3451,"href":"https:\/\/www.mediaplateforme.com\/fr\/wp-json\/wp\/v2\/posts\/3449\/revisions\/3451"}],"wp:featuredmedia":[{"embeddable":true,"href":"https:\/\/www.mediaplateforme.com\/fr\/wp-json\/wp\/v2\/media\/3450"}],"wp:attachment":[{"href":"https:\/\/www.mediaplateforme.com\/fr\/wp-json\/wp\/v2\/media?parent=3449"}],"wp:term":[{"taxonomy":"category","embeddable":true,"href":"https:\/\/www.mediaplateforme.com\/fr\/wp-json\/wp\/v2\/categories?post=3449"},{"taxonomy":"post_tag","embeddable":true,"href":"https:\/\/www.mediaplateforme.com\/fr\/wp-json\/wp\/v2\/tags?post=3449"}],"curies":[{"name":"wp","href":"https:\/\/api.w.org\/{rel}","templated":true}]}}