{"id":3444,"date":"2023-06-22T13:02:20","date_gmt":"2023-06-22T12:02:20","guid":{"rendered":"https:\/\/www.mediaplateforme.com\/fr\/?p=3444"},"modified":"2023-06-22T13:06:47","modified_gmt":"2023-06-22T12:06:47","slug":"ceremonie-de-remise-des-prix-de-la-3eme-edition-du-programme-educatif-inwi-challenge","status":"publish","type":"post","link":"https:\/\/www.mediaplateforme.com\/fr\/ceremonie-de-remise-des-prix-de-la-3eme-edition-du-programme-educatif-inwi-challenge\/","title":{"rendered":"C\u00e9r\u00e9monie de remise des prix de la 3\u00e8me \u00e9dition du programme \u00e9ducatif \u00ab\u00a0inwi Challenge\u00a0\u00bb :"},"content":{"rendered":"<p style=\"font-weight: 400;\"><strong>Le Minist\u00e8re de l&rsquo;\u00c9ducation nationale, du Pr\u00e9scolaire et des Sports et inwi c\u00e9l\u00e8brent les \u00e9l\u00e8ves et les \u00e9tablissements gagnants de la 3<sup>\u00e8me<\/sup>\u00a0\u00e9dition de \u00ab\u00a0inwi Challenge\u00a0\u00bb et signent une convention de partenariat.<\/strong><\/p>\n<p style=\"font-weight: 400;\"><strong>Monsieur Chakib Benmoussa, Ministre de l&rsquo;\u00c9ducation Nationale, du Pr\u00e9scolaire et des Sports, et Monsieur Azdine El Mountassir Billah, Pr\u00e9sident Directeur G\u00e9n\u00e9ral de inwi, ont pr\u00e9sid\u00e9, le mercredi 21 juin \u00e0 Rabat, la c\u00e9r\u00e9monie de remise des prix aux \u00e9l\u00e8ves et \u00e9tablissements scolaires laur\u00e9ats de la 3<sup>\u00e8me<\/sup>\u00a0phase du programme \u00e9ducatif \u00ab inwi Challenge \u00bb.<\/strong><\/p>\n<p style=\"font-weight: 400;\">Bas\u00e9 autour d\u2019ateliers ludo-\u00e9ducatifs du jeu \u00ab\u00a0Minecraft Education Edition\u00a0\u00bb, le programme \u00ab\u00a0inwi Challenge\u00a0\u00bb a permis cette ann\u00e9e \u00e0 20 000 \u00e9l\u00e8ves, dans toutes les r\u00e9gions du Maroc, de se former et de d\u00e9velopper leurs comp\u00e9tences dans un environnement ludique et interactif.<\/p>\n<p style=\"font-weight: 400;\">Ces \u00e9l\u00e8ves ont \u00e9t\u00e9 accompagn\u00e9s, entre janvier et juin 2023, par 550 professeurs pr\u00e9alablement form\u00e9s. Ils ont pu revisiter tout en s\u2019amusant leurs cours dans les principales mati\u00e8res telles que les langues, les math\u00e9matiques, les sciences, l\u2019histoire-g\u00e9ographie et bien d\u2019autres encore. Au total, 1 200 ateliers ont \u00e9t\u00e9 organis\u00e9s dans 500 \u00e9tablissements \u00e0 travers le royaume couvrant les \u00e9coles primaires, les coll\u00e8ges et les lyc\u00e9es.<\/p>\n<p style=\"font-weight: 400;\">Une exp\u00e9rience \u00e9ducative qui a \u00e9t\u00e9 cl\u00f4tur\u00e9e, comme \u00e0 l\u2019accoutum\u00e9e, avec la tenue d\u2019une comp\u00e9tition nationale qui a r\u00e9compens\u00e9 les \u00e9l\u00e8ves et les \u00e9tablissements distingu\u00e9s.<\/p>\n<p style=\"font-weight: 400;\">Cette \u00e9dition du programme a \u00e9t\u00e9 particuli\u00e8rement inclusive, avec la participation d&rsquo;\u00e9quipes comprenant des \u00e9l\u00e8ves sourds et muets, visant ainsi \u00e0 favoriser l&rsquo;inclusion et la diversit\u00e9.<\/p>\n<p style=\"font-weight: 400;\">Inwi challenge offre ainsi aux \u00e9coliers une approche novatrice de l\u2019apprentissage et t\u00e9moigne de l\u2019engagement de l\u2019op\u00e9rateur global dans le secteur de l\u2019\u00e9ducation, en faisant du num\u00e9rique un levier d\u2019excellence dans le syst\u00e8me scolaire national.<\/p>\n<p style=\"font-weight: 400;\">Un engagement renouvel\u00e9, lors de cette c\u00e9r\u00e9monie, avec la signature d\u2019une convention de partenariat entre le Minist\u00e8re de l&rsquo;\u00c9ducation nationale, du Pr\u00e9scolaire et des Sports et inwi.<\/p>\n<p style=\"font-weight: 400;\">Cette convention porte \u00e0 40 000 nouveaux \u00e9l\u00e8ves le nombre des b\u00e9n\u00e9ficiaires de la prochaine \u00e9dition du programme \u00ab\u00a0inwi Challenge\u00a0\u00bb provenant de 150 \u00e9coles diff\u00e9rentes et accompagn\u00e9s par 600 enseignants gr\u00e2ce \u00e0 un format novateur incluant trois challenges p\u00e9dagogiques \u00e9tal\u00e9s sur toute l&rsquo;ann\u00e9e scolaire.<\/p>\n<p style=\"font-weight: 400;\">Ce partenariat vise, par ailleurs, la mise en pratique des connaissances acquises, leur v\u00e9rification et leur application gr\u00e2ce \u00e0 l&rsquo;utilisation des outils num\u00e9riques. L&rsquo;enseignement sera diff\u00e9renci\u00e9 et adapt\u00e9 au rythme de chaque \u00e9l\u00e8ve, permettant un gain de temps en classe et une meilleure inclusion des enfants \u00e0 besoins sp\u00e9cifiques.<\/p>\n<p style=\"font-weight: 400;\">Dans le cadre de cette convention, des salles multim\u00e9dias seront \u00e9quip\u00e9es de licences Minecraft Education, offertes par inwi, afin de permettre \u00e0 un plus grand nombre d&rsquo;\u00e9l\u00e8ves de b\u00e9n\u00e9ficier du programme inwi Challenge tout au long de l&rsquo;ann\u00e9e.<\/p>\n<p style=\"font-weight: 400;\">Enfin, la 3<sup>\u00e8me<\/sup>\u00a0\u00e9dition de inwi Challenge a c\u00e9l\u00e9br\u00e9 aussi bien les \u00e9coles primaires, les coll\u00e8ges et les lyc\u00e9es.<\/p>\n<p style=\"font-weight: 400;\">Les 3 \u00e9coles primaires r\u00e9compens\u00e9es sont\u00a0:<\/p>\n<ul>\n<li style=\"font-weight: 400;\"><strong>1<sup>\u00e8re<\/sup>\u00a0place\u00a0:<\/strong>\u00a0Ecole Oulad Zmam \u2013 Fqih Ben Saleh<\/li>\n<li style=\"font-weight: 400;\"><strong>2<sup>\u00e8me<\/sup>\u00a0place\u00a0:<\/strong>\u00a0Ecole Beni Ameur \u2013 Kelaa Sraghna<\/li>\n<li style=\"font-weight: 400;\"><strong>3<sup>\u00e8me<\/sup>\u00a0place\u00a0:<\/strong>\u00a0Ecole Mohamed Abdou \u2013 Berkane<\/li>\n<\/ul>\n<p style=\"font-weight: 400;\">Les 3 coll\u00e8ges r\u00e9compens\u00e9s sont :<\/p>\n<ul>\n<li style=\"font-weight: 400;\"><strong>1<sup>\u00e8re<\/sup>\u00a0place\u00a0:<\/strong>\u00a0Coll\u00e8ge Jaber Bno Hayan \u2013 Tanger, Assilah<\/li>\n<li style=\"font-weight: 400;\"><strong>2<sup>\u00e8me<\/sup>\u00a0place\u00a0:<\/strong>\u00a0Coll\u00e8ge Al Atlas \u2013 Berkane<\/li>\n<li style=\"font-weight: 400;\"><strong>3<sup>\u00e8me<\/sup>\u00a0place\u00a0:<\/strong>\u00a0Coll\u00e8ge Al Adarissa \u2013 F\u00e8s<\/li>\n<\/ul>\n<p style=\"font-weight: 400;\">Les 3 lyc\u00e9es r\u00e9compens\u00e9s du 1<sup>er<\/sup>\u00a0prix sont :<\/p>\n<ul>\n<li style=\"font-weight: 400;\"><strong>1<sup>\u00e8re<\/sup>\u00a0place\u00a0:<\/strong>\u00a0Lyc\u00e9e Abdelhadi Boutaleb \u2013 Sidi Slimane<\/li>\n<li style=\"font-weight: 400;\"><strong>2<sup>\u00e8me<\/sup>\u00a0place\u00a0:<\/strong>\u00a0Lyc\u00e9e Driss Benzekri &#8211; Tetouan<\/li>\n<li style=\"font-weight: 400;\"><strong>3<sup>\u00e8me<\/sup>\u00a0place\u00a0:<\/strong>\u00a0Lyc\u00e9e Omar Ibn Abdelaziz \u2013 Sidi Bennour<\/li>\n<\/ul>\n<p style=\"font-weight: 400;\">Pour rappel, lanc\u00e9e en 2021, la 1<sup>\u00e8re<\/sup>\u00a0\u00e9dition de ce programme a enregistr\u00e9 la participation de plus de 3000 \u00e9lev\u00e9s issus de 38 \u00e9tablissements scolaires. La 2<sup>\u00e8me<\/sup>\u00a0\u00e9dition a connu une participation encore plus importante, avec plus de 10 000 \u00e9l\u00e8ves provenant de 183 \u00e9tablissements scolaires. Ces \u00e9l\u00e8ves ont \u00e9t\u00e9 encadr\u00e9s par des professeurs pr\u00e9alablement form\u00e9s, avec le soutien de formateurs b\u00e9n\u00e9voles d&rsquo;Injaz Al Maghrib et des encadrants de la soci\u00e9t\u00e9 \u00ab\u00a0DynIt\u00a0\u00bb.<\/p>\n","protected":false},"excerpt":{"rendered":"<p>Le Minist\u00e8re de l&rsquo;\u00c9ducation nationale, du Pr\u00e9scolaire et des Sports et inwi c\u00e9l\u00e8brent les \u00e9l\u00e8ves<\/p>\n","protected":false},"author":1,"featured_media":3447,"comment_status":"open","ping_status":"open","sticky":false,"template":"","format":"standard","meta":{"_acf_changed":false,"footnotes":""},"categories":[5,3],"tags":[155],"class_list":["post-3444","post","type-post","status-publish","format-standard","has-post-thumbnail","hentry","category-tech","category-nouvelles-selectionnees","tag-inwi-challenge"],"acf":[],"yoast_head":"<!-- This site is optimized with the Yoast SEO plugin v22.0 - https:\/\/yoast.com\/wordpress\/plugins\/seo\/ -->\n<title>C\u00e9r\u00e9monie de remise des prix de la 3\u00e8me \u00e9dition du programme \u00e9ducatif &quot;inwi Challenge&quot; : - MEDIA PLATEFORME | FR<\/title>\n<meta name=\"description\" content=\"Le Minist\u00e8re de l&#039;\u00c9ducation nationale, du Pr\u00e9scolaire et des Sports et inwi c\u00e9l\u00e8brent les de la 3\u00e8me\u00a0\u00e9dition de &quot;inwi Challenge&quot;\" \/>\n<meta name=\"robots\" content=\"index, follow, max-snippet:-1, max-image-preview:large, max-video-preview:-1\" \/>\n<link rel=\"canonical\" href=\"https:\/\/www.mediaplateforme.com\/fr\/ceremonie-de-remise-des-prix-de-la-3eme-edition-du-programme-educatif-inwi-challenge\/\" \/>\n<meta property=\"og:locale\" content=\"fr_FR\" \/>\n<meta property=\"og:type\" content=\"article\" \/>\n<meta property=\"og:title\" content=\"C\u00e9r\u00e9monie de remise des prix de la 3\u00e8me \u00e9dition du programme \u00e9ducatif &quot;inwi Challenge&quot; : - MEDIA PLATEFORME | FR\" \/>\n<meta property=\"og:description\" content=\"Le Minist\u00e8re de l&#039;\u00c9ducation nationale, du Pr\u00e9scolaire et des Sports et inwi c\u00e9l\u00e8brent les de la 3\u00e8me\u00a0\u00e9dition de &quot;inwi Challenge&quot;\" \/>\n<meta property=\"og:url\" content=\"https:\/\/www.mediaplateforme.com\/fr\/ceremonie-de-remise-des-prix-de-la-3eme-edition-du-programme-educatif-inwi-challenge\/\" \/>\n<meta property=\"og:site_name\" content=\"MEDIA PLATEFORME | FR\" \/>\n<meta property=\"article:published_time\" content=\"2023-06-22T12:02:20+00:00\" \/>\n<meta property=\"article:modified_time\" content=\"2023-06-22T12:06:47+00:00\" \/>\n<meta property=\"og:image\" content=\"https:\/\/www.mediaplateforme.com\/fr\/wp-content\/uploads\/sites\/5\/2023\/06\/1111-scaled.jpg\" \/>\n\t<meta property=\"og:image:width\" content=\"2560\" \/>\n\t<meta property=\"og:image:height\" content=\"1729\" \/>\n\t<meta property=\"og:image:type\" content=\"image\/jpeg\" \/>\n<meta name=\"author\" content=\"Mediaplateforme\" \/>\n<meta name=\"twitter:card\" content=\"summary_large_image\" \/>\n<meta name=\"twitter:label1\" content=\"\u00c9crit par\" \/>\n\t<meta name=\"twitter:data1\" content=\"Mediaplateforme\" \/>\n\t<meta name=\"twitter:label2\" content=\"Dur\u00e9e de lecture estim\u00e9e\" \/>\n\t<meta name=\"twitter:data2\" content=\"4 minutes\" \/>\n<script type=\"application\/ld+json\" class=\"yoast-schema-graph\">{\"@context\":\"https:\/\/schema.org\",\"@graph\":[{\"@type\":\"WebPage\",\"@id\":\"https:\/\/www.mediaplateforme.com\/fr\/ceremonie-de-remise-des-prix-de-la-3eme-edition-du-programme-educatif-inwi-challenge\/\",\"url\":\"https:\/\/www.mediaplateforme.com\/fr\/ceremonie-de-remise-des-prix-de-la-3eme-edition-du-programme-educatif-inwi-challenge\/\",\"name\":\"C\u00e9r\u00e9monie de remise des prix de la 3\u00e8me \u00e9dition du programme \u00e9ducatif \\\"inwi Challenge\\\" : - MEDIA PLATEFORME | FR\",\"isPartOf\":{\"@id\":\"https:\/\/www.mediaplateforme.com\/fr\/#website\"},\"datePublished\":\"2023-06-22T12:02:20+00:00\",\"dateModified\":\"2023-06-22T12:06:47+00:00\",\"author\":{\"@id\":\"https:\/\/www.mediaplateforme.com\/fr\/#\/schema\/person\/89833db382b5db2c76b094bc902aa12a\"},\"description\":\"Le Minist\u00e8re de l'\u00c9ducation nationale, du Pr\u00e9scolaire et des Sports et inwi c\u00e9l\u00e8brent les de la 3\u00e8me\u00a0\u00e9dition de \\\"inwi Challenge\\\"\",\"breadcrumb\":{\"@id\":\"https:\/\/www.mediaplateforme.com\/fr\/ceremonie-de-remise-des-prix-de-la-3eme-edition-du-programme-educatif-inwi-challenge\/#breadcrumb\"},\"inLanguage\":\"fr-FR\",\"potentialAction\":[{\"@type\":\"ReadAction\",\"target\":[\"https:\/\/www.mediaplateforme.com\/fr\/ceremonie-de-remise-des-prix-de-la-3eme-edition-du-programme-educatif-inwi-challenge\/\"]}]},{\"@type\":\"BreadcrumbList\",\"@id\":\"https:\/\/www.mediaplateforme.com\/fr\/ceremonie-de-remise-des-prix-de-la-3eme-edition-du-programme-educatif-inwi-challenge\/#breadcrumb\",\"itemListElement\":[{\"@type\":\"ListItem\",\"position\":1,\"name\":\"\u0627\u0644\u0631\u0626\u064a\u0633\u064a\u0629\",\"item\":\"https:\/\/www.mediaplateforme.com\/fr\/\"},{\"@type\":\"ListItem\",\"position\":2,\"name\":\"C\u00e9r\u00e9monie de remise des prix de la 3\u00e8me \u00e9dition du programme \u00e9ducatif &#8220;inwi Challenge&#8221; :\"}]},{\"@type\":\"WebSite\",\"@id\":\"https:\/\/www.mediaplateforme.com\/fr\/#website\",\"url\":\"https:\/\/www.mediaplateforme.com\/fr\/\",\"name\":\"MEDIA PLATEFORME | FR\",\"description\":\"Mediaplateforme sp\u00e9cialis\u00e9 dans la communication institutions publiques et des entreprises\",\"potentialAction\":[{\"@type\":\"SearchAction\",\"target\":{\"@type\":\"EntryPoint\",\"urlTemplate\":\"https:\/\/www.mediaplateforme.com\/fr\/?s={search_term_string}\"},\"query-input\":\"required name=search_term_string\"}],\"inLanguage\":\"fr-FR\"},{\"@type\":\"Person\",\"@id\":\"https:\/\/www.mediaplateforme.com\/fr\/#\/schema\/person\/89833db382b5db2c76b094bc902aa12a\",\"name\":\"Mediaplateforme\",\"image\":{\"@type\":\"ImageObject\",\"inLanguage\":\"fr-FR\",\"@id\":\"https:\/\/www.mediaplateforme.com\/fr\/#\/schema\/person\/image\/\",\"url\":\"https:\/\/secure.gravatar.com\/avatar\/6c9c02e8928cc65d54bf75157f7b3a2d06d7ad0494ca0951f679552ff03b34c1?s=96&d=mm&r=g\",\"contentUrl\":\"https:\/\/secure.gravatar.com\/avatar\/6c9c02e8928cc65d54bf75157f7b3a2d06d7ad0494ca0951f679552ff03b34c1?s=96&d=mm&r=g\",\"caption\":\"Mediaplateforme\"},\"sameAs\":[\"https:\/\/www.mediaplateforme.com\"],\"url\":\"https:\/\/www.mediaplateforme.com\/fr\/author\/mohamedladib\/\"}]}<\/script>\n<!-- \/ Yoast SEO plugin. -->","yoast_head_json":{"title":"C\u00e9r\u00e9monie de remise des prix de la 3\u00e8me \u00e9dition du programme \u00e9ducatif \"inwi Challenge\" : - MEDIA PLATEFORME | FR","description":"Le Minist\u00e8re de l'\u00c9ducation nationale, du Pr\u00e9scolaire et des Sports et inwi c\u00e9l\u00e8brent les de la 3\u00e8me\u00a0\u00e9dition de \"inwi Challenge\"","robots":{"index":"index","follow":"follow","max-snippet":"max-snippet:-1","max-image-preview":"max-image-preview:large","max-video-preview":"max-video-preview:-1"},"canonical":"https:\/\/www.mediaplateforme.com\/fr\/ceremonie-de-remise-des-prix-de-la-3eme-edition-du-programme-educatif-inwi-challenge\/","og_locale":"fr_FR","og_type":"article","og_title":"C\u00e9r\u00e9monie de remise des prix de la 3\u00e8me \u00e9dition du programme \u00e9ducatif \"inwi Challenge\" : - MEDIA PLATEFORME | FR","og_description":"Le Minist\u00e8re de l'\u00c9ducation nationale, du Pr\u00e9scolaire et des Sports et inwi c\u00e9l\u00e8brent les de la 3\u00e8me\u00a0\u00e9dition de \"inwi Challenge\"","og_url":"https:\/\/www.mediaplateforme.com\/fr\/ceremonie-de-remise-des-prix-de-la-3eme-edition-du-programme-educatif-inwi-challenge\/","og_site_name":"MEDIA PLATEFORME | FR","article_published_time":"2023-06-22T12:02:20+00:00","article_modified_time":"2023-06-22T12:06:47+00:00","og_image":[{"width":2560,"height":1729,"url":"https:\/\/www.mediaplateforme.com\/fr\/wp-content\/uploads\/sites\/5\/2023\/06\/1111-scaled.jpg","type":"image\/jpeg"}],"author":"Mediaplateforme","twitter_card":"summary_large_image","twitter_misc":{"\u00c9crit par":"Mediaplateforme","Dur\u00e9e de lecture estim\u00e9e":"4 minutes"},"schema":{"@context":"https:\/\/schema.org","@graph":[{"@type":"WebPage","@id":"https:\/\/www.mediaplateforme.com\/fr\/ceremonie-de-remise-des-prix-de-la-3eme-edition-du-programme-educatif-inwi-challenge\/","url":"https:\/\/www.mediaplateforme.com\/fr\/ceremonie-de-remise-des-prix-de-la-3eme-edition-du-programme-educatif-inwi-challenge\/","name":"C\u00e9r\u00e9monie de remise des prix de la 3\u00e8me \u00e9dition du programme \u00e9ducatif \"inwi Challenge\" : - MEDIA PLATEFORME | FR","isPartOf":{"@id":"https:\/\/www.mediaplateforme.com\/fr\/#website"},"datePublished":"2023-06-22T12:02:20+00:00","dateModified":"2023-06-22T12:06:47+00:00","author":{"@id":"https:\/\/www.mediaplateforme.com\/fr\/#\/schema\/person\/89833db382b5db2c76b094bc902aa12a"},"description":"Le Minist\u00e8re de l'\u00c9ducation nationale, du Pr\u00e9scolaire et des Sports et inwi c\u00e9l\u00e8brent les de la 3\u00e8me\u00a0\u00e9dition de \"inwi Challenge\"","breadcrumb":{"@id":"https:\/\/www.mediaplateforme.com\/fr\/ceremonie-de-remise-des-prix-de-la-3eme-edition-du-programme-educatif-inwi-challenge\/#breadcrumb"},"inLanguage":"fr-FR","potentialAction":[{"@type":"ReadAction","target":["https:\/\/www.mediaplateforme.com\/fr\/ceremonie-de-remise-des-prix-de-la-3eme-edition-du-programme-educatif-inwi-challenge\/"]}]},{"@type":"BreadcrumbList","@id":"https:\/\/www.mediaplateforme.com\/fr\/ceremonie-de-remise-des-prix-de-la-3eme-edition-du-programme-educatif-inwi-challenge\/#breadcrumb","itemListElement":[{"@type":"ListItem","position":1,"name":"\u0627\u0644\u0631\u0626\u064a\u0633\u064a\u0629","item":"https:\/\/www.mediaplateforme.com\/fr\/"},{"@type":"ListItem","position":2,"name":"C\u00e9r\u00e9monie de remise des prix de la 3\u00e8me \u00e9dition du programme \u00e9ducatif &#8220;inwi Challenge&#8221; :"}]},{"@type":"WebSite","@id":"https:\/\/www.mediaplateforme.com\/fr\/#website","url":"https:\/\/www.mediaplateforme.com\/fr\/","name":"MEDIA PLATEFORME | FR","description":"Mediaplateforme sp\u00e9cialis\u00e9 dans la communication institutions publiques et des entreprises","potentialAction":[{"@type":"SearchAction","target":{"@type":"EntryPoint","urlTemplate":"https:\/\/www.mediaplateforme.com\/fr\/?s={search_term_string}"},"query-input":"required name=search_term_string"}],"inLanguage":"fr-FR"},{"@type":"Person","@id":"https:\/\/www.mediaplateforme.com\/fr\/#\/schema\/person\/89833db382b5db2c76b094bc902aa12a","name":"Mediaplateforme","image":{"@type":"ImageObject","inLanguage":"fr-FR","@id":"https:\/\/www.mediaplateforme.com\/fr\/#\/schema\/person\/image\/","url":"https:\/\/secure.gravatar.com\/avatar\/6c9c02e8928cc65d54bf75157f7b3a2d06d7ad0494ca0951f679552ff03b34c1?s=96&d=mm&r=g","contentUrl":"https:\/\/secure.gravatar.com\/avatar\/6c9c02e8928cc65d54bf75157f7b3a2d06d7ad0494ca0951f679552ff03b34c1?s=96&d=mm&r=g","caption":"Mediaplateforme"},"sameAs":["https:\/\/www.mediaplateforme.com"],"url":"https:\/\/www.mediaplateforme.com\/fr\/author\/mohamedladib\/"}]}},"_links":{"self":[{"href":"https:\/\/www.mediaplateforme.com\/fr\/wp-json\/wp\/v2\/posts\/3444","targetHints":{"allow":["GET"]}}],"collection":[{"href":"https:\/\/www.mediaplateforme.com\/fr\/wp-json\/wp\/v2\/posts"}],"about":[{"href":"https:\/\/www.mediaplateforme.com\/fr\/wp-json\/wp\/v2\/types\/post"}],"author":[{"embeddable":true,"href":"https:\/\/www.mediaplateforme.com\/fr\/wp-json\/wp\/v2\/users\/1"}],"replies":[{"embeddable":true,"href":"https:\/\/www.mediaplateforme.com\/fr\/wp-json\/wp\/v2\/comments?post=3444"}],"version-history":[{"count":1,"href":"https:\/\/www.mediaplateforme.com\/fr\/wp-json\/wp\/v2\/posts\/3444\/revisions"}],"predecessor-version":[{"id":3446,"href":"https:\/\/www.mediaplateforme.com\/fr\/wp-json\/wp\/v2\/posts\/3444\/revisions\/3446"}],"wp:featuredmedia":[{"embeddable":true,"href":"https:\/\/www.mediaplateforme.com\/fr\/wp-json\/wp\/v2\/media\/3447"}],"wp:attachment":[{"href":"https:\/\/www.mediaplateforme.com\/fr\/wp-json\/wp\/v2\/media?parent=3444"}],"wp:term":[{"taxonomy":"category","embeddable":true,"href":"https:\/\/www.mediaplateforme.com\/fr\/wp-json\/wp\/v2\/categories?post=3444"},{"taxonomy":"post_tag","embeddable":true,"href":"https:\/\/www.mediaplateforme.com\/fr\/wp-json\/wp\/v2\/tags?post=3444"}],"curies":[{"name":"wp","href":"https:\/\/api.w.org\/{rel}","templated":true}]}}