{"id":3435,"date":"2023-06-21T21:54:29","date_gmt":"2023-06-21T20:54:29","guid":{"rendered":"https:\/\/www.mediaplateforme.com\/fr\/?p=3435"},"modified":"2023-06-21T21:54:29","modified_gmt":"2023-06-21T20:54:29","slug":"abl-aviation-annonce-une-quatrieme-cession-bail-da220-300-a-air-france","status":"publish","type":"post","link":"https:\/\/www.mediaplateforme.com\/fr\/abl-aviation-annonce-une-quatrieme-cession-bail-da220-300-a-air-france\/","title":{"rendered":"ABL AVIATION ANNONCE UNE QUATRI\u00c8ME CESSION-BAIL D&rsquo;A220-300 \u00c0 AIR FRANCE"},"content":{"rendered":"<p style=\"font-weight: 400;\">ABL Aviation, soci\u00e9t\u00e9 internationale ind\u00e9pendante de gestion d&rsquo;investissements a\u00e9ronautiques, a le plaisir d&rsquo;annoncer avoir r\u00e9cemment livr\u00e9 le quatri\u00e8me et dernier Airbus A220-300 neuf dans le cadre d&rsquo;un contrat de location \u00e0 long terme \u00e0 Air France, pour le compte de son partenaire japonais, \u00e0 travers la structure de location-exploitation japonaise (Japanese operating lease, JOL). Cet avion est le quatri\u00e8me appareil de la famille A220 livr\u00e9 \u00e0 Air France dans le cadre de la m\u00eame structure avec sept autres livraisons pr\u00e9vues en 2023 et 2024.<\/p>\n<p style=\"font-weight: 400;\">\n<p style=\"font-weight: 400;\">ABL Aviation et Air France ont fortement mis l&rsquo;accent sur leur engagement envers le d\u00e9veloppement durable en choisissant l&rsquo;avion Airbus A220, et ce d\u00e9vouement a \u00e9t\u00e9 illustr\u00e9 par la conclusion r\u00e9ussie de leur premier mandat.\u00a0La r\u00e9ussite remarquable de cette collaboration est \u00e9tay\u00e9e par des \u00e9conomies de carburant substantielles et une empreinte environnementale r\u00e9duite, qui jouent toutes deux un r\u00f4le essentiel dans l&rsquo;avancement de la cause de l&rsquo;aviation durable. En donnant la priorit\u00e9 \u00e0 l&rsquo;Airbus A220, ABL Aviation et Air France contribuent activement \u00e0 un avenir plus \u00e9cologique et plus durable pour l&rsquo;industrie a\u00e9ronautique.<\/p>\n<p style=\"font-weight: 400;\">\n<p style=\"font-weight: 400;\">Ali Ben Lmadani, PDG d&rsquo;ABL Aviation, commente ainsi la transaction: \u00ab\u00a0<em>Nous sommes ravis de c\u00e9l\u00e9brer la cl\u00f4ture des quatre premi\u00e8res transactions d&rsquo;avions avec Air France \u00e0 travers la prestation d&rsquo;un quatri\u00e8me A220 \u00e0 cette compagnie a\u00e9rienne.<\/em><em>\u00a0<\/em><em>Avec la promesse de livraison de sept avions suppl\u00e9mentaires en 2023 et 2024, je suis optimiste quant au renforcement de notre partenariat \u00e0 long terme avec le groupe Air France KLM.<\/em>\u00a0\u00bb En outre, il a ajout\u00e9: \u00ab\u00a0<em>Cette transaction d\u00e9montre notre engagement envers Air France et tous nos partenaires pour leur fournir des solutions personnalis\u00e9es et des financements en faveur de la durabilit\u00e9 et de l&rsquo;am\u00e9lioration de l&rsquo;impact environnemental des avions de nouvelle g\u00e9n\u00e9ration afin de soutenir leurs objectifs de croissance<\/em>.\u00a0\u00bb<\/p>\n<p style=\"font-weight: 400;\">\n<p style=\"font-weight: 400;\">Avec un co\u00fbt par si\u00e8ge inf\u00e9rieur de 10 % \u00e0 celui de l&rsquo;A318 et de l&rsquo;A319, l&rsquo;A220 offre une efficacit\u00e9 \u00e9nerg\u00e9tique exceptionnelle, consommant 20 % de carburant en moins et r\u00e9duisant les \u00e9missions de dioxyde de carbone de 20 %. Cela correspond aux objectifs ambitieux d&rsquo;Air France, notamment une r\u00e9duction de 30 % des \u00e9missions de CO2 par passager-kilom\u00e8tre d&rsquo;ici 2030 par rapport \u00e0 2019. Ce choix de l&rsquo;A220 repr\u00e9sente une avanc\u00e9e importante vers un avenir plus vert dans le domaine de l&rsquo;aviation.<\/p>\n","protected":false},"excerpt":{"rendered":"<p>ABL Aviation, soci\u00e9t\u00e9 internationale ind\u00e9pendante de gestion d&rsquo;investissements a\u00e9ronautiques, a le plaisir d&rsquo;annoncer avoir r\u00e9cemment<\/p>\n","protected":false},"author":1,"featured_media":3436,"comment_status":"open","ping_status":"open","sticky":false,"template":"","format":"standard","meta":{"_acf_changed":false,"footnotes":""},"categories":[2,3],"tags":[829],"class_list":["post-3435","post","type-post","status-publish","format-standard","has-post-thumbnail","hentry","category-nouvelles","category-nouvelles-selectionnees","tag-abl-aviation"],"acf":[],"yoast_head":"<!-- This site is optimized with the Yoast SEO plugin v22.0 - https:\/\/yoast.com\/wordpress\/plugins\/seo\/ -->\n<title>ABL AVIATION ANNONCE UNE QUATRI\u00c8ME CESSION-BAIL D&#039;A220-300 \u00c0 AIR FRANCE - MEDIA PLATEFORME | FR<\/title>\n<meta name=\"description\" content=\"ABL Aviation, soci\u00e9t\u00e9 internationale ind\u00e9pendante de gestion d&#039;investissements a\u00e9ronautiques, a le plaisir d&#039;annoncer avoir\" \/>\n<meta name=\"robots\" content=\"index, follow, max-snippet:-1, max-image-preview:large, max-video-preview:-1\" \/>\n<link rel=\"canonical\" href=\"https:\/\/www.mediaplateforme.com\/fr\/abl-aviation-annonce-une-quatrieme-cession-bail-da220-300-a-air-france\/\" \/>\n<meta property=\"og:locale\" content=\"fr_FR\" \/>\n<meta property=\"og:type\" content=\"article\" \/>\n<meta property=\"og:title\" content=\"ABL AVIATION ANNONCE UNE QUATRI\u00c8ME CESSION-BAIL D&#039;A220-300 \u00c0 AIR FRANCE - MEDIA PLATEFORME | FR\" \/>\n<meta property=\"og:description\" content=\"ABL Aviation, soci\u00e9t\u00e9 internationale ind\u00e9pendante de gestion d&#039;investissements a\u00e9ronautiques, a le plaisir d&#039;annoncer avoir\" \/>\n<meta property=\"og:url\" content=\"https:\/\/www.mediaplateforme.com\/fr\/abl-aviation-annonce-une-quatrieme-cession-bail-da220-300-a-air-france\/\" \/>\n<meta property=\"og:site_name\" content=\"MEDIA PLATEFORME | FR\" \/>\n<meta property=\"article:published_time\" content=\"2023-06-21T20:54:29+00:00\" \/>\n<meta property=\"og:image\" content=\"https:\/\/www.mediaplateforme.com\/fr\/wp-content\/uploads\/sites\/5\/2023\/06\/Visuel-ABL-Aviation.jpeg\" \/>\n\t<meta property=\"og:image:width\" content=\"1600\" \/>\n\t<meta property=\"og:image:height\" content=\"837\" \/>\n\t<meta property=\"og:image:type\" content=\"image\/jpeg\" \/>\n<meta name=\"author\" content=\"Mediaplateforme\" \/>\n<meta name=\"twitter:card\" content=\"summary_large_image\" \/>\n<meta name=\"twitter:label1\" content=\"\u00c9crit par\" \/>\n\t<meta name=\"twitter:data1\" content=\"Mediaplateforme\" \/>\n\t<meta name=\"twitter:label2\" content=\"Dur\u00e9e de lecture estim\u00e9e\" \/>\n\t<meta name=\"twitter:data2\" content=\"2 minutes\" \/>\n<script type=\"application\/ld+json\" class=\"yoast-schema-graph\">{\"@context\":\"https:\/\/schema.org\",\"@graph\":[{\"@type\":\"WebPage\",\"@id\":\"https:\/\/www.mediaplateforme.com\/fr\/abl-aviation-annonce-une-quatrieme-cession-bail-da220-300-a-air-france\/\",\"url\":\"https:\/\/www.mediaplateforme.com\/fr\/abl-aviation-annonce-une-quatrieme-cession-bail-da220-300-a-air-france\/\",\"name\":\"ABL AVIATION ANNONCE UNE QUATRI\u00c8ME CESSION-BAIL D'A220-300 \u00c0 AIR FRANCE - MEDIA PLATEFORME | FR\",\"isPartOf\":{\"@id\":\"https:\/\/www.mediaplateforme.com\/fr\/#website\"},\"datePublished\":\"2023-06-21T20:54:29+00:00\",\"dateModified\":\"2023-06-21T20:54:29+00:00\",\"author\":{\"@id\":\"https:\/\/www.mediaplateforme.com\/fr\/#\/schema\/person\/89833db382b5db2c76b094bc902aa12a\"},\"description\":\"ABL Aviation, soci\u00e9t\u00e9 internationale ind\u00e9pendante de gestion d'investissements a\u00e9ronautiques, a le plaisir d'annoncer avoir\",\"breadcrumb\":{\"@id\":\"https:\/\/www.mediaplateforme.com\/fr\/abl-aviation-annonce-une-quatrieme-cession-bail-da220-300-a-air-france\/#breadcrumb\"},\"inLanguage\":\"fr-FR\",\"potentialAction\":[{\"@type\":\"ReadAction\",\"target\":[\"https:\/\/www.mediaplateforme.com\/fr\/abl-aviation-annonce-une-quatrieme-cession-bail-da220-300-a-air-france\/\"]}]},{\"@type\":\"BreadcrumbList\",\"@id\":\"https:\/\/www.mediaplateforme.com\/fr\/abl-aviation-annonce-une-quatrieme-cession-bail-da220-300-a-air-france\/#breadcrumb\",\"itemListElement\":[{\"@type\":\"ListItem\",\"position\":1,\"name\":\"\u0627\u0644\u0631\u0626\u064a\u0633\u064a\u0629\",\"item\":\"https:\/\/www.mediaplateforme.com\/fr\/\"},{\"@type\":\"ListItem\",\"position\":2,\"name\":\"ABL AVIATION ANNONCE UNE QUATRI\u00c8ME CESSION-BAIL D&#8217;A220-300 \u00c0 AIR FRANCE\"}]},{\"@type\":\"WebSite\",\"@id\":\"https:\/\/www.mediaplateforme.com\/fr\/#website\",\"url\":\"https:\/\/www.mediaplateforme.com\/fr\/\",\"name\":\"MEDIA PLATEFORME | FR\",\"description\":\"Mediaplateforme sp\u00e9cialis\u00e9 dans la communication institutions publiques et des entreprises\",\"potentialAction\":[{\"@type\":\"SearchAction\",\"target\":{\"@type\":\"EntryPoint\",\"urlTemplate\":\"https:\/\/www.mediaplateforme.com\/fr\/?s={search_term_string}\"},\"query-input\":\"required name=search_term_string\"}],\"inLanguage\":\"fr-FR\"},{\"@type\":\"Person\",\"@id\":\"https:\/\/www.mediaplateforme.com\/fr\/#\/schema\/person\/89833db382b5db2c76b094bc902aa12a\",\"name\":\"Mediaplateforme\",\"image\":{\"@type\":\"ImageObject\",\"inLanguage\":\"fr-FR\",\"@id\":\"https:\/\/www.mediaplateforme.com\/fr\/#\/schema\/person\/image\/\",\"url\":\"https:\/\/secure.gravatar.com\/avatar\/6c9c02e8928cc65d54bf75157f7b3a2d06d7ad0494ca0951f679552ff03b34c1?s=96&d=mm&r=g\",\"contentUrl\":\"https:\/\/secure.gravatar.com\/avatar\/6c9c02e8928cc65d54bf75157f7b3a2d06d7ad0494ca0951f679552ff03b34c1?s=96&d=mm&r=g\",\"caption\":\"Mediaplateforme\"},\"sameAs\":[\"https:\/\/www.mediaplateforme.com\"],\"url\":\"https:\/\/www.mediaplateforme.com\/fr\/author\/mohamedladib\/\"}]}<\/script>\n<!-- \/ Yoast SEO plugin. -->","yoast_head_json":{"title":"ABL AVIATION ANNONCE UNE QUATRI\u00c8ME CESSION-BAIL D'A220-300 \u00c0 AIR FRANCE - MEDIA PLATEFORME | FR","description":"ABL Aviation, soci\u00e9t\u00e9 internationale ind\u00e9pendante de gestion d'investissements a\u00e9ronautiques, a le plaisir d'annoncer avoir","robots":{"index":"index","follow":"follow","max-snippet":"max-snippet:-1","max-image-preview":"max-image-preview:large","max-video-preview":"max-video-preview:-1"},"canonical":"https:\/\/www.mediaplateforme.com\/fr\/abl-aviation-annonce-une-quatrieme-cession-bail-da220-300-a-air-france\/","og_locale":"fr_FR","og_type":"article","og_title":"ABL AVIATION ANNONCE UNE QUATRI\u00c8ME CESSION-BAIL D'A220-300 \u00c0 AIR FRANCE - MEDIA PLATEFORME | FR","og_description":"ABL Aviation, soci\u00e9t\u00e9 internationale ind\u00e9pendante de gestion d'investissements a\u00e9ronautiques, a le plaisir d'annoncer avoir","og_url":"https:\/\/www.mediaplateforme.com\/fr\/abl-aviation-annonce-une-quatrieme-cession-bail-da220-300-a-air-france\/","og_site_name":"MEDIA PLATEFORME | FR","article_published_time":"2023-06-21T20:54:29+00:00","og_image":[{"width":1600,"height":837,"url":"https:\/\/www.mediaplateforme.com\/fr\/wp-content\/uploads\/sites\/5\/2023\/06\/Visuel-ABL-Aviation.jpeg","type":"image\/jpeg"}],"author":"Mediaplateforme","twitter_card":"summary_large_image","twitter_misc":{"\u00c9crit par":"Mediaplateforme","Dur\u00e9e de lecture estim\u00e9e":"2 minutes"},"schema":{"@context":"https:\/\/schema.org","@graph":[{"@type":"WebPage","@id":"https:\/\/www.mediaplateforme.com\/fr\/abl-aviation-annonce-une-quatrieme-cession-bail-da220-300-a-air-france\/","url":"https:\/\/www.mediaplateforme.com\/fr\/abl-aviation-annonce-une-quatrieme-cession-bail-da220-300-a-air-france\/","name":"ABL AVIATION ANNONCE UNE QUATRI\u00c8ME CESSION-BAIL D'A220-300 \u00c0 AIR FRANCE - MEDIA PLATEFORME | FR","isPartOf":{"@id":"https:\/\/www.mediaplateforme.com\/fr\/#website"},"datePublished":"2023-06-21T20:54:29+00:00","dateModified":"2023-06-21T20:54:29+00:00","author":{"@id":"https:\/\/www.mediaplateforme.com\/fr\/#\/schema\/person\/89833db382b5db2c76b094bc902aa12a"},"description":"ABL Aviation, soci\u00e9t\u00e9 internationale ind\u00e9pendante de gestion d'investissements a\u00e9ronautiques, a le plaisir d'annoncer avoir","breadcrumb":{"@id":"https:\/\/www.mediaplateforme.com\/fr\/abl-aviation-annonce-une-quatrieme-cession-bail-da220-300-a-air-france\/#breadcrumb"},"inLanguage":"fr-FR","potentialAction":[{"@type":"ReadAction","target":["https:\/\/www.mediaplateforme.com\/fr\/abl-aviation-annonce-une-quatrieme-cession-bail-da220-300-a-air-france\/"]}]},{"@type":"BreadcrumbList","@id":"https:\/\/www.mediaplateforme.com\/fr\/abl-aviation-annonce-une-quatrieme-cession-bail-da220-300-a-air-france\/#breadcrumb","itemListElement":[{"@type":"ListItem","position":1,"name":"\u0627\u0644\u0631\u0626\u064a\u0633\u064a\u0629","item":"https:\/\/www.mediaplateforme.com\/fr\/"},{"@type":"ListItem","position":2,"name":"ABL AVIATION ANNONCE UNE QUATRI\u00c8ME CESSION-BAIL D&#8217;A220-300 \u00c0 AIR FRANCE"}]},{"@type":"WebSite","@id":"https:\/\/www.mediaplateforme.com\/fr\/#website","url":"https:\/\/www.mediaplateforme.com\/fr\/","name":"MEDIA PLATEFORME | FR","description":"Mediaplateforme sp\u00e9cialis\u00e9 dans la communication institutions publiques et des entreprises","potentialAction":[{"@type":"SearchAction","target":{"@type":"EntryPoint","urlTemplate":"https:\/\/www.mediaplateforme.com\/fr\/?s={search_term_string}"},"query-input":"required name=search_term_string"}],"inLanguage":"fr-FR"},{"@type":"Person","@id":"https:\/\/www.mediaplateforme.com\/fr\/#\/schema\/person\/89833db382b5db2c76b094bc902aa12a","name":"Mediaplateforme","image":{"@type":"ImageObject","inLanguage":"fr-FR","@id":"https:\/\/www.mediaplateforme.com\/fr\/#\/schema\/person\/image\/","url":"https:\/\/secure.gravatar.com\/avatar\/6c9c02e8928cc65d54bf75157f7b3a2d06d7ad0494ca0951f679552ff03b34c1?s=96&d=mm&r=g","contentUrl":"https:\/\/secure.gravatar.com\/avatar\/6c9c02e8928cc65d54bf75157f7b3a2d06d7ad0494ca0951f679552ff03b34c1?s=96&d=mm&r=g","caption":"Mediaplateforme"},"sameAs":["https:\/\/www.mediaplateforme.com"],"url":"https:\/\/www.mediaplateforme.com\/fr\/author\/mohamedladib\/"}]}},"_links":{"self":[{"href":"https:\/\/www.mediaplateforme.com\/fr\/wp-json\/wp\/v2\/posts\/3435","targetHints":{"allow":["GET"]}}],"collection":[{"href":"https:\/\/www.mediaplateforme.com\/fr\/wp-json\/wp\/v2\/posts"}],"about":[{"href":"https:\/\/www.mediaplateforme.com\/fr\/wp-json\/wp\/v2\/types\/post"}],"author":[{"embeddable":true,"href":"https:\/\/www.mediaplateforme.com\/fr\/wp-json\/wp\/v2\/users\/1"}],"replies":[{"embeddable":true,"href":"https:\/\/www.mediaplateforme.com\/fr\/wp-json\/wp\/v2\/comments?post=3435"}],"version-history":[{"count":1,"href":"https:\/\/www.mediaplateforme.com\/fr\/wp-json\/wp\/v2\/posts\/3435\/revisions"}],"predecessor-version":[{"id":3437,"href":"https:\/\/www.mediaplateforme.com\/fr\/wp-json\/wp\/v2\/posts\/3435\/revisions\/3437"}],"wp:featuredmedia":[{"embeddable":true,"href":"https:\/\/www.mediaplateforme.com\/fr\/wp-json\/wp\/v2\/media\/3436"}],"wp:attachment":[{"href":"https:\/\/www.mediaplateforme.com\/fr\/wp-json\/wp\/v2\/media?parent=3435"}],"wp:term":[{"taxonomy":"category","embeddable":true,"href":"https:\/\/www.mediaplateforme.com\/fr\/wp-json\/wp\/v2\/categories?post=3435"},{"taxonomy":"post_tag","embeddable":true,"href":"https:\/\/www.mediaplateforme.com\/fr\/wp-json\/wp\/v2\/tags?post=3435"}],"curies":[{"name":"wp","href":"https:\/\/api.w.org\/{rel}","templated":true}]}}