{"id":3431,"date":"2023-06-21T20:58:12","date_gmt":"2023-06-21T19:58:12","guid":{"rendered":"https:\/\/www.mediaplateforme.com\/fr\/?p=3431"},"modified":"2023-06-21T21:02:27","modified_gmt":"2023-06-21T20:02:27","slug":"journee-nationale-du-commercant-les-nouveaux-defis-du-secteur","status":"publish","type":"post","link":"https:\/\/www.mediaplateforme.com\/fr\/journee-nationale-du-commercant-les-nouveaux-defis-du-secteur\/","title":{"rendered":"Journ\u00e9e Nationale du Commer\u00e7ant : Les nouveaux d\u00e9fis du secteur"},"content":{"rendered":"<p><strong>Sous le Haut patronage de Sa Majest\u00e9 le Roi Mohammed VI, que Dieu l\u2019Assiste<\/strong>, le Minist\u00e8re de l\u2019Industrie et du Commerce a c\u00e9l\u00e9br\u00e9, mercredi<strong> 21 juin 2023, <\/strong>la Journ\u00e9e Nationale du Commer\u00e7ant \u00e0 Kser Lekbir, sous le th\u00e8me\u00a0:<strong> \u00ab\u00a0Les d\u00e9fis du commerce de proximit\u00e9 face \u00e0 la concurrence du commerce moderne et au d\u00e9veloppement du e-commerce\u00a0\u00bb. <\/strong><\/p>\n<p>Cet \u00e9v\u00e9nement, pr\u00e9sid\u00e9 par le Ministre de l\u2019Industrie et du Commerce, M. Ryad Mezzour, a r\u00e9uni plusieurs acteurs du secteur, les repr\u00e9sentants des Chambres de Commerce, d\u2019Industrie et de Services, des d\u00e9partements minist\u00e9riels et des institutions publiques, ainsi que des universitaires, des organisations professionnelles et des op\u00e9rateurs priv\u00e9s du commerce et de la distribution.<\/p>\n<p>A cette occasion, M. Mezzour a soulign\u00e9 le r\u00f4le important que joue le commerce de proximit\u00e9 dans le paysage \u00e9conomique national, le qualifiant de \u00ab\u00a0maillon incontournable de la cha\u00eene d\u2019approvisionnement, mais \u00e9galement une alternative de financement inconditionnel pour les m\u00e9nages marocains\u00a0\u00bb. Le Ministre a \u00e9galement insist\u00e9 sur la priorit\u00e9 qu\u2019accorde le gouvernement au commerce et au commer\u00e7ant rappelant les chantiers structuraux entrepris, pour am\u00e9liorer les conditions de travail du commer\u00e7ant, d\u00e9velopper le cadre l\u00e9gislatif du secteur et r\u00e9pondre mieux aux attentes du consommateur marocain de plus en plus exigent.<\/p>\n<p>Cette nouvelle \u00e9dition de la JNC a \u00e9t\u00e9, justement, l\u2019occasion de faire le point sur l\u2019\u00e9tat d\u2019avancement de la mise en place des recommandations issues du Forum Marocain du Commerce tenu en avril 2019. Le Ministre a soulign\u00e9, \u00e0 ce propos, l\u2019importance de la g\u00e9n\u00e9ralisation de l\u2019assurance maladie obligatoire, chantier phare mis en \u0153uvre gr\u00e2ce aux Hautes Orientations Royales de Sa Majest\u00e9<strong> le Roi que Dieu L\u2019assiste<\/strong>, ainsi que les efforts d\u00e9ploy\u00e9s pour permettre aux commer\u00e7ants d\u2019am\u00e9liorer leur comp\u00e9titivit\u00e9, en terme de modernisation, de digitalisation et de financement.<\/p>\n<p>Au cours de cette journ\u00e9e, les d\u00e9fis qu\u2019affronte le commer\u00e7ant de proximit\u00e9 ont \u00e9t\u00e9 d\u00e9battus\u00a0 \u00a0\u00e0 travers trois tables rondes d\u00e9di\u00e9es aux th\u00e9matiques suivantes:<\/p>\n<ul>\n<li>Le r\u00f4le de la modernisation dans le renforcement de la comp\u00e9titivit\u00e9 du commerce de proximit\u00e9.<\/li>\n<li>L\u2019approche \u00e0 mettre en place pour garantir un meilleur financement du commer\u00e7ant tenant compte de la mutation du comportement du consommateur.<\/li>\n<li>Les perspectives \u00e0 venir \u00e0 la lumi\u00e8re du chantier Royal relatif \u00e0 la couverture sociale.<\/li>\n<\/ul>\n<p>&nbsp;<\/p>\n<p>Cette journ\u00e9e a \u00e9t\u00e9 marqu\u00e9e par la signature de plusieurs conventions de partenariat visant le d\u00e9veloppement du commerce de proximit\u00e9\u00a0:<\/p>\n<ul>\n<li>Une convention cadre portant sur l\u2019alphab\u00e9tisation fonctionnelle en faveur des commer\u00e7ants de proximit\u00e9, sign\u00e9 entre le Minist\u00e8re de l\u2019industrie et du Commerce, l\u2019agence de lutte contre l\u2019analphab\u00e9tisation et la f\u00e9d\u00e9ration des chambres de commerce et de d\u2019industrie.<\/li>\n<li>Deux conventions sp\u00e9cifiques portant sur l\u2019\u00e9ducation financi\u00e8re des commer\u00e7ants, en partenariat avec la Fondation Marocaine pour l\u2019Education Financi\u00e8re, respectivement avec la CCIS de la r\u00e9gion de Beni Melal-Khenifra et la CCIS de la r\u00e9gion de F\u00e8s Meknes.<\/li>\n<\/ul>\n<p>&nbsp;<\/p>\n<ul>\n<li>Une convention de partenariat entre le Minist\u00e8re de l\u2019industrie et du Commerce, la f\u00e9d\u00e9ration des chambres de commerce et de d\u2019industrie et l\u2019OMPIC<\/li>\n<\/ul>\n<p>&nbsp;<\/p>\n","protected":false},"excerpt":{"rendered":"<p>Sous le Haut patronage de Sa Majest\u00e9 le Roi Mohammed VI, que Dieu l\u2019Assiste, le<\/p>\n","protected":false},"author":1,"featured_media":3434,"comment_status":"open","ping_status":"open","sticky":false,"template":"","format":"standard","meta":{"_acf_changed":false,"footnotes":""},"categories":[2,3],"tags":[1082,267,1081],"class_list":["post-3431","post","type-post","status-publish","format-standard","has-post-thumbnail","hentry","category-nouvelles","category-nouvelles-selectionnees","tag-commercant","tag-commerce","tag-commerce-de-proximite"],"acf":[],"yoast_head":"<!-- This site is optimized with the Yoast SEO plugin v22.0 - https:\/\/yoast.com\/wordpress\/plugins\/seo\/ -->\n<title>Journ\u00e9e Nationale du Commer\u00e7ant : Les nouveaux d\u00e9fis du secteur - MEDIA PLATEFORME | FR<\/title>\n<meta name=\"description\" content=\"Commer\u00e7ant \u00a0: \u00ab\u00a0Les d\u00e9fis du commerce de proximit\u00e9 face \u00e0 la concurrence du commerce moderne et au d\u00e9veloppement du e-commerce\u00a0\u00bb.\" \/>\n<meta name=\"robots\" content=\"index, follow, max-snippet:-1, max-image-preview:large, max-video-preview:-1\" \/>\n<link rel=\"canonical\" href=\"https:\/\/www.mediaplateforme.com\/fr\/journee-nationale-du-commercant-les-nouveaux-defis-du-secteur\/\" \/>\n<meta property=\"og:locale\" content=\"fr_FR\" \/>\n<meta property=\"og:type\" content=\"article\" \/>\n<meta property=\"og:title\" content=\"Journ\u00e9e Nationale du Commer\u00e7ant : Les nouveaux d\u00e9fis du secteur - MEDIA PLATEFORME | FR\" \/>\n<meta property=\"og:description\" content=\"Commer\u00e7ant \u00a0: \u00ab\u00a0Les d\u00e9fis du commerce de proximit\u00e9 face \u00e0 la concurrence du commerce moderne et au d\u00e9veloppement du e-commerce\u00a0\u00bb.\" \/>\n<meta property=\"og:url\" content=\"https:\/\/www.mediaplateforme.com\/fr\/journee-nationale-du-commercant-les-nouveaux-defis-du-secteur\/\" \/>\n<meta property=\"og:site_name\" content=\"MEDIA PLATEFORME | FR\" \/>\n<meta property=\"article:published_time\" content=\"2023-06-21T19:58:12+00:00\" \/>\n<meta property=\"article:modified_time\" content=\"2023-06-21T20:02:27+00:00\" \/>\n<meta property=\"og:image\" content=\"https:\/\/www.mediaplateforme.com\/fr\/wp-content\/uploads\/sites\/5\/2023\/06\/1-4.jpg\" \/>\n\t<meta property=\"og:image:width\" content=\"1242\" \/>\n\t<meta property=\"og:image:height\" content=\"835\" \/>\n\t<meta property=\"og:image:type\" content=\"image\/jpeg\" \/>\n<meta name=\"author\" content=\"Mediaplateforme\" \/>\n<meta name=\"twitter:card\" content=\"summary_large_image\" \/>\n<meta name=\"twitter:label1\" content=\"\u00c9crit par\" \/>\n\t<meta name=\"twitter:data1\" content=\"Mediaplateforme\" \/>\n\t<meta name=\"twitter:label2\" content=\"Dur\u00e9e de lecture estim\u00e9e\" \/>\n\t<meta name=\"twitter:data2\" content=\"3 minutes\" \/>\n<script type=\"application\/ld+json\" class=\"yoast-schema-graph\">{\"@context\":\"https:\/\/schema.org\",\"@graph\":[{\"@type\":\"WebPage\",\"@id\":\"https:\/\/www.mediaplateforme.com\/fr\/journee-nationale-du-commercant-les-nouveaux-defis-du-secteur\/\",\"url\":\"https:\/\/www.mediaplateforme.com\/fr\/journee-nationale-du-commercant-les-nouveaux-defis-du-secteur\/\",\"name\":\"Journ\u00e9e Nationale du Commer\u00e7ant : Les nouveaux d\u00e9fis du secteur - MEDIA PLATEFORME | FR\",\"isPartOf\":{\"@id\":\"https:\/\/www.mediaplateforme.com\/fr\/#website\"},\"datePublished\":\"2023-06-21T19:58:12+00:00\",\"dateModified\":\"2023-06-21T20:02:27+00:00\",\"author\":{\"@id\":\"https:\/\/www.mediaplateforme.com\/fr\/#\/schema\/person\/89833db382b5db2c76b094bc902aa12a\"},\"description\":\"Commer\u00e7ant \u00a0: \u00ab\u00a0Les d\u00e9fis du commerce de proximit\u00e9 face \u00e0 la concurrence du commerce moderne et au d\u00e9veloppement du e-commerce\u00a0\u00bb.\",\"breadcrumb\":{\"@id\":\"https:\/\/www.mediaplateforme.com\/fr\/journee-nationale-du-commercant-les-nouveaux-defis-du-secteur\/#breadcrumb\"},\"inLanguage\":\"fr-FR\",\"potentialAction\":[{\"@type\":\"ReadAction\",\"target\":[\"https:\/\/www.mediaplateforme.com\/fr\/journee-nationale-du-commercant-les-nouveaux-defis-du-secteur\/\"]}]},{\"@type\":\"BreadcrumbList\",\"@id\":\"https:\/\/www.mediaplateforme.com\/fr\/journee-nationale-du-commercant-les-nouveaux-defis-du-secteur\/#breadcrumb\",\"itemListElement\":[{\"@type\":\"ListItem\",\"position\":1,\"name\":\"\u0627\u0644\u0631\u0626\u064a\u0633\u064a\u0629\",\"item\":\"https:\/\/www.mediaplateforme.com\/fr\/\"},{\"@type\":\"ListItem\",\"position\":2,\"name\":\"Journ\u00e9e Nationale du Commer\u00e7ant : Les nouveaux d\u00e9fis du secteur\"}]},{\"@type\":\"WebSite\",\"@id\":\"https:\/\/www.mediaplateforme.com\/fr\/#website\",\"url\":\"https:\/\/www.mediaplateforme.com\/fr\/\",\"name\":\"MEDIA PLATEFORME | FR\",\"description\":\"Mediaplateforme sp\u00e9cialis\u00e9 dans la communication institutions publiques et des entreprises\",\"potentialAction\":[{\"@type\":\"SearchAction\",\"target\":{\"@type\":\"EntryPoint\",\"urlTemplate\":\"https:\/\/www.mediaplateforme.com\/fr\/?s={search_term_string}\"},\"query-input\":\"required name=search_term_string\"}],\"inLanguage\":\"fr-FR\"},{\"@type\":\"Person\",\"@id\":\"https:\/\/www.mediaplateforme.com\/fr\/#\/schema\/person\/89833db382b5db2c76b094bc902aa12a\",\"name\":\"Mediaplateforme\",\"image\":{\"@type\":\"ImageObject\",\"inLanguage\":\"fr-FR\",\"@id\":\"https:\/\/www.mediaplateforme.com\/fr\/#\/schema\/person\/image\/\",\"url\":\"https:\/\/secure.gravatar.com\/avatar\/6c9c02e8928cc65d54bf75157f7b3a2d06d7ad0494ca0951f679552ff03b34c1?s=96&d=mm&r=g\",\"contentUrl\":\"https:\/\/secure.gravatar.com\/avatar\/6c9c02e8928cc65d54bf75157f7b3a2d06d7ad0494ca0951f679552ff03b34c1?s=96&d=mm&r=g\",\"caption\":\"Mediaplateforme\"},\"sameAs\":[\"https:\/\/www.mediaplateforme.com\"],\"url\":\"https:\/\/www.mediaplateforme.com\/fr\/author\/mohamedladib\/\"}]}<\/script>\n<!-- \/ Yoast SEO plugin. -->","yoast_head_json":{"title":"Journ\u00e9e Nationale du Commer\u00e7ant : Les nouveaux d\u00e9fis du secteur - MEDIA PLATEFORME | FR","description":"Commer\u00e7ant \u00a0: \u00ab\u00a0Les d\u00e9fis du commerce de proximit\u00e9 face \u00e0 la concurrence du commerce moderne et au d\u00e9veloppement du e-commerce\u00a0\u00bb.","robots":{"index":"index","follow":"follow","max-snippet":"max-snippet:-1","max-image-preview":"max-image-preview:large","max-video-preview":"max-video-preview:-1"},"canonical":"https:\/\/www.mediaplateforme.com\/fr\/journee-nationale-du-commercant-les-nouveaux-defis-du-secteur\/","og_locale":"fr_FR","og_type":"article","og_title":"Journ\u00e9e Nationale du Commer\u00e7ant : Les nouveaux d\u00e9fis du secteur - MEDIA PLATEFORME | FR","og_description":"Commer\u00e7ant \u00a0: \u00ab\u00a0Les d\u00e9fis du commerce de proximit\u00e9 face \u00e0 la concurrence du commerce moderne et au d\u00e9veloppement du e-commerce\u00a0\u00bb.","og_url":"https:\/\/www.mediaplateforme.com\/fr\/journee-nationale-du-commercant-les-nouveaux-defis-du-secteur\/","og_site_name":"MEDIA PLATEFORME | FR","article_published_time":"2023-06-21T19:58:12+00:00","article_modified_time":"2023-06-21T20:02:27+00:00","og_image":[{"width":1242,"height":835,"url":"https:\/\/www.mediaplateforme.com\/fr\/wp-content\/uploads\/sites\/5\/2023\/06\/1-4.jpg","type":"image\/jpeg"}],"author":"Mediaplateforme","twitter_card":"summary_large_image","twitter_misc":{"\u00c9crit par":"Mediaplateforme","Dur\u00e9e de lecture estim\u00e9e":"3 minutes"},"schema":{"@context":"https:\/\/schema.org","@graph":[{"@type":"WebPage","@id":"https:\/\/www.mediaplateforme.com\/fr\/journee-nationale-du-commercant-les-nouveaux-defis-du-secteur\/","url":"https:\/\/www.mediaplateforme.com\/fr\/journee-nationale-du-commercant-les-nouveaux-defis-du-secteur\/","name":"Journ\u00e9e Nationale du Commer\u00e7ant : Les nouveaux d\u00e9fis du secteur - MEDIA PLATEFORME | FR","isPartOf":{"@id":"https:\/\/www.mediaplateforme.com\/fr\/#website"},"datePublished":"2023-06-21T19:58:12+00:00","dateModified":"2023-06-21T20:02:27+00:00","author":{"@id":"https:\/\/www.mediaplateforme.com\/fr\/#\/schema\/person\/89833db382b5db2c76b094bc902aa12a"},"description":"Commer\u00e7ant \u00a0: \u00ab\u00a0Les d\u00e9fis du commerce de proximit\u00e9 face \u00e0 la concurrence du commerce moderne et au d\u00e9veloppement du e-commerce\u00a0\u00bb.","breadcrumb":{"@id":"https:\/\/www.mediaplateforme.com\/fr\/journee-nationale-du-commercant-les-nouveaux-defis-du-secteur\/#breadcrumb"},"inLanguage":"fr-FR","potentialAction":[{"@type":"ReadAction","target":["https:\/\/www.mediaplateforme.com\/fr\/journee-nationale-du-commercant-les-nouveaux-defis-du-secteur\/"]}]},{"@type":"BreadcrumbList","@id":"https:\/\/www.mediaplateforme.com\/fr\/journee-nationale-du-commercant-les-nouveaux-defis-du-secteur\/#breadcrumb","itemListElement":[{"@type":"ListItem","position":1,"name":"\u0627\u0644\u0631\u0626\u064a\u0633\u064a\u0629","item":"https:\/\/www.mediaplateforme.com\/fr\/"},{"@type":"ListItem","position":2,"name":"Journ\u00e9e Nationale du Commer\u00e7ant : Les nouveaux d\u00e9fis du secteur"}]},{"@type":"WebSite","@id":"https:\/\/www.mediaplateforme.com\/fr\/#website","url":"https:\/\/www.mediaplateforme.com\/fr\/","name":"MEDIA PLATEFORME | FR","description":"Mediaplateforme sp\u00e9cialis\u00e9 dans la communication institutions publiques et des entreprises","potentialAction":[{"@type":"SearchAction","target":{"@type":"EntryPoint","urlTemplate":"https:\/\/www.mediaplateforme.com\/fr\/?s={search_term_string}"},"query-input":"required name=search_term_string"}],"inLanguage":"fr-FR"},{"@type":"Person","@id":"https:\/\/www.mediaplateforme.com\/fr\/#\/schema\/person\/89833db382b5db2c76b094bc902aa12a","name":"Mediaplateforme","image":{"@type":"ImageObject","inLanguage":"fr-FR","@id":"https:\/\/www.mediaplateforme.com\/fr\/#\/schema\/person\/image\/","url":"https:\/\/secure.gravatar.com\/avatar\/6c9c02e8928cc65d54bf75157f7b3a2d06d7ad0494ca0951f679552ff03b34c1?s=96&d=mm&r=g","contentUrl":"https:\/\/secure.gravatar.com\/avatar\/6c9c02e8928cc65d54bf75157f7b3a2d06d7ad0494ca0951f679552ff03b34c1?s=96&d=mm&r=g","caption":"Mediaplateforme"},"sameAs":["https:\/\/www.mediaplateforme.com"],"url":"https:\/\/www.mediaplateforme.com\/fr\/author\/mohamedladib\/"}]}},"_links":{"self":[{"href":"https:\/\/www.mediaplateforme.com\/fr\/wp-json\/wp\/v2\/posts\/3431","targetHints":{"allow":["GET"]}}],"collection":[{"href":"https:\/\/www.mediaplateforme.com\/fr\/wp-json\/wp\/v2\/posts"}],"about":[{"href":"https:\/\/www.mediaplateforme.com\/fr\/wp-json\/wp\/v2\/types\/post"}],"author":[{"embeddable":true,"href":"https:\/\/www.mediaplateforme.com\/fr\/wp-json\/wp\/v2\/users\/1"}],"replies":[{"embeddable":true,"href":"https:\/\/www.mediaplateforme.com\/fr\/wp-json\/wp\/v2\/comments?post=3431"}],"version-history":[{"count":1,"href":"https:\/\/www.mediaplateforme.com\/fr\/wp-json\/wp\/v2\/posts\/3431\/revisions"}],"predecessor-version":[{"id":3433,"href":"https:\/\/www.mediaplateforme.com\/fr\/wp-json\/wp\/v2\/posts\/3431\/revisions\/3433"}],"wp:featuredmedia":[{"embeddable":true,"href":"https:\/\/www.mediaplateforme.com\/fr\/wp-json\/wp\/v2\/media\/3434"}],"wp:attachment":[{"href":"https:\/\/www.mediaplateforme.com\/fr\/wp-json\/wp\/v2\/media?parent=3431"}],"wp:term":[{"taxonomy":"category","embeddable":true,"href":"https:\/\/www.mediaplateforme.com\/fr\/wp-json\/wp\/v2\/categories?post=3431"},{"taxonomy":"post_tag","embeddable":true,"href":"https:\/\/www.mediaplateforme.com\/fr\/wp-json\/wp\/v2\/tags?post=3431"}],"curies":[{"name":"wp","href":"https:\/\/api.w.org\/{rel}","templated":true}]}}