{"id":3379,"date":"2023-06-16T17:09:32","date_gmt":"2023-06-16T16:09:32","guid":{"rendered":"https:\/\/www.mediaplateforme.com\/fr\/?p=3379"},"modified":"2023-06-16T17:09:32","modified_gmt":"2023-06-16T16:09:32","slug":"le-laboratoire-national-mohammed-vi-des-analyses-medicales-organise-une-journee-portes-ouvertes","status":"publish","type":"post","link":"https:\/\/www.mediaplateforme.com\/fr\/le-laboratoire-national-mohammed-vi-des-analyses-medicales-organise-une-journee-portes-ouvertes\/","title":{"rendered":"Le Laboratoire National Mohammed VI des Analyses M\u00e9dicales organise une journ\u00e9e portes ouvertes"},"content":{"rendered":"<p style=\"font-weight: 400;\">Le Laboratoire National Mohammed VI d\u2019Analyses M\u00e9dicales organise une journ\u00e9e portes ouvertes ce samedi 17 Juin \u00e0 partir de 9H00 dans ses locaux situ\u00e9s au campus Anfa City de l\u2019Universit\u00e9 Mohammed VI des Sciences et de la Sant\u00e9. Cet \u00e9v\u00e9nement permettra au public de d\u00e9couvrir notre laboratoire de biologie sp\u00e9cialis\u00e9 au service des professionnels de sant\u00e9 du continent africain.<\/p>\n<p style=\"font-weight: 400;\">\n<p style=\"font-weight: 400;\">Avec un plateau technique de derni\u00e8re g\u00e9n\u00e9ration s&rsquo;\u00e9talant sur 3200m\u00b2, le LNM6 offre un menu complet d&rsquo;analyses sp\u00e9cialis\u00e9es de qualit\u00e9 et concurrentielles par rapport aux plateaux \u00e9trangers. Gr\u00e2ce \u00e0 ses p\u00f4les de technologie et \u00e0 sa d\u00e9marche qualit\u00e9 reconnue, le Laboratoire National Mohammed VI d\u2019Analyses M\u00e9dicales est un \u00e9tablissement de pointe ax\u00e9 sur l&rsquo;innovation.<\/p>\n<p style=\"font-weight: 400;\">\n<p style=\"font-weight: 400;\">Le Laboratoire National Mohammed VI d&rsquo;Analyses M\u00e9dicales est conscient du r\u00f4le essentiel que joue la biologie m\u00e9dicale dans le parcours des soins du patient. C&rsquo;est pourquoi le LNM6 s&rsquo;engage dans une d\u00e9marche de progr\u00e8s et de d\u00e9veloppement continuel, conform\u00e9ment au r\u00e9f\u00e9rentiel international ISO15189, afin de fournir un service d&rsquo;excellence exclusif \u00e0 ses laboratoires partenaires et aux instituts sp\u00e9cialis\u00e9s. Son management de la qualit\u00e9 vise \u00e0 assurer la fiabilit\u00e9 des r\u00e9sultats d&rsquo;analyses, la confidentialit\u00e9, l&rsquo;adaptation des prestations aux indications cliniques et l&rsquo;innovation en proposant des technologies adapt\u00e9es aux \u00e9volutions scientifiques.<\/p>\n<p style=\"font-weight: 400;\">\n<p style=\"font-weight: 400;\">Pr\u00f4nant l&rsquo;innovation, l&rsquo;excellence, le respect et l&rsquo;\u00e9thique m\u00e9dicale, le LNM6 s&rsquo;efforce d&rsquo;\u00eatre \u00e0 la pointe de l&rsquo;innovation technologique en biologie pour servir le syst\u00e8me de sant\u00e9 marocain, en proposant un large panel de biologie m\u00e9dicale gr\u00e2ce \u00e0 la mutualisation de ses expertises. Le respect est au c\u0153ur de chacune des relations du LNM6, que ce soit entre confr\u00e8res, envers les laboratoires partenaires ou toute autre autorit\u00e9. Enfin, l&rsquo;engagement du LNM6 envers l&rsquo;\u00e9thique m\u00e9dicale garantit des conditions optimales de prise en charge des \u00e9chantillons et de traitement des donn\u00e9es patients pour tous ses laboratoires partenaires.<\/p>\n<p style=\"font-weight: 400;\">\n<p style=\"font-weight: 400;\">Le Laboratoire National Mohammed VI d\u2019Analyses M\u00e9dicales dispose de p\u00f4les de sp\u00e9cialit\u00e9s vari\u00e9s, comprenant notamment l&rsquo;anatomo-pathologie, la biochimie, l&rsquo;h\u00e9matologie, la biologie mol\u00e9culaire, la cytom\u00e9trie en flux, l&rsquo;histocompatibilit\u00e9, l&rsquo;immunologie, la s\u00e9rologie infectieuse et la cytog\u00e9n\u00e9tique. Gr\u00e2ce \u00e0 son catalogue complet d&rsquo;analyses, le LNM6 ambitionne de devenir une r\u00e9f\u00e9rence dans le domaine de la biologie en proposant une biologie m\u00e9dicale plus innovante.<\/p>\n<p style=\"font-weight: 400;\">\n<p style=\"font-weight: 400;\">Nous vous invitons donc \u00e0 participer \u00e0 notre journ\u00e9e portes ouvertes le samedi 17 Juin \u00e0 partir de 9H00 dans nos locaux au campus Anfa City de l\u2019UM6SS. Venez d\u00e9couvrir notre infrastructure de pointe, rencontrer notre \u00e9quipe d&rsquo;experts et en apprendre davantage sur les services que nous offrons dans chaque p\u00f4le de sp\u00e9cialit\u00e9s. Vous aurez \u00e9galement l&rsquo;opportunit\u00e9 d&rsquo;\u00e9changer avec notre \u00e9quipe de professionnels, qui r\u00e9pondra \u00e0 toutes vos questions et vous fournira des informations d\u00e9taill\u00e9es sur nos diff\u00e9rents services.<\/p>\n","protected":false},"excerpt":{"rendered":"<p>Le Laboratoire National Mohammed VI d\u2019Analyses M\u00e9dicales organise une journ\u00e9e portes ouvertes ce samedi 17<\/p>\n","protected":false},"author":1,"featured_media":3380,"comment_status":"open","ping_status":"open","sticky":false,"template":"","format":"standard","meta":{"_acf_changed":false,"footnotes":""},"categories":[2,3],"tags":[1053,1052],"class_list":["post-3379","post","type-post","status-publish","format-standard","has-post-thumbnail","hentry","category-nouvelles","category-nouvelles-selectionnees","tag-laboratoire-national-mohammed-vi","tag-universite-mohammed-vi"],"acf":[],"yoast_head":"<!-- This site is optimized with the Yoast SEO plugin v22.0 - https:\/\/yoast.com\/wordpress\/plugins\/seo\/ -->\n<title>Le Laboratoire National Mohammed VI des Analyses M\u00e9dicales organise une journ\u00e9e portes ouvertes - MEDIA PLATEFORME | FR<\/title>\n<meta name=\"description\" content=\"Le Laboratoire National Mohammed VI d\u2019Analyses M\u00e9dicales au campus Anfa City de l\u2019Universit\u00e9 Mohammed VI des Sciences et de la Sant\u00e9.\" \/>\n<meta name=\"robots\" content=\"index, follow, max-snippet:-1, max-image-preview:large, max-video-preview:-1\" \/>\n<link rel=\"canonical\" href=\"https:\/\/www.mediaplateforme.com\/fr\/le-laboratoire-national-mohammed-vi-des-analyses-medicales-organise-une-journee-portes-ouvertes\/\" \/>\n<meta property=\"og:locale\" content=\"fr_FR\" \/>\n<meta property=\"og:type\" content=\"article\" \/>\n<meta property=\"og:title\" content=\"Le Laboratoire National Mohammed VI des Analyses M\u00e9dicales organise une journ\u00e9e portes ouvertes - MEDIA PLATEFORME | FR\" \/>\n<meta property=\"og:description\" content=\"Le Laboratoire National Mohammed VI d\u2019Analyses M\u00e9dicales au campus Anfa City de l\u2019Universit\u00e9 Mohammed VI des Sciences et de la Sant\u00e9.\" \/>\n<meta property=\"og:url\" content=\"https:\/\/www.mediaplateforme.com\/fr\/le-laboratoire-national-mohammed-vi-des-analyses-medicales-organise-une-journee-portes-ouvertes\/\" \/>\n<meta property=\"og:site_name\" content=\"MEDIA PLATEFORME | FR\" \/>\n<meta property=\"article:published_time\" content=\"2023-06-16T16:09:32+00:00\" \/>\n<meta property=\"og:image\" content=\"https:\/\/www.mediaplateforme.com\/fr\/wp-content\/uploads\/sites\/5\/2023\/06\/UM6SS-Dec16_YFizazi-1485-1024x683-1.jpg\" \/>\n\t<meta property=\"og:image:width\" content=\"1024\" \/>\n\t<meta property=\"og:image:height\" content=\"683\" \/>\n\t<meta property=\"og:image:type\" content=\"image\/jpeg\" \/>\n<meta name=\"author\" content=\"Mediaplateforme\" \/>\n<meta name=\"twitter:card\" content=\"summary_large_image\" \/>\n<meta name=\"twitter:label1\" content=\"\u00c9crit par\" \/>\n\t<meta name=\"twitter:data1\" content=\"Mediaplateforme\" \/>\n\t<meta name=\"twitter:label2\" content=\"Dur\u00e9e de lecture estim\u00e9e\" \/>\n\t<meta name=\"twitter:data2\" content=\"3 minutes\" \/>\n<script type=\"application\/ld+json\" class=\"yoast-schema-graph\">{\"@context\":\"https:\/\/schema.org\",\"@graph\":[{\"@type\":\"WebPage\",\"@id\":\"https:\/\/www.mediaplateforme.com\/fr\/le-laboratoire-national-mohammed-vi-des-analyses-medicales-organise-une-journee-portes-ouvertes\/\",\"url\":\"https:\/\/www.mediaplateforme.com\/fr\/le-laboratoire-national-mohammed-vi-des-analyses-medicales-organise-une-journee-portes-ouvertes\/\",\"name\":\"Le Laboratoire National Mohammed VI des Analyses M\u00e9dicales organise une journ\u00e9e portes ouvertes - MEDIA PLATEFORME | FR\",\"isPartOf\":{\"@id\":\"https:\/\/www.mediaplateforme.com\/fr\/#website\"},\"datePublished\":\"2023-06-16T16:09:32+00:00\",\"dateModified\":\"2023-06-16T16:09:32+00:00\",\"author\":{\"@id\":\"https:\/\/www.mediaplateforme.com\/fr\/#\/schema\/person\/89833db382b5db2c76b094bc902aa12a\"},\"description\":\"Le Laboratoire National Mohammed VI d\u2019Analyses M\u00e9dicales au campus Anfa City de l\u2019Universit\u00e9 Mohammed VI des Sciences et de la Sant\u00e9.\",\"breadcrumb\":{\"@id\":\"https:\/\/www.mediaplateforme.com\/fr\/le-laboratoire-national-mohammed-vi-des-analyses-medicales-organise-une-journee-portes-ouvertes\/#breadcrumb\"},\"inLanguage\":\"fr-FR\",\"potentialAction\":[{\"@type\":\"ReadAction\",\"target\":[\"https:\/\/www.mediaplateforme.com\/fr\/le-laboratoire-national-mohammed-vi-des-analyses-medicales-organise-une-journee-portes-ouvertes\/\"]}]},{\"@type\":\"BreadcrumbList\",\"@id\":\"https:\/\/www.mediaplateforme.com\/fr\/le-laboratoire-national-mohammed-vi-des-analyses-medicales-organise-une-journee-portes-ouvertes\/#breadcrumb\",\"itemListElement\":[{\"@type\":\"ListItem\",\"position\":1,\"name\":\"\u0627\u0644\u0631\u0626\u064a\u0633\u064a\u0629\",\"item\":\"https:\/\/www.mediaplateforme.com\/fr\/\"},{\"@type\":\"ListItem\",\"position\":2,\"name\":\"Le Laboratoire National Mohammed VI des Analyses M\u00e9dicales organise une journ\u00e9e portes ouvertes\"}]},{\"@type\":\"WebSite\",\"@id\":\"https:\/\/www.mediaplateforme.com\/fr\/#website\",\"url\":\"https:\/\/www.mediaplateforme.com\/fr\/\",\"name\":\"MEDIA PLATEFORME | FR\",\"description\":\"Mediaplateforme sp\u00e9cialis\u00e9 dans la communication institutions publiques et des entreprises\",\"potentialAction\":[{\"@type\":\"SearchAction\",\"target\":{\"@type\":\"EntryPoint\",\"urlTemplate\":\"https:\/\/www.mediaplateforme.com\/fr\/?s={search_term_string}\"},\"query-input\":\"required name=search_term_string\"}],\"inLanguage\":\"fr-FR\"},{\"@type\":\"Person\",\"@id\":\"https:\/\/www.mediaplateforme.com\/fr\/#\/schema\/person\/89833db382b5db2c76b094bc902aa12a\",\"name\":\"Mediaplateforme\",\"image\":{\"@type\":\"ImageObject\",\"inLanguage\":\"fr-FR\",\"@id\":\"https:\/\/www.mediaplateforme.com\/fr\/#\/schema\/person\/image\/\",\"url\":\"https:\/\/secure.gravatar.com\/avatar\/6c9c02e8928cc65d54bf75157f7b3a2d06d7ad0494ca0951f679552ff03b34c1?s=96&d=mm&r=g\",\"contentUrl\":\"https:\/\/secure.gravatar.com\/avatar\/6c9c02e8928cc65d54bf75157f7b3a2d06d7ad0494ca0951f679552ff03b34c1?s=96&d=mm&r=g\",\"caption\":\"Mediaplateforme\"},\"sameAs\":[\"https:\/\/www.mediaplateforme.com\"],\"url\":\"https:\/\/www.mediaplateforme.com\/fr\/author\/mohamedladib\/\"}]}<\/script>\n<!-- \/ Yoast SEO plugin. -->","yoast_head_json":{"title":"Le Laboratoire National Mohammed VI des Analyses M\u00e9dicales organise une journ\u00e9e portes ouvertes - MEDIA PLATEFORME | FR","description":"Le Laboratoire National Mohammed VI d\u2019Analyses M\u00e9dicales au campus Anfa City de l\u2019Universit\u00e9 Mohammed VI des Sciences et de la Sant\u00e9.","robots":{"index":"index","follow":"follow","max-snippet":"max-snippet:-1","max-image-preview":"max-image-preview:large","max-video-preview":"max-video-preview:-1"},"canonical":"https:\/\/www.mediaplateforme.com\/fr\/le-laboratoire-national-mohammed-vi-des-analyses-medicales-organise-une-journee-portes-ouvertes\/","og_locale":"fr_FR","og_type":"article","og_title":"Le Laboratoire National Mohammed VI des Analyses M\u00e9dicales organise une journ\u00e9e portes ouvertes - MEDIA PLATEFORME | FR","og_description":"Le Laboratoire National Mohammed VI d\u2019Analyses M\u00e9dicales au campus Anfa City de l\u2019Universit\u00e9 Mohammed VI des Sciences et de la Sant\u00e9.","og_url":"https:\/\/www.mediaplateforme.com\/fr\/le-laboratoire-national-mohammed-vi-des-analyses-medicales-organise-une-journee-portes-ouvertes\/","og_site_name":"MEDIA PLATEFORME | FR","article_published_time":"2023-06-16T16:09:32+00:00","og_image":[{"width":1024,"height":683,"url":"https:\/\/www.mediaplateforme.com\/fr\/wp-content\/uploads\/sites\/5\/2023\/06\/UM6SS-Dec16_YFizazi-1485-1024x683-1.jpg","type":"image\/jpeg"}],"author":"Mediaplateforme","twitter_card":"summary_large_image","twitter_misc":{"\u00c9crit par":"Mediaplateforme","Dur\u00e9e de lecture estim\u00e9e":"3 minutes"},"schema":{"@context":"https:\/\/schema.org","@graph":[{"@type":"WebPage","@id":"https:\/\/www.mediaplateforme.com\/fr\/le-laboratoire-national-mohammed-vi-des-analyses-medicales-organise-une-journee-portes-ouvertes\/","url":"https:\/\/www.mediaplateforme.com\/fr\/le-laboratoire-national-mohammed-vi-des-analyses-medicales-organise-une-journee-portes-ouvertes\/","name":"Le Laboratoire National Mohammed VI des Analyses M\u00e9dicales organise une journ\u00e9e portes ouvertes - MEDIA PLATEFORME | FR","isPartOf":{"@id":"https:\/\/www.mediaplateforme.com\/fr\/#website"},"datePublished":"2023-06-16T16:09:32+00:00","dateModified":"2023-06-16T16:09:32+00:00","author":{"@id":"https:\/\/www.mediaplateforme.com\/fr\/#\/schema\/person\/89833db382b5db2c76b094bc902aa12a"},"description":"Le Laboratoire National Mohammed VI d\u2019Analyses M\u00e9dicales au campus Anfa City de l\u2019Universit\u00e9 Mohammed VI des Sciences et de la Sant\u00e9.","breadcrumb":{"@id":"https:\/\/www.mediaplateforme.com\/fr\/le-laboratoire-national-mohammed-vi-des-analyses-medicales-organise-une-journee-portes-ouvertes\/#breadcrumb"},"inLanguage":"fr-FR","potentialAction":[{"@type":"ReadAction","target":["https:\/\/www.mediaplateforme.com\/fr\/le-laboratoire-national-mohammed-vi-des-analyses-medicales-organise-une-journee-portes-ouvertes\/"]}]},{"@type":"BreadcrumbList","@id":"https:\/\/www.mediaplateforme.com\/fr\/le-laboratoire-national-mohammed-vi-des-analyses-medicales-organise-une-journee-portes-ouvertes\/#breadcrumb","itemListElement":[{"@type":"ListItem","position":1,"name":"\u0627\u0644\u0631\u0626\u064a\u0633\u064a\u0629","item":"https:\/\/www.mediaplateforme.com\/fr\/"},{"@type":"ListItem","position":2,"name":"Le Laboratoire National Mohammed VI des Analyses M\u00e9dicales organise une journ\u00e9e portes ouvertes"}]},{"@type":"WebSite","@id":"https:\/\/www.mediaplateforme.com\/fr\/#website","url":"https:\/\/www.mediaplateforme.com\/fr\/","name":"MEDIA PLATEFORME | FR","description":"Mediaplateforme sp\u00e9cialis\u00e9 dans la communication institutions publiques et des entreprises","potentialAction":[{"@type":"SearchAction","target":{"@type":"EntryPoint","urlTemplate":"https:\/\/www.mediaplateforme.com\/fr\/?s={search_term_string}"},"query-input":"required name=search_term_string"}],"inLanguage":"fr-FR"},{"@type":"Person","@id":"https:\/\/www.mediaplateforme.com\/fr\/#\/schema\/person\/89833db382b5db2c76b094bc902aa12a","name":"Mediaplateforme","image":{"@type":"ImageObject","inLanguage":"fr-FR","@id":"https:\/\/www.mediaplateforme.com\/fr\/#\/schema\/person\/image\/","url":"https:\/\/secure.gravatar.com\/avatar\/6c9c02e8928cc65d54bf75157f7b3a2d06d7ad0494ca0951f679552ff03b34c1?s=96&d=mm&r=g","contentUrl":"https:\/\/secure.gravatar.com\/avatar\/6c9c02e8928cc65d54bf75157f7b3a2d06d7ad0494ca0951f679552ff03b34c1?s=96&d=mm&r=g","caption":"Mediaplateforme"},"sameAs":["https:\/\/www.mediaplateforme.com"],"url":"https:\/\/www.mediaplateforme.com\/fr\/author\/mohamedladib\/"}]}},"_links":{"self":[{"href":"https:\/\/www.mediaplateforme.com\/fr\/wp-json\/wp\/v2\/posts\/3379","targetHints":{"allow":["GET"]}}],"collection":[{"href":"https:\/\/www.mediaplateforme.com\/fr\/wp-json\/wp\/v2\/posts"}],"about":[{"href":"https:\/\/www.mediaplateforme.com\/fr\/wp-json\/wp\/v2\/types\/post"}],"author":[{"embeddable":true,"href":"https:\/\/www.mediaplateforme.com\/fr\/wp-json\/wp\/v2\/users\/1"}],"replies":[{"embeddable":true,"href":"https:\/\/www.mediaplateforme.com\/fr\/wp-json\/wp\/v2\/comments?post=3379"}],"version-history":[{"count":1,"href":"https:\/\/www.mediaplateforme.com\/fr\/wp-json\/wp\/v2\/posts\/3379\/revisions"}],"predecessor-version":[{"id":3381,"href":"https:\/\/www.mediaplateforme.com\/fr\/wp-json\/wp\/v2\/posts\/3379\/revisions\/3381"}],"wp:featuredmedia":[{"embeddable":true,"href":"https:\/\/www.mediaplateforme.com\/fr\/wp-json\/wp\/v2\/media\/3380"}],"wp:attachment":[{"href":"https:\/\/www.mediaplateforme.com\/fr\/wp-json\/wp\/v2\/media?parent=3379"}],"wp:term":[{"taxonomy":"category","embeddable":true,"href":"https:\/\/www.mediaplateforme.com\/fr\/wp-json\/wp\/v2\/categories?post=3379"},{"taxonomy":"post_tag","embeddable":true,"href":"https:\/\/www.mediaplateforme.com\/fr\/wp-json\/wp\/v2\/tags?post=3379"}],"curies":[{"name":"wp","href":"https:\/\/api.w.org\/{rel}","templated":true}]}}