{"id":3367,"date":"2023-06-16T13:01:38","date_gmt":"2023-06-16T12:01:38","guid":{"rendered":"https:\/\/www.mediaplateforme.com\/fr\/?p=3367"},"modified":"2023-06-16T13:01:38","modified_gmt":"2023-06-16T12:01:38","slug":"mifa-group-annonce-linauguration-du-tout-premier-yamaha-store-au-maroc","status":"publish","type":"post","link":"https:\/\/www.mediaplateforme.com\/fr\/mifa-group-annonce-linauguration-du-tout-premier-yamaha-store-au-maroc\/","title":{"rendered":"MIFA Group annonce l&rsquo;inauguration du tout premier YAMAHA STORE au Maroc"},"content":{"rendered":"<p>MIFA Group, acteur incontournable de la distribution de produits de mobilit\u00e9 motoris\u00e9s et d&rsquo;instruments de musique de la prestigieuse marque YAMAHA, est fier d&rsquo;annoncer l&rsquo;inauguration du tout premier YAMAHA STORE au Maroc. Cet \u00e9v\u00e9nement marque un jalon majeur dans la relation de 50 ans entre MIFA Group et YAMAHA MOTOR JAPON, t\u00e9moignant d&rsquo;un partenariat solide et fructueux, tel que l\u2019atteste la pr\u00e9sence effective de Madame Kumiko Imai, Executive General chez YAMAHA Motor Japon, qui a fait sp\u00e9cialement le d\u00e9placement du Japon pour assister \u00e0 cet important \u00e9v\u00e9nement.<\/p>\n<p>Situ\u00e9 \u00e0 A\u00efn Diab, Casablanca, le YAMAHA STORE est un concept innovant qui fusionne harmonieusement les univers de MIFA Musique et MIFA Motors, les deux entit\u00e9s majeures du P\u00f4le Mobilit\u00e9 &amp; Loisirs de MIFA Group. Offrant une exp\u00e9rience immersive exceptionnelle, cet espace unique ravira les passionn\u00e9s de la marque japonaise en leur offrant une convergence parfaite entre le monde de la musique et les sports motoris\u00e9s.<\/p>\n<p>Avec une superficie totale de plus de 3000 m\u00e8tres carr\u00e9s, dont un vaste espace d&rsquo;exposition de plus de 1000 m\u00e8tres carr\u00e9s d\u00e9di\u00e9 aux engins motoris\u00e9s YAMAHA, ainsi qu&rsquo;un espace de pr\u00e8s de 500 m\u00e8tres carr\u00e9s d\u00e9di\u00e9 aux instruments de musique, aux produits de sonorisation et \u00e0 l&rsquo;audio professionnel, le nouveau showroom de A\u00efn Diab s&rsquo;impose comme unique en son genre dans toute la r\u00e9gion Afrique\/Moyen-Orient.<\/p>\n<p>Depuis le d\u00e9but de son partenariat en 1973 avec le groupe Japonais, le Groupe MIFA a jou\u00e9 un r\u00f4le de leader au Maroc dans le d\u00e9veloppement du march\u00e9 de la mobilit\u00e9 terrestre, off-road et marine en introduisant des produits innovants de la marque YAMAHA. Des r\u00e9alisations notables ont marqu\u00e9 cette collaboration, telles que l&rsquo;introduction des moteurs hors-bord dans les ann\u00e9es 1970, contribuant ainsi \u00e0 moderniser le secteur de la p\u00eache artisanale. Dans les ann\u00e9es 1980, les scooters de mer YAMAHA ont \u00e9t\u00e9 lanc\u00e9s, suivis des quads dans les ann\u00e9es 1990 pour accompagner le d\u00e9veloppement soutenu du secteur du tourisme et des loisirs motoris\u00e9s.<\/p>\n<p>De m\u00eame, au cours des 25 derni\u00e8res ann\u00e9es, MIFA Musique a su se forger une solide r\u00e9putation en tant que principal distributeur d&rsquo;instruments de musique et de mat\u00e9riel de sonorisation au Maroc. Le portefeuille de marques de MIFA Musique compte aujourd&rsquo;hui une douzaine de marques prestigieuses, dont YAMAHA et FENDER, ainsi que Audio Technica, Meinl, Nektar, Proel, ik multimedia et bien d&rsquo;autres, r\u00e9pondant ainsi aux besoins et aux attentes d&rsquo;une client\u00e8le de plus en plus exigeante.<\/p>\n<p>L&rsquo;espace d\u00e9di\u00e9 aux instruments de musique et aux produits de sonorisation du YAMAHA STORE sera un v\u00e9ritable temple de la cr\u00e9ativit\u00e9, inspirant les musiciens amateurs et professionnels ainsi que les int\u00e9grateurs de solutions de sonorisation. MIFA Musique a \u00e9galement particip\u00e9 \u00e0 d&rsquo;importants projets tels que le Grand Th\u00e9\u00e2tre de Casablanca, le Grand Th\u00e9\u00e2tre de Rabat, l&rsquo;INSMAC de Rabat, le Grand Conservatoire de Rabat, ainsi que des Universit\u00e9s, des cha\u00eenes h\u00f4teli\u00e8res et de restauration, des mosqu\u00e9es et des projets r\u00e9sidentiels.<\/p>\n<p>Le YAMAHA STORE ne se limite pas \u00e0 une simple destination d&rsquo;achat, il incarne une vision plus large. C&rsquo;est un lieu d&rsquo;\u00e9change et de partage o\u00f9 les passionn\u00e9s de musique et de sports motoris\u00e9s peuvent se retrouver et s&rsquo;\u00e9panouir. Les visiteurs auront le privil\u00e8ge de d\u00e9couvrir une gamme compl\u00e8te de produits et d&rsquo;accessoires musicaux r\u00e9pondant \u00e0 leurs besoins, tout en \u00e9tant plong\u00e9s dans l&rsquo;univers captivant des sports motoris\u00e9s YAMAHA.<\/p>\n<p>L&rsquo;ouverture du premier YAMAHA STORE au Maroc t\u00e9moigne de l&rsquo;engagement continu de MIFA Group \u00e0 offrir des produits d&rsquo;une qualit\u00e9 exceptionnelle et \u00e0 cr\u00e9er des exp\u00e9riences uniques pour les passionn\u00e9s. Cet \u00e9v\u00e9nement marque une \u00e9tape importante dans l&rsquo;\u00e9volution du march\u00e9 marocain des instruments de musique et de la mobilit\u00e9 motoris\u00e9e.<\/p>\n","protected":false},"excerpt":{"rendered":"<p>MIFA Group, acteur incontournable de la distribution de produits de mobilit\u00e9 motoris\u00e9s et d&rsquo;instruments de<\/p>\n","protected":false},"author":1,"featured_media":3368,"comment_status":"open","ping_status":"open","sticky":false,"template":"","format":"standard","meta":{"_acf_changed":false,"footnotes":""},"categories":[7,3],"tags":[1049],"class_list":["post-3367","post","type-post","status-publish","format-standard","has-post-thumbnail","hentry","category-articles","category-nouvelles-selectionnees","tag-yamaha-store"],"acf":[],"yoast_head":"<!-- This site is optimized with the Yoast SEO plugin v22.0 - https:\/\/yoast.com\/wordpress\/plugins\/seo\/ -->\n<title>MIFA Group annonce l&#039;inauguration du tout premier YAMAHA STORE au Maroc - MEDIA PLATEFORME | FR<\/title>\n<meta name=\"description\" content=\"MIFA Group, YAMAHA STORE au Maroc. Cet \u00e9v\u00e9nement marque un jalon majeur dans la relation de 50 ans entre MIFA Group\" \/>\n<meta name=\"robots\" content=\"index, follow, max-snippet:-1, max-image-preview:large, max-video-preview:-1\" \/>\n<link rel=\"canonical\" href=\"https:\/\/www.mediaplateforme.com\/fr\/mifa-group-annonce-linauguration-du-tout-premier-yamaha-store-au-maroc\/\" \/>\n<meta property=\"og:locale\" content=\"fr_FR\" \/>\n<meta property=\"og:type\" content=\"article\" \/>\n<meta property=\"og:title\" content=\"MIFA Group annonce l&#039;inauguration du tout premier YAMAHA STORE au Maroc - MEDIA PLATEFORME | FR\" \/>\n<meta property=\"og:description\" content=\"MIFA Group, YAMAHA STORE au Maroc. Cet \u00e9v\u00e9nement marque un jalon majeur dans la relation de 50 ans entre MIFA Group\" \/>\n<meta property=\"og:url\" content=\"https:\/\/www.mediaplateforme.com\/fr\/mifa-group-annonce-linauguration-du-tout-premier-yamaha-store-au-maroc\/\" \/>\n<meta property=\"og:site_name\" content=\"MEDIA PLATEFORME | FR\" \/>\n<meta property=\"article:published_time\" content=\"2023-06-16T12:01:38+00:00\" \/>\n<meta property=\"og:image\" content=\"https:\/\/www.mediaplateforme.com\/fr\/wp-content\/uploads\/sites\/5\/2023\/06\/IMG-20230616-WA0001.jpg\" \/>\n\t<meta property=\"og:image:width\" content=\"1600\" \/>\n\t<meta property=\"og:image:height\" content=\"1000\" \/>\n\t<meta property=\"og:image:type\" content=\"image\/jpeg\" \/>\n<meta name=\"author\" content=\"Mediaplateforme\" \/>\n<meta name=\"twitter:card\" content=\"summary_large_image\" \/>\n<meta name=\"twitter:label1\" content=\"\u00c9crit par\" \/>\n\t<meta name=\"twitter:data1\" content=\"Mediaplateforme\" \/>\n\t<meta name=\"twitter:label2\" content=\"Dur\u00e9e de lecture estim\u00e9e\" \/>\n\t<meta name=\"twitter:data2\" content=\"4 minutes\" \/>\n<script type=\"application\/ld+json\" class=\"yoast-schema-graph\">{\"@context\":\"https:\/\/schema.org\",\"@graph\":[{\"@type\":\"WebPage\",\"@id\":\"https:\/\/www.mediaplateforme.com\/fr\/mifa-group-annonce-linauguration-du-tout-premier-yamaha-store-au-maroc\/\",\"url\":\"https:\/\/www.mediaplateforme.com\/fr\/mifa-group-annonce-linauguration-du-tout-premier-yamaha-store-au-maroc\/\",\"name\":\"MIFA Group annonce l'inauguration du tout premier YAMAHA STORE au Maroc - MEDIA PLATEFORME | FR\",\"isPartOf\":{\"@id\":\"https:\/\/www.mediaplateforme.com\/fr\/#website\"},\"datePublished\":\"2023-06-16T12:01:38+00:00\",\"dateModified\":\"2023-06-16T12:01:38+00:00\",\"author\":{\"@id\":\"https:\/\/www.mediaplateforme.com\/fr\/#\/schema\/person\/89833db382b5db2c76b094bc902aa12a\"},\"description\":\"MIFA Group, YAMAHA STORE au Maroc. Cet \u00e9v\u00e9nement marque un jalon majeur dans la relation de 50 ans entre MIFA Group\",\"breadcrumb\":{\"@id\":\"https:\/\/www.mediaplateforme.com\/fr\/mifa-group-annonce-linauguration-du-tout-premier-yamaha-store-au-maroc\/#breadcrumb\"},\"inLanguage\":\"fr-FR\",\"potentialAction\":[{\"@type\":\"ReadAction\",\"target\":[\"https:\/\/www.mediaplateforme.com\/fr\/mifa-group-annonce-linauguration-du-tout-premier-yamaha-store-au-maroc\/\"]}]},{\"@type\":\"BreadcrumbList\",\"@id\":\"https:\/\/www.mediaplateforme.com\/fr\/mifa-group-annonce-linauguration-du-tout-premier-yamaha-store-au-maroc\/#breadcrumb\",\"itemListElement\":[{\"@type\":\"ListItem\",\"position\":1,\"name\":\"\u0627\u0644\u0631\u0626\u064a\u0633\u064a\u0629\",\"item\":\"https:\/\/www.mediaplateforme.com\/fr\/\"},{\"@type\":\"ListItem\",\"position\":2,\"name\":\"MIFA Group annonce l&#8217;inauguration du tout premier YAMAHA STORE au Maroc\"}]},{\"@type\":\"WebSite\",\"@id\":\"https:\/\/www.mediaplateforme.com\/fr\/#website\",\"url\":\"https:\/\/www.mediaplateforme.com\/fr\/\",\"name\":\"MEDIA PLATEFORME | FR\",\"description\":\"Mediaplateforme sp\u00e9cialis\u00e9 dans la communication institutions publiques et des entreprises\",\"potentialAction\":[{\"@type\":\"SearchAction\",\"target\":{\"@type\":\"EntryPoint\",\"urlTemplate\":\"https:\/\/www.mediaplateforme.com\/fr\/?s={search_term_string}\"},\"query-input\":\"required name=search_term_string\"}],\"inLanguage\":\"fr-FR\"},{\"@type\":\"Person\",\"@id\":\"https:\/\/www.mediaplateforme.com\/fr\/#\/schema\/person\/89833db382b5db2c76b094bc902aa12a\",\"name\":\"Mediaplateforme\",\"image\":{\"@type\":\"ImageObject\",\"inLanguage\":\"fr-FR\",\"@id\":\"https:\/\/www.mediaplateforme.com\/fr\/#\/schema\/person\/image\/\",\"url\":\"https:\/\/secure.gravatar.com\/avatar\/6c9c02e8928cc65d54bf75157f7b3a2d06d7ad0494ca0951f679552ff03b34c1?s=96&d=mm&r=g\",\"contentUrl\":\"https:\/\/secure.gravatar.com\/avatar\/6c9c02e8928cc65d54bf75157f7b3a2d06d7ad0494ca0951f679552ff03b34c1?s=96&d=mm&r=g\",\"caption\":\"Mediaplateforme\"},\"sameAs\":[\"https:\/\/www.mediaplateforme.com\"],\"url\":\"https:\/\/www.mediaplateforme.com\/fr\/author\/mohamedladib\/\"}]}<\/script>\n<!-- \/ Yoast SEO plugin. -->","yoast_head_json":{"title":"MIFA Group annonce l'inauguration du tout premier YAMAHA STORE au Maroc - MEDIA PLATEFORME | FR","description":"MIFA Group, YAMAHA STORE au Maroc. Cet \u00e9v\u00e9nement marque un jalon majeur dans la relation de 50 ans entre MIFA Group","robots":{"index":"index","follow":"follow","max-snippet":"max-snippet:-1","max-image-preview":"max-image-preview:large","max-video-preview":"max-video-preview:-1"},"canonical":"https:\/\/www.mediaplateforme.com\/fr\/mifa-group-annonce-linauguration-du-tout-premier-yamaha-store-au-maroc\/","og_locale":"fr_FR","og_type":"article","og_title":"MIFA Group annonce l'inauguration du tout premier YAMAHA STORE au Maroc - MEDIA PLATEFORME | FR","og_description":"MIFA Group, YAMAHA STORE au Maroc. Cet \u00e9v\u00e9nement marque un jalon majeur dans la relation de 50 ans entre MIFA Group","og_url":"https:\/\/www.mediaplateforme.com\/fr\/mifa-group-annonce-linauguration-du-tout-premier-yamaha-store-au-maroc\/","og_site_name":"MEDIA PLATEFORME | FR","article_published_time":"2023-06-16T12:01:38+00:00","og_image":[{"width":1600,"height":1000,"url":"https:\/\/www.mediaplateforme.com\/fr\/wp-content\/uploads\/sites\/5\/2023\/06\/IMG-20230616-WA0001.jpg","type":"image\/jpeg"}],"author":"Mediaplateforme","twitter_card":"summary_large_image","twitter_misc":{"\u00c9crit par":"Mediaplateforme","Dur\u00e9e de lecture estim\u00e9e":"4 minutes"},"schema":{"@context":"https:\/\/schema.org","@graph":[{"@type":"WebPage","@id":"https:\/\/www.mediaplateforme.com\/fr\/mifa-group-annonce-linauguration-du-tout-premier-yamaha-store-au-maroc\/","url":"https:\/\/www.mediaplateforme.com\/fr\/mifa-group-annonce-linauguration-du-tout-premier-yamaha-store-au-maroc\/","name":"MIFA Group annonce l'inauguration du tout premier YAMAHA STORE au Maroc - MEDIA PLATEFORME | FR","isPartOf":{"@id":"https:\/\/www.mediaplateforme.com\/fr\/#website"},"datePublished":"2023-06-16T12:01:38+00:00","dateModified":"2023-06-16T12:01:38+00:00","author":{"@id":"https:\/\/www.mediaplateforme.com\/fr\/#\/schema\/person\/89833db382b5db2c76b094bc902aa12a"},"description":"MIFA Group, YAMAHA STORE au Maroc. Cet \u00e9v\u00e9nement marque un jalon majeur dans la relation de 50 ans entre MIFA Group","breadcrumb":{"@id":"https:\/\/www.mediaplateforme.com\/fr\/mifa-group-annonce-linauguration-du-tout-premier-yamaha-store-au-maroc\/#breadcrumb"},"inLanguage":"fr-FR","potentialAction":[{"@type":"ReadAction","target":["https:\/\/www.mediaplateforme.com\/fr\/mifa-group-annonce-linauguration-du-tout-premier-yamaha-store-au-maroc\/"]}]},{"@type":"BreadcrumbList","@id":"https:\/\/www.mediaplateforme.com\/fr\/mifa-group-annonce-linauguration-du-tout-premier-yamaha-store-au-maroc\/#breadcrumb","itemListElement":[{"@type":"ListItem","position":1,"name":"\u0627\u0644\u0631\u0626\u064a\u0633\u064a\u0629","item":"https:\/\/www.mediaplateforme.com\/fr\/"},{"@type":"ListItem","position":2,"name":"MIFA Group annonce l&#8217;inauguration du tout premier YAMAHA STORE au Maroc"}]},{"@type":"WebSite","@id":"https:\/\/www.mediaplateforme.com\/fr\/#website","url":"https:\/\/www.mediaplateforme.com\/fr\/","name":"MEDIA PLATEFORME | FR","description":"Mediaplateforme sp\u00e9cialis\u00e9 dans la communication institutions publiques et des entreprises","potentialAction":[{"@type":"SearchAction","target":{"@type":"EntryPoint","urlTemplate":"https:\/\/www.mediaplateforme.com\/fr\/?s={search_term_string}"},"query-input":"required name=search_term_string"}],"inLanguage":"fr-FR"},{"@type":"Person","@id":"https:\/\/www.mediaplateforme.com\/fr\/#\/schema\/person\/89833db382b5db2c76b094bc902aa12a","name":"Mediaplateforme","image":{"@type":"ImageObject","inLanguage":"fr-FR","@id":"https:\/\/www.mediaplateforme.com\/fr\/#\/schema\/person\/image\/","url":"https:\/\/secure.gravatar.com\/avatar\/6c9c02e8928cc65d54bf75157f7b3a2d06d7ad0494ca0951f679552ff03b34c1?s=96&d=mm&r=g","contentUrl":"https:\/\/secure.gravatar.com\/avatar\/6c9c02e8928cc65d54bf75157f7b3a2d06d7ad0494ca0951f679552ff03b34c1?s=96&d=mm&r=g","caption":"Mediaplateforme"},"sameAs":["https:\/\/www.mediaplateforme.com"],"url":"https:\/\/www.mediaplateforme.com\/fr\/author\/mohamedladib\/"}]}},"_links":{"self":[{"href":"https:\/\/www.mediaplateforme.com\/fr\/wp-json\/wp\/v2\/posts\/3367","targetHints":{"allow":["GET"]}}],"collection":[{"href":"https:\/\/www.mediaplateforme.com\/fr\/wp-json\/wp\/v2\/posts"}],"about":[{"href":"https:\/\/www.mediaplateforme.com\/fr\/wp-json\/wp\/v2\/types\/post"}],"author":[{"embeddable":true,"href":"https:\/\/www.mediaplateforme.com\/fr\/wp-json\/wp\/v2\/users\/1"}],"replies":[{"embeddable":true,"href":"https:\/\/www.mediaplateforme.com\/fr\/wp-json\/wp\/v2\/comments?post=3367"}],"version-history":[{"count":1,"href":"https:\/\/www.mediaplateforme.com\/fr\/wp-json\/wp\/v2\/posts\/3367\/revisions"}],"predecessor-version":[{"id":3369,"href":"https:\/\/www.mediaplateforme.com\/fr\/wp-json\/wp\/v2\/posts\/3367\/revisions\/3369"}],"wp:featuredmedia":[{"embeddable":true,"href":"https:\/\/www.mediaplateforme.com\/fr\/wp-json\/wp\/v2\/media\/3368"}],"wp:attachment":[{"href":"https:\/\/www.mediaplateforme.com\/fr\/wp-json\/wp\/v2\/media?parent=3367"}],"wp:term":[{"taxonomy":"category","embeddable":true,"href":"https:\/\/www.mediaplateforme.com\/fr\/wp-json\/wp\/v2\/categories?post=3367"},{"taxonomy":"post_tag","embeddable":true,"href":"https:\/\/www.mediaplateforme.com\/fr\/wp-json\/wp\/v2\/tags?post=3367"}],"curies":[{"name":"wp","href":"https:\/\/api.w.org\/{rel}","templated":true}]}}