{"id":3364,"date":"2023-06-16T12:44:42","date_gmt":"2023-06-16T11:44:42","guid":{"rendered":"https:\/\/www.mediaplateforme.com\/fr\/?p=3364"},"modified":"2023-06-16T12:44:42","modified_gmt":"2023-06-16T11:44:42","slug":"bein-sports-conclut-un-contrat-avec-lequipe-nationale-de-luefa-exclusivement","status":"publish","type":"post","link":"https:\/\/www.mediaplateforme.com\/fr\/bein-sports-conclut-un-contrat-avec-lequipe-nationale-de-luefa-exclusivement\/","title":{"rendered":"beIN SPORTS CONCLUT UN CONTRAT AVEC L&rsquo;\u00c9QUIPE NATIONALE DE L&rsquo;UEFA EXCLUSIVEMENT"},"content":{"rendered":"<p style=\"font-weight: 400;\">beIN SPORTS (&lsquo;beIN&rsquo;) et l&rsquo;UEFA ont conclu un nouvel accord par lequel le diffuseur international a obtenu les droits m\u00e9diatiques exclusifs d&rsquo;une s\u00e9rie de matches de football des \u00e9quipes nationales europ\u00e9ennes dans 24 pays de la r\u00e9gion du Moyen-Orient et de l&rsquo;Afrique du Nord (MENA).<\/p>\n<p style=\"font-weight: 400;\">\n<p style=\"font-weight: 400;\">Cette convention\u00a0 s&rsquo;appuie sur l&rsquo;accord existant qui verra beIN diffuser les Championnats d&rsquo;Europe de l&rsquo;UEFA 2024, dont les matchs de qualification sont en cours. De plus, la couverture de l&rsquo;UEFA Nations League fait son retour sur les \u00e9crans de beIN, avec comme point culminant la finale du 18 juin. Le dernier carr\u00e9 comprend les Pays-Bas, pays h\u00f4te, contre la Croatie le 14 juin, avant que l&rsquo;Italie n&rsquo;affronte l&rsquo;Espagne le 15 juin pour d\u00e9cider qui s\u2019opposera en finale. Cet \u00e9t\u00e9, beIN offrira aux t\u00e9l\u00e9spectateurs de la r\u00e9gion la couverture des championnats d&rsquo;Europe des moins de 21 ans de l&rsquo;UEFA en Roumanie et en G\u00e9orgie.<\/p>\n<p style=\"font-weight: 400;\">\n<p style=\"font-weight: 400;\">beIN et l&rsquo;UEFA \u00e9laborent un accord bien plus \u00e9tendu pour les comp\u00e9titions d&rsquo;\u00e9quipes nationales, qui devrait \u00eatre annonc\u00e9 prochainement. La couverture de beIN SPORTS r\u00e9unira traditionnellement les meilleurs pr\u00e9sentateurs et experts pour assurer des analyses de match de classe mondiale, en arabe, en anglais et en fran\u00e7ais.<\/p>\n<p style=\"font-weight: 400;\">\n<p style=\"font-weight: 400;\"><strong>Mohammad Al-Subaie, PDG de beIN MENA,<\/strong>\u00a0a d\u00e9clar\u00e9 : \u00ab\u00a0Nous sommes ravis de poursuivre notre partenariat de longue date avec l&rsquo;UEFA, qui s&rsquo;\u00e9tend sur plus de deux d\u00e9cennies. beIN est la maison du football depuis de nombreuses ann\u00e9es pour des millions de fans \u00e0 travers la r\u00e9gion MENA. Avec des heures de couverture multilingue, des analyses d&rsquo;experts et des commentaires de classe mondiale, beIN est le leader incontest\u00e9 de la diffusion dans la r\u00e9gion.<\/p>\n<p style=\"font-weight: 400;\">\n<p style=\"font-weight: 400;\">Cette ann\u00e9e promet d&rsquo;\u00eatre m\u00e9morable sur beIN SPORTS avec la couverture de la Coupe du Monde F\u00e9minine de la FIFA qui se d\u00e9roulera en Australie et en Nouvelle-Z\u00e9lande, ainsi que la couverture continue des comp\u00e9titions de clubs masculins et f\u00e9minins de l&rsquo;UEFA, de la Premier League, de la LaLiga et de la Bundesliga, de Wimbledon le mois prochain, du Premier Padel, de la NBA, et de bien d&rsquo;autres encore.<\/p>\n","protected":false},"excerpt":{"rendered":"<p>beIN SPORTS (&lsquo;beIN&rsquo;) et l&rsquo;UEFA ont conclu un nouvel accord par lequel le diffuseur international<\/p>\n","protected":false},"author":1,"featured_media":3365,"comment_status":"open","ping_status":"open","sticky":false,"template":"","format":"standard","meta":{"_acf_changed":false,"footnotes":""},"categories":[2,3],"tags":[1047,1046,1048],"class_list":["post-3364","post","type-post","status-publish","format-standard","has-post-thumbnail","hentry","category-nouvelles","category-nouvelles-selectionnees","tag-bein","tag-bein-sports","tag-uefa"],"acf":[],"yoast_head":"<!-- This site is optimized with the Yoast SEO plugin v22.0 - https:\/\/yoast.com\/wordpress\/plugins\/seo\/ -->\n<title>beIN SPORTS CONCLUT UN CONTRAT AVEC L&#039;\u00c9QUIPE NATIONALE DE L&#039;UEFA EXCLUSIVEMENT - MEDIA PLATEFORME | FR<\/title>\n<meta name=\"description\" content=\"beIN SPORTS (&#039;beIN&#039;) et l&#039;UEFA ont conclu un nouvel accord par lequel le diffuseur international a obtenu les droits m\u00e9diatiques exclusifs\" \/>\n<meta name=\"robots\" content=\"index, follow, max-snippet:-1, max-image-preview:large, max-video-preview:-1\" \/>\n<link rel=\"canonical\" href=\"https:\/\/www.mediaplateforme.com\/fr\/bein-sports-conclut-un-contrat-avec-lequipe-nationale-de-luefa-exclusivement\/\" \/>\n<meta property=\"og:locale\" content=\"fr_FR\" \/>\n<meta property=\"og:type\" content=\"article\" \/>\n<meta property=\"og:title\" content=\"beIN SPORTS CONCLUT UN CONTRAT AVEC L&#039;\u00c9QUIPE NATIONALE DE L&#039;UEFA EXCLUSIVEMENT - MEDIA PLATEFORME | FR\" \/>\n<meta property=\"og:description\" content=\"beIN SPORTS (&#039;beIN&#039;) et l&#039;UEFA ont conclu un nouvel accord par lequel le diffuseur international a obtenu les droits m\u00e9diatiques exclusifs\" \/>\n<meta property=\"og:url\" content=\"https:\/\/www.mediaplateforme.com\/fr\/bein-sports-conclut-un-contrat-avec-lequipe-nationale-de-luefa-exclusivement\/\" \/>\n<meta property=\"og:site_name\" content=\"MEDIA PLATEFORME | FR\" \/>\n<meta property=\"article:published_time\" content=\"2023-06-16T11:44:42+00:00\" \/>\n<meta property=\"og:image\" content=\"https:\/\/www.mediaplateforme.com\/fr\/wp-content\/uploads\/sites\/5\/2023\/06\/51A8EBB6-AA1C-4862-AD8E-A74EB2424359.jpg\" \/>\n\t<meta property=\"og:image:width\" content=\"1920\" \/>\n\t<meta property=\"og:image:height\" content=\"1080\" \/>\n\t<meta property=\"og:image:type\" content=\"image\/jpeg\" \/>\n<meta name=\"author\" content=\"Mediaplateforme\" \/>\n<meta name=\"twitter:card\" content=\"summary_large_image\" \/>\n<meta name=\"twitter:label1\" content=\"\u00c9crit par\" \/>\n\t<meta name=\"twitter:data1\" content=\"Mediaplateforme\" \/>\n\t<meta name=\"twitter:label2\" content=\"Dur\u00e9e de lecture estim\u00e9e\" \/>\n\t<meta name=\"twitter:data2\" content=\"2 minutes\" \/>\n<script type=\"application\/ld+json\" class=\"yoast-schema-graph\">{\"@context\":\"https:\/\/schema.org\",\"@graph\":[{\"@type\":\"WebPage\",\"@id\":\"https:\/\/www.mediaplateforme.com\/fr\/bein-sports-conclut-un-contrat-avec-lequipe-nationale-de-luefa-exclusivement\/\",\"url\":\"https:\/\/www.mediaplateforme.com\/fr\/bein-sports-conclut-un-contrat-avec-lequipe-nationale-de-luefa-exclusivement\/\",\"name\":\"beIN SPORTS CONCLUT UN CONTRAT AVEC L'\u00c9QUIPE NATIONALE DE L'UEFA EXCLUSIVEMENT - MEDIA PLATEFORME | FR\",\"isPartOf\":{\"@id\":\"https:\/\/www.mediaplateforme.com\/fr\/#website\"},\"datePublished\":\"2023-06-16T11:44:42+00:00\",\"dateModified\":\"2023-06-16T11:44:42+00:00\",\"author\":{\"@id\":\"https:\/\/www.mediaplateforme.com\/fr\/#\/schema\/person\/89833db382b5db2c76b094bc902aa12a\"},\"description\":\"beIN SPORTS ('beIN') et l'UEFA ont conclu un nouvel accord par lequel le diffuseur international a obtenu les droits m\u00e9diatiques exclusifs\",\"breadcrumb\":{\"@id\":\"https:\/\/www.mediaplateforme.com\/fr\/bein-sports-conclut-un-contrat-avec-lequipe-nationale-de-luefa-exclusivement\/#breadcrumb\"},\"inLanguage\":\"fr-FR\",\"potentialAction\":[{\"@type\":\"ReadAction\",\"target\":[\"https:\/\/www.mediaplateforme.com\/fr\/bein-sports-conclut-un-contrat-avec-lequipe-nationale-de-luefa-exclusivement\/\"]}]},{\"@type\":\"BreadcrumbList\",\"@id\":\"https:\/\/www.mediaplateforme.com\/fr\/bein-sports-conclut-un-contrat-avec-lequipe-nationale-de-luefa-exclusivement\/#breadcrumb\",\"itemListElement\":[{\"@type\":\"ListItem\",\"position\":1,\"name\":\"\u0627\u0644\u0631\u0626\u064a\u0633\u064a\u0629\",\"item\":\"https:\/\/www.mediaplateforme.com\/fr\/\"},{\"@type\":\"ListItem\",\"position\":2,\"name\":\"beIN SPORTS CONCLUT UN CONTRAT AVEC L&#8217;\u00c9QUIPE NATIONALE DE L&#8217;UEFA EXCLUSIVEMENT\"}]},{\"@type\":\"WebSite\",\"@id\":\"https:\/\/www.mediaplateforme.com\/fr\/#website\",\"url\":\"https:\/\/www.mediaplateforme.com\/fr\/\",\"name\":\"MEDIA PLATEFORME | FR\",\"description\":\"Mediaplateforme sp\u00e9cialis\u00e9 dans la communication institutions publiques et des entreprises\",\"potentialAction\":[{\"@type\":\"SearchAction\",\"target\":{\"@type\":\"EntryPoint\",\"urlTemplate\":\"https:\/\/www.mediaplateforme.com\/fr\/?s={search_term_string}\"},\"query-input\":\"required name=search_term_string\"}],\"inLanguage\":\"fr-FR\"},{\"@type\":\"Person\",\"@id\":\"https:\/\/www.mediaplateforme.com\/fr\/#\/schema\/person\/89833db382b5db2c76b094bc902aa12a\",\"name\":\"Mediaplateforme\",\"image\":{\"@type\":\"ImageObject\",\"inLanguage\":\"fr-FR\",\"@id\":\"https:\/\/www.mediaplateforme.com\/fr\/#\/schema\/person\/image\/\",\"url\":\"https:\/\/secure.gravatar.com\/avatar\/6c9c02e8928cc65d54bf75157f7b3a2d06d7ad0494ca0951f679552ff03b34c1?s=96&d=mm&r=g\",\"contentUrl\":\"https:\/\/secure.gravatar.com\/avatar\/6c9c02e8928cc65d54bf75157f7b3a2d06d7ad0494ca0951f679552ff03b34c1?s=96&d=mm&r=g\",\"caption\":\"Mediaplateforme\"},\"sameAs\":[\"https:\/\/www.mediaplateforme.com\"],\"url\":\"https:\/\/www.mediaplateforme.com\/fr\/author\/mohamedladib\/\"}]}<\/script>\n<!-- \/ Yoast SEO plugin. -->","yoast_head_json":{"title":"beIN SPORTS CONCLUT UN CONTRAT AVEC L'\u00c9QUIPE NATIONALE DE L'UEFA EXCLUSIVEMENT - MEDIA PLATEFORME | FR","description":"beIN SPORTS ('beIN') et l'UEFA ont conclu un nouvel accord par lequel le diffuseur international a obtenu les droits m\u00e9diatiques exclusifs","robots":{"index":"index","follow":"follow","max-snippet":"max-snippet:-1","max-image-preview":"max-image-preview:large","max-video-preview":"max-video-preview:-1"},"canonical":"https:\/\/www.mediaplateforme.com\/fr\/bein-sports-conclut-un-contrat-avec-lequipe-nationale-de-luefa-exclusivement\/","og_locale":"fr_FR","og_type":"article","og_title":"beIN SPORTS CONCLUT UN CONTRAT AVEC L'\u00c9QUIPE NATIONALE DE L'UEFA EXCLUSIVEMENT - MEDIA PLATEFORME | FR","og_description":"beIN SPORTS ('beIN') et l'UEFA ont conclu un nouvel accord par lequel le diffuseur international a obtenu les droits m\u00e9diatiques exclusifs","og_url":"https:\/\/www.mediaplateforme.com\/fr\/bein-sports-conclut-un-contrat-avec-lequipe-nationale-de-luefa-exclusivement\/","og_site_name":"MEDIA PLATEFORME | FR","article_published_time":"2023-06-16T11:44:42+00:00","og_image":[{"width":1920,"height":1080,"url":"https:\/\/www.mediaplateforme.com\/fr\/wp-content\/uploads\/sites\/5\/2023\/06\/51A8EBB6-AA1C-4862-AD8E-A74EB2424359.jpg","type":"image\/jpeg"}],"author":"Mediaplateforme","twitter_card":"summary_large_image","twitter_misc":{"\u00c9crit par":"Mediaplateforme","Dur\u00e9e de lecture estim\u00e9e":"2 minutes"},"schema":{"@context":"https:\/\/schema.org","@graph":[{"@type":"WebPage","@id":"https:\/\/www.mediaplateforme.com\/fr\/bein-sports-conclut-un-contrat-avec-lequipe-nationale-de-luefa-exclusivement\/","url":"https:\/\/www.mediaplateforme.com\/fr\/bein-sports-conclut-un-contrat-avec-lequipe-nationale-de-luefa-exclusivement\/","name":"beIN SPORTS CONCLUT UN CONTRAT AVEC L'\u00c9QUIPE NATIONALE DE L'UEFA EXCLUSIVEMENT - MEDIA PLATEFORME | FR","isPartOf":{"@id":"https:\/\/www.mediaplateforme.com\/fr\/#website"},"datePublished":"2023-06-16T11:44:42+00:00","dateModified":"2023-06-16T11:44:42+00:00","author":{"@id":"https:\/\/www.mediaplateforme.com\/fr\/#\/schema\/person\/89833db382b5db2c76b094bc902aa12a"},"description":"beIN SPORTS ('beIN') et l'UEFA ont conclu un nouvel accord par lequel le diffuseur international a obtenu les droits m\u00e9diatiques exclusifs","breadcrumb":{"@id":"https:\/\/www.mediaplateforme.com\/fr\/bein-sports-conclut-un-contrat-avec-lequipe-nationale-de-luefa-exclusivement\/#breadcrumb"},"inLanguage":"fr-FR","potentialAction":[{"@type":"ReadAction","target":["https:\/\/www.mediaplateforme.com\/fr\/bein-sports-conclut-un-contrat-avec-lequipe-nationale-de-luefa-exclusivement\/"]}]},{"@type":"BreadcrumbList","@id":"https:\/\/www.mediaplateforme.com\/fr\/bein-sports-conclut-un-contrat-avec-lequipe-nationale-de-luefa-exclusivement\/#breadcrumb","itemListElement":[{"@type":"ListItem","position":1,"name":"\u0627\u0644\u0631\u0626\u064a\u0633\u064a\u0629","item":"https:\/\/www.mediaplateforme.com\/fr\/"},{"@type":"ListItem","position":2,"name":"beIN SPORTS CONCLUT UN CONTRAT AVEC L&#8217;\u00c9QUIPE NATIONALE DE L&#8217;UEFA EXCLUSIVEMENT"}]},{"@type":"WebSite","@id":"https:\/\/www.mediaplateforme.com\/fr\/#website","url":"https:\/\/www.mediaplateforme.com\/fr\/","name":"MEDIA PLATEFORME | FR","description":"Mediaplateforme sp\u00e9cialis\u00e9 dans la communication institutions publiques et des entreprises","potentialAction":[{"@type":"SearchAction","target":{"@type":"EntryPoint","urlTemplate":"https:\/\/www.mediaplateforme.com\/fr\/?s={search_term_string}"},"query-input":"required name=search_term_string"}],"inLanguage":"fr-FR"},{"@type":"Person","@id":"https:\/\/www.mediaplateforme.com\/fr\/#\/schema\/person\/89833db382b5db2c76b094bc902aa12a","name":"Mediaplateforme","image":{"@type":"ImageObject","inLanguage":"fr-FR","@id":"https:\/\/www.mediaplateforme.com\/fr\/#\/schema\/person\/image\/","url":"https:\/\/secure.gravatar.com\/avatar\/6c9c02e8928cc65d54bf75157f7b3a2d06d7ad0494ca0951f679552ff03b34c1?s=96&d=mm&r=g","contentUrl":"https:\/\/secure.gravatar.com\/avatar\/6c9c02e8928cc65d54bf75157f7b3a2d06d7ad0494ca0951f679552ff03b34c1?s=96&d=mm&r=g","caption":"Mediaplateforme"},"sameAs":["https:\/\/www.mediaplateforme.com"],"url":"https:\/\/www.mediaplateforme.com\/fr\/author\/mohamedladib\/"}]}},"_links":{"self":[{"href":"https:\/\/www.mediaplateforme.com\/fr\/wp-json\/wp\/v2\/posts\/3364","targetHints":{"allow":["GET"]}}],"collection":[{"href":"https:\/\/www.mediaplateforme.com\/fr\/wp-json\/wp\/v2\/posts"}],"about":[{"href":"https:\/\/www.mediaplateforme.com\/fr\/wp-json\/wp\/v2\/types\/post"}],"author":[{"embeddable":true,"href":"https:\/\/www.mediaplateforme.com\/fr\/wp-json\/wp\/v2\/users\/1"}],"replies":[{"embeddable":true,"href":"https:\/\/www.mediaplateforme.com\/fr\/wp-json\/wp\/v2\/comments?post=3364"}],"version-history":[{"count":1,"href":"https:\/\/www.mediaplateforme.com\/fr\/wp-json\/wp\/v2\/posts\/3364\/revisions"}],"predecessor-version":[{"id":3366,"href":"https:\/\/www.mediaplateforme.com\/fr\/wp-json\/wp\/v2\/posts\/3364\/revisions\/3366"}],"wp:featuredmedia":[{"embeddable":true,"href":"https:\/\/www.mediaplateforme.com\/fr\/wp-json\/wp\/v2\/media\/3365"}],"wp:attachment":[{"href":"https:\/\/www.mediaplateforme.com\/fr\/wp-json\/wp\/v2\/media?parent=3364"}],"wp:term":[{"taxonomy":"category","embeddable":true,"href":"https:\/\/www.mediaplateforme.com\/fr\/wp-json\/wp\/v2\/categories?post=3364"},{"taxonomy":"post_tag","embeddable":true,"href":"https:\/\/www.mediaplateforme.com\/fr\/wp-json\/wp\/v2\/tags?post=3364"}],"curies":[{"name":"wp","href":"https:\/\/api.w.org\/{rel}","templated":true}]}}