{"id":3362,"date":"2023-06-15T18:52:23","date_gmt":"2023-06-15T17:52:23","guid":{"rendered":"https:\/\/www.mediaplateforme.com\/fr\/?p=3362"},"modified":"2023-06-15T18:52:23","modified_gmt":"2023-06-15T17:52:23","slug":"le-prix-start-your-project-with-fondation-credit-du-maroc-bidaya","status":"publish","type":"post","link":"https:\/\/www.mediaplateforme.com\/fr\/le-prix-start-your-project-with-fondation-credit-du-maroc-bidaya\/","title":{"rendered":"Le prix \u2018Start your project with Fondation Cr\u00e9dit du Maroc &#038; Bidaya\u2019"},"content":{"rendered":"<p>Cr\u00e9dit du Maroc, par le biais de sa Fondation, reconna\u00eet l\u2019importance de promouvoir l\u2019entrepreneuriat, l\u2019innovation, et l\u2019incubation de nouveaux talents dans le mod\u00e8le \u00e9conomique du Maroc. Pour cette 4<sup>\u00e8me<\/sup> \u00e9dition, la Fondation Cr\u00e9dit du Maroc a mis \u00e0 l&rsquo;honneur dix entrepreneurs exemplaires qui font progresser des projets significatifs dans la r\u00e9gion du Nord du Maroc.<\/p>\n<p>Ainsi, la Fondation Cr\u00e9dit du Maroc s\u2019engage activement dans ce domaine en \u00e9tablissant des partenariats avec des acteurs locaux afin de sensibiliser et d\u2019\u00e9duquer les jeunes porteurs de projets, les encourageant ainsi \u00e0 d\u00e9velopper leur esprit entrepreneurial et \u00e0 contribuer au bien-\u00eatre de la soci\u00e9t\u00e9.<\/p>\n<p>Forte du succ\u00e8s des trois premi\u00e8res \u00e9ditions, la Fondation Cr\u00e9dit du Maroc en collaboration avec Bidaya, incubateur social Green Tech, a r\u00e9it\u00e9r\u00e9 ce concours annuel avec une nouvelle approche r\u00e9gionale visant \u00e0 promouvoir l&rsquo;entrepreneuriat et les territoires. L&rsquo;objectif est de valoriser chaque ann\u00e9e une r\u00e9gion du Maroc, de soutenir les entrepreneurs locaux qui cr\u00e9ent de l&#8217;emploi et contribuent au d\u00e9veloppement durable. Ce concours vise \u00e9galement \u00e0 r\u00e9compenser les entrepreneurs les plus m\u00e9ritants qui d\u00e9veloppent des projets avec une valeur sociale dans les secteurs du d\u00e9veloppement durable.<\/p>\n<p>\u00c0 l\u2019issue d\u2019une premi\u00e8re s\u00e9lection faite sur 55 startups, 9 ont \u00e9t\u00e9 s\u00e9lectionn\u00e9es pour soutenir leur projet devant un jury, compos\u00e9 des membres de la Fondation Cr\u00e9dit du Maroc, de Bidaya et des repr\u00e9sentants d\u2019associations partenaires, ce mardi 13 juin 2023, dans la r\u00e9gion du Nord :<\/p>\n<ul>\n<li><strong>AJYAL CO <\/strong>qui \u0153uvre \u00e0 la cr\u00e9ation, la fabrication et la commercialisation de jouets ludo\u00e9ducatifs en int\u00e9grant les m\u00e9thodes STEM, via une cha\u00eene de valeurs locale et active (artisans menuisiers, couturiers, imprimeries, \u2026);<\/li>\n<\/ul>\n<ul>\n<li><strong>EBA<\/strong> qui produit des blocs de construction assurant une isolation thermo-acoustique quasi-totale ;<\/li>\n<li><strong>GEURRYCHEF <\/strong>qui s\u2019est sp\u00e9cialis\u00e9 dans la fabrication de fours professionnels \u00e9cologiques \u00e0 destination du secteur de la restauration ;<\/li>\n<li><strong>LEATHERART<\/strong>, un atelier de fabrication de produits en cuir traditionnels aux designs modernes ;<\/li>\n<li><strong>ORGANIC COMPOST, <\/strong>un projet visant \u00e0 valoriser les d\u00e9chets organiques, qu&rsquo;ils soient domestiques, d\u2019origine animale ou issus de l\u2019agriculture afin de produire des engrais organiques naturels, \u00e9conomiques et respectueux de l&rsquo;environnement ;<\/li>\n<li><strong>PULSE COMPOSITE <\/strong>qui s\u2019est sp\u00e9cialis\u00e9 dans la fabrication de pi\u00e8ces en mat\u00e9riaux composites (fibre de verre, fibre de carbone et aramide (Kevlar)) pour produire des pi\u00e8ces de performance et a\u00e9rodynamiques pour industrie automobile, moto-sports, a\u00e9ronaval, et m\u00e9dical ;<\/li>\n<li><strong>TAMUDA ECO-FARM <\/strong>est une ferme \u00e9cologique produisant des denr\u00e9es biologiques animales et v\u00e9g\u00e9tales naturelles afin veillant \u00e0 diffuser la culture du tourisme agro\u00e9cologique ;<\/li>\n<li><strong>TRYB LOYALTY <\/strong>est une application logicielle SaaS \u00ab Software as a Service \u00bb qui permet aux PME (Petites et Moyennes Entreprises) de cr\u00e9er et de g\u00e9rer leurs propres programmes de fid\u00e9lit\u00e9 num\u00e9riques ;<\/li>\n<li><strong>OMB <\/strong>est un projet d&rsquo;orientation qui a pour but d&rsquo;organiser des s\u00e9ances d&rsquo;orientation au profit des lyc\u00e9ens et notamment des bacheliers.<\/li>\n<\/ul>\n<p>Au terme de l&rsquo;\u00e9v\u00e9nement qui s&rsquo;est tenu \u00e0 Tanger, le jury a choisi quatre projets exceptionnels pour leur contribution \u00e0 la p\u00e9rennit\u00e9 \u00e9conomique et \u00e0 l&rsquo;impact social positif dans leur r\u00e9gion. Les projets laur\u00e9ats, qui recevront un accompagnement dans leur d\u00e9veloppement, sont :<\/p>\n<p>\u25aa <strong>LEATHERART<\/strong> pour le prix de l&rsquo;Entrepreneuriat Social <strong>;<\/strong><\/p>\n<p>\u25aa <strong>ORGANIC COMPOST <\/strong>pour le prix de l&rsquo;Entrepreneuriat Environnemental <strong>;<\/strong><\/p>\n<p>\u25aa <strong>GEURRYCHEF<\/strong> pour le prix du d\u00e9veloppement r\u00e9gional<strong> ;<\/strong><\/p>\n<p><strong>\u25aa TRYB LOYALTY <\/strong>pour le prix Coup de C\u0153ur du jury.<\/p>\n<p>Pour la 3<sup>\u00e8me<\/sup> ann\u00e9e cons\u00e9cutive, un prix a \u00e9galement \u00e9t\u00e9 d\u00e9cern\u00e9 suite au vote des collaborateurs de Cr\u00e9dit du Maroc qui ont visionn\u00e9 les vid\u00e9os des startups en comp\u00e9tition et ont vot\u00e9 en ligne pour leurs projets pr\u00e9f\u00e9r\u00e9s.<\/p>\n<p>\u25aa Le prix des collaborateurs de Cr\u00e9dit du Maroc a \u00e9t\u00e9 d\u00e9cern\u00e9 \u00e0 <strong>AJYAL CO.<\/strong><\/p>\n<p>Les cinq projets laur\u00e9ats ont re\u00e7u un soutien financier pour les aider dans leur croissance et pourront b\u00e9n\u00e9ficier d\u2019un accompagnement personnalis\u00e9 par des experts de Cr\u00e9dit du Maroc.<\/p>\n<p>Cette 4<sup>\u00e8me<\/sup> \u00e9dition a \u00e9t\u00e9 une nouvelle fois une opportunit\u00e9 pour soutenir les entrepreneurs marocains dans leur qu\u00eate d\u2019innovation et de d\u00e9veloppement durable. La Fondation Cr\u00e9dit du Maroc &amp; Bidaya continueront \u00e0 travailler main dans la main pour encourager l\u2019entrepreneuriat et contribuer \u00e0 la croissance \u00e9conomique du Royaume.<\/p>\n<h4>A propos de Cr\u00e9dit du Maroc<\/h4>\n<p>Filiale du groupe <a href=\"https:\/\/www.mediaplateforme.com\/fr\/credit-du-maroc-une-nouvelle-ere-une-nouvelle-dynamique\/\">Holmarcom<\/a>, Cr\u00e9dit du Maroc est une banque universelle et g\u00e9n\u00e9raliste qui s\u2019adresse \u00e0 tous les segments de clients : particuliers, professionnels et entreprises.<\/p>\n<p>V\u00e9ritable acteur \u00e9conomique et financier et partenaire durable de l\u2019\u00e9conomie marocaine, la banque est ancr\u00e9e dans l\u2019histoire du Royaume depuis plus de 90 ans.<\/p>\n<p>Sa politique de croissance, son r\u00e9seau commercial \u00e9toff\u00e9 \u00e0 travers tout le Maroc avec 267 agences de proximit\u00e9, et la mobilisation de sa force vive (2 400 collaborateurs) s\u2019appuient sur un grand pouvoir d\u2019innovation orient\u00e9 vers la satisfaction de ses clients.<\/p>\n<p>Cr\u00e9dit du Maroc propose des offres sur mesure qui r\u00e9pondent \u00e0 tous les besoins des clients, des services bancaires au quotidien jusqu\u2019\u00e0 la banque de financement et d\u2019investissement en passant par les financements, l\u2019\u00e9pargne, la bancassurance, la gestion d\u2019actifs, le leasing et le factoring, la banque Internationale, la banque priv\u00e9e et la finance participative \u00e0 travers sa fen\u00eatre \u2018Arreda\u2019.<\/p>\n<p>&nbsp;<\/p>\n<h4>A propos de Bidaya<\/h4>\n<p>Incubateur sp\u00e9cialiste des startups en amor\u00e7age et de l&rsquo;innovation sociale, environnementale et technologique, Bidaya accompagne les entrepreneuses et les entrepreneurs dans l&rsquo;\u00e9laboration et le d\u00e9veloppement de leurs projets \u00e0 fort impact social, environnemental ou culturel. La structure dispose d&rsquo;une expertise confirm\u00e9e en s\u00e9lection et accompagnement de projets innovants et en croissance. Les activit\u00e9s de l&rsquo;incubateur s\u2019articulent autour de 5 p\u00f4les :<\/p>\n<ul>\n<li>Le P\u00f4le INCUB : Accompagnement des projets via des formations collectives, workshops individualis\u00e9s, mises en relation, mentorat, etc.<\/li>\n<li>Le P\u00f4le FUNDS : Accompagnement intensif vers le financement des projets, via des formations et l&rsquo;octroi de subventions et de pr\u00eats d&rsquo;honneur.<\/li>\n<li>Le P\u00f4le SPACE : Promotion de l&rsquo;entrepreneuriat du via des \u00e9v\u00e9nements de sensibilisation et une participation active \u00e0 l&rsquo;\u00e9cosyst\u00e8me entrepreneurial marocain.<\/li>\n<li>Le P\u00f4le LAB : Activit\u00e9s de partage et de valorisation de l\u2019expertise Bidaya via des partenariats et le d\u00e9veloppement de nouveaux projets.<\/li>\n<\/ul>\n","protected":false},"excerpt":{"rendered":"<p>Cr\u00e9dit du Maroc, par le biais de sa Fondation, reconna\u00eet l\u2019importance de promouvoir l\u2019entrepreneuriat, l\u2019innovation,<\/p>\n","protected":false},"author":1,"featured_media":3067,"comment_status":"open","ping_status":"open","sticky":false,"template":"","format":"standard","meta":{"_acf_changed":false,"footnotes":""},"categories":[2,3],"tags":[922],"class_list":["post-3362","post","type-post","status-publish","format-standard","has-post-thumbnail","hentry","category-nouvelles","category-nouvelles-selectionnees","tag-credit-du-maroc"],"acf":[],"yoast_head":"<!-- This site is optimized with the Yoast SEO plugin v22.0 - https:\/\/yoast.com\/wordpress\/plugins\/seo\/ -->\n<title>Le prix \u2018Start your project with Fondation Cr\u00e9dit du Maroc &amp; Bidaya\u2019 - MEDIA PLATEFORME | FR<\/title>\n<meta name=\"description\" content=\"Cr\u00e9dit du Maroc, par le biais de sa Fondation, reconna\u00eet l\u2019importance de promouvoir l\u2019entrepreneuriat, l\u2019innovation, et l\u2019incubation de nouveaux\" \/>\n<meta name=\"robots\" content=\"index, follow, max-snippet:-1, max-image-preview:large, max-video-preview:-1\" \/>\n<link rel=\"canonical\" href=\"https:\/\/www.mediaplateforme.com\/fr\/le-prix-start-your-project-with-fondation-credit-du-maroc-bidaya\/\" \/>\n<meta property=\"og:locale\" content=\"fr_FR\" \/>\n<meta property=\"og:type\" content=\"article\" \/>\n<meta property=\"og:title\" content=\"Le prix \u2018Start your project with Fondation Cr\u00e9dit du Maroc &amp; Bidaya\u2019 - MEDIA PLATEFORME | FR\" \/>\n<meta property=\"og:description\" content=\"Cr\u00e9dit du Maroc, par le biais de sa Fondation, reconna\u00eet l\u2019importance de promouvoir l\u2019entrepreneuriat, l\u2019innovation, et l\u2019incubation de nouveaux\" \/>\n<meta property=\"og:url\" content=\"https:\/\/www.mediaplateforme.com\/fr\/le-prix-start-your-project-with-fondation-credit-du-maroc-bidaya\/\" \/>\n<meta property=\"og:site_name\" content=\"MEDIA PLATEFORME | FR\" \/>\n<meta property=\"article:published_time\" content=\"2023-06-15T17:52:23+00:00\" \/>\n<meta property=\"og:image\" content=\"https:\/\/www.mediaplateforme.com\/fr\/wp-content\/uploads\/sites\/5\/2023\/05\/cdm-credit-du-maroc.webp\" \/>\n\t<meta property=\"og:image:width\" content=\"1200\" \/>\n\t<meta property=\"og:image:height\" content=\"800\" \/>\n\t<meta property=\"og:image:type\" content=\"image\/webp\" \/>\n<meta name=\"author\" content=\"Mediaplateforme\" \/>\n<meta name=\"twitter:card\" content=\"summary_large_image\" \/>\n<meta name=\"twitter:label1\" content=\"\u00c9crit par\" \/>\n\t<meta name=\"twitter:data1\" content=\"Mediaplateforme\" \/>\n\t<meta name=\"twitter:label2\" content=\"Dur\u00e9e de lecture estim\u00e9e\" \/>\n\t<meta name=\"twitter:data2\" content=\"5 minutes\" \/>\n<script type=\"application\/ld+json\" class=\"yoast-schema-graph\">{\"@context\":\"https:\/\/schema.org\",\"@graph\":[{\"@type\":\"WebPage\",\"@id\":\"https:\/\/www.mediaplateforme.com\/fr\/le-prix-start-your-project-with-fondation-credit-du-maroc-bidaya\/\",\"url\":\"https:\/\/www.mediaplateforme.com\/fr\/le-prix-start-your-project-with-fondation-credit-du-maroc-bidaya\/\",\"name\":\"Le prix \u2018Start your project with Fondation Cr\u00e9dit du Maroc & Bidaya\u2019 - MEDIA PLATEFORME | FR\",\"isPartOf\":{\"@id\":\"https:\/\/www.mediaplateforme.com\/fr\/#website\"},\"datePublished\":\"2023-06-15T17:52:23+00:00\",\"dateModified\":\"2023-06-15T17:52:23+00:00\",\"author\":{\"@id\":\"https:\/\/www.mediaplateforme.com\/fr\/#\/schema\/person\/89833db382b5db2c76b094bc902aa12a\"},\"description\":\"Cr\u00e9dit du Maroc, par le biais de sa Fondation, reconna\u00eet l\u2019importance de promouvoir l\u2019entrepreneuriat, l\u2019innovation, et l\u2019incubation de nouveaux\",\"breadcrumb\":{\"@id\":\"https:\/\/www.mediaplateforme.com\/fr\/le-prix-start-your-project-with-fondation-credit-du-maroc-bidaya\/#breadcrumb\"},\"inLanguage\":\"fr-FR\",\"potentialAction\":[{\"@type\":\"ReadAction\",\"target\":[\"https:\/\/www.mediaplateforme.com\/fr\/le-prix-start-your-project-with-fondation-credit-du-maroc-bidaya\/\"]}]},{\"@type\":\"BreadcrumbList\",\"@id\":\"https:\/\/www.mediaplateforme.com\/fr\/le-prix-start-your-project-with-fondation-credit-du-maroc-bidaya\/#breadcrumb\",\"itemListElement\":[{\"@type\":\"ListItem\",\"position\":1,\"name\":\"\u0627\u0644\u0631\u0626\u064a\u0633\u064a\u0629\",\"item\":\"https:\/\/www.mediaplateforme.com\/fr\/\"},{\"@type\":\"ListItem\",\"position\":2,\"name\":\"Le prix \u2018Start your project with Fondation Cr\u00e9dit du Maroc &#038; Bidaya\u2019\"}]},{\"@type\":\"WebSite\",\"@id\":\"https:\/\/www.mediaplateforme.com\/fr\/#website\",\"url\":\"https:\/\/www.mediaplateforme.com\/fr\/\",\"name\":\"MEDIA PLATEFORME | FR\",\"description\":\"Mediaplateforme sp\u00e9cialis\u00e9 dans la communication institutions publiques et des entreprises\",\"potentialAction\":[{\"@type\":\"SearchAction\",\"target\":{\"@type\":\"EntryPoint\",\"urlTemplate\":\"https:\/\/www.mediaplateforme.com\/fr\/?s={search_term_string}\"},\"query-input\":\"required name=search_term_string\"}],\"inLanguage\":\"fr-FR\"},{\"@type\":\"Person\",\"@id\":\"https:\/\/www.mediaplateforme.com\/fr\/#\/schema\/person\/89833db382b5db2c76b094bc902aa12a\",\"name\":\"Mediaplateforme\",\"image\":{\"@type\":\"ImageObject\",\"inLanguage\":\"fr-FR\",\"@id\":\"https:\/\/www.mediaplateforme.com\/fr\/#\/schema\/person\/image\/\",\"url\":\"https:\/\/secure.gravatar.com\/avatar\/6c9c02e8928cc65d54bf75157f7b3a2d06d7ad0494ca0951f679552ff03b34c1?s=96&d=mm&r=g\",\"contentUrl\":\"https:\/\/secure.gravatar.com\/avatar\/6c9c02e8928cc65d54bf75157f7b3a2d06d7ad0494ca0951f679552ff03b34c1?s=96&d=mm&r=g\",\"caption\":\"Mediaplateforme\"},\"sameAs\":[\"https:\/\/www.mediaplateforme.com\"],\"url\":\"https:\/\/www.mediaplateforme.com\/fr\/author\/mohamedladib\/\"}]}<\/script>\n<!-- \/ Yoast SEO plugin. -->","yoast_head_json":{"title":"Le prix \u2018Start your project with Fondation Cr\u00e9dit du Maroc & Bidaya\u2019 - MEDIA PLATEFORME | FR","description":"Cr\u00e9dit du Maroc, par le biais de sa Fondation, reconna\u00eet l\u2019importance de promouvoir l\u2019entrepreneuriat, l\u2019innovation, et l\u2019incubation de nouveaux","robots":{"index":"index","follow":"follow","max-snippet":"max-snippet:-1","max-image-preview":"max-image-preview:large","max-video-preview":"max-video-preview:-1"},"canonical":"https:\/\/www.mediaplateforme.com\/fr\/le-prix-start-your-project-with-fondation-credit-du-maroc-bidaya\/","og_locale":"fr_FR","og_type":"article","og_title":"Le prix \u2018Start your project with Fondation Cr\u00e9dit du Maroc & Bidaya\u2019 - MEDIA PLATEFORME | FR","og_description":"Cr\u00e9dit du Maroc, par le biais de sa Fondation, reconna\u00eet l\u2019importance de promouvoir l\u2019entrepreneuriat, l\u2019innovation, et l\u2019incubation de nouveaux","og_url":"https:\/\/www.mediaplateforme.com\/fr\/le-prix-start-your-project-with-fondation-credit-du-maroc-bidaya\/","og_site_name":"MEDIA PLATEFORME | FR","article_published_time":"2023-06-15T17:52:23+00:00","og_image":[{"width":1200,"height":800,"url":"https:\/\/www.mediaplateforme.com\/fr\/wp-content\/uploads\/sites\/5\/2023\/05\/cdm-credit-du-maroc.webp","type":"image\/webp"}],"author":"Mediaplateforme","twitter_card":"summary_large_image","twitter_misc":{"\u00c9crit par":"Mediaplateforme","Dur\u00e9e de lecture estim\u00e9e":"5 minutes"},"schema":{"@context":"https:\/\/schema.org","@graph":[{"@type":"WebPage","@id":"https:\/\/www.mediaplateforme.com\/fr\/le-prix-start-your-project-with-fondation-credit-du-maroc-bidaya\/","url":"https:\/\/www.mediaplateforme.com\/fr\/le-prix-start-your-project-with-fondation-credit-du-maroc-bidaya\/","name":"Le prix \u2018Start your project with Fondation Cr\u00e9dit du Maroc & Bidaya\u2019 - MEDIA PLATEFORME | FR","isPartOf":{"@id":"https:\/\/www.mediaplateforme.com\/fr\/#website"},"datePublished":"2023-06-15T17:52:23+00:00","dateModified":"2023-06-15T17:52:23+00:00","author":{"@id":"https:\/\/www.mediaplateforme.com\/fr\/#\/schema\/person\/89833db382b5db2c76b094bc902aa12a"},"description":"Cr\u00e9dit du Maroc, par le biais de sa Fondation, reconna\u00eet l\u2019importance de promouvoir l\u2019entrepreneuriat, l\u2019innovation, et l\u2019incubation de nouveaux","breadcrumb":{"@id":"https:\/\/www.mediaplateforme.com\/fr\/le-prix-start-your-project-with-fondation-credit-du-maroc-bidaya\/#breadcrumb"},"inLanguage":"fr-FR","potentialAction":[{"@type":"ReadAction","target":["https:\/\/www.mediaplateforme.com\/fr\/le-prix-start-your-project-with-fondation-credit-du-maroc-bidaya\/"]}]},{"@type":"BreadcrumbList","@id":"https:\/\/www.mediaplateforme.com\/fr\/le-prix-start-your-project-with-fondation-credit-du-maroc-bidaya\/#breadcrumb","itemListElement":[{"@type":"ListItem","position":1,"name":"\u0627\u0644\u0631\u0626\u064a\u0633\u064a\u0629","item":"https:\/\/www.mediaplateforme.com\/fr\/"},{"@type":"ListItem","position":2,"name":"Le prix \u2018Start your project with Fondation Cr\u00e9dit du Maroc &#038; Bidaya\u2019"}]},{"@type":"WebSite","@id":"https:\/\/www.mediaplateforme.com\/fr\/#website","url":"https:\/\/www.mediaplateforme.com\/fr\/","name":"MEDIA PLATEFORME | FR","description":"Mediaplateforme sp\u00e9cialis\u00e9 dans la communication institutions publiques et des entreprises","potentialAction":[{"@type":"SearchAction","target":{"@type":"EntryPoint","urlTemplate":"https:\/\/www.mediaplateforme.com\/fr\/?s={search_term_string}"},"query-input":"required name=search_term_string"}],"inLanguage":"fr-FR"},{"@type":"Person","@id":"https:\/\/www.mediaplateforme.com\/fr\/#\/schema\/person\/89833db382b5db2c76b094bc902aa12a","name":"Mediaplateforme","image":{"@type":"ImageObject","inLanguage":"fr-FR","@id":"https:\/\/www.mediaplateforme.com\/fr\/#\/schema\/person\/image\/","url":"https:\/\/secure.gravatar.com\/avatar\/6c9c02e8928cc65d54bf75157f7b3a2d06d7ad0494ca0951f679552ff03b34c1?s=96&d=mm&r=g","contentUrl":"https:\/\/secure.gravatar.com\/avatar\/6c9c02e8928cc65d54bf75157f7b3a2d06d7ad0494ca0951f679552ff03b34c1?s=96&d=mm&r=g","caption":"Mediaplateforme"},"sameAs":["https:\/\/www.mediaplateforme.com"],"url":"https:\/\/www.mediaplateforme.com\/fr\/author\/mohamedladib\/"}]}},"_links":{"self":[{"href":"https:\/\/www.mediaplateforme.com\/fr\/wp-json\/wp\/v2\/posts\/3362","targetHints":{"allow":["GET"]}}],"collection":[{"href":"https:\/\/www.mediaplateforme.com\/fr\/wp-json\/wp\/v2\/posts"}],"about":[{"href":"https:\/\/www.mediaplateforme.com\/fr\/wp-json\/wp\/v2\/types\/post"}],"author":[{"embeddable":true,"href":"https:\/\/www.mediaplateforme.com\/fr\/wp-json\/wp\/v2\/users\/1"}],"replies":[{"embeddable":true,"href":"https:\/\/www.mediaplateforme.com\/fr\/wp-json\/wp\/v2\/comments?post=3362"}],"version-history":[{"count":1,"href":"https:\/\/www.mediaplateforme.com\/fr\/wp-json\/wp\/v2\/posts\/3362\/revisions"}],"predecessor-version":[{"id":3363,"href":"https:\/\/www.mediaplateforme.com\/fr\/wp-json\/wp\/v2\/posts\/3362\/revisions\/3363"}],"wp:featuredmedia":[{"embeddable":true,"href":"https:\/\/www.mediaplateforme.com\/fr\/wp-json\/wp\/v2\/media\/3067"}],"wp:attachment":[{"href":"https:\/\/www.mediaplateforme.com\/fr\/wp-json\/wp\/v2\/media?parent=3362"}],"wp:term":[{"taxonomy":"category","embeddable":true,"href":"https:\/\/www.mediaplateforme.com\/fr\/wp-json\/wp\/v2\/categories?post=3362"},{"taxonomy":"post_tag","embeddable":true,"href":"https:\/\/www.mediaplateforme.com\/fr\/wp-json\/wp\/v2\/tags?post=3362"}],"curies":[{"name":"wp","href":"https:\/\/api.w.org\/{rel}","templated":true}]}}