{"id":3358,"date":"2023-06-15T18:19:23","date_gmt":"2023-06-15T17:19:23","guid":{"rendered":"https:\/\/www.mediaplateforme.com\/fr\/?p=3358"},"modified":"2023-06-15T18:20:05","modified_gmt":"2023-06-15T17:20:05","slug":"le-premier-sommet-africain-sur-la-transformation-du-cloud-des-operateurs-telecom-sest-tenu-a-marrakech","status":"publish","type":"post","link":"https:\/\/www.mediaplateforme.com\/fr\/le-premier-sommet-africain-sur-la-transformation-du-cloud-des-operateurs-telecom-sest-tenu-a-marrakech\/","title":{"rendered":"Le premier sommet africain sur la transformation du cloud des op\u00e9rateurs t\u00e9l\u00e9com s&rsquo;est tenu \u00e0 Marrakech"},"content":{"rendered":"<p style=\"font-weight: 400;\">Le 1<sup>er\u00a0<\/sup>juin 2023, Huawei a organis\u00e9 le premier sommet africain sur la transformation du cloud des op\u00e9rateurs, sur le th\u00e8me \u00ab\u00a0+ Cloud, Grow Together\u00a0\u00bb. Des repr\u00e9sentants des gouvernements, des op\u00e9rateurs et des soci\u00e9t\u00e9s de conseil se sont r\u00e9unis pour \u00e9changer sur des sujets essentiels tels que les tendances de d\u00e9veloppement des technologies de l\u2019information dans l&rsquo;industrie des t\u00e9l\u00e9communications, les strat\u00e9gies de transformation du cloud des op\u00e9rateurs et les pratiques commerciales r\u00e9ussies des services B2B bas\u00e9s sur le cloud. Ce sommet avait pour objectif d&rsquo;aider les op\u00e9rateurs \u00e0 acc\u00e9l\u00e9rer l&rsquo;adoption des technologies cloud, \u00e0 cr\u00e9er de nouvelles opportunit\u00e9s et \u00e0 stimuler la productivit\u00e9 num\u00e9rique en Afrique.<\/p>\n<p style=\"font-weight: 400;\">Lors de la conf\u00e9rence, Huawei a pr\u00e9sent\u00e9 sa solution de cloud distribu\u00e9 orient\u00e9e vers les op\u00e9rateurs, qui leur permet d\u2019int\u00e9grer efficacement leurs syst\u00e8mes informatiques internes dans le cloud et de mieux les soutenir dans la cr\u00e9ation de cloud B2B sur site. Gr\u00e2ce \u00e0 l&rsquo;int\u00e9gration des r\u00e9seaux cloud, ces solutions acc\u00e9l\u00e8rent la rentabilisation des r\u00e9seaux d&rsquo;op\u00e9rateurs et ouvrent de nouveaux march\u00e9s industriels.<\/p>\n<p style=\"font-weight: 400;\">Dans son discours d&rsquo;ouverture,\u00a0<strong>Hou Wei, Pr\u00e9sident de Huawei Northern Africa Carrier Business<\/strong>, a soulign\u00e9 que la technologie cloud a \u00e9t\u00e9 int\u00e9gr\u00e9e dans la transformation num\u00e9rique de divers secteurs et \u00e9tait ainsi devenue une force cl\u00e9 dans la restructuration de leur structure \u00e9conomique. Il a \u00e9galement not\u00e9 que la transformation num\u00e9rique offrait de nombreuses opportunit\u00e9s en Afrique. Il a conseill\u00e9 aux op\u00e9rateurs d&rsquo;adopter le mod\u00e8le \u00ab\u00a0CT+cloud\u00a0\u00bb pour une transformation optimale bas\u00e9e sur le cloud, d&rsquo;exploiter pleinement les avantages de l&rsquo;industrie des t\u00e9l\u00e9communications et de tirer parti de la transformation reposant sur le cloud pour lib\u00e9rer la pleine valeur des r\u00e9seaux et des services de t\u00e9l\u00e9communications.<\/p>\n<p>&nbsp;<\/p>\n<p style=\"font-weight: 400;\"><strong>Kris Szaniawski, Directeur de recherche \u00e0 Omdia<\/strong>, a d\u00e9clar\u00e9 que le taux de croissance compos\u00e9 (TCAC) du march\u00e9 des services cloud pour les entreprises au Moyen-Orient et en Afrique devrait atteindre 21 % au cours des cinq prochaines ann\u00e9es, ce qui est sup\u00e9rieur \u00e0 la moyenne mondiale de 17 %. Il a ajout\u00e9 que le d\u00e9veloppement des services cloud en Afrique en \u00e9tait encore \u00e0 un stade initial. Avec l&rsquo;approfondissement des strat\u00e9gies de transformation num\u00e9rique dans les pays africains, les besoins des entreprises en mati\u00e8re de services cloud augmenteront rapidement.<\/p>\n<p style=\"font-weight: 400;\"><strong>Tariku Demissie, Directeur technique d&rsquo;Ethiopia Telecom<\/strong>, a quant \u00e0 lui soulign\u00e9 que les services cloud sont devenus un moteur essentiel pour Ethiopia Telecom afin d&rsquo;atteindre de nouveaux niveaux de croissance commerciale. La solution de sc\u00e9nario sectoriel bas\u00e9e sur le cloud de Huawei a permis \u00e0 Ethiopia Telecom d\u2019ouvrir rapidement le march\u00e9 num\u00e9rique aux grandes et moyennes entreprises. En novembre 2022, Ethiopia Telecom a ainsi lanc\u00e9 la solution cloud B2B pour tous les secteurs. Cinq jours apr\u00e8s la mise en service du cloud, toutes les ressources de la phase 1 ont \u00e9t\u00e9 vendues, ceci t\u00e9moignant de la forte demande latente de num\u00e9risation dans l&rsquo;industrie<strong>.<\/strong><\/p>\n<p style=\"font-weight: 400;\">Pour cl\u00f4turer l&rsquo;\u00e9v\u00e9nement,\u00a0<strong>Chen Xuejun, Directeur de Huawei Carrier IT Marketing Solution Sales<\/strong>, a soulign\u00e9 que le c\u0153ur de la transformation cloud des op\u00e9rateurs consistait \u00e0 comprendre les donn\u00e9es, les r\u00e9seaux et les applications. L&rsquo;architecture du cloud distribu\u00e9 de Huawei r\u00e9pond aux exigences des op\u00e9rateurs africains en mati\u00e8re de transformation des services internes et de croissance des services B2B. C&rsquo;est le meilleur partenaire pour la transformation cloud des op\u00e9rateurs, a enfin affirm\u00e9 Chen Xuejun.<\/p>\n<p style=\"font-weight: 400;\">\u00c0 la fin de l&rsquo;ann\u00e9e 2022, Huawei avait \u00e9tabli une coop\u00e9ration approfondie en mati\u00e8re de cloud avec plus de 140 op\u00e9rateurs \u00e0 travers le monde. La transformation du cloud des op\u00e9rateurs est une voie \u00e9volutive qui int\u00e8gre les Technologies de l&rsquo;Information et de la Communication (TIC). Huawei a de solides r\u00e9f\u00e9rences en mati\u00e8re de collaboration avec des partenaires op\u00e9rateurs mondiaux dans le domaine de la transformation cloud, ceci afin de favoriser une croissance partag\u00e9e.<\/p>\n<h4 style=\"font-weight: 400;\"><strong>A PROPOS DE HUAWEI<\/strong><\/h4>\n<p style=\"font-weight: 400;\">Huawei est l\u2019un des principaux fournisseurs mondiaux d\u2019infrastructures de technologies de l\u2019information et de la communication (TIC) et d\u2019appareils intelligents. Gr\u00e2ce \u00e0 des solutions int\u00e9gr\u00e9es dans quatre domaines cl\u00e9s &#8211; r\u00e9seaux de t\u00e9l\u00e9communications, informatique, appareils intelligents et services en Cloud &#8211; nous nous engageons \u00e0 apporter le num\u00e9rique \u00e0 chaque personne, chaque foyer et chaque organisation pour un monde intelligent et enti\u00e8rement connect\u00e9. Le portefeuille de produits, de solutions et de services de bout en bout de Huawei est \u00e0 la fois comp\u00e9titif et s\u00e9curis\u00e9. Gr\u00e2ce \u00e0 une collaboration ouverte avec des partenaires de l\u2019\u00e9cosyst\u00e8me, nous cr\u00e9ons une valeur durable pour nos clients, en \u0153uvrant \u00e0 l\u2019autonomisation des personnes, \u00e0 l\u2019enrichissement de la vie domestique et \u00e0 l\u2019inspiration de l\u2019innovation dans des organisations de toutes formes et de toutes tailles. Chez Huawei, l\u2019innovation est ax\u00e9e sur les besoins des clients. Nous investissons massivement dans la recherche fondamentale, en nous concentrant sur les perc\u00e9es technologiques qui font avancer le monde.\u00a0Nous sommes pr\u00e9sents dans plus de 170 pays et sur l\u2019ensemble du continent africain (28 implantations dans la r\u00e9gion Northern Africa).\u00a0Cr\u00e9\u00e9 en 1987, Huawei est une soci\u00e9t\u00e9 priv\u00e9e enti\u00e8rement d\u00e9tenue par ses employ\u00e9s.<\/p>\n","protected":false},"excerpt":{"rendered":"<p>Le 1er\u00a0juin 2023, Huawei a organis\u00e9 le premier sommet africain sur la transformation du cloud<\/p>\n","protected":false},"author":1,"featured_media":3359,"comment_status":"open","ping_status":"open","sticky":false,"template":"","format":"standard","meta":{"_acf_changed":false,"footnotes":""},"categories":[5,3],"tags":[21,1045],"class_list":["post-3358","post","type-post","status-publish","format-standard","has-post-thumbnail","hentry","category-tech","category-nouvelles-selectionnees","tag-huawei","tag-sommet-africain-sur-la-transformation-du-cloud-des-operateurs"],"acf":[],"yoast_head":"<!-- This site is optimized with the Yoast SEO plugin v22.0 - https:\/\/yoast.com\/wordpress\/plugins\/seo\/ -->\n<title>Le premier sommet africain sur la transformation du cloud des op\u00e9rateurs t\u00e9l\u00e9com s&#039;est tenu \u00e0 Marrakech - MEDIA PLATEFORME | FR<\/title>\n<meta name=\"description\" content=\"Le 1er\u00a0juin 2023, Huawei a organis\u00e9 le premier sommet africain sur la transformation du cloud des op\u00e9rateurs, sur le th\u00e8me &quot;+ Cloud, &quot;.\" \/>\n<meta name=\"robots\" content=\"index, follow, max-snippet:-1, max-image-preview:large, max-video-preview:-1\" \/>\n<link rel=\"canonical\" href=\"https:\/\/www.mediaplateforme.com\/fr\/le-premier-sommet-africain-sur-la-transformation-du-cloud-des-operateurs-telecom-sest-tenu-a-marrakech\/\" \/>\n<meta property=\"og:locale\" content=\"fr_FR\" \/>\n<meta property=\"og:type\" content=\"article\" \/>\n<meta property=\"og:title\" content=\"Le premier sommet africain sur la transformation du cloud des op\u00e9rateurs t\u00e9l\u00e9com s&#039;est tenu \u00e0 Marrakech - MEDIA PLATEFORME | FR\" \/>\n<meta property=\"og:description\" content=\"Le 1er\u00a0juin 2023, Huawei a organis\u00e9 le premier sommet africain sur la transformation du cloud des op\u00e9rateurs, sur le th\u00e8me &quot;+ Cloud, &quot;.\" \/>\n<meta property=\"og:url\" content=\"https:\/\/www.mediaplateforme.com\/fr\/le-premier-sommet-africain-sur-la-transformation-du-cloud-des-operateurs-telecom-sest-tenu-a-marrakech\/\" \/>\n<meta property=\"og:site_name\" content=\"MEDIA PLATEFORME | FR\" \/>\n<meta property=\"article:published_time\" content=\"2023-06-15T17:19:23+00:00\" \/>\n<meta property=\"article:modified_time\" content=\"2023-06-15T17:20:05+00:00\" \/>\n<meta property=\"og:image\" content=\"https:\/\/www.mediaplateforme.com\/fr\/wp-content\/uploads\/sites\/5\/2023\/06\/huawei.jpg\" \/>\n\t<meta property=\"og:image:width\" content=\"444\" \/>\n\t<meta property=\"og:image:height\" content=\"319\" \/>\n\t<meta property=\"og:image:type\" content=\"image\/jpeg\" \/>\n<meta name=\"author\" content=\"Mediaplateforme\" \/>\n<meta name=\"twitter:card\" content=\"summary_large_image\" \/>\n<meta name=\"twitter:label1\" content=\"\u00c9crit par\" \/>\n\t<meta name=\"twitter:data1\" content=\"Mediaplateforme\" \/>\n\t<meta name=\"twitter:label2\" content=\"Dur\u00e9e de lecture estim\u00e9e\" \/>\n\t<meta name=\"twitter:data2\" content=\"5 minutes\" \/>\n<script type=\"application\/ld+json\" class=\"yoast-schema-graph\">{\"@context\":\"https:\/\/schema.org\",\"@graph\":[{\"@type\":\"WebPage\",\"@id\":\"https:\/\/www.mediaplateforme.com\/fr\/le-premier-sommet-africain-sur-la-transformation-du-cloud-des-operateurs-telecom-sest-tenu-a-marrakech\/\",\"url\":\"https:\/\/www.mediaplateforme.com\/fr\/le-premier-sommet-africain-sur-la-transformation-du-cloud-des-operateurs-telecom-sest-tenu-a-marrakech\/\",\"name\":\"Le premier sommet africain sur la transformation du cloud des op\u00e9rateurs t\u00e9l\u00e9com s'est tenu \u00e0 Marrakech - MEDIA PLATEFORME | FR\",\"isPartOf\":{\"@id\":\"https:\/\/www.mediaplateforme.com\/fr\/#website\"},\"datePublished\":\"2023-06-15T17:19:23+00:00\",\"dateModified\":\"2023-06-15T17:20:05+00:00\",\"author\":{\"@id\":\"https:\/\/www.mediaplateforme.com\/fr\/#\/schema\/person\/89833db382b5db2c76b094bc902aa12a\"},\"description\":\"Le 1er\u00a0juin 2023, Huawei a organis\u00e9 le premier sommet africain sur la transformation du cloud des op\u00e9rateurs, sur le th\u00e8me \\\"+ Cloud, \\\".\",\"breadcrumb\":{\"@id\":\"https:\/\/www.mediaplateforme.com\/fr\/le-premier-sommet-africain-sur-la-transformation-du-cloud-des-operateurs-telecom-sest-tenu-a-marrakech\/#breadcrumb\"},\"inLanguage\":\"fr-FR\",\"potentialAction\":[{\"@type\":\"ReadAction\",\"target\":[\"https:\/\/www.mediaplateforme.com\/fr\/le-premier-sommet-africain-sur-la-transformation-du-cloud-des-operateurs-telecom-sest-tenu-a-marrakech\/\"]}]},{\"@type\":\"BreadcrumbList\",\"@id\":\"https:\/\/www.mediaplateforme.com\/fr\/le-premier-sommet-africain-sur-la-transformation-du-cloud-des-operateurs-telecom-sest-tenu-a-marrakech\/#breadcrumb\",\"itemListElement\":[{\"@type\":\"ListItem\",\"position\":1,\"name\":\"\u0627\u0644\u0631\u0626\u064a\u0633\u064a\u0629\",\"item\":\"https:\/\/www.mediaplateforme.com\/fr\/\"},{\"@type\":\"ListItem\",\"position\":2,\"name\":\"Le premier sommet africain sur la transformation du cloud des op\u00e9rateurs t\u00e9l\u00e9com s&#8217;est tenu \u00e0 Marrakech\"}]},{\"@type\":\"WebSite\",\"@id\":\"https:\/\/www.mediaplateforme.com\/fr\/#website\",\"url\":\"https:\/\/www.mediaplateforme.com\/fr\/\",\"name\":\"MEDIA PLATEFORME | FR\",\"description\":\"Mediaplateforme sp\u00e9cialis\u00e9 dans la communication institutions publiques et des entreprises\",\"potentialAction\":[{\"@type\":\"SearchAction\",\"target\":{\"@type\":\"EntryPoint\",\"urlTemplate\":\"https:\/\/www.mediaplateforme.com\/fr\/?s={search_term_string}\"},\"query-input\":\"required name=search_term_string\"}],\"inLanguage\":\"fr-FR\"},{\"@type\":\"Person\",\"@id\":\"https:\/\/www.mediaplateforme.com\/fr\/#\/schema\/person\/89833db382b5db2c76b094bc902aa12a\",\"name\":\"Mediaplateforme\",\"image\":{\"@type\":\"ImageObject\",\"inLanguage\":\"fr-FR\",\"@id\":\"https:\/\/www.mediaplateforme.com\/fr\/#\/schema\/person\/image\/\",\"url\":\"https:\/\/secure.gravatar.com\/avatar\/6c9c02e8928cc65d54bf75157f7b3a2d06d7ad0494ca0951f679552ff03b34c1?s=96&d=mm&r=g\",\"contentUrl\":\"https:\/\/secure.gravatar.com\/avatar\/6c9c02e8928cc65d54bf75157f7b3a2d06d7ad0494ca0951f679552ff03b34c1?s=96&d=mm&r=g\",\"caption\":\"Mediaplateforme\"},\"sameAs\":[\"https:\/\/www.mediaplateforme.com\"],\"url\":\"https:\/\/www.mediaplateforme.com\/fr\/author\/mohamedladib\/\"}]}<\/script>\n<!-- \/ Yoast SEO plugin. -->","yoast_head_json":{"title":"Le premier sommet africain sur la transformation du cloud des op\u00e9rateurs t\u00e9l\u00e9com s'est tenu \u00e0 Marrakech - MEDIA PLATEFORME | FR","description":"Le 1er\u00a0juin 2023, Huawei a organis\u00e9 le premier sommet africain sur la transformation du cloud des op\u00e9rateurs, sur le th\u00e8me \"+ Cloud, \".","robots":{"index":"index","follow":"follow","max-snippet":"max-snippet:-1","max-image-preview":"max-image-preview:large","max-video-preview":"max-video-preview:-1"},"canonical":"https:\/\/www.mediaplateforme.com\/fr\/le-premier-sommet-africain-sur-la-transformation-du-cloud-des-operateurs-telecom-sest-tenu-a-marrakech\/","og_locale":"fr_FR","og_type":"article","og_title":"Le premier sommet africain sur la transformation du cloud des op\u00e9rateurs t\u00e9l\u00e9com s'est tenu \u00e0 Marrakech - MEDIA PLATEFORME | FR","og_description":"Le 1er\u00a0juin 2023, Huawei a organis\u00e9 le premier sommet africain sur la transformation du cloud des op\u00e9rateurs, sur le th\u00e8me \"+ Cloud, \".","og_url":"https:\/\/www.mediaplateforme.com\/fr\/le-premier-sommet-africain-sur-la-transformation-du-cloud-des-operateurs-telecom-sest-tenu-a-marrakech\/","og_site_name":"MEDIA PLATEFORME | FR","article_published_time":"2023-06-15T17:19:23+00:00","article_modified_time":"2023-06-15T17:20:05+00:00","og_image":[{"width":444,"height":319,"url":"https:\/\/www.mediaplateforme.com\/fr\/wp-content\/uploads\/sites\/5\/2023\/06\/huawei.jpg","type":"image\/jpeg"}],"author":"Mediaplateforme","twitter_card":"summary_large_image","twitter_misc":{"\u00c9crit par":"Mediaplateforme","Dur\u00e9e de lecture estim\u00e9e":"5 minutes"},"schema":{"@context":"https:\/\/schema.org","@graph":[{"@type":"WebPage","@id":"https:\/\/www.mediaplateforme.com\/fr\/le-premier-sommet-africain-sur-la-transformation-du-cloud-des-operateurs-telecom-sest-tenu-a-marrakech\/","url":"https:\/\/www.mediaplateforme.com\/fr\/le-premier-sommet-africain-sur-la-transformation-du-cloud-des-operateurs-telecom-sest-tenu-a-marrakech\/","name":"Le premier sommet africain sur la transformation du cloud des op\u00e9rateurs t\u00e9l\u00e9com s'est tenu \u00e0 Marrakech - MEDIA PLATEFORME | FR","isPartOf":{"@id":"https:\/\/www.mediaplateforme.com\/fr\/#website"},"datePublished":"2023-06-15T17:19:23+00:00","dateModified":"2023-06-15T17:20:05+00:00","author":{"@id":"https:\/\/www.mediaplateforme.com\/fr\/#\/schema\/person\/89833db382b5db2c76b094bc902aa12a"},"description":"Le 1er\u00a0juin 2023, Huawei a organis\u00e9 le premier sommet africain sur la transformation du cloud des op\u00e9rateurs, sur le th\u00e8me \"+ Cloud, \".","breadcrumb":{"@id":"https:\/\/www.mediaplateforme.com\/fr\/le-premier-sommet-africain-sur-la-transformation-du-cloud-des-operateurs-telecom-sest-tenu-a-marrakech\/#breadcrumb"},"inLanguage":"fr-FR","potentialAction":[{"@type":"ReadAction","target":["https:\/\/www.mediaplateforme.com\/fr\/le-premier-sommet-africain-sur-la-transformation-du-cloud-des-operateurs-telecom-sest-tenu-a-marrakech\/"]}]},{"@type":"BreadcrumbList","@id":"https:\/\/www.mediaplateforme.com\/fr\/le-premier-sommet-africain-sur-la-transformation-du-cloud-des-operateurs-telecom-sest-tenu-a-marrakech\/#breadcrumb","itemListElement":[{"@type":"ListItem","position":1,"name":"\u0627\u0644\u0631\u0626\u064a\u0633\u064a\u0629","item":"https:\/\/www.mediaplateforme.com\/fr\/"},{"@type":"ListItem","position":2,"name":"Le premier sommet africain sur la transformation du cloud des op\u00e9rateurs t\u00e9l\u00e9com s&#8217;est tenu \u00e0 Marrakech"}]},{"@type":"WebSite","@id":"https:\/\/www.mediaplateforme.com\/fr\/#website","url":"https:\/\/www.mediaplateforme.com\/fr\/","name":"MEDIA PLATEFORME | FR","description":"Mediaplateforme sp\u00e9cialis\u00e9 dans la communication institutions publiques et des entreprises","potentialAction":[{"@type":"SearchAction","target":{"@type":"EntryPoint","urlTemplate":"https:\/\/www.mediaplateforme.com\/fr\/?s={search_term_string}"},"query-input":"required name=search_term_string"}],"inLanguage":"fr-FR"},{"@type":"Person","@id":"https:\/\/www.mediaplateforme.com\/fr\/#\/schema\/person\/89833db382b5db2c76b094bc902aa12a","name":"Mediaplateforme","image":{"@type":"ImageObject","inLanguage":"fr-FR","@id":"https:\/\/www.mediaplateforme.com\/fr\/#\/schema\/person\/image\/","url":"https:\/\/secure.gravatar.com\/avatar\/6c9c02e8928cc65d54bf75157f7b3a2d06d7ad0494ca0951f679552ff03b34c1?s=96&d=mm&r=g","contentUrl":"https:\/\/secure.gravatar.com\/avatar\/6c9c02e8928cc65d54bf75157f7b3a2d06d7ad0494ca0951f679552ff03b34c1?s=96&d=mm&r=g","caption":"Mediaplateforme"},"sameAs":["https:\/\/www.mediaplateforme.com"],"url":"https:\/\/www.mediaplateforme.com\/fr\/author\/mohamedladib\/"}]}},"_links":{"self":[{"href":"https:\/\/www.mediaplateforme.com\/fr\/wp-json\/wp\/v2\/posts\/3358","targetHints":{"allow":["GET"]}}],"collection":[{"href":"https:\/\/www.mediaplateforme.com\/fr\/wp-json\/wp\/v2\/posts"}],"about":[{"href":"https:\/\/www.mediaplateforme.com\/fr\/wp-json\/wp\/v2\/types\/post"}],"author":[{"embeddable":true,"href":"https:\/\/www.mediaplateforme.com\/fr\/wp-json\/wp\/v2\/users\/1"}],"replies":[{"embeddable":true,"href":"https:\/\/www.mediaplateforme.com\/fr\/wp-json\/wp\/v2\/comments?post=3358"}],"version-history":[{"count":2,"href":"https:\/\/www.mediaplateforme.com\/fr\/wp-json\/wp\/v2\/posts\/3358\/revisions"}],"predecessor-version":[{"id":3361,"href":"https:\/\/www.mediaplateforme.com\/fr\/wp-json\/wp\/v2\/posts\/3358\/revisions\/3361"}],"wp:featuredmedia":[{"embeddable":true,"href":"https:\/\/www.mediaplateforme.com\/fr\/wp-json\/wp\/v2\/media\/3359"}],"wp:attachment":[{"href":"https:\/\/www.mediaplateforme.com\/fr\/wp-json\/wp\/v2\/media?parent=3358"}],"wp:term":[{"taxonomy":"category","embeddable":true,"href":"https:\/\/www.mediaplateforme.com\/fr\/wp-json\/wp\/v2\/categories?post=3358"},{"taxonomy":"post_tag","embeddable":true,"href":"https:\/\/www.mediaplateforme.com\/fr\/wp-json\/wp\/v2\/tags?post=3358"}],"curies":[{"name":"wp","href":"https:\/\/api.w.org\/{rel}","templated":true}]}}