{"id":3344,"date":"2023-06-15T14:38:18","date_gmt":"2023-06-15T13:38:18","guid":{"rendered":"https:\/\/www.mediaplateforme.com\/fr\/?p=3344"},"modified":"2023-06-15T14:38:18","modified_gmt":"2023-06-15T13:38:18","slug":"industrie-automobile-le-credit-agricole-du-maroc-signe-une-convention-avec-lamica","status":"publish","type":"post","link":"https:\/\/www.mediaplateforme.com\/fr\/industrie-automobile-le-credit-agricole-du-maroc-signe-une-convention-avec-lamica\/","title":{"rendered":"Industrie automobile: le Cr\u00e9dit Agricole du Maroc signe une convention avec l&rsquo;AMICA"},"content":{"rendered":"<p>Une convention pour l\u2019accompagnement des entreprises op\u00e9rant dans le <a href=\"https:\/\/www.mediaplateforme.com\/fr\/industrie-automobile-m-mezzour-fait-le-point-sur-les-enjeux-du-secteur-au-salon-amt\/\">secteur automobile<\/a> a \u00e9t\u00e9 sign\u00e9e aujourd\u2019hui \u00e0 Rabat par le Ministre de l\u2019Industrie et du Commerce, M. Ryad Mezzour, le Pr\u00e9sident du Directoire du Cr\u00e9dit Agricole du Maroc, M. Mohammed Fikrat et le Pr\u00e9sident de l\u2019AMICA, M. Hakim Abdelmoumen.<\/p>\n<p>Cette convention vient en application des Hautes Orientations Royales adress\u00e9es par Sa Majest\u00e9 Le Roi Mohammed VI lors de son message du 29 mars 2023, \u00e0 l&rsquo;occasion de la 1<sup>\u00e8re<\/sup> \u00e9dition de la journ\u00e9e de l\u2019industrie, pour le renforcement de l\u2019investissement productif et l\u2019accompagnement des entreprises pour l\u2019acc\u00e9l\u00e9ration de l\u2019ancrage du Royaume dans les secteurs prometteurs, la cr\u00e9ation d\u2019emplois de qualit\u00e9 et l\u2019\u00e9largissement de l\u2019empreinte territoriale de l\u2019industrie marocaine.<\/p>\n<p>En effet, le d\u00e9ploiement du Plan de Relance Industrielle port\u00e9 par le Minist\u00e8re de l&rsquo;Industrie et du Commerce a permis d\u2019acc\u00e9l\u00e9rer les investissements dans le secteur aussi bien au niveau de la construction automobile nationale, 1\u00e8re en Afrique, avec des perspectives d\u2019atteindre, \u00e0 court terme, l\u2019objectif d\u2019Un Million de capacit\u00e9 de production v\u00e9hicule install\u00e9e, qu\u2019au niveau des \u00e9cosyst\u00e8mes \u00e9quipementiers, l\u2019int\u00e9gration en profondeur, l\u2019ing\u00e9nierie, les m\u00e9tiers de pointe tels que l\u2019\u00e9lectronique. Par ailleurs, le Maroc deviendra un hub international pour les homologations de v\u00e9hicules selon les normes internationales.<\/p>\n<p>Ainsi, le secteur de l\u2019industrie automobile a pu r\u00e9aliser une croissance des exportations de plus de 40% \u00e0 fin Avril 2023, avec une perspective de chiffre d\u2019affaires \u00e0 l\u2019export de plus de 130 Milliards Dhs \u00e0 fin 2023.<\/p>\n<p>Le Plan de Relance Industrielle a \u00e9galement permis \u00e0 la fili\u00e8re automobile marocaine de s\u2019inscrire dans les enjeux importants du moment tels que la mobilit\u00e9 durable, la digitalisation et l\u2019industrie 4.0 ou encore la d\u00e9carbonation repr\u00e9sentant en r\u00e9alit\u00e9 des opportunit\u00e9s qui n\u00e9cessitent d\u2019avantage d\u2019int\u00e9gration et d\u2019ancrage en profondeur de la filiale.<\/p>\n<p>Toutes ces transformations n\u00e9cessitent un accompagnement financier adapt\u00e9 \u00e0 ces besoins pour accompagner le d\u00e9veloppement des entreprises.<\/p>\n<p>Le Cr\u00e9dit Agricole du Maroc, dans le cadre de sa mission d\u2019accompagnement et de financement des activit\u00e9s agricoles et rurales a d\u00e9velopp\u00e9 des solutions innovantes.<\/p>\n<p>En parall\u00e8le, Le Cr\u00e9dit Agricole du Maroc, banque universelle, diversifie ses activit\u00e9s et s\u2019inscrit pleinement dans l\u2019accompagnement des orientations strat\u00e9giques gouvernementales principalement la charte de l\u2019investissement.<\/p>\n<p>Le CAM et l\u2019AMICA avec la participation des professionnels de la fili\u00e8re conviennent de mettre \u00e0 la disposition des membres de l\u2019AMICA des solutions dans le cadre d\u2019une convention de partenariat visant la mise en place d\u2019un dispositif financier adapt\u00e9.<\/p>\n<p>Le CAM et l\u2019AMICA dans le cadre des orientations du Plan de Relance Industrielle, pilot\u00e9 par le Minist\u00e8re de l&rsquo;Industrie et du Commerce, ont mis en place ce dispositif qui permettra :<\/p>\n<ul>\n<li>Un traitement acc\u00e9l\u00e9r\u00e9<\/li>\n<li>Des conditions avantageuses pour la fili\u00e8re<\/li>\n<li>Des outils financiers digitalis\u00e9s adapt\u00e9s aux besoins<\/li>\n<li>Un accompagnement des professionnels pour le d\u00e9veloppement de l\u2019int\u00e9gration locale et en profondeur<\/li>\n<li>Un accompagnement des investissements dans le cadre de la d\u00e9carbonation<\/li>\n<li>Un accompagnement de la nouvelle g\u00e9n\u00e9ration d\u2019entrepreneurs porteurs de projets d\u2019investissement industriel et disposants d\u2019une exp\u00e9rience<\/li>\n<li>Un accompagnement pour l\u2019\u00e9mergence de grands groupes industriels marocains dans le secteur de l\u2019industrie automobile pour un ancrage local renforc\u00e9<\/li>\n<\/ul>\n","protected":false},"excerpt":{"rendered":"<p>Une convention pour l\u2019accompagnement des entreprises op\u00e9rant dans le secteur automobile a \u00e9t\u00e9 sign\u00e9e aujourd\u2019hui<\/p>\n","protected":false},"author":1,"featured_media":3345,"comment_status":"open","ping_status":"open","sticky":false,"template":"","format":"standard","meta":{"_acf_changed":false,"footnotes":""},"categories":[2,3],"tags":[1037,233,1038,62,1036,59],"class_list":["post-3344","post","type-post","status-publish","format-standard","has-post-thumbnail","hentry","category-nouvelles","category-nouvelles-selectionnees","tag-amica","tag-credit-agricole-du-maroc","tag-hakim-abdelmoumen","tag-le-ministre-de-lindustrie-et-du-commerce","tag-mohammed-fikrat","tag-ryad-mezzour"],"acf":[],"yoast_head":"<!-- This site is optimized with the Yoast SEO plugin v22.0 - https:\/\/yoast.com\/wordpress\/plugins\/seo\/ -->\n<title>Industrie automobile: le Cr\u00e9dit Agricole du Maroc signe une convention avec l&#039;AMICA - MEDIA PLATEFORME | FR<\/title>\n<meta name=\"description\" content=\"M. Ryad Mezzour, le Pr\u00e9sident Cr\u00e9dit Agricole du Maroc, M. Mohammed Fikrat et le Pr\u00e9sident de l\u2019AMICA, M. Hakim Abdelmoumen.\" \/>\n<meta name=\"robots\" content=\"index, follow, max-snippet:-1, max-image-preview:large, max-video-preview:-1\" \/>\n<link rel=\"canonical\" href=\"https:\/\/www.mediaplateforme.com\/fr\/industrie-automobile-le-credit-agricole-du-maroc-signe-une-convention-avec-lamica\/\" \/>\n<meta property=\"og:locale\" content=\"fr_FR\" \/>\n<meta property=\"og:type\" content=\"article\" \/>\n<meta property=\"og:title\" content=\"Industrie automobile: le Cr\u00e9dit Agricole du Maroc signe une convention avec l&#039;AMICA - MEDIA PLATEFORME | FR\" \/>\n<meta property=\"og:description\" content=\"M. Ryad Mezzour, le Pr\u00e9sident Cr\u00e9dit Agricole du Maroc, M. Mohammed Fikrat et le Pr\u00e9sident de l\u2019AMICA, M. Hakim Abdelmoumen.\" \/>\n<meta property=\"og:url\" content=\"https:\/\/www.mediaplateforme.com\/fr\/industrie-automobile-le-credit-agricole-du-maroc-signe-une-convention-avec-lamica\/\" \/>\n<meta property=\"og:site_name\" content=\"MEDIA PLATEFORME | FR\" \/>\n<meta property=\"article:published_time\" content=\"2023-06-15T13:38:18+00:00\" \/>\n<meta property=\"og:image\" content=\"https:\/\/www.mediaplateforme.com\/fr\/wp-content\/uploads\/sites\/5\/2023\/06\/IMG2.jpg\" \/>\n\t<meta property=\"og:image:width\" content=\"1398\" \/>\n\t<meta property=\"og:image:height\" content=\"932\" \/>\n\t<meta property=\"og:image:type\" content=\"image\/jpeg\" \/>\n<meta name=\"author\" content=\"Mediaplateforme\" \/>\n<meta name=\"twitter:card\" content=\"summary_large_image\" \/>\n<meta name=\"twitter:label1\" content=\"\u00c9crit par\" \/>\n\t<meta name=\"twitter:data1\" content=\"Mediaplateforme\" \/>\n\t<meta name=\"twitter:label2\" content=\"Dur\u00e9e de lecture estim\u00e9e\" \/>\n\t<meta name=\"twitter:data2\" content=\"3 minutes\" \/>\n<script type=\"application\/ld+json\" class=\"yoast-schema-graph\">{\"@context\":\"https:\/\/schema.org\",\"@graph\":[{\"@type\":\"WebPage\",\"@id\":\"https:\/\/www.mediaplateforme.com\/fr\/industrie-automobile-le-credit-agricole-du-maroc-signe-une-convention-avec-lamica\/\",\"url\":\"https:\/\/www.mediaplateforme.com\/fr\/industrie-automobile-le-credit-agricole-du-maroc-signe-une-convention-avec-lamica\/\",\"name\":\"Industrie automobile: le Cr\u00e9dit Agricole du Maroc signe une convention avec l'AMICA - MEDIA PLATEFORME | FR\",\"isPartOf\":{\"@id\":\"https:\/\/www.mediaplateforme.com\/fr\/#website\"},\"datePublished\":\"2023-06-15T13:38:18+00:00\",\"dateModified\":\"2023-06-15T13:38:18+00:00\",\"author\":{\"@id\":\"https:\/\/www.mediaplateforme.com\/fr\/#\/schema\/person\/89833db382b5db2c76b094bc902aa12a\"},\"description\":\"M. Ryad Mezzour, le Pr\u00e9sident Cr\u00e9dit Agricole du Maroc, M. Mohammed Fikrat et le Pr\u00e9sident de l\u2019AMICA, M. Hakim Abdelmoumen.\",\"breadcrumb\":{\"@id\":\"https:\/\/www.mediaplateforme.com\/fr\/industrie-automobile-le-credit-agricole-du-maroc-signe-une-convention-avec-lamica\/#breadcrumb\"},\"inLanguage\":\"fr-FR\",\"potentialAction\":[{\"@type\":\"ReadAction\",\"target\":[\"https:\/\/www.mediaplateforme.com\/fr\/industrie-automobile-le-credit-agricole-du-maroc-signe-une-convention-avec-lamica\/\"]}]},{\"@type\":\"BreadcrumbList\",\"@id\":\"https:\/\/www.mediaplateforme.com\/fr\/industrie-automobile-le-credit-agricole-du-maroc-signe-une-convention-avec-lamica\/#breadcrumb\",\"itemListElement\":[{\"@type\":\"ListItem\",\"position\":1,\"name\":\"\u0627\u0644\u0631\u0626\u064a\u0633\u064a\u0629\",\"item\":\"https:\/\/www.mediaplateforme.com\/fr\/\"},{\"@type\":\"ListItem\",\"position\":2,\"name\":\"Industrie automobile: le Cr\u00e9dit Agricole du Maroc signe une convention avec l&#8217;AMICA\"}]},{\"@type\":\"WebSite\",\"@id\":\"https:\/\/www.mediaplateforme.com\/fr\/#website\",\"url\":\"https:\/\/www.mediaplateforme.com\/fr\/\",\"name\":\"MEDIA PLATEFORME | FR\",\"description\":\"Mediaplateforme sp\u00e9cialis\u00e9 dans la communication institutions publiques et des entreprises\",\"potentialAction\":[{\"@type\":\"SearchAction\",\"target\":{\"@type\":\"EntryPoint\",\"urlTemplate\":\"https:\/\/www.mediaplateforme.com\/fr\/?s={search_term_string}\"},\"query-input\":\"required name=search_term_string\"}],\"inLanguage\":\"fr-FR\"},{\"@type\":\"Person\",\"@id\":\"https:\/\/www.mediaplateforme.com\/fr\/#\/schema\/person\/89833db382b5db2c76b094bc902aa12a\",\"name\":\"Mediaplateforme\",\"image\":{\"@type\":\"ImageObject\",\"inLanguage\":\"fr-FR\",\"@id\":\"https:\/\/www.mediaplateforme.com\/fr\/#\/schema\/person\/image\/\",\"url\":\"https:\/\/secure.gravatar.com\/avatar\/6c9c02e8928cc65d54bf75157f7b3a2d06d7ad0494ca0951f679552ff03b34c1?s=96&d=mm&r=g\",\"contentUrl\":\"https:\/\/secure.gravatar.com\/avatar\/6c9c02e8928cc65d54bf75157f7b3a2d06d7ad0494ca0951f679552ff03b34c1?s=96&d=mm&r=g\",\"caption\":\"Mediaplateforme\"},\"sameAs\":[\"https:\/\/www.mediaplateforme.com\"],\"url\":\"https:\/\/www.mediaplateforme.com\/fr\/author\/mohamedladib\/\"}]}<\/script>\n<!-- \/ Yoast SEO plugin. -->","yoast_head_json":{"title":"Industrie automobile: le Cr\u00e9dit Agricole du Maroc signe une convention avec l'AMICA - MEDIA PLATEFORME | FR","description":"M. Ryad Mezzour, le Pr\u00e9sident Cr\u00e9dit Agricole du Maroc, M. Mohammed Fikrat et le Pr\u00e9sident de l\u2019AMICA, M. Hakim Abdelmoumen.","robots":{"index":"index","follow":"follow","max-snippet":"max-snippet:-1","max-image-preview":"max-image-preview:large","max-video-preview":"max-video-preview:-1"},"canonical":"https:\/\/www.mediaplateforme.com\/fr\/industrie-automobile-le-credit-agricole-du-maroc-signe-une-convention-avec-lamica\/","og_locale":"fr_FR","og_type":"article","og_title":"Industrie automobile: le Cr\u00e9dit Agricole du Maroc signe une convention avec l'AMICA - MEDIA PLATEFORME | FR","og_description":"M. Ryad Mezzour, le Pr\u00e9sident Cr\u00e9dit Agricole du Maroc, M. Mohammed Fikrat et le Pr\u00e9sident de l\u2019AMICA, M. Hakim Abdelmoumen.","og_url":"https:\/\/www.mediaplateforme.com\/fr\/industrie-automobile-le-credit-agricole-du-maroc-signe-une-convention-avec-lamica\/","og_site_name":"MEDIA PLATEFORME | FR","article_published_time":"2023-06-15T13:38:18+00:00","og_image":[{"width":1398,"height":932,"url":"https:\/\/www.mediaplateforme.com\/fr\/wp-content\/uploads\/sites\/5\/2023\/06\/IMG2.jpg","type":"image\/jpeg"}],"author":"Mediaplateforme","twitter_card":"summary_large_image","twitter_misc":{"\u00c9crit par":"Mediaplateforme","Dur\u00e9e de lecture estim\u00e9e":"3 minutes"},"schema":{"@context":"https:\/\/schema.org","@graph":[{"@type":"WebPage","@id":"https:\/\/www.mediaplateforme.com\/fr\/industrie-automobile-le-credit-agricole-du-maroc-signe-une-convention-avec-lamica\/","url":"https:\/\/www.mediaplateforme.com\/fr\/industrie-automobile-le-credit-agricole-du-maroc-signe-une-convention-avec-lamica\/","name":"Industrie automobile: le Cr\u00e9dit Agricole du Maroc signe une convention avec l'AMICA - MEDIA PLATEFORME | FR","isPartOf":{"@id":"https:\/\/www.mediaplateforme.com\/fr\/#website"},"datePublished":"2023-06-15T13:38:18+00:00","dateModified":"2023-06-15T13:38:18+00:00","author":{"@id":"https:\/\/www.mediaplateforme.com\/fr\/#\/schema\/person\/89833db382b5db2c76b094bc902aa12a"},"description":"M. Ryad Mezzour, le Pr\u00e9sident Cr\u00e9dit Agricole du Maroc, M. Mohammed Fikrat et le Pr\u00e9sident de l\u2019AMICA, M. Hakim Abdelmoumen.","breadcrumb":{"@id":"https:\/\/www.mediaplateforme.com\/fr\/industrie-automobile-le-credit-agricole-du-maroc-signe-une-convention-avec-lamica\/#breadcrumb"},"inLanguage":"fr-FR","potentialAction":[{"@type":"ReadAction","target":["https:\/\/www.mediaplateforme.com\/fr\/industrie-automobile-le-credit-agricole-du-maroc-signe-une-convention-avec-lamica\/"]}]},{"@type":"BreadcrumbList","@id":"https:\/\/www.mediaplateforme.com\/fr\/industrie-automobile-le-credit-agricole-du-maroc-signe-une-convention-avec-lamica\/#breadcrumb","itemListElement":[{"@type":"ListItem","position":1,"name":"\u0627\u0644\u0631\u0626\u064a\u0633\u064a\u0629","item":"https:\/\/www.mediaplateforme.com\/fr\/"},{"@type":"ListItem","position":2,"name":"Industrie automobile: le Cr\u00e9dit Agricole du Maroc signe une convention avec l&#8217;AMICA"}]},{"@type":"WebSite","@id":"https:\/\/www.mediaplateforme.com\/fr\/#website","url":"https:\/\/www.mediaplateforme.com\/fr\/","name":"MEDIA PLATEFORME | FR","description":"Mediaplateforme sp\u00e9cialis\u00e9 dans la communication institutions publiques et des entreprises","potentialAction":[{"@type":"SearchAction","target":{"@type":"EntryPoint","urlTemplate":"https:\/\/www.mediaplateforme.com\/fr\/?s={search_term_string}"},"query-input":"required name=search_term_string"}],"inLanguage":"fr-FR"},{"@type":"Person","@id":"https:\/\/www.mediaplateforme.com\/fr\/#\/schema\/person\/89833db382b5db2c76b094bc902aa12a","name":"Mediaplateforme","image":{"@type":"ImageObject","inLanguage":"fr-FR","@id":"https:\/\/www.mediaplateforme.com\/fr\/#\/schema\/person\/image\/","url":"https:\/\/secure.gravatar.com\/avatar\/6c9c02e8928cc65d54bf75157f7b3a2d06d7ad0494ca0951f679552ff03b34c1?s=96&d=mm&r=g","contentUrl":"https:\/\/secure.gravatar.com\/avatar\/6c9c02e8928cc65d54bf75157f7b3a2d06d7ad0494ca0951f679552ff03b34c1?s=96&d=mm&r=g","caption":"Mediaplateforme"},"sameAs":["https:\/\/www.mediaplateforme.com"],"url":"https:\/\/www.mediaplateforme.com\/fr\/author\/mohamedladib\/"}]}},"_links":{"self":[{"href":"https:\/\/www.mediaplateforme.com\/fr\/wp-json\/wp\/v2\/posts\/3344","targetHints":{"allow":["GET"]}}],"collection":[{"href":"https:\/\/www.mediaplateforme.com\/fr\/wp-json\/wp\/v2\/posts"}],"about":[{"href":"https:\/\/www.mediaplateforme.com\/fr\/wp-json\/wp\/v2\/types\/post"}],"author":[{"embeddable":true,"href":"https:\/\/www.mediaplateforme.com\/fr\/wp-json\/wp\/v2\/users\/1"}],"replies":[{"embeddable":true,"href":"https:\/\/www.mediaplateforme.com\/fr\/wp-json\/wp\/v2\/comments?post=3344"}],"version-history":[{"count":1,"href":"https:\/\/www.mediaplateforme.com\/fr\/wp-json\/wp\/v2\/posts\/3344\/revisions"}],"predecessor-version":[{"id":3346,"href":"https:\/\/www.mediaplateforme.com\/fr\/wp-json\/wp\/v2\/posts\/3344\/revisions\/3346"}],"wp:featuredmedia":[{"embeddable":true,"href":"https:\/\/www.mediaplateforme.com\/fr\/wp-json\/wp\/v2\/media\/3345"}],"wp:attachment":[{"href":"https:\/\/www.mediaplateforme.com\/fr\/wp-json\/wp\/v2\/media?parent=3344"}],"wp:term":[{"taxonomy":"category","embeddable":true,"href":"https:\/\/www.mediaplateforme.com\/fr\/wp-json\/wp\/v2\/categories?post=3344"},{"taxonomy":"post_tag","embeddable":true,"href":"https:\/\/www.mediaplateforme.com\/fr\/wp-json\/wp\/v2\/tags?post=3344"}],"curies":[{"name":"wp","href":"https:\/\/api.w.org\/{rel}","templated":true}]}}