{"id":3322,"date":"2023-06-13T18:17:41","date_gmt":"2023-06-13T17:17:41","guid":{"rendered":"https:\/\/www.mediaplateforme.com\/fr\/?p=3322"},"modified":"2023-06-13T18:17:41","modified_gmt":"2023-06-13T17:17:41","slug":"frs-iberia-artemis","status":"publish","type":"post","link":"https:\/\/www.mediaplateforme.com\/fr\/frs-iberia-artemis\/","title":{"rendered":"FRS Iberia renforce ses op\u00e9rations dans le d\u00e9troit de Gibraltar avec l&rsquo;acquisition d\u2019un navire \u00e0 grande vitesse HSC \u00ab\u00a0Artemis\u00a0\u00bb d&rsquo;Incat"},"content":{"rendered":"<p>FRS a acquis le navire \u00e0 grande vitesse Incat, HSC \u00ab\u00a0Artemis\u00a0\u00bb pour renforcer ses op\u00e9rations dans le d\u00e9troit de Gibraltar.\u00a0Le ferry rapide, rebaptis\u00e9 \u00ab\u00a0Poniente Jet\u00a0\u00bb, a fait l&rsquo;objet d&rsquo;une r\u00e9novation compl\u00e8te, garantissant un haut niveau de qualit\u00e9 et de finition.<\/p>\n<p>Pouvant transporter 640 passagers, 180 v\u00e9hicules et jusqu&rsquo;\u00e0 330 m\u00e8tres lin\u00e9aires de marchandises, le \u00ab\u00a0Poniente Jet\u00a0\u00bb sera int\u00e9gr\u00e9 \u00e0 la flotte de FRS en juillet.\u00a0Cet ajout strat\u00e9gique enrichit l&rsquo;offre de la compagnie d&rsquo;un ferry rapide enti\u00e8rement r\u00e9nov\u00e9 et modernis\u00e9.<\/p>\n<p>\u00ab\u00a0Nous sommes ravis de cette acquisition.\u00a0L&rsquo;int\u00e9gration du HSC \u00ab\u00a0Poniente Jet\u00a0\u00bb dans notre flotte permettra \u00e0 nos clients de b\u00e9n\u00e9ficier d&rsquo;une navigation rapide et confortable, tout en maintenant le haut niveau de service qui fait la r\u00e9putation de FRS\u00a0\u00bb, a d\u00e9clar\u00e9 Ronny Moriana, directeur g\u00e9n\u00e9ral de FRS Iberia.<\/p>\n<p>L&rsquo;arriv\u00e9e du HSC \u00ab\u00a0Poniente Jet\u00a0\u00bb renforce l&rsquo;engagement de FRS Iberia \u00e0 fournir des services de haute qualit\u00e9 \u00e0 ses clients, consolidant ainsi sa pr\u00e9sence dans la r\u00e9gion. La compagnie annoncera d&rsquo;autres d\u00e9tails concernant l&rsquo;horaire dans les semaines \u00e0 venir.<\/p>\n<p>FRS Iberia continue de privil\u00e9gier l&rsquo;excellence dans ses op\u00e9rations, et l&rsquo;ajout du HSC \u00ab\u00a0Poniente Jet\u00a0\u00bb t\u00e9moigne de son engagement \u00e0 offrir de meilleures exp\u00e9riences de voyage maritime dans le d\u00e9troit de Gibraltar.<\/p>\n<h4><strong>A propos de<\/strong><strong> FRS:<\/strong><\/h4>\n<p>FRS, bas\u00e9e dans le nord de l&rsquo;Allemagne, est une entreprise maritime prosp\u00e8re qui a pris l&rsquo;initiative de d\u00e9velopper de nouvelles activit\u00e9s commerciales au-del\u00e0 de ses eaux territoriales. Au cours des derni\u00e8res d\u00e9cennies, FRS est pass\u00e9 du statut d&rsquo;op\u00e9rateur r\u00e9gional de ferries pour passagers \u00e0 celui de groupe international comptant 70 navires et plus de 1 500 employ\u00e9s originaires de plus de 40 pays. FRS transporte chaque ann\u00e9e 7,4 millions de passagers et 1,7 million de v\u00e9hicules sur ses nombreuses lignes maritimes nationales et internationales. Aujourd&rsquo;hui, le groupe FRS se compose de 21 filiales situ\u00e9es en Europe, en Afrique du Nord et en Am\u00e9rique.<\/p>\n<p>Dans le d\u00e9troit de Gibraltar, FRS Iberia est l&rsquo;un des principaux op\u00e9rateurs avec 8 navires, allant des ferries rapides pour passagers aux ferries RoPax. Outre les services touristiques, FRS Iberia exploite avec succ\u00e8s un service r\u00e9gulier de trafic et de fret entre l&rsquo;Espagne et le Maroc depuis plus de 23 ans.<\/p>\n<p>Vous pouvez trouver plus d&rsquo;informations sur FRS \u00e0 l&rsquo;adresse suivante \u00a0<a href=\"http:\/\/www.frs.world\">www.frs.world<\/a> et sur FRS Iberia \u00e0 l&rsquo;adresse suivante \u00a0<a href=\"http:\/\/www.frs.es\">www.frs.es<\/a>.<\/p>\n","protected":false},"excerpt":{"rendered":"<p>FRS a acquis le navire \u00e0 grande vitesse Incat, HSC \u00ab\u00a0Artemis\u00a0\u00bb pour renforcer ses op\u00e9rations<\/p>\n","protected":false},"author":1,"featured_media":3323,"comment_status":"open","ping_status":"open","sticky":false,"template":"","format":"standard","meta":{"_acf_changed":false,"footnotes":""},"categories":[2,3],"tags":[1027,1028],"class_list":["post-3322","post","type-post","status-publish","format-standard","has-post-thumbnail","hentry","category-nouvelles","category-nouvelles-selectionnees","tag-artemis","tag-frs"],"acf":[],"yoast_head":"<!-- This site is optimized with the Yoast SEO plugin v22.0 - https:\/\/yoast.com\/wordpress\/plugins\/seo\/ -->\n<title>FRS Iberia renforce ses op\u00e9rations dans le d\u00e9troit de Gibraltar avec l&#039;acquisition d\u2019un navire \u00e0 grande vitesse HSC &quot;Artemis&quot; d&#039;Incat - MEDIA PLATEFORME | FR<\/title>\n<meta name=\"description\" content=\"FRS a acquis le navire \u00e0 Incat, HSC &quot;Artemis&quot; pour renforcer ses op\u00e9rations dans le d\u00e9troit de Gibraltar.\u00a0Le ferry rapide, rebaptis\u00e9 &quot;Poniente Jet&quot;,\" \/>\n<meta name=\"robots\" content=\"index, follow, max-snippet:-1, max-image-preview:large, max-video-preview:-1\" \/>\n<link rel=\"canonical\" href=\"https:\/\/www.mediaplateforme.com\/fr\/frs-iberia-artemis\/\" \/>\n<meta property=\"og:locale\" content=\"fr_FR\" \/>\n<meta property=\"og:type\" content=\"article\" \/>\n<meta property=\"og:title\" content=\"FRS Iberia renforce ses op\u00e9rations dans le d\u00e9troit de Gibraltar avec l&#039;acquisition d\u2019un navire \u00e0 grande vitesse HSC &quot;Artemis&quot; d&#039;Incat - MEDIA PLATEFORME | FR\" \/>\n<meta property=\"og:description\" content=\"FRS a acquis le navire \u00e0 Incat, HSC &quot;Artemis&quot; pour renforcer ses op\u00e9rations dans le d\u00e9troit de Gibraltar.\u00a0Le ferry rapide, rebaptis\u00e9 &quot;Poniente Jet&quot;,\" \/>\n<meta property=\"og:url\" content=\"https:\/\/www.mediaplateforme.com\/fr\/frs-iberia-artemis\/\" \/>\n<meta property=\"og:site_name\" content=\"MEDIA PLATEFORME | FR\" \/>\n<meta property=\"article:published_time\" content=\"2023-06-13T17:17:41+00:00\" \/>\n<meta property=\"og:image\" content=\"https:\/\/www.mediaplateforme.com\/fr\/wp-content\/uploads\/sites\/5\/2023\/06\/FRS_Poniente_jet.jpg\" \/>\n\t<meta property=\"og:image:width\" content=\"940\" \/>\n\t<meta property=\"og:image:height\" content=\"745\" \/>\n\t<meta property=\"og:image:type\" content=\"image\/jpeg\" \/>\n<meta name=\"author\" content=\"Mediaplateforme\" \/>\n<meta name=\"twitter:card\" content=\"summary_large_image\" \/>\n<meta name=\"twitter:label1\" content=\"\u00c9crit par\" \/>\n\t<meta name=\"twitter:data1\" content=\"Mediaplateforme\" \/>\n\t<meta name=\"twitter:label2\" content=\"Dur\u00e9e de lecture estim\u00e9e\" \/>\n\t<meta name=\"twitter:data2\" content=\"2 minutes\" \/>\n<script type=\"application\/ld+json\" class=\"yoast-schema-graph\">{\"@context\":\"https:\/\/schema.org\",\"@graph\":[{\"@type\":\"WebPage\",\"@id\":\"https:\/\/www.mediaplateforme.com\/fr\/frs-iberia-artemis\/\",\"url\":\"https:\/\/www.mediaplateforme.com\/fr\/frs-iberia-artemis\/\",\"name\":\"FRS Iberia renforce ses op\u00e9rations dans le d\u00e9troit de Gibraltar avec l'acquisition d\u2019un navire \u00e0 grande vitesse HSC \\\"Artemis\\\" d'Incat - MEDIA PLATEFORME | FR\",\"isPartOf\":{\"@id\":\"https:\/\/www.mediaplateforme.com\/fr\/#website\"},\"datePublished\":\"2023-06-13T17:17:41+00:00\",\"dateModified\":\"2023-06-13T17:17:41+00:00\",\"author\":{\"@id\":\"https:\/\/www.mediaplateforme.com\/fr\/#\/schema\/person\/89833db382b5db2c76b094bc902aa12a\"},\"description\":\"FRS a acquis le navire \u00e0 Incat, HSC \\\"Artemis\\\" pour renforcer ses op\u00e9rations dans le d\u00e9troit de Gibraltar.\u00a0Le ferry rapide, rebaptis\u00e9 \\\"Poniente Jet\\\",\",\"breadcrumb\":{\"@id\":\"https:\/\/www.mediaplateforme.com\/fr\/frs-iberia-artemis\/#breadcrumb\"},\"inLanguage\":\"fr-FR\",\"potentialAction\":[{\"@type\":\"ReadAction\",\"target\":[\"https:\/\/www.mediaplateforme.com\/fr\/frs-iberia-artemis\/\"]}]},{\"@type\":\"BreadcrumbList\",\"@id\":\"https:\/\/www.mediaplateforme.com\/fr\/frs-iberia-artemis\/#breadcrumb\",\"itemListElement\":[{\"@type\":\"ListItem\",\"position\":1,\"name\":\"\u0627\u0644\u0631\u0626\u064a\u0633\u064a\u0629\",\"item\":\"https:\/\/www.mediaplateforme.com\/fr\/\"},{\"@type\":\"ListItem\",\"position\":2,\"name\":\"FRS Iberia renforce ses op\u00e9rations dans le d\u00e9troit de Gibraltar avec l&#8217;acquisition d\u2019un navire \u00e0 grande vitesse HSC &#8220;Artemis&#8221; d&#8217;Incat\"}]},{\"@type\":\"WebSite\",\"@id\":\"https:\/\/www.mediaplateforme.com\/fr\/#website\",\"url\":\"https:\/\/www.mediaplateforme.com\/fr\/\",\"name\":\"MEDIA PLATEFORME | FR\",\"description\":\"Mediaplateforme sp\u00e9cialis\u00e9 dans la communication institutions publiques et des entreprises\",\"potentialAction\":[{\"@type\":\"SearchAction\",\"target\":{\"@type\":\"EntryPoint\",\"urlTemplate\":\"https:\/\/www.mediaplateforme.com\/fr\/?s={search_term_string}\"},\"query-input\":\"required name=search_term_string\"}],\"inLanguage\":\"fr-FR\"},{\"@type\":\"Person\",\"@id\":\"https:\/\/www.mediaplateforme.com\/fr\/#\/schema\/person\/89833db382b5db2c76b094bc902aa12a\",\"name\":\"Mediaplateforme\",\"image\":{\"@type\":\"ImageObject\",\"inLanguage\":\"fr-FR\",\"@id\":\"https:\/\/www.mediaplateforme.com\/fr\/#\/schema\/person\/image\/\",\"url\":\"https:\/\/secure.gravatar.com\/avatar\/6c9c02e8928cc65d54bf75157f7b3a2d06d7ad0494ca0951f679552ff03b34c1?s=96&d=mm&r=g\",\"contentUrl\":\"https:\/\/secure.gravatar.com\/avatar\/6c9c02e8928cc65d54bf75157f7b3a2d06d7ad0494ca0951f679552ff03b34c1?s=96&d=mm&r=g\",\"caption\":\"Mediaplateforme\"},\"sameAs\":[\"https:\/\/www.mediaplateforme.com\"],\"url\":\"https:\/\/www.mediaplateforme.com\/fr\/author\/mohamedladib\/\"}]}<\/script>\n<!-- \/ Yoast SEO plugin. -->","yoast_head_json":{"title":"FRS Iberia renforce ses op\u00e9rations dans le d\u00e9troit de Gibraltar avec l'acquisition d\u2019un navire \u00e0 grande vitesse HSC \"Artemis\" d'Incat - MEDIA PLATEFORME | FR","description":"FRS a acquis le navire \u00e0 Incat, HSC \"Artemis\" pour renforcer ses op\u00e9rations dans le d\u00e9troit de Gibraltar.\u00a0Le ferry rapide, rebaptis\u00e9 \"Poniente Jet\",","robots":{"index":"index","follow":"follow","max-snippet":"max-snippet:-1","max-image-preview":"max-image-preview:large","max-video-preview":"max-video-preview:-1"},"canonical":"https:\/\/www.mediaplateforme.com\/fr\/frs-iberia-artemis\/","og_locale":"fr_FR","og_type":"article","og_title":"FRS Iberia renforce ses op\u00e9rations dans le d\u00e9troit de Gibraltar avec l'acquisition d\u2019un navire \u00e0 grande vitesse HSC \"Artemis\" d'Incat - MEDIA PLATEFORME | FR","og_description":"FRS a acquis le navire \u00e0 Incat, HSC \"Artemis\" pour renforcer ses op\u00e9rations dans le d\u00e9troit de Gibraltar.\u00a0Le ferry rapide, rebaptis\u00e9 \"Poniente Jet\",","og_url":"https:\/\/www.mediaplateforme.com\/fr\/frs-iberia-artemis\/","og_site_name":"MEDIA PLATEFORME | FR","article_published_time":"2023-06-13T17:17:41+00:00","og_image":[{"width":940,"height":745,"url":"https:\/\/www.mediaplateforme.com\/fr\/wp-content\/uploads\/sites\/5\/2023\/06\/FRS_Poniente_jet.jpg","type":"image\/jpeg"}],"author":"Mediaplateforme","twitter_card":"summary_large_image","twitter_misc":{"\u00c9crit par":"Mediaplateforme","Dur\u00e9e de lecture estim\u00e9e":"2 minutes"},"schema":{"@context":"https:\/\/schema.org","@graph":[{"@type":"WebPage","@id":"https:\/\/www.mediaplateforme.com\/fr\/frs-iberia-artemis\/","url":"https:\/\/www.mediaplateforme.com\/fr\/frs-iberia-artemis\/","name":"FRS Iberia renforce ses op\u00e9rations dans le d\u00e9troit de Gibraltar avec l'acquisition d\u2019un navire \u00e0 grande vitesse HSC \"Artemis\" d'Incat - MEDIA PLATEFORME | FR","isPartOf":{"@id":"https:\/\/www.mediaplateforme.com\/fr\/#website"},"datePublished":"2023-06-13T17:17:41+00:00","dateModified":"2023-06-13T17:17:41+00:00","author":{"@id":"https:\/\/www.mediaplateforme.com\/fr\/#\/schema\/person\/89833db382b5db2c76b094bc902aa12a"},"description":"FRS a acquis le navire \u00e0 Incat, HSC \"Artemis\" pour renforcer ses op\u00e9rations dans le d\u00e9troit de Gibraltar.\u00a0Le ferry rapide, rebaptis\u00e9 \"Poniente Jet\",","breadcrumb":{"@id":"https:\/\/www.mediaplateforme.com\/fr\/frs-iberia-artemis\/#breadcrumb"},"inLanguage":"fr-FR","potentialAction":[{"@type":"ReadAction","target":["https:\/\/www.mediaplateforme.com\/fr\/frs-iberia-artemis\/"]}]},{"@type":"BreadcrumbList","@id":"https:\/\/www.mediaplateforme.com\/fr\/frs-iberia-artemis\/#breadcrumb","itemListElement":[{"@type":"ListItem","position":1,"name":"\u0627\u0644\u0631\u0626\u064a\u0633\u064a\u0629","item":"https:\/\/www.mediaplateforme.com\/fr\/"},{"@type":"ListItem","position":2,"name":"FRS Iberia renforce ses op\u00e9rations dans le d\u00e9troit de Gibraltar avec l&#8217;acquisition d\u2019un navire \u00e0 grande vitesse HSC &#8220;Artemis&#8221; d&#8217;Incat"}]},{"@type":"WebSite","@id":"https:\/\/www.mediaplateforme.com\/fr\/#website","url":"https:\/\/www.mediaplateforme.com\/fr\/","name":"MEDIA PLATEFORME | FR","description":"Mediaplateforme sp\u00e9cialis\u00e9 dans la communication institutions publiques et des entreprises","potentialAction":[{"@type":"SearchAction","target":{"@type":"EntryPoint","urlTemplate":"https:\/\/www.mediaplateforme.com\/fr\/?s={search_term_string}"},"query-input":"required name=search_term_string"}],"inLanguage":"fr-FR"},{"@type":"Person","@id":"https:\/\/www.mediaplateforme.com\/fr\/#\/schema\/person\/89833db382b5db2c76b094bc902aa12a","name":"Mediaplateforme","image":{"@type":"ImageObject","inLanguage":"fr-FR","@id":"https:\/\/www.mediaplateforme.com\/fr\/#\/schema\/person\/image\/","url":"https:\/\/secure.gravatar.com\/avatar\/6c9c02e8928cc65d54bf75157f7b3a2d06d7ad0494ca0951f679552ff03b34c1?s=96&d=mm&r=g","contentUrl":"https:\/\/secure.gravatar.com\/avatar\/6c9c02e8928cc65d54bf75157f7b3a2d06d7ad0494ca0951f679552ff03b34c1?s=96&d=mm&r=g","caption":"Mediaplateforme"},"sameAs":["https:\/\/www.mediaplateforme.com"],"url":"https:\/\/www.mediaplateforme.com\/fr\/author\/mohamedladib\/"}]}},"_links":{"self":[{"href":"https:\/\/www.mediaplateforme.com\/fr\/wp-json\/wp\/v2\/posts\/3322","targetHints":{"allow":["GET"]}}],"collection":[{"href":"https:\/\/www.mediaplateforme.com\/fr\/wp-json\/wp\/v2\/posts"}],"about":[{"href":"https:\/\/www.mediaplateforme.com\/fr\/wp-json\/wp\/v2\/types\/post"}],"author":[{"embeddable":true,"href":"https:\/\/www.mediaplateforme.com\/fr\/wp-json\/wp\/v2\/users\/1"}],"replies":[{"embeddable":true,"href":"https:\/\/www.mediaplateforme.com\/fr\/wp-json\/wp\/v2\/comments?post=3322"}],"version-history":[{"count":1,"href":"https:\/\/www.mediaplateforme.com\/fr\/wp-json\/wp\/v2\/posts\/3322\/revisions"}],"predecessor-version":[{"id":3324,"href":"https:\/\/www.mediaplateforme.com\/fr\/wp-json\/wp\/v2\/posts\/3322\/revisions\/3324"}],"wp:featuredmedia":[{"embeddable":true,"href":"https:\/\/www.mediaplateforme.com\/fr\/wp-json\/wp\/v2\/media\/3323"}],"wp:attachment":[{"href":"https:\/\/www.mediaplateforme.com\/fr\/wp-json\/wp\/v2\/media?parent=3322"}],"wp:term":[{"taxonomy":"category","embeddable":true,"href":"https:\/\/www.mediaplateforme.com\/fr\/wp-json\/wp\/v2\/categories?post=3322"},{"taxonomy":"post_tag","embeddable":true,"href":"https:\/\/www.mediaplateforme.com\/fr\/wp-json\/wp\/v2\/tags?post=3322"}],"curies":[{"name":"wp","href":"https:\/\/api.w.org\/{rel}","templated":true}]}}