{"id":3319,"date":"2023-06-13T17:04:58","date_gmt":"2023-06-13T16:04:58","guid":{"rendered":"https:\/\/www.mediaplateforme.com\/fr\/?p=3319"},"modified":"2023-06-13T17:04:58","modified_gmt":"2023-06-13T16:04:58","slug":"la-cimr-anticipe-le-versement-des-pensions-du-mois-de-juin-a-loccasion-de-aid-al-adha","status":"publish","type":"post","link":"https:\/\/www.mediaplateforme.com\/fr\/la-cimr-anticipe-le-versement-des-pensions-du-mois-de-juin-a-loccasion-de-aid-al-adha\/","title":{"rendered":"La CIMR anticipe le versement des pensions du mois de juin \u00e0 l\u2019occasion de Aid Al Adha"},"content":{"rendered":"<p>La <a href=\"https:\/\/www.mediaplateforme.com\/fr\/la-cimr-enregistre-une-augmentation-de-56-de-ses-provisions-techniques-et-confirme-la-perennite-de-son-regime\/\">Caisse Interprofessionnelle Marocaine de Retraite<\/a> (CIMR) annonce \u00e0 ses allocataires qu\u2019elle proc\u00e8dera \u00e0 l\u2019occasion de Aid Al Adha au paiement des pensions du mois de juin \u00e0 compter du vendredi 23 juin.<\/p>\n<p>C\u2019est dans un esprit de solidarit\u00e9 que la CIMR a d\u00e9cid\u00e9 \u00e0 titre exceptionnel d\u2019avancer le versement des pensions \u00e0 l\u2019ensemble de ses allocataires. Cette mesure a \u00e9t\u00e9 prise par la caisse \u00e0 l\u2019occasion de Aid Al Adha afin de permettre \u00e0 ses allocataires et leurs familles de passer la f\u00eate du sacrifice dans de bonnes conditions et les soulager face<br \/>\naux lourdes charges qui p\u00e8sent consid\u00e9rablement durant cette p\u00e9riode.<\/p>\n<p>A cette occasion la CIMR pr\u00e9sente ses meilleurs v\u0153ux de sant\u00e9 et prosp\u00e9rit\u00e9 \u00e0 l\u2019ensemble de ses allocataires, adh\u00e9rents, affili\u00e9s et partenaires !<\/p>\n<h4>A propos de la CIMR<\/h4>\n<p>Cr\u00e9\u00e9e en 1949, la CIMR est une soci\u00e9t\u00e9 mutuelle de retraite qui a pour mission de promouvoir un r\u00e9gime de retraite p\u00e9renne, \u00e9quilibr\u00e9 et solidaire, garantissant aux b\u00e9n\u00e9ficiaires une pension \u00e9quitable dans le cadre d\u2019une gestion efficace et de qualit\u00e9.<\/p>\n<p>La CIMR est g\u00e9r\u00e9e par un Conseil d\u2019Administration \u00e9lu par l\u2019Assembl\u00e9e G\u00e9n\u00e9rale des adh\u00e9rents.<\/p>\n<p>En 2022, la CIMR comptait 7793 entreprises adh\u00e9rentes, 409 354 affili\u00e9s actifs cotisants, 307 028 ayants droit et 197 454 retrait\u00e9s.<\/p>\n<p>Les contributions se sont, pour leur part, \u00e9lev\u00e9es \u00e0 9,8 milliards de dirhams, tandis que les pensions servies se sont \u00e9tablies \u00e0 6,4 MMDH.<\/p>\n","protected":false},"excerpt":{"rendered":"<p>La Caisse Interprofessionnelle Marocaine de Retraite (CIMR) annonce \u00e0 ses allocataires qu\u2019elle proc\u00e8dera \u00e0 l\u2019occasion<\/p>\n","protected":false},"author":1,"featured_media":2995,"comment_status":"open","ping_status":"open","sticky":false,"template":"","format":"standard","meta":{"_acf_changed":false,"footnotes":""},"categories":[2,3],"tags":[1026,887],"class_list":["post-3319","post","type-post","status-publish","format-standard","has-post-thumbnail","hentry","category-nouvelles","category-nouvelles-selectionnees","tag-aid-al-adha","tag-cimr"],"acf":[],"yoast_head":"<!-- This site is optimized with the Yoast SEO plugin v22.0 - https:\/\/yoast.com\/wordpress\/plugins\/seo\/ -->\n<title>La CIMR anticipe le versement des pensions du mois de juin \u00e0 l\u2019occasion de Aid Al Adha - MEDIA PLATEFORME | FR<\/title>\n<meta name=\"description\" content=\"La Caisse Interprofessionnelle Marocaine de Retraite (CIMR) annonce \u00e0 ses allocataires qu\u2019elle proc\u00e8dera \u00e0 l\u2019occasion de Aid Al Adha\" \/>\n<meta name=\"robots\" content=\"index, follow, max-snippet:-1, max-image-preview:large, max-video-preview:-1\" \/>\n<link rel=\"canonical\" href=\"https:\/\/www.mediaplateforme.com\/fr\/la-cimr-anticipe-le-versement-des-pensions-du-mois-de-juin-a-loccasion-de-aid-al-adha\/\" \/>\n<meta property=\"og:locale\" content=\"fr_FR\" \/>\n<meta property=\"og:type\" content=\"article\" \/>\n<meta property=\"og:title\" content=\"La CIMR anticipe le versement des pensions du mois de juin \u00e0 l\u2019occasion de Aid Al Adha - MEDIA PLATEFORME | FR\" \/>\n<meta property=\"og:description\" content=\"La Caisse Interprofessionnelle Marocaine de Retraite (CIMR) annonce \u00e0 ses allocataires qu\u2019elle proc\u00e8dera \u00e0 l\u2019occasion de Aid Al Adha\" \/>\n<meta property=\"og:url\" content=\"https:\/\/www.mediaplateforme.com\/fr\/la-cimr-anticipe-le-versement-des-pensions-du-mois-de-juin-a-loccasion-de-aid-al-adha\/\" \/>\n<meta property=\"og:site_name\" content=\"MEDIA PLATEFORME | FR\" \/>\n<meta property=\"article:published_time\" content=\"2023-06-13T16:04:58+00:00\" \/>\n<meta property=\"og:image\" content=\"https:\/\/www.mediaplateforme.com\/fr\/wp-content\/uploads\/sites\/5\/2023\/05\/Khalid-CHEDDADI-PDG-CIMR-scaled.jpg\" \/>\n\t<meta property=\"og:image:width\" content=\"2560\" \/>\n\t<meta property=\"og:image:height\" content=\"2036\" \/>\n\t<meta property=\"og:image:type\" content=\"image\/jpeg\" \/>\n<meta name=\"author\" content=\"Mediaplateforme\" \/>\n<meta name=\"twitter:card\" content=\"summary_large_image\" \/>\n<meta name=\"twitter:label1\" content=\"\u00c9crit par\" \/>\n\t<meta name=\"twitter:data1\" content=\"Mediaplateforme\" \/>\n\t<meta name=\"twitter:label2\" content=\"Dur\u00e9e de lecture estim\u00e9e\" \/>\n\t<meta name=\"twitter:data2\" content=\"2 minutes\" \/>\n<script type=\"application\/ld+json\" class=\"yoast-schema-graph\">{\"@context\":\"https:\/\/schema.org\",\"@graph\":[{\"@type\":\"WebPage\",\"@id\":\"https:\/\/www.mediaplateforme.com\/fr\/la-cimr-anticipe-le-versement-des-pensions-du-mois-de-juin-a-loccasion-de-aid-al-adha\/\",\"url\":\"https:\/\/www.mediaplateforme.com\/fr\/la-cimr-anticipe-le-versement-des-pensions-du-mois-de-juin-a-loccasion-de-aid-al-adha\/\",\"name\":\"La CIMR anticipe le versement des pensions du mois de juin \u00e0 l\u2019occasion de Aid Al Adha - MEDIA PLATEFORME | FR\",\"isPartOf\":{\"@id\":\"https:\/\/www.mediaplateforme.com\/fr\/#website\"},\"datePublished\":\"2023-06-13T16:04:58+00:00\",\"dateModified\":\"2023-06-13T16:04:58+00:00\",\"author\":{\"@id\":\"https:\/\/www.mediaplateforme.com\/fr\/#\/schema\/person\/89833db382b5db2c76b094bc902aa12a\"},\"description\":\"La Caisse Interprofessionnelle Marocaine de Retraite (CIMR) annonce \u00e0 ses allocataires qu\u2019elle proc\u00e8dera \u00e0 l\u2019occasion de Aid Al Adha\",\"breadcrumb\":{\"@id\":\"https:\/\/www.mediaplateforme.com\/fr\/la-cimr-anticipe-le-versement-des-pensions-du-mois-de-juin-a-loccasion-de-aid-al-adha\/#breadcrumb\"},\"inLanguage\":\"fr-FR\",\"potentialAction\":[{\"@type\":\"ReadAction\",\"target\":[\"https:\/\/www.mediaplateforme.com\/fr\/la-cimr-anticipe-le-versement-des-pensions-du-mois-de-juin-a-loccasion-de-aid-al-adha\/\"]}]},{\"@type\":\"BreadcrumbList\",\"@id\":\"https:\/\/www.mediaplateforme.com\/fr\/la-cimr-anticipe-le-versement-des-pensions-du-mois-de-juin-a-loccasion-de-aid-al-adha\/#breadcrumb\",\"itemListElement\":[{\"@type\":\"ListItem\",\"position\":1,\"name\":\"\u0627\u0644\u0631\u0626\u064a\u0633\u064a\u0629\",\"item\":\"https:\/\/www.mediaplateforme.com\/fr\/\"},{\"@type\":\"ListItem\",\"position\":2,\"name\":\"La CIMR anticipe le versement des pensions du mois de juin \u00e0 l\u2019occasion de Aid Al Adha\"}]},{\"@type\":\"WebSite\",\"@id\":\"https:\/\/www.mediaplateforme.com\/fr\/#website\",\"url\":\"https:\/\/www.mediaplateforme.com\/fr\/\",\"name\":\"MEDIA PLATEFORME | FR\",\"description\":\"Mediaplateforme sp\u00e9cialis\u00e9 dans la communication institutions publiques et des entreprises\",\"potentialAction\":[{\"@type\":\"SearchAction\",\"target\":{\"@type\":\"EntryPoint\",\"urlTemplate\":\"https:\/\/www.mediaplateforme.com\/fr\/?s={search_term_string}\"},\"query-input\":\"required name=search_term_string\"}],\"inLanguage\":\"fr-FR\"},{\"@type\":\"Person\",\"@id\":\"https:\/\/www.mediaplateforme.com\/fr\/#\/schema\/person\/89833db382b5db2c76b094bc902aa12a\",\"name\":\"Mediaplateforme\",\"image\":{\"@type\":\"ImageObject\",\"inLanguage\":\"fr-FR\",\"@id\":\"https:\/\/www.mediaplateforme.com\/fr\/#\/schema\/person\/image\/\",\"url\":\"https:\/\/secure.gravatar.com\/avatar\/6c9c02e8928cc65d54bf75157f7b3a2d06d7ad0494ca0951f679552ff03b34c1?s=96&d=mm&r=g\",\"contentUrl\":\"https:\/\/secure.gravatar.com\/avatar\/6c9c02e8928cc65d54bf75157f7b3a2d06d7ad0494ca0951f679552ff03b34c1?s=96&d=mm&r=g\",\"caption\":\"Mediaplateforme\"},\"sameAs\":[\"https:\/\/www.mediaplateforme.com\"],\"url\":\"https:\/\/www.mediaplateforme.com\/fr\/author\/mohamedladib\/\"}]}<\/script>\n<!-- \/ Yoast SEO plugin. -->","yoast_head_json":{"title":"La CIMR anticipe le versement des pensions du mois de juin \u00e0 l\u2019occasion de Aid Al Adha - MEDIA PLATEFORME | FR","description":"La Caisse Interprofessionnelle Marocaine de Retraite (CIMR) annonce \u00e0 ses allocataires qu\u2019elle proc\u00e8dera \u00e0 l\u2019occasion de Aid Al Adha","robots":{"index":"index","follow":"follow","max-snippet":"max-snippet:-1","max-image-preview":"max-image-preview:large","max-video-preview":"max-video-preview:-1"},"canonical":"https:\/\/www.mediaplateforme.com\/fr\/la-cimr-anticipe-le-versement-des-pensions-du-mois-de-juin-a-loccasion-de-aid-al-adha\/","og_locale":"fr_FR","og_type":"article","og_title":"La CIMR anticipe le versement des pensions du mois de juin \u00e0 l\u2019occasion de Aid Al Adha - MEDIA PLATEFORME | FR","og_description":"La Caisse Interprofessionnelle Marocaine de Retraite (CIMR) annonce \u00e0 ses allocataires qu\u2019elle proc\u00e8dera \u00e0 l\u2019occasion de Aid Al Adha","og_url":"https:\/\/www.mediaplateforme.com\/fr\/la-cimr-anticipe-le-versement-des-pensions-du-mois-de-juin-a-loccasion-de-aid-al-adha\/","og_site_name":"MEDIA PLATEFORME | FR","article_published_time":"2023-06-13T16:04:58+00:00","og_image":[{"width":2560,"height":2036,"url":"https:\/\/www.mediaplateforme.com\/fr\/wp-content\/uploads\/sites\/5\/2023\/05\/Khalid-CHEDDADI-PDG-CIMR-scaled.jpg","type":"image\/jpeg"}],"author":"Mediaplateforme","twitter_card":"summary_large_image","twitter_misc":{"\u00c9crit par":"Mediaplateforme","Dur\u00e9e de lecture estim\u00e9e":"2 minutes"},"schema":{"@context":"https:\/\/schema.org","@graph":[{"@type":"WebPage","@id":"https:\/\/www.mediaplateforme.com\/fr\/la-cimr-anticipe-le-versement-des-pensions-du-mois-de-juin-a-loccasion-de-aid-al-adha\/","url":"https:\/\/www.mediaplateforme.com\/fr\/la-cimr-anticipe-le-versement-des-pensions-du-mois-de-juin-a-loccasion-de-aid-al-adha\/","name":"La CIMR anticipe le versement des pensions du mois de juin \u00e0 l\u2019occasion de Aid Al Adha - MEDIA PLATEFORME | FR","isPartOf":{"@id":"https:\/\/www.mediaplateforme.com\/fr\/#website"},"datePublished":"2023-06-13T16:04:58+00:00","dateModified":"2023-06-13T16:04:58+00:00","author":{"@id":"https:\/\/www.mediaplateforme.com\/fr\/#\/schema\/person\/89833db382b5db2c76b094bc902aa12a"},"description":"La Caisse Interprofessionnelle Marocaine de Retraite (CIMR) annonce \u00e0 ses allocataires qu\u2019elle proc\u00e8dera \u00e0 l\u2019occasion de Aid Al Adha","breadcrumb":{"@id":"https:\/\/www.mediaplateforme.com\/fr\/la-cimr-anticipe-le-versement-des-pensions-du-mois-de-juin-a-loccasion-de-aid-al-adha\/#breadcrumb"},"inLanguage":"fr-FR","potentialAction":[{"@type":"ReadAction","target":["https:\/\/www.mediaplateforme.com\/fr\/la-cimr-anticipe-le-versement-des-pensions-du-mois-de-juin-a-loccasion-de-aid-al-adha\/"]}]},{"@type":"BreadcrumbList","@id":"https:\/\/www.mediaplateforme.com\/fr\/la-cimr-anticipe-le-versement-des-pensions-du-mois-de-juin-a-loccasion-de-aid-al-adha\/#breadcrumb","itemListElement":[{"@type":"ListItem","position":1,"name":"\u0627\u0644\u0631\u0626\u064a\u0633\u064a\u0629","item":"https:\/\/www.mediaplateforme.com\/fr\/"},{"@type":"ListItem","position":2,"name":"La CIMR anticipe le versement des pensions du mois de juin \u00e0 l\u2019occasion de Aid Al Adha"}]},{"@type":"WebSite","@id":"https:\/\/www.mediaplateforme.com\/fr\/#website","url":"https:\/\/www.mediaplateforme.com\/fr\/","name":"MEDIA PLATEFORME | FR","description":"Mediaplateforme sp\u00e9cialis\u00e9 dans la communication institutions publiques et des entreprises","potentialAction":[{"@type":"SearchAction","target":{"@type":"EntryPoint","urlTemplate":"https:\/\/www.mediaplateforme.com\/fr\/?s={search_term_string}"},"query-input":"required name=search_term_string"}],"inLanguage":"fr-FR"},{"@type":"Person","@id":"https:\/\/www.mediaplateforme.com\/fr\/#\/schema\/person\/89833db382b5db2c76b094bc902aa12a","name":"Mediaplateforme","image":{"@type":"ImageObject","inLanguage":"fr-FR","@id":"https:\/\/www.mediaplateforme.com\/fr\/#\/schema\/person\/image\/","url":"https:\/\/secure.gravatar.com\/avatar\/6c9c02e8928cc65d54bf75157f7b3a2d06d7ad0494ca0951f679552ff03b34c1?s=96&d=mm&r=g","contentUrl":"https:\/\/secure.gravatar.com\/avatar\/6c9c02e8928cc65d54bf75157f7b3a2d06d7ad0494ca0951f679552ff03b34c1?s=96&d=mm&r=g","caption":"Mediaplateforme"},"sameAs":["https:\/\/www.mediaplateforme.com"],"url":"https:\/\/www.mediaplateforme.com\/fr\/author\/mohamedladib\/"}]}},"_links":{"self":[{"href":"https:\/\/www.mediaplateforme.com\/fr\/wp-json\/wp\/v2\/posts\/3319","targetHints":{"allow":["GET"]}}],"collection":[{"href":"https:\/\/www.mediaplateforme.com\/fr\/wp-json\/wp\/v2\/posts"}],"about":[{"href":"https:\/\/www.mediaplateforme.com\/fr\/wp-json\/wp\/v2\/types\/post"}],"author":[{"embeddable":true,"href":"https:\/\/www.mediaplateforme.com\/fr\/wp-json\/wp\/v2\/users\/1"}],"replies":[{"embeddable":true,"href":"https:\/\/www.mediaplateforme.com\/fr\/wp-json\/wp\/v2\/comments?post=3319"}],"version-history":[{"count":1,"href":"https:\/\/www.mediaplateforme.com\/fr\/wp-json\/wp\/v2\/posts\/3319\/revisions"}],"predecessor-version":[{"id":3320,"href":"https:\/\/www.mediaplateforme.com\/fr\/wp-json\/wp\/v2\/posts\/3319\/revisions\/3320"}],"wp:featuredmedia":[{"embeddable":true,"href":"https:\/\/www.mediaplateforme.com\/fr\/wp-json\/wp\/v2\/media\/2995"}],"wp:attachment":[{"href":"https:\/\/www.mediaplateforme.com\/fr\/wp-json\/wp\/v2\/media?parent=3319"}],"wp:term":[{"taxonomy":"category","embeddable":true,"href":"https:\/\/www.mediaplateforme.com\/fr\/wp-json\/wp\/v2\/categories?post=3319"},{"taxonomy":"post_tag","embeddable":true,"href":"https:\/\/www.mediaplateforme.com\/fr\/wp-json\/wp\/v2\/tags?post=3319"}],"curies":[{"name":"wp","href":"https:\/\/api.w.org\/{rel}","templated":true}]}}