{"id":3293,"date":"2023-06-12T11:15:56","date_gmt":"2023-06-12T10:15:56","guid":{"rendered":"https:\/\/www.mediaplateforme.com\/fr\/?p=3293"},"modified":"2023-06-12T16:21:36","modified_gmt":"2023-06-12T15:21:36","slug":"huawei-met-en-avant-son-engagement-envers-une-transformation-numerique-inclusive-et-durable-a-lafrica-ceo-forum-2023","status":"publish","type":"post","link":"https:\/\/www.mediaplateforme.com\/fr\/huawei-met-en-avant-son-engagement-envers-une-transformation-numerique-inclusive-et-durable-a-lafrica-ceo-forum-2023\/","title":{"rendered":"Huawei met en avant son engagement envers une transformation num\u00e9rique inclusive et durable \u00e0 l\u2019Africa CEO Forum 2023"},"content":{"rendered":"<p style=\"font-weight: 400;\"><strong>La capitale ivoirienne a accueilli les 5 et 6 juin 2023 la nouvelle \u00e9dition de l\u2019Africa CEO Forum, au Sofitel Abidjan H\u00f4tel Ivoire. Rendez-vous incontournable, l\u2019Africa CEO Forum rassemble et f\u00e9d\u00e8re depuis 2012 les principaux acteurs qui \u0153uvrent \u00e0 fa\u00e7onner une Afrique comp\u00e9titive, r\u00e9siliente et souveraine. La participation de Huawei refl\u00e8te l\u2019engagement de l\u2019entreprise d\u2019encourager le dialogue public-priv\u00e9 en Afrique et contribuer activement au d\u00e9veloppement socio-\u00e9conomique du continent.<\/strong><\/p>\n<p style=\"font-weight: 400;\">\n<p style=\"font-weight: 400;\">Ce sommet international d&rsquo;envergure a r\u00e9uni cette ann\u00e9e 2000 participants, parmi lesquels des chefs d&rsquo;entreprises, des investisseurs, des repr\u00e9sentants d&rsquo;institutions financi\u00e8res et des d\u00e9cideurs politiques. Ces derniers reconnaissant tout particuli\u00e8rement l&rsquo;importance du dialogue public-priv\u00e9 dans l\u2019\u00e9mergence africaine. En effet, r\u00e9unis autour de la th\u00e9matique \u00ab\u00a0<em>De 300 \u00e0 3000 : comment acc\u00e9l\u00e9rer l\u2019\u00e9mergence de la prochaine g\u00e9n\u00e9ration de champions africains<\/em>\u00a0\u00bb, les participants ont ainsi pu prendre part \u00e0 des conf\u00e9rences, des d\u00e9bats, des ateliers et des rencontres de tr\u00e8s haut niveau d\u00e9di\u00e9s \u00e0 mettre en lumi\u00e8re le r\u00f4le essentiel du secteur priv\u00e9 pour stimuler l\u2019activit\u00e9 \u00e9conomique des secteurs strat\u00e9giques pour le continent et ses populations.<\/p>\n<p style=\"font-weight: 400;\">\n<p style=\"font-weight: 400;\">Op\u00e9rant en Afrique depuis plus de 20 ans et en tant qu\u2019acteur phare dans le secteur des infrastructures de t\u00e9l\u00e9communication, Huawei est r\u00e9solument engag\u00e9e \u00e0 accompagner ses clients et partenaires dans leur transformation num\u00e9rique, celle-ci \u00e9tant une l\u2019un des principaux piliers de croissance pour l\u2019ensemble du continent. Preuve de l\u2019engagement de l\u2019entreprise en faveur d\u2019un num\u00e9rique durable et inclusif, une d\u00e9l\u00e9gation de repr\u00e9sentants haut niveau de Huawei a pris part \u00e0 cette 9e \u00e9dition de l\u2019Africa CEO Forum\u00a0:\u00a0<strong>Tonny BAO<\/strong>, Vice-pr\u00e9sident, Huawei ;\u00a0<strong>Philippe WANG<\/strong>, Vice-pr\u00e9sident ex\u00e9cutif, <a href=\"https:\/\/www.mediaplateforme.com\/fr\/huawei-et-ses-partenaires-se-reunissent-lors-de-lip-gala-inaugural-afin-de-faconner-lavenir-de-linternet-en-afrique\/\">Huawei<\/a> Northern Africa et\u00a0<strong>Vincent<\/strong>\u00a0<strong>SUN<\/strong>, Pr\u00e9sident d\u2019Orange Key Account, Huawei. Ils ont ainsi pu partager au cours de ces deux journ\u00e9es leurs points de vue et expertises sur les opportunit\u00e9s que rev\u00eat l\u2019\u00e9mergence d\u2019un num\u00e9rique africain et les d\u00e9fis inh\u00e9rents \u00e0 celui-ci.<\/p>\n<p style=\"font-weight: 400;\">\n<p style=\"font-weight: 400;\">Dans le cadre de cet \u00e9v\u00e8nement, Huawei a organis\u00e9 un panel le lundi 5 juin, sur le th\u00e8me\u00a0: \u00ab\u00a0<em>Lib\u00e9rer le num\u00e9rique pour une Afrique durable et inclusive<\/em>\u00a0\u00bb.\u00a0<strong>Tonny BAO<\/strong>, Vice-pr\u00e9sident, Huawei, a prononc\u00e9 un discours inaugural. Il a tenu \u00e0 rappeler l\u2019importance de la vision propos\u00e9e par l\u2019Agenda 2063 de l\u2019Union africaine pour transformer l\u2019\u00e9conomie du continent\u00a0: \u00ab\u00a0<em>L\u2019Agenda 2063 de l\u2019Union africaine, souligne que la construction d\u2019une Afrique enti\u00e8rement num\u00e9rique et inclusive est devenue un objectif de d\u00e9veloppement commun aux pays africains. La transformation digitale de l\u2019Afrique permettra au continent de montrer la voie vers une croissance rapide et durable qui sera b\u00e9n\u00e9fique pour le tissu \u00e9conomique et social des pays\u00a0\u00bb.<\/em><\/p>\n<p style=\"font-weight: 400;\"><em>\u00a0<\/em><\/p>\n<p style=\"font-weight: 400;\">Les d\u00e9bats se sont poursuivis en pr\u00e9sence de\u00a0<strong>Son Excellence Monsieur Amadou COULIBALY<\/strong>, Ministre de la Communication et de l\u2019\u00c9conomie Num\u00e9rique et Porte-Parole du Gouvernement de la R\u00e9publique de C\u00f4te d\u2019Ivoire. \u00ab\u00a0<em>Le charbon est l\u2019\u00e9nergie qui a acc\u00e9l\u00e9r\u00e9 la r\u00e9volution industrielle en Europe au si\u00e8cle dernier, le num\u00e9rique est aujourd\u2019hui l\u2019\u00e9nergie qui propulse l\u2019Afrique vers sa r\u00e9volution industrielle<\/em>\u00a0\u00bb, a-t-il expliqu\u00e9.<\/p>\n<p><img loading=\"lazy\" decoding=\"async\" class=\"size-medium wp-image-3294 aligncenter\" src=\"https:\/\/www.mediaplateforme.com\/fr\/wp-content\/uploads\/sites\/5\/2023\/06\/image-9-300x200.png\" alt=\"\" width=\"300\" height=\"200\" srcset=\"https:\/\/www.mediaplateforme.com\/fr\/wp-content\/uploads\/sites\/5\/2023\/06\/image-9-300x200.png 300w, https:\/\/www.mediaplateforme.com\/fr\/wp-content\/uploads\/sites\/5\/2023\/06\/image-9.png 486w\" sizes=\"auto, (max-width: 300px) 100vw, 300px\" \/><\/p>\n<h6 style=\"font-weight: 400; text-align: center;\"><em>Tonny BAO, Vice-pr\u00e9sident, Huawei, lors de son discours d\u2019ouverture du panel organis\u00e9 par Huawei \u00e0 l\u2019occasion de l\u2019Africa CEO Forum<\/em><\/h6>\n<p style=\"font-weight: 400;\">\u00c9taient \u00e9galement pr\u00e9sents,\u00a0<strong>Lacina KON\u00c9<\/strong>, CEO, Smart Africa, qui a insist\u00e9 sur la n\u00e9cessit\u00e9 d\u2019encourager les \u00ab\u00a0<em>financement locaux, mais aussi la confiance des autorit\u00e9s locales<\/em>\u00a0\u00bb dans le r\u00f4le que peuvent jouer les startups dans l\u2019acc\u00e9l\u00e9ration de l\u2019\u00e9conomie des pays,\u00a0<strong>Val\u00e9rie LEVKOV<\/strong>\u00a0Senior Vice-President Africa, Middle East &amp; East Mediterranean, EDF, a rappel\u00e9 que le \u00ab\u00a0<em>digital (\u2026) peut contribuer \u00e0 hauteur de 20% de la r\u00e9duction de carbone dans le monde gr\u00e2ce \u00e0 l\u2019optimisation num\u00e9rique et l\u2019efficacit\u00e9 des op\u00e9rations<\/em>\u00a0\u00bb,\u00a0<strong>Adnane BEN HALIMA<\/strong>, Vice-pr\u00e9sident en charge des relations publiques, Huawei Northern Africa,\u00a0<strong>Brelotte BA<\/strong>, Deputy CEO and Chief Operating Officer d\u2019Orange Middle East and Africa et\u00a0<strong>Jeremy AWORI<\/strong>, CEO Groupe, Ecobank.<\/p>\n<p><img loading=\"lazy\" decoding=\"async\" class=\"size-medium wp-image-3295 aligncenter\" src=\"https:\/\/www.mediaplateforme.com\/fr\/wp-content\/uploads\/sites\/5\/2023\/06\/image-10-300x200.png\" alt=\"\" width=\"300\" height=\"200\" srcset=\"https:\/\/www.mediaplateforme.com\/fr\/wp-content\/uploads\/sites\/5\/2023\/06\/image-10-300x200.png 300w, https:\/\/www.mediaplateforme.com\/fr\/wp-content\/uploads\/sites\/5\/2023\/06\/image-10.png 488w\" sizes=\"auto, (max-width: 300px) 100vw, 300px\" \/><\/p>\n<h6 style=\"text-align: center;\"><em>Tonny BAO; Jeremy AWORI; Val\u00e9rie LEVKOV; Son Excellence Monsieur Amadou COULIBALY; Brelotte BA; Adnane BEN HALIMA et Lacina KON\u00c9, r\u00e9unis \u00e0 l\u2019occasion du panel sur le th\u00e8me\u00a0: \u00ab\u00a0Lib\u00e9rer le num\u00e9rique pour une Afrique durable et inclusive\u00a0\u00bb.<\/em><\/h6>\n<p>&nbsp;<\/p>\n<p>La pr\u00e9sence de ces personnalit\u00e9s de renom lors de ce panel souligne la mobilisation d&rsquo;un \u00e9cosyst\u00e8me solide pour mener \u00e0 bien cette r\u00e9volution num\u00e9rique et notamment face aux imp\u00e9ratifs impos\u00e9s par le changement climatique. Le message est donc clair\u00a0: il est essentiel de saisir les opportunit\u00e9s offertes par les nouvelles technologies, tout en les adaptant aux d\u00e9fis actuels, en particulier aux objectifs de neutralit\u00e9 carbone et de r\u00e9duction de l\u2019empreinte \u00e9cologique.<\/p>\n","protected":false},"excerpt":{"rendered":"<p>La capitale ivoirienne a accueilli les 5 et 6 juin 2023 la nouvelle \u00e9dition de<\/p>\n","protected":false},"author":1,"featured_media":3295,"comment_status":"open","ping_status":"open","sticky":false,"template":"","format":"standard","meta":{"_acf_changed":false,"footnotes":""},"categories":[5,3],"tags":[21,1017],"class_list":["post-3293","post","type-post","status-publish","format-standard","has-post-thumbnail","hentry","category-tech","category-nouvelles-selectionnees","tag-huawei","tag-lafrica-ceo"],"acf":[],"yoast_head":"<!-- This site is optimized with the Yoast SEO plugin v22.0 - https:\/\/yoast.com\/wordpress\/plugins\/seo\/ -->\n<title>Huawei met en avant son engagement envers une transformation num\u00e9rique inclusive et durable \u00e0 l\u2019Africa CEO Forum 2023 - MEDIA PLATEFORME | FR<\/title>\n<meta name=\"description\" content=\"La capitale ivoirienne a accueilli la nouvelle \u00e9dition de l\u2019Africa CEO Forum, au Sofitel Abidjan incontournable, l\u2019Africa CEO Forum\" \/>\n<meta name=\"robots\" content=\"index, follow, max-snippet:-1, max-image-preview:large, max-video-preview:-1\" \/>\n<link rel=\"canonical\" href=\"https:\/\/www.mediaplateforme.com\/fr\/huawei-met-en-avant-son-engagement-envers-une-transformation-numerique-inclusive-et-durable-a-lafrica-ceo-forum-2023\/\" \/>\n<meta property=\"og:locale\" content=\"fr_FR\" \/>\n<meta property=\"og:type\" content=\"article\" \/>\n<meta property=\"og:title\" content=\"Huawei met en avant son engagement envers une transformation num\u00e9rique inclusive et durable \u00e0 l\u2019Africa CEO Forum 2023 - MEDIA PLATEFORME | FR\" \/>\n<meta property=\"og:description\" content=\"La capitale ivoirienne a accueilli la nouvelle \u00e9dition de l\u2019Africa CEO Forum, au Sofitel Abidjan incontournable, l\u2019Africa CEO Forum\" \/>\n<meta property=\"og:url\" content=\"https:\/\/www.mediaplateforme.com\/fr\/huawei-met-en-avant-son-engagement-envers-une-transformation-numerique-inclusive-et-durable-a-lafrica-ceo-forum-2023\/\" \/>\n<meta property=\"og:site_name\" content=\"MEDIA PLATEFORME | FR\" \/>\n<meta property=\"article:published_time\" content=\"2023-06-12T10:15:56+00:00\" \/>\n<meta property=\"article:modified_time\" content=\"2023-06-12T15:21:36+00:00\" \/>\n<meta property=\"og:image\" content=\"https:\/\/www.mediaplateforme.com\/fr\/wp-content\/uploads\/sites\/5\/2023\/06\/image-10.png\" \/>\n\t<meta property=\"og:image:width\" content=\"488\" \/>\n\t<meta property=\"og:image:height\" content=\"326\" \/>\n\t<meta property=\"og:image:type\" content=\"image\/png\" \/>\n<meta name=\"author\" content=\"Mediaplateforme\" \/>\n<meta name=\"twitter:card\" content=\"summary_large_image\" \/>\n<meta name=\"twitter:label1\" content=\"\u00c9crit par\" \/>\n\t<meta name=\"twitter:data1\" content=\"Mediaplateforme\" \/>\n\t<meta name=\"twitter:label2\" content=\"Dur\u00e9e de lecture estim\u00e9e\" \/>\n\t<meta name=\"twitter:data2\" content=\"5 minutes\" \/>\n<script type=\"application\/ld+json\" class=\"yoast-schema-graph\">{\"@context\":\"https:\/\/schema.org\",\"@graph\":[{\"@type\":\"WebPage\",\"@id\":\"https:\/\/www.mediaplateforme.com\/fr\/huawei-met-en-avant-son-engagement-envers-une-transformation-numerique-inclusive-et-durable-a-lafrica-ceo-forum-2023\/\",\"url\":\"https:\/\/www.mediaplateforme.com\/fr\/huawei-met-en-avant-son-engagement-envers-une-transformation-numerique-inclusive-et-durable-a-lafrica-ceo-forum-2023\/\",\"name\":\"Huawei met en avant son engagement envers une transformation num\u00e9rique inclusive et durable \u00e0 l\u2019Africa CEO Forum 2023 - MEDIA PLATEFORME | FR\",\"isPartOf\":{\"@id\":\"https:\/\/www.mediaplateforme.com\/fr\/#website\"},\"datePublished\":\"2023-06-12T10:15:56+00:00\",\"dateModified\":\"2023-06-12T15:21:36+00:00\",\"author\":{\"@id\":\"https:\/\/www.mediaplateforme.com\/fr\/#\/schema\/person\/89833db382b5db2c76b094bc902aa12a\"},\"description\":\"La capitale ivoirienne a accueilli la nouvelle \u00e9dition de l\u2019Africa CEO Forum, au Sofitel Abidjan incontournable, l\u2019Africa CEO Forum\",\"breadcrumb\":{\"@id\":\"https:\/\/www.mediaplateforme.com\/fr\/huawei-met-en-avant-son-engagement-envers-une-transformation-numerique-inclusive-et-durable-a-lafrica-ceo-forum-2023\/#breadcrumb\"},\"inLanguage\":\"fr-FR\",\"potentialAction\":[{\"@type\":\"ReadAction\",\"target\":[\"https:\/\/www.mediaplateforme.com\/fr\/huawei-met-en-avant-son-engagement-envers-une-transformation-numerique-inclusive-et-durable-a-lafrica-ceo-forum-2023\/\"]}]},{\"@type\":\"BreadcrumbList\",\"@id\":\"https:\/\/www.mediaplateforme.com\/fr\/huawei-met-en-avant-son-engagement-envers-une-transformation-numerique-inclusive-et-durable-a-lafrica-ceo-forum-2023\/#breadcrumb\",\"itemListElement\":[{\"@type\":\"ListItem\",\"position\":1,\"name\":\"\u0627\u0644\u0631\u0626\u064a\u0633\u064a\u0629\",\"item\":\"https:\/\/www.mediaplateforme.com\/fr\/\"},{\"@type\":\"ListItem\",\"position\":2,\"name\":\"Huawei met en avant son engagement envers une transformation num\u00e9rique inclusive et durable \u00e0 l\u2019Africa CEO Forum 2023\"}]},{\"@type\":\"WebSite\",\"@id\":\"https:\/\/www.mediaplateforme.com\/fr\/#website\",\"url\":\"https:\/\/www.mediaplateforme.com\/fr\/\",\"name\":\"MEDIA PLATEFORME | FR\",\"description\":\"Mediaplateforme sp\u00e9cialis\u00e9 dans la communication institutions publiques et des entreprises\",\"potentialAction\":[{\"@type\":\"SearchAction\",\"target\":{\"@type\":\"EntryPoint\",\"urlTemplate\":\"https:\/\/www.mediaplateforme.com\/fr\/?s={search_term_string}\"},\"query-input\":\"required name=search_term_string\"}],\"inLanguage\":\"fr-FR\"},{\"@type\":\"Person\",\"@id\":\"https:\/\/www.mediaplateforme.com\/fr\/#\/schema\/person\/89833db382b5db2c76b094bc902aa12a\",\"name\":\"Mediaplateforme\",\"image\":{\"@type\":\"ImageObject\",\"inLanguage\":\"fr-FR\",\"@id\":\"https:\/\/www.mediaplateforme.com\/fr\/#\/schema\/person\/image\/\",\"url\":\"https:\/\/secure.gravatar.com\/avatar\/6c9c02e8928cc65d54bf75157f7b3a2d06d7ad0494ca0951f679552ff03b34c1?s=96&d=mm&r=g\",\"contentUrl\":\"https:\/\/secure.gravatar.com\/avatar\/6c9c02e8928cc65d54bf75157f7b3a2d06d7ad0494ca0951f679552ff03b34c1?s=96&d=mm&r=g\",\"caption\":\"Mediaplateforme\"},\"sameAs\":[\"https:\/\/www.mediaplateforme.com\"],\"url\":\"https:\/\/www.mediaplateforme.com\/fr\/author\/mohamedladib\/\"}]}<\/script>\n<!-- \/ Yoast SEO plugin. -->","yoast_head_json":{"title":"Huawei met en avant son engagement envers une transformation num\u00e9rique inclusive et durable \u00e0 l\u2019Africa CEO Forum 2023 - MEDIA PLATEFORME | FR","description":"La capitale ivoirienne a accueilli la nouvelle \u00e9dition de l\u2019Africa CEO Forum, au Sofitel Abidjan incontournable, l\u2019Africa CEO Forum","robots":{"index":"index","follow":"follow","max-snippet":"max-snippet:-1","max-image-preview":"max-image-preview:large","max-video-preview":"max-video-preview:-1"},"canonical":"https:\/\/www.mediaplateforme.com\/fr\/huawei-met-en-avant-son-engagement-envers-une-transformation-numerique-inclusive-et-durable-a-lafrica-ceo-forum-2023\/","og_locale":"fr_FR","og_type":"article","og_title":"Huawei met en avant son engagement envers une transformation num\u00e9rique inclusive et durable \u00e0 l\u2019Africa CEO Forum 2023 - MEDIA PLATEFORME | FR","og_description":"La capitale ivoirienne a accueilli la nouvelle \u00e9dition de l\u2019Africa CEO Forum, au Sofitel Abidjan incontournable, l\u2019Africa CEO Forum","og_url":"https:\/\/www.mediaplateforme.com\/fr\/huawei-met-en-avant-son-engagement-envers-une-transformation-numerique-inclusive-et-durable-a-lafrica-ceo-forum-2023\/","og_site_name":"MEDIA PLATEFORME | FR","article_published_time":"2023-06-12T10:15:56+00:00","article_modified_time":"2023-06-12T15:21:36+00:00","og_image":[{"width":488,"height":326,"url":"https:\/\/www.mediaplateforme.com\/fr\/wp-content\/uploads\/sites\/5\/2023\/06\/image-10.png","type":"image\/png"}],"author":"Mediaplateforme","twitter_card":"summary_large_image","twitter_misc":{"\u00c9crit par":"Mediaplateforme","Dur\u00e9e de lecture estim\u00e9e":"5 minutes"},"schema":{"@context":"https:\/\/schema.org","@graph":[{"@type":"WebPage","@id":"https:\/\/www.mediaplateforme.com\/fr\/huawei-met-en-avant-son-engagement-envers-une-transformation-numerique-inclusive-et-durable-a-lafrica-ceo-forum-2023\/","url":"https:\/\/www.mediaplateforme.com\/fr\/huawei-met-en-avant-son-engagement-envers-une-transformation-numerique-inclusive-et-durable-a-lafrica-ceo-forum-2023\/","name":"Huawei met en avant son engagement envers une transformation num\u00e9rique inclusive et durable \u00e0 l\u2019Africa CEO Forum 2023 - MEDIA PLATEFORME | FR","isPartOf":{"@id":"https:\/\/www.mediaplateforme.com\/fr\/#website"},"datePublished":"2023-06-12T10:15:56+00:00","dateModified":"2023-06-12T15:21:36+00:00","author":{"@id":"https:\/\/www.mediaplateforme.com\/fr\/#\/schema\/person\/89833db382b5db2c76b094bc902aa12a"},"description":"La capitale ivoirienne a accueilli la nouvelle \u00e9dition de l\u2019Africa CEO Forum, au Sofitel Abidjan incontournable, l\u2019Africa CEO Forum","breadcrumb":{"@id":"https:\/\/www.mediaplateforme.com\/fr\/huawei-met-en-avant-son-engagement-envers-une-transformation-numerique-inclusive-et-durable-a-lafrica-ceo-forum-2023\/#breadcrumb"},"inLanguage":"fr-FR","potentialAction":[{"@type":"ReadAction","target":["https:\/\/www.mediaplateforme.com\/fr\/huawei-met-en-avant-son-engagement-envers-une-transformation-numerique-inclusive-et-durable-a-lafrica-ceo-forum-2023\/"]}]},{"@type":"BreadcrumbList","@id":"https:\/\/www.mediaplateforme.com\/fr\/huawei-met-en-avant-son-engagement-envers-une-transformation-numerique-inclusive-et-durable-a-lafrica-ceo-forum-2023\/#breadcrumb","itemListElement":[{"@type":"ListItem","position":1,"name":"\u0627\u0644\u0631\u0626\u064a\u0633\u064a\u0629","item":"https:\/\/www.mediaplateforme.com\/fr\/"},{"@type":"ListItem","position":2,"name":"Huawei met en avant son engagement envers une transformation num\u00e9rique inclusive et durable \u00e0 l\u2019Africa CEO Forum 2023"}]},{"@type":"WebSite","@id":"https:\/\/www.mediaplateforme.com\/fr\/#website","url":"https:\/\/www.mediaplateforme.com\/fr\/","name":"MEDIA PLATEFORME | FR","description":"Mediaplateforme sp\u00e9cialis\u00e9 dans la communication institutions publiques et des entreprises","potentialAction":[{"@type":"SearchAction","target":{"@type":"EntryPoint","urlTemplate":"https:\/\/www.mediaplateforme.com\/fr\/?s={search_term_string}"},"query-input":"required name=search_term_string"}],"inLanguage":"fr-FR"},{"@type":"Person","@id":"https:\/\/www.mediaplateforme.com\/fr\/#\/schema\/person\/89833db382b5db2c76b094bc902aa12a","name":"Mediaplateforme","image":{"@type":"ImageObject","inLanguage":"fr-FR","@id":"https:\/\/www.mediaplateforme.com\/fr\/#\/schema\/person\/image\/","url":"https:\/\/secure.gravatar.com\/avatar\/6c9c02e8928cc65d54bf75157f7b3a2d06d7ad0494ca0951f679552ff03b34c1?s=96&d=mm&r=g","contentUrl":"https:\/\/secure.gravatar.com\/avatar\/6c9c02e8928cc65d54bf75157f7b3a2d06d7ad0494ca0951f679552ff03b34c1?s=96&d=mm&r=g","caption":"Mediaplateforme"},"sameAs":["https:\/\/www.mediaplateforme.com"],"url":"https:\/\/www.mediaplateforme.com\/fr\/author\/mohamedladib\/"}]}},"_links":{"self":[{"href":"https:\/\/www.mediaplateforme.com\/fr\/wp-json\/wp\/v2\/posts\/3293","targetHints":{"allow":["GET"]}}],"collection":[{"href":"https:\/\/www.mediaplateforme.com\/fr\/wp-json\/wp\/v2\/posts"}],"about":[{"href":"https:\/\/www.mediaplateforme.com\/fr\/wp-json\/wp\/v2\/types\/post"}],"author":[{"embeddable":true,"href":"https:\/\/www.mediaplateforme.com\/fr\/wp-json\/wp\/v2\/users\/1"}],"replies":[{"embeddable":true,"href":"https:\/\/www.mediaplateforme.com\/fr\/wp-json\/wp\/v2\/comments?post=3293"}],"version-history":[{"count":1,"href":"https:\/\/www.mediaplateforme.com\/fr\/wp-json\/wp\/v2\/posts\/3293\/revisions"}],"predecessor-version":[{"id":3296,"href":"https:\/\/www.mediaplateforme.com\/fr\/wp-json\/wp\/v2\/posts\/3293\/revisions\/3296"}],"wp:featuredmedia":[{"embeddable":true,"href":"https:\/\/www.mediaplateforme.com\/fr\/wp-json\/wp\/v2\/media\/3295"}],"wp:attachment":[{"href":"https:\/\/www.mediaplateforme.com\/fr\/wp-json\/wp\/v2\/media?parent=3293"}],"wp:term":[{"taxonomy":"category","embeddable":true,"href":"https:\/\/www.mediaplateforme.com\/fr\/wp-json\/wp\/v2\/categories?post=3293"},{"taxonomy":"post_tag","embeddable":true,"href":"https:\/\/www.mediaplateforme.com\/fr\/wp-json\/wp\/v2\/tags?post=3293"}],"curies":[{"name":"wp","href":"https:\/\/api.w.org\/{rel}","templated":true}]}}