{"id":3290,"date":"2023-06-12T16:14:58","date_gmt":"2023-06-12T15:14:58","guid":{"rendered":"https:\/\/www.mediaplateforme.com\/fr\/?p=3290"},"modified":"2023-06-12T16:14:58","modified_gmt":"2023-06-12T15:14:58","slug":"ford-devoile-officiellement-la-mustang-gt3-au-mans","status":"publish","type":"post","link":"https:\/\/www.mediaplateforme.com\/fr\/ford-devoile-officiellement-la-mustang-gt3-au-mans\/","title":{"rendered":"FORD D\u00c9VOILE OFFICIELLEMENT LA MUSTANG GT3 AU MANS"},"content":{"rendered":"<p style=\"font-weight: 400;\">L&rsquo;ic\u00f4ne du sport automobile, la Ford Mustang GT3 a particip\u00e9 aux 24h du Mans, la course d&rsquo;endurance la plus embl\u00e9matique au monde.<\/p>\n<p style=\"font-weight: 400;\">La Mustang GT3, bas\u00e9e sur la toute nouvelle Mustang Dark Horse 2024, a \u00e9t\u00e9 d\u00e9voil\u00e9e au monde de la course lors de la c\u00e9l\u00e9bration du centenaire des 24 heures du Mans. Le v\u00e9hicule arbore un nouveau look affirm\u00e9 et color\u00e9 sign\u00e9 Troy Lee, reconnu comme l&rsquo;un des meilleurs designers au monde dans le domaine du sport automobile. La l\u00e9gendaire Mustang GT3 repr\u00e9sente la premi\u00e8re implication de Lee dans les voitures de course Ford.<\/p>\n<p style=\"font-weight: 400;\">Avec cette r\u00e9v\u00e9lation, Ford fait officiellement entrer la Mustang dans la cat\u00e9gorie mondiale FIA GT3. La derni\u00e8re victoire de Ford aux 24 heures du Mans remonte \u00e0 2016 avec la Ford GT.<\/p>\n<p style=\"font-weight: 400;\">\u00ab\u00a0Ford et le Mans sont li\u00e9s par l&rsquo;histoire. Et maintenant, nous revenons \u00e0 la course la plus spectaculaire et la plus importante au monde\u00a0\u00bb, a d\u00e9clar\u00e9 Jim Farley, PDG de Ford Motor Company. \u00ab\u00a0Ce n&rsquo;est plus Ford contre Ferrari. C&rsquo;est Ford contre absolument tous les concurrents. Le retour au Mans marque le d\u00e9but de la cr\u00e9ation d&rsquo;une strat\u00e9gie mondiale de sport automobile avec la Mustang, tout comme nous le faisons avec le Bronco et le Raptor tout-terrain.\u00a0\u00bb<\/p>\n<h4 style=\"font-weight: 400;\"><strong>Nouvelle marque, nouveau logo<\/strong><\/h4>\n<p style=\"font-weight: 400;\">Pour accompagner ce lancement, Ford d\u00e9voile \u00e9galement le nouveau logo de Ford Performance &#8211; un look plus \u00e9pur\u00e9 et simplifi\u00e9 qui sera d\u00e9sormais appos\u00e9 sur tous ses v\u00e9hicules de course.<\/p>\n<p style=\"font-weight: 400;\">Cette nouvelle identit\u00e9 contribuera \u00e0 positionner Ford Performance comme une v\u00e9ritable r\u00e9f\u00e9rence en mati\u00e8re de style et d\u2019\u00e9tat d\u2019esprit sportif. Le nouveau logo Ford Performance est plus facile \u00e0 int\u00e9grer dans divers environnements et espaces, y compris les livr\u00e9es des voitures, les v\u00eatements, les \u00e9l\u00e9ments d&rsquo;affichage, les pi\u00e8ces et les accessoires, ainsi que dans la publicit\u00e9.<\/p>\n<h4 style=\"font-weight: 400;\"><strong>Des relations p\u00e9rennes avec deux partenaires historiques<\/strong><\/h4>\n<p style=\"font-weight: 400;\">Ford Performance a consolid\u00e9 ses relations avec deux partenaires de longue date, Multimatic et M-Sport, dans le cadre de ce projet. Multimatic, constructeur de l&#8217;embl\u00e9matique Ford GT, a \u00e9galement \u00e9t\u00e9 impliqu\u00e9 dans le programme de course de la Ford GT et participera \u00e0 la construction et \u00e0 l&rsquo;assistance des Mustang GT3, tandis que M-Sport, partenaire depuis de nombreuses ann\u00e9es du championnat du monde de rallye et \u00e9quipe deux fois championne, assemblera les moteurs V8 5,4 litres Coyote d\u00e9velopp\u00e9s par Ford Performance qui propulsent cette nouvelle GT3.<\/p>\n<p style=\"font-weight: 400;\">\u00ab\u00a0Pour un projet tel que la Mustang GT3, nous nous sommes tourn\u00e9s vers deux de nos partenaires les plus reconnus dans le monde du sport automobile pour nous aider \u00e0 cr\u00e9er ce v\u00e9hicule et ce programme\u00a0\u00bb, a d\u00e9clar\u00e9 Mark Rushbrook, Directeur Monde de Ford Performance Motorsports. \u00ab\u00a0Je sais que nous serons tous aussi ravis que les fans de Ford lorsque la Mustang commencera \u00e0 courir aux plus hauts niveaux de la course GT en 2024.\u00a0\u00bb<\/p>\n<p style=\"font-weight: 400;\">La Mustang GT3 est dot\u00e9e d&rsquo;une suspension specifique, d&rsquo;une bo\u00eete de vitesses transaxe mont\u00e9e \u00e0 l&rsquo;arri\u00e8re, de panneaux de carrosserie en fibre de carbone, ainsi que d&rsquo;un ensemble a\u00e9rodynamique unique d\u00e9velopp\u00e9 pour atteindre les objectifs de la cat\u00e9gorie GT3.<\/p>\n<h4 style=\"font-weight: 400;\"><strong>Proton Competition devient la premi\u00e8re \u00e9quipe cliente du WEC pour la Mustang GT3<\/strong><\/h4>\n<p style=\"font-weight: 400;\">Avant de se rendre au Mans en 2024, la Mustang GT3 participera \u00e0 diverses s\u00e9ries GT3 \u00e0 travers le monde aux mains des \u00e9quipes clientes.<\/p>\n<p style=\"font-weight: 400;\">La premi\u00e8re \u00e9quipe annonc\u00e9e aujourd&rsquo;hui, est Proton Competition. Bas\u00e9e \u00e0 Ehingen, en Allemagne, Proton a l&rsquo;intention de faire rouler deux Mustang GT3 dans le Championnat du monde d&rsquo;endurance de la FIA, \u00e0 partir de 2024*.<\/p>\n<p style=\"font-weight: 400;\">\u00a0\u00bb Il s&rsquo;agit d&rsquo;un programme tr\u00e8s important et d&rsquo;un moment passionnant pour notre organisation \u00ab\u00a0, a d\u00e9clar\u00e9 Christian Ried, Directeur de l&rsquo;\u00e9quipe Proton Competition. \u00ab\u00a0La Mustang est une grande marque et c&rsquo;est une \u00e9tape importante pour notre \u00e9quipe. Nous sommes impatients de nous associer \u00e0 Ford \u00e0 partir de 2024.\u00a0\u00bb<\/p>\n<p style=\"font-weight: 400;\">Ford Performance mettra \u00e9galement en place un programme de course \u00e0 deux voitures avec la Mustang GT3 dans la classe GTD Pro de l&rsquo;IMSA. Ce programme sera g\u00e9r\u00e9 par Multimatic Motorsports et d\u00e9butera lors de la Rolex 24 at Daytona 2024.<\/p>\n<p style=\"font-weight: 400;\">Pour les pilotes et les \u00e9quipes int\u00e9ress\u00e9s par l&rsquo;acquisition d&rsquo;une Mustang GT3 pour participer \u00e0 la comp\u00e9tition, veuillez consulter le site\u00a0<a href=\"https:\/\/www.ford.com\/performance\/mustang-gt3\" data-saferedirecturl=\"https:\/\/www.google.com\/url?q=https:\/\/www.ford.com\/performance\/mustang-gt3&amp;source=gmail&amp;ust=1686666893427000&amp;usg=AOvVaw0SlQMJsJToQKVn0-sNLxNj\">https:\/\/www.ford.com\/performance\/mustang-gt3<\/a>.<\/p>\n","protected":false},"excerpt":{"rendered":"<p>L&rsquo;ic\u00f4ne du sport automobile, la Ford Mustang GT3 a particip\u00e9 aux 24h du Mans, la<\/p>\n","protected":false},"author":1,"featured_media":3291,"comment_status":"open","ping_status":"open","sticky":false,"template":"","format":"standard","meta":{"_acf_changed":false,"footnotes":""},"categories":[7,3],"tags":[1016],"class_list":["post-3290","post","type-post","status-publish","format-standard","has-post-thumbnail","hentry","category-articles","category-nouvelles-selectionnees","tag-ford-mustang-gt3"],"acf":[],"yoast_head":"<!-- This site is optimized with the Yoast SEO plugin v22.0 - https:\/\/yoast.com\/wordpress\/plugins\/seo\/ -->\n<title>FORD D\u00c9VOILE OFFICIELLEMENT LA MUSTANG GT3 AU MANS - MEDIA PLATEFORME | FR<\/title>\n<meta name=\"description\" content=\"L&#039;ic\u00f4ne du sport automobile, la Ford Mustang GT3 a particip\u00e9 aux 24h du Mans, la course d&#039;endurance la plus embl\u00e9matique au monde.\u00a0\" \/>\n<meta name=\"robots\" content=\"index, follow, max-snippet:-1, max-image-preview:large, max-video-preview:-1\" \/>\n<link rel=\"canonical\" href=\"https:\/\/www.mediaplateforme.com\/fr\/ford-devoile-officiellement-la-mustang-gt3-au-mans\/\" \/>\n<meta property=\"og:locale\" content=\"fr_FR\" \/>\n<meta property=\"og:type\" content=\"article\" \/>\n<meta property=\"og:title\" content=\"FORD D\u00c9VOILE OFFICIELLEMENT LA MUSTANG GT3 AU MANS - MEDIA PLATEFORME | FR\" \/>\n<meta property=\"og:description\" content=\"L&#039;ic\u00f4ne du sport automobile, la Ford Mustang GT3 a particip\u00e9 aux 24h du Mans, la course d&#039;endurance la plus embl\u00e9matique au monde.\u00a0\" \/>\n<meta property=\"og:url\" content=\"https:\/\/www.mediaplateforme.com\/fr\/ford-devoile-officiellement-la-mustang-gt3-au-mans\/\" \/>\n<meta property=\"og:site_name\" content=\"MEDIA PLATEFORME | FR\" \/>\n<meta property=\"article:published_time\" content=\"2023-06-12T15:14:58+00:00\" \/>\n<meta property=\"og:image\" content=\"https:\/\/www.mediaplateforme.com\/fr\/wp-content\/uploads\/sites\/5\/2023\/06\/018_DG_Mustang_LeMans.jpg\" \/>\n\t<meta property=\"og:image:width\" content=\"2500\" \/>\n\t<meta property=\"og:image:height\" content=\"1666\" \/>\n\t<meta property=\"og:image:type\" content=\"image\/jpeg\" \/>\n<meta name=\"author\" content=\"Mediaplateforme\" \/>\n<meta name=\"twitter:card\" content=\"summary_large_image\" \/>\n<meta name=\"twitter:label1\" content=\"\u00c9crit par\" \/>\n\t<meta name=\"twitter:data1\" content=\"Mediaplateforme\" \/>\n\t<meta name=\"twitter:label2\" content=\"Dur\u00e9e de lecture estim\u00e9e\" \/>\n\t<meta name=\"twitter:data2\" content=\"4 minutes\" \/>\n<script type=\"application\/ld+json\" class=\"yoast-schema-graph\">{\"@context\":\"https:\/\/schema.org\",\"@graph\":[{\"@type\":\"WebPage\",\"@id\":\"https:\/\/www.mediaplateforme.com\/fr\/ford-devoile-officiellement-la-mustang-gt3-au-mans\/\",\"url\":\"https:\/\/www.mediaplateforme.com\/fr\/ford-devoile-officiellement-la-mustang-gt3-au-mans\/\",\"name\":\"FORD D\u00c9VOILE OFFICIELLEMENT LA MUSTANG GT3 AU MANS - MEDIA PLATEFORME | FR\",\"isPartOf\":{\"@id\":\"https:\/\/www.mediaplateforme.com\/fr\/#website\"},\"datePublished\":\"2023-06-12T15:14:58+00:00\",\"dateModified\":\"2023-06-12T15:14:58+00:00\",\"author\":{\"@id\":\"https:\/\/www.mediaplateforme.com\/fr\/#\/schema\/person\/89833db382b5db2c76b094bc902aa12a\"},\"description\":\"L'ic\u00f4ne du sport automobile, la Ford Mustang GT3 a particip\u00e9 aux 24h du Mans, la course d'endurance la plus embl\u00e9matique au monde.\u00a0\",\"breadcrumb\":{\"@id\":\"https:\/\/www.mediaplateforme.com\/fr\/ford-devoile-officiellement-la-mustang-gt3-au-mans\/#breadcrumb\"},\"inLanguage\":\"fr-FR\",\"potentialAction\":[{\"@type\":\"ReadAction\",\"target\":[\"https:\/\/www.mediaplateforme.com\/fr\/ford-devoile-officiellement-la-mustang-gt3-au-mans\/\"]}]},{\"@type\":\"BreadcrumbList\",\"@id\":\"https:\/\/www.mediaplateforme.com\/fr\/ford-devoile-officiellement-la-mustang-gt3-au-mans\/#breadcrumb\",\"itemListElement\":[{\"@type\":\"ListItem\",\"position\":1,\"name\":\"\u0627\u0644\u0631\u0626\u064a\u0633\u064a\u0629\",\"item\":\"https:\/\/www.mediaplateforme.com\/fr\/\"},{\"@type\":\"ListItem\",\"position\":2,\"name\":\"FORD D\u00c9VOILE OFFICIELLEMENT LA MUSTANG GT3 AU MANS\"}]},{\"@type\":\"WebSite\",\"@id\":\"https:\/\/www.mediaplateforme.com\/fr\/#website\",\"url\":\"https:\/\/www.mediaplateforme.com\/fr\/\",\"name\":\"MEDIA PLATEFORME | FR\",\"description\":\"Mediaplateforme sp\u00e9cialis\u00e9 dans la communication institutions publiques et des entreprises\",\"potentialAction\":[{\"@type\":\"SearchAction\",\"target\":{\"@type\":\"EntryPoint\",\"urlTemplate\":\"https:\/\/www.mediaplateforme.com\/fr\/?s={search_term_string}\"},\"query-input\":\"required name=search_term_string\"}],\"inLanguage\":\"fr-FR\"},{\"@type\":\"Person\",\"@id\":\"https:\/\/www.mediaplateforme.com\/fr\/#\/schema\/person\/89833db382b5db2c76b094bc902aa12a\",\"name\":\"Mediaplateforme\",\"image\":{\"@type\":\"ImageObject\",\"inLanguage\":\"fr-FR\",\"@id\":\"https:\/\/www.mediaplateforme.com\/fr\/#\/schema\/person\/image\/\",\"url\":\"https:\/\/secure.gravatar.com\/avatar\/6c9c02e8928cc65d54bf75157f7b3a2d06d7ad0494ca0951f679552ff03b34c1?s=96&d=mm&r=g\",\"contentUrl\":\"https:\/\/secure.gravatar.com\/avatar\/6c9c02e8928cc65d54bf75157f7b3a2d06d7ad0494ca0951f679552ff03b34c1?s=96&d=mm&r=g\",\"caption\":\"Mediaplateforme\"},\"sameAs\":[\"https:\/\/www.mediaplateforme.com\"],\"url\":\"https:\/\/www.mediaplateforme.com\/fr\/author\/mohamedladib\/\"}]}<\/script>\n<!-- \/ Yoast SEO plugin. -->","yoast_head_json":{"title":"FORD D\u00c9VOILE OFFICIELLEMENT LA MUSTANG GT3 AU MANS - MEDIA PLATEFORME | FR","description":"L'ic\u00f4ne du sport automobile, la Ford Mustang GT3 a particip\u00e9 aux 24h du Mans, la course d'endurance la plus embl\u00e9matique au monde.\u00a0","robots":{"index":"index","follow":"follow","max-snippet":"max-snippet:-1","max-image-preview":"max-image-preview:large","max-video-preview":"max-video-preview:-1"},"canonical":"https:\/\/www.mediaplateforme.com\/fr\/ford-devoile-officiellement-la-mustang-gt3-au-mans\/","og_locale":"fr_FR","og_type":"article","og_title":"FORD D\u00c9VOILE OFFICIELLEMENT LA MUSTANG GT3 AU MANS - MEDIA PLATEFORME | FR","og_description":"L'ic\u00f4ne du sport automobile, la Ford Mustang GT3 a particip\u00e9 aux 24h du Mans, la course d'endurance la plus embl\u00e9matique au monde.\u00a0","og_url":"https:\/\/www.mediaplateforme.com\/fr\/ford-devoile-officiellement-la-mustang-gt3-au-mans\/","og_site_name":"MEDIA PLATEFORME | FR","article_published_time":"2023-06-12T15:14:58+00:00","og_image":[{"width":2500,"height":1666,"url":"https:\/\/www.mediaplateforme.com\/fr\/wp-content\/uploads\/sites\/5\/2023\/06\/018_DG_Mustang_LeMans.jpg","type":"image\/jpeg"}],"author":"Mediaplateforme","twitter_card":"summary_large_image","twitter_misc":{"\u00c9crit par":"Mediaplateforme","Dur\u00e9e de lecture estim\u00e9e":"4 minutes"},"schema":{"@context":"https:\/\/schema.org","@graph":[{"@type":"WebPage","@id":"https:\/\/www.mediaplateforme.com\/fr\/ford-devoile-officiellement-la-mustang-gt3-au-mans\/","url":"https:\/\/www.mediaplateforme.com\/fr\/ford-devoile-officiellement-la-mustang-gt3-au-mans\/","name":"FORD D\u00c9VOILE OFFICIELLEMENT LA MUSTANG GT3 AU MANS - MEDIA PLATEFORME | FR","isPartOf":{"@id":"https:\/\/www.mediaplateforme.com\/fr\/#website"},"datePublished":"2023-06-12T15:14:58+00:00","dateModified":"2023-06-12T15:14:58+00:00","author":{"@id":"https:\/\/www.mediaplateforme.com\/fr\/#\/schema\/person\/89833db382b5db2c76b094bc902aa12a"},"description":"L'ic\u00f4ne du sport automobile, la Ford Mustang GT3 a particip\u00e9 aux 24h du Mans, la course d'endurance la plus embl\u00e9matique au monde.\u00a0","breadcrumb":{"@id":"https:\/\/www.mediaplateforme.com\/fr\/ford-devoile-officiellement-la-mustang-gt3-au-mans\/#breadcrumb"},"inLanguage":"fr-FR","potentialAction":[{"@type":"ReadAction","target":["https:\/\/www.mediaplateforme.com\/fr\/ford-devoile-officiellement-la-mustang-gt3-au-mans\/"]}]},{"@type":"BreadcrumbList","@id":"https:\/\/www.mediaplateforme.com\/fr\/ford-devoile-officiellement-la-mustang-gt3-au-mans\/#breadcrumb","itemListElement":[{"@type":"ListItem","position":1,"name":"\u0627\u0644\u0631\u0626\u064a\u0633\u064a\u0629","item":"https:\/\/www.mediaplateforme.com\/fr\/"},{"@type":"ListItem","position":2,"name":"FORD D\u00c9VOILE OFFICIELLEMENT LA MUSTANG GT3 AU MANS"}]},{"@type":"WebSite","@id":"https:\/\/www.mediaplateforme.com\/fr\/#website","url":"https:\/\/www.mediaplateforme.com\/fr\/","name":"MEDIA PLATEFORME | FR","description":"Mediaplateforme sp\u00e9cialis\u00e9 dans la communication institutions publiques et des entreprises","potentialAction":[{"@type":"SearchAction","target":{"@type":"EntryPoint","urlTemplate":"https:\/\/www.mediaplateforme.com\/fr\/?s={search_term_string}"},"query-input":"required name=search_term_string"}],"inLanguage":"fr-FR"},{"@type":"Person","@id":"https:\/\/www.mediaplateforme.com\/fr\/#\/schema\/person\/89833db382b5db2c76b094bc902aa12a","name":"Mediaplateforme","image":{"@type":"ImageObject","inLanguage":"fr-FR","@id":"https:\/\/www.mediaplateforme.com\/fr\/#\/schema\/person\/image\/","url":"https:\/\/secure.gravatar.com\/avatar\/6c9c02e8928cc65d54bf75157f7b3a2d06d7ad0494ca0951f679552ff03b34c1?s=96&d=mm&r=g","contentUrl":"https:\/\/secure.gravatar.com\/avatar\/6c9c02e8928cc65d54bf75157f7b3a2d06d7ad0494ca0951f679552ff03b34c1?s=96&d=mm&r=g","caption":"Mediaplateforme"},"sameAs":["https:\/\/www.mediaplateforme.com"],"url":"https:\/\/www.mediaplateforme.com\/fr\/author\/mohamedladib\/"}]}},"_links":{"self":[{"href":"https:\/\/www.mediaplateforme.com\/fr\/wp-json\/wp\/v2\/posts\/3290","targetHints":{"allow":["GET"]}}],"collection":[{"href":"https:\/\/www.mediaplateforme.com\/fr\/wp-json\/wp\/v2\/posts"}],"about":[{"href":"https:\/\/www.mediaplateforme.com\/fr\/wp-json\/wp\/v2\/types\/post"}],"author":[{"embeddable":true,"href":"https:\/\/www.mediaplateforme.com\/fr\/wp-json\/wp\/v2\/users\/1"}],"replies":[{"embeddable":true,"href":"https:\/\/www.mediaplateforme.com\/fr\/wp-json\/wp\/v2\/comments?post=3290"}],"version-history":[{"count":1,"href":"https:\/\/www.mediaplateforme.com\/fr\/wp-json\/wp\/v2\/posts\/3290\/revisions"}],"predecessor-version":[{"id":3292,"href":"https:\/\/www.mediaplateforme.com\/fr\/wp-json\/wp\/v2\/posts\/3290\/revisions\/3292"}],"wp:featuredmedia":[{"embeddable":true,"href":"https:\/\/www.mediaplateforme.com\/fr\/wp-json\/wp\/v2\/media\/3291"}],"wp:attachment":[{"href":"https:\/\/www.mediaplateforme.com\/fr\/wp-json\/wp\/v2\/media?parent=3290"}],"wp:term":[{"taxonomy":"category","embeddable":true,"href":"https:\/\/www.mediaplateforme.com\/fr\/wp-json\/wp\/v2\/categories?post=3290"},{"taxonomy":"post_tag","embeddable":true,"href":"https:\/\/www.mediaplateforme.com\/fr\/wp-json\/wp\/v2\/tags?post=3290"}],"curies":[{"name":"wp","href":"https:\/\/api.w.org\/{rel}","templated":true}]}}