{"id":3254,"date":"2023-06-09T12:07:09","date_gmt":"2023-06-09T11:07:09","guid":{"rendered":"https:\/\/www.mediaplateforme.com\/fr\/?p=3254"},"modified":"2023-06-09T12:07:09","modified_gmt":"2023-06-09T11:07:09","slug":"agir-pour-lutter-contre-la-pollution-plastique","status":"publish","type":"post","link":"https:\/\/www.mediaplateforme.com\/fr\/agir-pour-lutter-contre-la-pollution-plastique\/","title":{"rendered":"Agir pour lutter contre la pollution plastique"},"content":{"rendered":"<p>La Journ\u00e9e mondiale de l&rsquo;environnement, qui a lieu chaque 5 juin, met en lumi\u00e8re les d\u00e9fis environnementaux urgents de notre \u00e9poque et constitue une excellente occasion pour les citoyens du monde entier de discuter des efforts d\u00e9ploy\u00e9s pour prot\u00e9ger et restaurer la Terre.<\/p>\n<p>&nbsp;<\/p>\n<p>Cr\u00e9\u00e9e par l&rsquo;Assembl\u00e9e g\u00e9n\u00e9rale des Nations unies en 1972 et dirig\u00e9e par le Programme des Nations unies pour l&rsquo;environnement (PNUE), la Journ\u00e9e mondiale de l&rsquo;environnement f\u00eatera son 50e anniversaire cette ann\u00e9e 2023. Au cours des cinq derni\u00e8res d\u00e9cennies, cette journ\u00e9e internationale est devenue l&rsquo;une des plus grandes plateformes mondiales de sensibilisation \u00e0 l&rsquo;environnement.<\/p>\n<p><em>\u00a0<\/em><\/p>\n<p>Accueilli par la C\u00f4te d&rsquo;Ivoire en partenariat avec les Pays-Bas, l&rsquo;\u00e9v\u00e9nement de la Journ\u00e9e mondiale de l&rsquo;environnement de cette ann\u00e9e &#8211; #BeatPlasticPollution &#8211; se concentre sur les solutions au probl\u00e8me de la pollution plastique. La C\u00f4te d&rsquo;Ivoire a interdit l&rsquo;utilisation de sacs en plastique en 2014 et a montr\u00e9 son leadership continu dans la r\u00e9duction de la d\u00e9pendance au plastique en soutenant un changement \u00e0 l&rsquo;\u00e9chelle nationale vers des emballages r\u00e9utilisables. <a href=\"https:\/\/www.unep.org\/new-plastics-economy-global-commitment\">En tant que signataire de l&rsquo;Engagement mondial<\/a> pour une nouvelle \u00e9conomie des plastiques et <a href=\"https:\/\/www.gpmarinelitter.org\/\">membre du Partenariat mondial sur la pollution plastique<\/a> et les d\u00e9chets marins, les Pays-Bas adoptent \u00e9galement une s\u00e9rie de mesures pour s&rsquo;attaquer \u00e0 ce probl\u00e8me environnemental majeur.<\/p>\n<p>Pour sensibiliser \u00e0 cet \u00e9v\u00e9nement et mettre en lumi\u00e8re le th\u00e8me de la Journ\u00e9e mondiale de l&rsquo;environnement de cette ann\u00e9e, le PNUE a cr\u00e9\u00e9 une <a href=\"https:\/\/www.youtube.com\/watch?v=_NAbkldMV48&amp;t=9s\">vid\u00e9o<\/a> convaincante et informative. Cette vid\u00e9o suscite l&rsquo;espoir en montrant que nous disposons d\u00e9sormais de la science et des solutions n\u00e9cessaires pour lutter contre la pollution plastique, tout en appelant les gouvernements, les villes et les entreprises \u00e0 agir.<\/p>\n<p>LG affiche son soutien au PNUE et \u00e0 la Journ\u00e9e mondiale de l&rsquo;environnement en diffusant la vid\u00e9o du PNUE sur ses panneaux d&rsquo;affichage num\u00e9riques situ\u00e9s sur l&#8217;embl\u00e9matique Time Square de New York et le c\u00e9l\u00e8bre Piccadilly Circus de Londres. Situ\u00e9s dans des zones pi\u00e9tonnes tr\u00e8s fr\u00e9quent\u00e9es de deux des villes les plus visit\u00e9es au monde, les panneaux d&rsquo;affichage de l&rsquo;entreprise devraient donner \u00e0 la Journ\u00e9e mondiale de l&rsquo;environnement une visibilit\u00e9 importante, sensibiliser le public et, esp\u00e9rons-le, encourager davantage de personnes \u00e0 faire leur part.<\/p>\n<p>En tant qu&rsquo;entreprise citoyenne socialement responsable, LG prend des mesures actives pour contribuer \u00e0 cr\u00e9er une vie meilleure pour tous. Pour y parvenir, l&rsquo;entreprise s&rsquo;engage \u00e0 pratiquer une \u00e9conomie circulaire en \u00e9largissant continuellement l&rsquo;utilisation de mat\u00e9riaux recycl\u00e9s, qui sont d\u00e9j\u00e0 utilis\u00e9s dans la production de certains nouveaux mod\u00e8les de produits, notamment LG Styler, LG tiiun mini, les r\u00e9frig\u00e9rateurs et les lave-vaisselles. Cette ann\u00e9e, l&rsquo;entreprise vise \u00e0 \u00e9tendre l&rsquo;utilisation de mat\u00e9riaux recycl\u00e9s \u00e0 davantage de produits, tels que l&rsquo;\u00e9tui \u00e0 chaussures LG Styler, le LG Styler ShoeCare et le t\u00e9l\u00e9viseur LG OLED evo, contribuant ainsi \u00e0 l&rsquo;objectif de l&rsquo;entreprise d&rsquo;utiliser un total cumul\u00e9 de 600 000 tonnes de plastique recycl\u00e9 d&rsquo;ici \u00e0 2030.<\/p>\n<p>Alors que l&rsquo;entreprise continue de faire sa part pour r\u00e9duire la pollution plastique, LG esp\u00e8re que la promotion accrue de la campagne #BeatPlasticPollution sur ses panneaux d&rsquo;affichage dans deux des attractions touristiques les plus peupl\u00e9es du monde sensibilisera et aura un impact positif sur le public pour faire ce qui est possible afin de r\u00e9duire l&rsquo;utilisation du plastique.<\/p>\n<h4><strong>\u00c0 propos de LG Electronics Business Solutions Company<\/strong><\/h4>\n<p>\u00ab\u00a0Le d\u00e9but de la production de chargeurs de VE marque une \u00e9tape importante pour LG, nous propulsant sur un chemin pour devenir un fournisseur total de solutions de charge de VE\u00a0\u00bb, a d\u00e9clar\u00e9 Suh Heung-kyu, vice-pr\u00e9sident et chef de la division commerciale de charge de v\u00e9hicules \u00e9lectriques de <a href=\"https:\/\/www.mediaplateforme.com\/fr\/lg-electronics-sallie-a-disty-technologies-pour-repondre-aux-besoins-des-professionnels-marocains\/\">LG Electronics<\/a> Business Solutions Company. \u00ab\u00a0Nous nous concentrerons sur la fourniture de solutions de recharge de VE pratiques et rapides pour les propri\u00e9taires de VE et de solutions de recharge de VE diff\u00e9renci\u00e9es offrant divers mod\u00e8les et de nouveaux services pour nos partenaires estim\u00e9s.\u00a0\u00bb<\/p>\n","protected":false},"excerpt":{"rendered":"<p>La Journ\u00e9e mondiale de l&rsquo;environnement, qui a lieu chaque 5 juin, met en lumi\u00e8re les<\/p>\n","protected":false},"author":1,"featured_media":3255,"comment_status":"open","ping_status":"open","sticky":false,"template":"","format":"standard","meta":{"_acf_changed":false,"footnotes":""},"categories":[7,3],"tags":[996,995,28,998,997],"class_list":["post-3254","post","type-post","status-publish","format-standard","has-post-thumbnail","hentry","category-articles","category-nouvelles-selectionnees","tag-beatplasticpollution","tag-la-journee-mondiale-de-lenvironnement","tag-lg","tag-lg-electronics-business-solutions-company","tag-pnue"],"acf":[],"yoast_head":"<!-- This site is optimized with the Yoast SEO plugin v22.0 - https:\/\/yoast.com\/wordpress\/plugins\/seo\/ -->\n<title>Agir pour lutter contre la pollution plastique - MEDIA PLATEFORME | FR<\/title>\n<meta name=\"description\" content=\"La Journ\u00e9e mondiale de l&#039;environnement, qui a lieu chaque 5 juin, met en lumi\u00e8re les d\u00e9fis environnementaux urgents de notre \u00e9poque\" \/>\n<meta name=\"robots\" content=\"index, follow, max-snippet:-1, max-image-preview:large, max-video-preview:-1\" \/>\n<link rel=\"canonical\" href=\"https:\/\/www.mediaplateforme.com\/fr\/agir-pour-lutter-contre-la-pollution-plastique\/\" \/>\n<meta property=\"og:locale\" content=\"fr_FR\" \/>\n<meta property=\"og:type\" content=\"article\" \/>\n<meta property=\"og:title\" content=\"Agir pour lutter contre la pollution plastique - MEDIA PLATEFORME | FR\" \/>\n<meta property=\"og:description\" content=\"La Journ\u00e9e mondiale de l&#039;environnement, qui a lieu chaque 5 juin, met en lumi\u00e8re les d\u00e9fis environnementaux urgents de notre \u00e9poque\" \/>\n<meta property=\"og:url\" content=\"https:\/\/www.mediaplateforme.com\/fr\/agir-pour-lutter-contre-la-pollution-plastique\/\" \/>\n<meta property=\"og:site_name\" content=\"MEDIA PLATEFORME | FR\" \/>\n<meta property=\"article:published_time\" content=\"2023-06-09T11:07:09+00:00\" \/>\n<meta property=\"og:image\" content=\"https:\/\/www.mediaplateforme.com\/fr\/wp-content\/uploads\/sites\/5\/2023\/06\/08.gif\" \/>\n\t<meta property=\"og:image:width\" content=\"963\" \/>\n\t<meta property=\"og:image:height\" content=\"534\" \/>\n\t<meta property=\"og:image:type\" content=\"image\/gif\" \/>\n<meta name=\"author\" content=\"Mediaplateforme\" \/>\n<meta name=\"twitter:card\" content=\"summary_large_image\" \/>\n<meta name=\"twitter:label1\" content=\"\u00c9crit par\" \/>\n\t<meta name=\"twitter:data1\" content=\"Mediaplateforme\" \/>\n\t<meta name=\"twitter:label2\" content=\"Dur\u00e9e de lecture estim\u00e9e\" \/>\n\t<meta name=\"twitter:data2\" content=\"4 minutes\" \/>\n<script type=\"application\/ld+json\" class=\"yoast-schema-graph\">{\"@context\":\"https:\/\/schema.org\",\"@graph\":[{\"@type\":\"WebPage\",\"@id\":\"https:\/\/www.mediaplateforme.com\/fr\/agir-pour-lutter-contre-la-pollution-plastique\/\",\"url\":\"https:\/\/www.mediaplateforme.com\/fr\/agir-pour-lutter-contre-la-pollution-plastique\/\",\"name\":\"Agir pour lutter contre la pollution plastique - MEDIA PLATEFORME | FR\",\"isPartOf\":{\"@id\":\"https:\/\/www.mediaplateforme.com\/fr\/#website\"},\"datePublished\":\"2023-06-09T11:07:09+00:00\",\"dateModified\":\"2023-06-09T11:07:09+00:00\",\"author\":{\"@id\":\"https:\/\/www.mediaplateforme.com\/fr\/#\/schema\/person\/89833db382b5db2c76b094bc902aa12a\"},\"description\":\"La Journ\u00e9e mondiale de l'environnement, qui a lieu chaque 5 juin, met en lumi\u00e8re les d\u00e9fis environnementaux urgents de notre \u00e9poque\",\"breadcrumb\":{\"@id\":\"https:\/\/www.mediaplateforme.com\/fr\/agir-pour-lutter-contre-la-pollution-plastique\/#breadcrumb\"},\"inLanguage\":\"fr-FR\",\"potentialAction\":[{\"@type\":\"ReadAction\",\"target\":[\"https:\/\/www.mediaplateforme.com\/fr\/agir-pour-lutter-contre-la-pollution-plastique\/\"]}]},{\"@type\":\"BreadcrumbList\",\"@id\":\"https:\/\/www.mediaplateforme.com\/fr\/agir-pour-lutter-contre-la-pollution-plastique\/#breadcrumb\",\"itemListElement\":[{\"@type\":\"ListItem\",\"position\":1,\"name\":\"\u0627\u0644\u0631\u0626\u064a\u0633\u064a\u0629\",\"item\":\"https:\/\/www.mediaplateforme.com\/fr\/\"},{\"@type\":\"ListItem\",\"position\":2,\"name\":\"Agir pour lutter contre la pollution plastique\"}]},{\"@type\":\"WebSite\",\"@id\":\"https:\/\/www.mediaplateforme.com\/fr\/#website\",\"url\":\"https:\/\/www.mediaplateforme.com\/fr\/\",\"name\":\"MEDIA PLATEFORME | FR\",\"description\":\"Mediaplateforme sp\u00e9cialis\u00e9 dans la communication institutions publiques et des entreprises\",\"potentialAction\":[{\"@type\":\"SearchAction\",\"target\":{\"@type\":\"EntryPoint\",\"urlTemplate\":\"https:\/\/www.mediaplateforme.com\/fr\/?s={search_term_string}\"},\"query-input\":\"required name=search_term_string\"}],\"inLanguage\":\"fr-FR\"},{\"@type\":\"Person\",\"@id\":\"https:\/\/www.mediaplateforme.com\/fr\/#\/schema\/person\/89833db382b5db2c76b094bc902aa12a\",\"name\":\"Mediaplateforme\",\"image\":{\"@type\":\"ImageObject\",\"inLanguage\":\"fr-FR\",\"@id\":\"https:\/\/www.mediaplateforme.com\/fr\/#\/schema\/person\/image\/\",\"url\":\"https:\/\/secure.gravatar.com\/avatar\/6c9c02e8928cc65d54bf75157f7b3a2d06d7ad0494ca0951f679552ff03b34c1?s=96&d=mm&r=g\",\"contentUrl\":\"https:\/\/secure.gravatar.com\/avatar\/6c9c02e8928cc65d54bf75157f7b3a2d06d7ad0494ca0951f679552ff03b34c1?s=96&d=mm&r=g\",\"caption\":\"Mediaplateforme\"},\"sameAs\":[\"https:\/\/www.mediaplateforme.com\"],\"url\":\"https:\/\/www.mediaplateforme.com\/fr\/author\/mohamedladib\/\"}]}<\/script>\n<!-- \/ Yoast SEO plugin. -->","yoast_head_json":{"title":"Agir pour lutter contre la pollution plastique - MEDIA PLATEFORME | FR","description":"La Journ\u00e9e mondiale de l'environnement, qui a lieu chaque 5 juin, met en lumi\u00e8re les d\u00e9fis environnementaux urgents de notre \u00e9poque","robots":{"index":"index","follow":"follow","max-snippet":"max-snippet:-1","max-image-preview":"max-image-preview:large","max-video-preview":"max-video-preview:-1"},"canonical":"https:\/\/www.mediaplateforme.com\/fr\/agir-pour-lutter-contre-la-pollution-plastique\/","og_locale":"fr_FR","og_type":"article","og_title":"Agir pour lutter contre la pollution plastique - MEDIA PLATEFORME | FR","og_description":"La Journ\u00e9e mondiale de l'environnement, qui a lieu chaque 5 juin, met en lumi\u00e8re les d\u00e9fis environnementaux urgents de notre \u00e9poque","og_url":"https:\/\/www.mediaplateforme.com\/fr\/agir-pour-lutter-contre-la-pollution-plastique\/","og_site_name":"MEDIA PLATEFORME | FR","article_published_time":"2023-06-09T11:07:09+00:00","og_image":[{"width":963,"height":534,"url":"https:\/\/www.mediaplateforme.com\/fr\/wp-content\/uploads\/sites\/5\/2023\/06\/08.gif","type":"image\/gif"}],"author":"Mediaplateforme","twitter_card":"summary_large_image","twitter_misc":{"\u00c9crit par":"Mediaplateforme","Dur\u00e9e de lecture estim\u00e9e":"4 minutes"},"schema":{"@context":"https:\/\/schema.org","@graph":[{"@type":"WebPage","@id":"https:\/\/www.mediaplateforme.com\/fr\/agir-pour-lutter-contre-la-pollution-plastique\/","url":"https:\/\/www.mediaplateforme.com\/fr\/agir-pour-lutter-contre-la-pollution-plastique\/","name":"Agir pour lutter contre la pollution plastique - MEDIA PLATEFORME | FR","isPartOf":{"@id":"https:\/\/www.mediaplateforme.com\/fr\/#website"},"datePublished":"2023-06-09T11:07:09+00:00","dateModified":"2023-06-09T11:07:09+00:00","author":{"@id":"https:\/\/www.mediaplateforme.com\/fr\/#\/schema\/person\/89833db382b5db2c76b094bc902aa12a"},"description":"La Journ\u00e9e mondiale de l'environnement, qui a lieu chaque 5 juin, met en lumi\u00e8re les d\u00e9fis environnementaux urgents de notre \u00e9poque","breadcrumb":{"@id":"https:\/\/www.mediaplateforme.com\/fr\/agir-pour-lutter-contre-la-pollution-plastique\/#breadcrumb"},"inLanguage":"fr-FR","potentialAction":[{"@type":"ReadAction","target":["https:\/\/www.mediaplateforme.com\/fr\/agir-pour-lutter-contre-la-pollution-plastique\/"]}]},{"@type":"BreadcrumbList","@id":"https:\/\/www.mediaplateforme.com\/fr\/agir-pour-lutter-contre-la-pollution-plastique\/#breadcrumb","itemListElement":[{"@type":"ListItem","position":1,"name":"\u0627\u0644\u0631\u0626\u064a\u0633\u064a\u0629","item":"https:\/\/www.mediaplateforme.com\/fr\/"},{"@type":"ListItem","position":2,"name":"Agir pour lutter contre la pollution plastique"}]},{"@type":"WebSite","@id":"https:\/\/www.mediaplateforme.com\/fr\/#website","url":"https:\/\/www.mediaplateforme.com\/fr\/","name":"MEDIA PLATEFORME | FR","description":"Mediaplateforme sp\u00e9cialis\u00e9 dans la communication institutions publiques et des entreprises","potentialAction":[{"@type":"SearchAction","target":{"@type":"EntryPoint","urlTemplate":"https:\/\/www.mediaplateforme.com\/fr\/?s={search_term_string}"},"query-input":"required name=search_term_string"}],"inLanguage":"fr-FR"},{"@type":"Person","@id":"https:\/\/www.mediaplateforme.com\/fr\/#\/schema\/person\/89833db382b5db2c76b094bc902aa12a","name":"Mediaplateforme","image":{"@type":"ImageObject","inLanguage":"fr-FR","@id":"https:\/\/www.mediaplateforme.com\/fr\/#\/schema\/person\/image\/","url":"https:\/\/secure.gravatar.com\/avatar\/6c9c02e8928cc65d54bf75157f7b3a2d06d7ad0494ca0951f679552ff03b34c1?s=96&d=mm&r=g","contentUrl":"https:\/\/secure.gravatar.com\/avatar\/6c9c02e8928cc65d54bf75157f7b3a2d06d7ad0494ca0951f679552ff03b34c1?s=96&d=mm&r=g","caption":"Mediaplateforme"},"sameAs":["https:\/\/www.mediaplateforme.com"],"url":"https:\/\/www.mediaplateforme.com\/fr\/author\/mohamedladib\/"}]}},"_links":{"self":[{"href":"https:\/\/www.mediaplateforme.com\/fr\/wp-json\/wp\/v2\/posts\/3254","targetHints":{"allow":["GET"]}}],"collection":[{"href":"https:\/\/www.mediaplateforme.com\/fr\/wp-json\/wp\/v2\/posts"}],"about":[{"href":"https:\/\/www.mediaplateforme.com\/fr\/wp-json\/wp\/v2\/types\/post"}],"author":[{"embeddable":true,"href":"https:\/\/www.mediaplateforme.com\/fr\/wp-json\/wp\/v2\/users\/1"}],"replies":[{"embeddable":true,"href":"https:\/\/www.mediaplateforme.com\/fr\/wp-json\/wp\/v2\/comments?post=3254"}],"version-history":[{"count":1,"href":"https:\/\/www.mediaplateforme.com\/fr\/wp-json\/wp\/v2\/posts\/3254\/revisions"}],"predecessor-version":[{"id":3256,"href":"https:\/\/www.mediaplateforme.com\/fr\/wp-json\/wp\/v2\/posts\/3254\/revisions\/3256"}],"wp:featuredmedia":[{"embeddable":true,"href":"https:\/\/www.mediaplateforme.com\/fr\/wp-json\/wp\/v2\/media\/3255"}],"wp:attachment":[{"href":"https:\/\/www.mediaplateforme.com\/fr\/wp-json\/wp\/v2\/media?parent=3254"}],"wp:term":[{"taxonomy":"category","embeddable":true,"href":"https:\/\/www.mediaplateforme.com\/fr\/wp-json\/wp\/v2\/categories?post=3254"},{"taxonomy":"post_tag","embeddable":true,"href":"https:\/\/www.mediaplateforme.com\/fr\/wp-json\/wp\/v2\/tags?post=3254"}],"curies":[{"name":"wp","href":"https:\/\/api.w.org\/{rel}","templated":true}]}}