{"id":3252,"date":"2023-06-08T20:42:02","date_gmt":"2023-06-08T19:42:02","guid":{"rendered":"https:\/\/www.mediaplateforme.com\/fr\/?p=3252"},"modified":"2023-06-08T20:42:02","modified_gmt":"2023-06-08T19:42:02","slug":"stellantis-adapte-son-equipe-de-direction-pour-renforcer-lefficience-de-lentreprise-dans-un-environnement-externe-de-plus-en-plus-exigeant","status":"publish","type":"post","link":"https:\/\/www.mediaplateforme.com\/fr\/stellantis-adapte-son-equipe-de-direction-pour-renforcer-lefficience-de-lentreprise-dans-un-environnement-externe-de-plus-en-plus-exigeant\/","title":{"rendered":"Stellantis adapte son \u00e9quipe de direction pour renforcer l\u2019efficience de l\u2019entreprise dans un environnement externe de plus en plus exigeant"},"content":{"rendered":"<p>Apr\u00e8s plus de deux ans de mise en \u0153uvre r\u00e9ussie de son organisation, Stellantis a annonc\u00e9 aujourd\u2019hui des changements au sein de son \u00e9quipe de direction \u00e0 compter du 1er juillet 2023. Les nominations suivent la logique de l\u2019organisation matricielle de l\u2019entreprise compos\u00e9e de r\u00e9gions, de marques et de fonctions, qui a d\u00e9montr\u00e9 son efficacit\u00e9 au regard des r\u00e9sultats financiers records r\u00e9alis\u00e9s depuis la cr\u00e9ation de Stellantis d\u00e9but 2021.<\/p>\n<p>\u00ab Ces changements d\u00e9montrent que la diversit\u00e9 des talents et des expertises au sein de l\u2019\u00e9quipe de direction de Stellantis permet d\u2019adapter notre \u00e9quipe de direction pour s\u2019adapter aux enjeux grandissants de l\u2019environnement \u00e9conomique, tout en poursuivant les succ\u00e8s obtenus par cette \u00e9quipe au cours des deux derni\u00e8res ann\u00e9es et demie avec une mise en \u0153uvre exemplaire du plan strat\u00e9gique Dare Forward 2030, \u00bb a d\u00e9clar\u00e9 Carlos Tavares, CEO de Stellantis. \u00ab A l\u2019occasion de son d\u00e9part en retraite, je tiens \u00e0 remercier Harald Wester, pour son professionnalisme et son leadership qui ont guid\u00e9 les avanc\u00e9es technologiques de la Soci\u00e9t\u00e9. \u00bb<\/p>\n<h4><strong>Concernant les fonctions <\/strong><\/h4>\n<p><strong>Ned Curic<\/strong>, actuellement Chief Technology Officer, \u00e9tendra son champ d\u2019action \u00e0 la recherche et au d\u00e9veloppement en devenant Chief Engineering and Technology Officer, en remplacement de Harald Wester, actuel Chief Engineering Officer, qui prend sa retraite. Les responsabilit\u00e9s suppl\u00e9mentaires de Ned Curic contribueront \u00e0 la transformation continue de Stellantis en une soci\u00e9t\u00e9 technologique de mobilit\u00e9 durable en assurant l\u2019alignement entre la vision strat\u00e9gique et la mise en \u0153uvre des projets de la fonction R&amp;D de Stellantis. S\u00e9bastien<\/p>\n<p>Jacquet est nomm\u00e9 Adjoint, en charge des Projets et des Cross Car Lines.<\/p>\n<p><strong>B\u00e9atrice Foucher<\/strong>, actuellement CEO de DS Automobiles, est nomm\u00e9e Chief Planning Officer, en remplacement d\u2019Olivier Bourges. Les exp\u00e9riences pass\u00e9es de B\u00e9atrice Foucher en tant que CEO d\u2019une marque premium et son expertise dans l\u2019industrie automobile seront un atout pour offrir les meilleures solutions en termes de produits et de technologies afin de r\u00e9pondre aux attentes des clients.<\/p>\n<p><strong>Olivier Bourges<\/strong>, actuellement Chief Planning Officer, est nomm\u00e9 Global Corporate Office and Public Affairs Officer. Dans cette nouvelle fonction, Olivier Bourges s\u2019appuiera sur sa pr\u00e9c\u00e9dente exp\u00e9rience de Secr\u00e9taire G\u00e9n\u00e9ral de l\u2019ex-PSA et sur sa connaissance remarquable des enjeux strat\u00e9giques de la fili\u00e8re automobile et de ses parties prenantes.<\/p>\n<p><strong>Giorgio Fossati<\/strong>, en tant que General Counsel, renforcera sa contribution \u00e0 l\u2019activit\u00e9 juridique dans le contexte r\u00e9glementaire toujours plus exigeant de l\u2019industrie automobile, tout en continuant \u00e0 contribuer au succ\u00e8s de la gouvernance efficace de l\u2019entreprise par son soutien tr\u00e8s pr\u00e9cieux au Conseil d\u2019administration.<\/p>\n<p><strong>Silvia Vernetti<\/strong>, actuellement responsable du Global Corporate Office, est nomm\u00e9e responsable du Global Corporate Planning, sous la responsabilit\u00e9 de B\u00e9atrice Foucher. Silvia Vernetti a une capacit\u00e9 \u00e9prouv\u00e9e \u00e0 g\u00e9rer de nouveaux projets strat\u00e9giques, en s\u2019appuyant sur sa profonde expertise en d\u00e9veloppement des affaires ainsi qu\u2019en gestion financi\u00e8re.<\/p>\n<h4><strong>Concernant les marques <\/strong><\/h4>\n<p><strong>Timothy Kuniskis<\/strong>, actuellement CEO de la Marque Dodge, \u00e9tendra son champ d\u2019action pour inclure \u00e9galement la responsabilit\u00e9 de la marque Ram. Sa parfaite compr\u00e9hension du march\u00e9 nord-am\u00e9ricain contribuera au plan de croissance continue de Ram y compris dans son ambition d\u2019expansion mondiale.<\/p>\n<p><strong>Mike Koval<\/strong>, actuellement CEO de la Marque Ram, est nomm\u00e9 Head de Mopar Am\u00e9rique du Nord, reportant \u00e0 Mark Stewart, North America Chief Operating Officer. Mike Koval prendra la responsabilit\u00e9 d\u2019un P&amp;L strat\u00e9gique pour la performance de la r\u00e9gion Am\u00e9rique du Nord.<\/p>\n<p><strong>Olivier Fran\u00e7ois<\/strong>, actuellement CEO de la Marque Fiat et Global Chief Marketing Officer, \u00e9largira son champ d\u2019action et est nomm\u00e9 CEO des Marques Fiat et DS Automobiles en remplacement de B\u00e9atrice Foucher, tout en conservant la fonction de Stellantis Global Chief Marketing Officer. Olivier Fran\u00e7ois poss\u00e8de une grande exp\u00e9rience dans le d\u00e9veloppement de marques et le positionnement strat\u00e9gique qui profiteront \u00e0 la fois \u00e0 Fiat et \u00e0 DS Automobiles.<\/p>\n<p>&nbsp;<\/p>\n<h4>\u00c0 propos de Stellantis<\/h4>\n<p>Stellantis N.V. (NYSE : STLA \/ Euronext Milan : STLAM \/ Euronext Paris : STLAP) fait partie des principaux constructeurs automobiles et fournisseurs de services de mobilit\u00e9 internationaux. Abarth, Alfa Romeo, Chrysler, Citro\u00ebn, Dodge, DS Automobiles, Fiat, Jeep<sub>\u00ae<\/sub>, Lancia, Maserati, Opel, Peugeot, Ram, Vauxhall, Free2move et Leasys : embl\u00e9matiques et charg\u00e9es d\u2019histoire, nos marques insufflent la passion des visionnaires qui les ont fond\u00e9es et celle de nos clients actuels au c\u0153ur de leurs produits et services avant-gardistes. Forts de notre diversit\u00e9, nous fa\u00e7onnons la mobilit\u00e9 de demain. Notre objectif : devenir la plus grande Tech Company de mobilit\u00e9 durable, en termes de qualit\u00e9 et non de taille, tout en cr\u00e9ant encore plus de valeur pour l\u2019ensemble de nos partenaires et des communaut\u00e9s au sein desquelles nous op\u00e9rons. Pour en savoir plu<a href=\"http:\/\/www.stellantis.com\/en\">s, <\/a><a href=\"http:\/\/www.stellantis.com\/en\">www.stellantis.com<\/a><a href=\"http:\/\/www.stellantis.com\/en\">.<\/a><\/p>\n","protected":false},"excerpt":{"rendered":"<p>Apr\u00e8s plus de deux ans de mise en \u0153uvre r\u00e9ussie de son organisation, Stellantis a<\/p>\n","protected":false},"author":1,"featured_media":3243,"comment_status":"open","ping_status":"open","sticky":false,"template":"","format":"standard","meta":{"_acf_changed":false,"footnotes":""},"categories":[7,3],"tags":[265],"class_list":["post-3252","post","type-post","status-publish","format-standard","has-post-thumbnail","hentry","category-articles","category-nouvelles-selectionnees","tag-stellantis"],"acf":[],"yoast_head":"<!-- This site is optimized with the Yoast SEO plugin v22.0 - https:\/\/yoast.com\/wordpress\/plugins\/seo\/ -->\n<title>Stellantis adapte son \u00e9quipe de direction pour renforcer l\u2019efficience de l\u2019entreprise dans un environnement externe de plus en plus exigeant - MEDIA PLATEFORME | FR<\/title>\n<meta name=\"description\" content=\"Apr\u00e8s plus de deux ans de mise en \u0153uvre r\u00e9ussie de son organisation, Stellantis a annonc\u00e9 aujourd\u2019hui des changements au sein de son \u00e9quipe de\" \/>\n<meta name=\"robots\" content=\"index, follow, max-snippet:-1, max-image-preview:large, max-video-preview:-1\" \/>\n<link rel=\"canonical\" href=\"https:\/\/www.mediaplateforme.com\/fr\/stellantis-adapte-son-equipe-de-direction-pour-renforcer-lefficience-de-lentreprise-dans-un-environnement-externe-de-plus-en-plus-exigeant\/\" \/>\n<meta property=\"og:locale\" content=\"fr_FR\" \/>\n<meta property=\"og:type\" content=\"article\" \/>\n<meta property=\"og:title\" content=\"Stellantis adapte son \u00e9quipe de direction pour renforcer l\u2019efficience de l\u2019entreprise dans un environnement externe de plus en plus exigeant - MEDIA PLATEFORME | FR\" \/>\n<meta property=\"og:description\" content=\"Apr\u00e8s plus de deux ans de mise en \u0153uvre r\u00e9ussie de son organisation, Stellantis a annonc\u00e9 aujourd\u2019hui des changements au sein de son \u00e9quipe de\" \/>\n<meta property=\"og:url\" content=\"https:\/\/www.mediaplateforme.com\/fr\/stellantis-adapte-son-equipe-de-direction-pour-renforcer-lefficience-de-lentreprise-dans-un-environnement-externe-de-plus-en-plus-exigeant\/\" \/>\n<meta property=\"og:site_name\" content=\"MEDIA PLATEFORME | FR\" \/>\n<meta property=\"article:published_time\" content=\"2023-06-08T19:42:02+00:00\" \/>\n<meta property=\"og:image\" content=\"https:\/\/www.mediaplateforme.com\/fr\/wp-content\/uploads\/sites\/5\/2023\/06\/stellantis_thumb_blue-6480142b7d5e5.png\" \/>\n\t<meta property=\"og:image:width\" content=\"995\" \/>\n\t<meta property=\"og:image:height\" content=\"625\" \/>\n\t<meta property=\"og:image:type\" content=\"image\/png\" \/>\n<meta name=\"author\" content=\"Mediaplateforme\" \/>\n<meta name=\"twitter:card\" content=\"summary_large_image\" \/>\n<meta name=\"twitter:label1\" content=\"\u00c9crit par\" \/>\n\t<meta name=\"twitter:data1\" content=\"Mediaplateforme\" \/>\n\t<meta name=\"twitter:label2\" content=\"Dur\u00e9e de lecture estim\u00e9e\" \/>\n\t<meta name=\"twitter:data2\" content=\"4 minutes\" \/>\n<script type=\"application\/ld+json\" class=\"yoast-schema-graph\">{\"@context\":\"https:\/\/schema.org\",\"@graph\":[{\"@type\":\"WebPage\",\"@id\":\"https:\/\/www.mediaplateforme.com\/fr\/stellantis-adapte-son-equipe-de-direction-pour-renforcer-lefficience-de-lentreprise-dans-un-environnement-externe-de-plus-en-plus-exigeant\/\",\"url\":\"https:\/\/www.mediaplateforme.com\/fr\/stellantis-adapte-son-equipe-de-direction-pour-renforcer-lefficience-de-lentreprise-dans-un-environnement-externe-de-plus-en-plus-exigeant\/\",\"name\":\"Stellantis adapte son \u00e9quipe de direction pour renforcer l\u2019efficience de l\u2019entreprise dans un environnement externe de plus en plus exigeant - MEDIA PLATEFORME | FR\",\"isPartOf\":{\"@id\":\"https:\/\/www.mediaplateforme.com\/fr\/#website\"},\"datePublished\":\"2023-06-08T19:42:02+00:00\",\"dateModified\":\"2023-06-08T19:42:02+00:00\",\"author\":{\"@id\":\"https:\/\/www.mediaplateforme.com\/fr\/#\/schema\/person\/89833db382b5db2c76b094bc902aa12a\"},\"description\":\"Apr\u00e8s plus de deux ans de mise en \u0153uvre r\u00e9ussie de son organisation, Stellantis a annonc\u00e9 aujourd\u2019hui des changements au sein de son \u00e9quipe de\",\"breadcrumb\":{\"@id\":\"https:\/\/www.mediaplateforme.com\/fr\/stellantis-adapte-son-equipe-de-direction-pour-renforcer-lefficience-de-lentreprise-dans-un-environnement-externe-de-plus-en-plus-exigeant\/#breadcrumb\"},\"inLanguage\":\"fr-FR\",\"potentialAction\":[{\"@type\":\"ReadAction\",\"target\":[\"https:\/\/www.mediaplateforme.com\/fr\/stellantis-adapte-son-equipe-de-direction-pour-renforcer-lefficience-de-lentreprise-dans-un-environnement-externe-de-plus-en-plus-exigeant\/\"]}]},{\"@type\":\"BreadcrumbList\",\"@id\":\"https:\/\/www.mediaplateforme.com\/fr\/stellantis-adapte-son-equipe-de-direction-pour-renforcer-lefficience-de-lentreprise-dans-un-environnement-externe-de-plus-en-plus-exigeant\/#breadcrumb\",\"itemListElement\":[{\"@type\":\"ListItem\",\"position\":1,\"name\":\"\u0627\u0644\u0631\u0626\u064a\u0633\u064a\u0629\",\"item\":\"https:\/\/www.mediaplateforme.com\/fr\/\"},{\"@type\":\"ListItem\",\"position\":2,\"name\":\"Stellantis adapte son \u00e9quipe de direction pour renforcer l\u2019efficience de l\u2019entreprise dans un environnement externe de plus en plus exigeant\"}]},{\"@type\":\"WebSite\",\"@id\":\"https:\/\/www.mediaplateforme.com\/fr\/#website\",\"url\":\"https:\/\/www.mediaplateforme.com\/fr\/\",\"name\":\"MEDIA PLATEFORME | FR\",\"description\":\"Mediaplateforme sp\u00e9cialis\u00e9 dans la communication institutions publiques et des entreprises\",\"potentialAction\":[{\"@type\":\"SearchAction\",\"target\":{\"@type\":\"EntryPoint\",\"urlTemplate\":\"https:\/\/www.mediaplateforme.com\/fr\/?s={search_term_string}\"},\"query-input\":\"required name=search_term_string\"}],\"inLanguage\":\"fr-FR\"},{\"@type\":\"Person\",\"@id\":\"https:\/\/www.mediaplateforme.com\/fr\/#\/schema\/person\/89833db382b5db2c76b094bc902aa12a\",\"name\":\"Mediaplateforme\",\"image\":{\"@type\":\"ImageObject\",\"inLanguage\":\"fr-FR\",\"@id\":\"https:\/\/www.mediaplateforme.com\/fr\/#\/schema\/person\/image\/\",\"url\":\"https:\/\/secure.gravatar.com\/avatar\/6c9c02e8928cc65d54bf75157f7b3a2d06d7ad0494ca0951f679552ff03b34c1?s=96&d=mm&r=g\",\"contentUrl\":\"https:\/\/secure.gravatar.com\/avatar\/6c9c02e8928cc65d54bf75157f7b3a2d06d7ad0494ca0951f679552ff03b34c1?s=96&d=mm&r=g\",\"caption\":\"Mediaplateforme\"},\"sameAs\":[\"https:\/\/www.mediaplateforme.com\"],\"url\":\"https:\/\/www.mediaplateforme.com\/fr\/author\/mohamedladib\/\"}]}<\/script>\n<!-- \/ Yoast SEO plugin. -->","yoast_head_json":{"title":"Stellantis adapte son \u00e9quipe de direction pour renforcer l\u2019efficience de l\u2019entreprise dans un environnement externe de plus en plus exigeant - MEDIA PLATEFORME | FR","description":"Apr\u00e8s plus de deux ans de mise en \u0153uvre r\u00e9ussie de son organisation, Stellantis a annonc\u00e9 aujourd\u2019hui des changements au sein de son \u00e9quipe de","robots":{"index":"index","follow":"follow","max-snippet":"max-snippet:-1","max-image-preview":"max-image-preview:large","max-video-preview":"max-video-preview:-1"},"canonical":"https:\/\/www.mediaplateforme.com\/fr\/stellantis-adapte-son-equipe-de-direction-pour-renforcer-lefficience-de-lentreprise-dans-un-environnement-externe-de-plus-en-plus-exigeant\/","og_locale":"fr_FR","og_type":"article","og_title":"Stellantis adapte son \u00e9quipe de direction pour renforcer l\u2019efficience de l\u2019entreprise dans un environnement externe de plus en plus exigeant - MEDIA PLATEFORME | FR","og_description":"Apr\u00e8s plus de deux ans de mise en \u0153uvre r\u00e9ussie de son organisation, Stellantis a annonc\u00e9 aujourd\u2019hui des changements au sein de son \u00e9quipe de","og_url":"https:\/\/www.mediaplateforme.com\/fr\/stellantis-adapte-son-equipe-de-direction-pour-renforcer-lefficience-de-lentreprise-dans-un-environnement-externe-de-plus-en-plus-exigeant\/","og_site_name":"MEDIA PLATEFORME | FR","article_published_time":"2023-06-08T19:42:02+00:00","og_image":[{"width":995,"height":625,"url":"https:\/\/www.mediaplateforme.com\/fr\/wp-content\/uploads\/sites\/5\/2023\/06\/stellantis_thumb_blue-6480142b7d5e5.png","type":"image\/png"}],"author":"Mediaplateforme","twitter_card":"summary_large_image","twitter_misc":{"\u00c9crit par":"Mediaplateforme","Dur\u00e9e de lecture estim\u00e9e":"4 minutes"},"schema":{"@context":"https:\/\/schema.org","@graph":[{"@type":"WebPage","@id":"https:\/\/www.mediaplateforme.com\/fr\/stellantis-adapte-son-equipe-de-direction-pour-renforcer-lefficience-de-lentreprise-dans-un-environnement-externe-de-plus-en-plus-exigeant\/","url":"https:\/\/www.mediaplateforme.com\/fr\/stellantis-adapte-son-equipe-de-direction-pour-renforcer-lefficience-de-lentreprise-dans-un-environnement-externe-de-plus-en-plus-exigeant\/","name":"Stellantis adapte son \u00e9quipe de direction pour renforcer l\u2019efficience de l\u2019entreprise dans un environnement externe de plus en plus exigeant - MEDIA PLATEFORME | FR","isPartOf":{"@id":"https:\/\/www.mediaplateforme.com\/fr\/#website"},"datePublished":"2023-06-08T19:42:02+00:00","dateModified":"2023-06-08T19:42:02+00:00","author":{"@id":"https:\/\/www.mediaplateforme.com\/fr\/#\/schema\/person\/89833db382b5db2c76b094bc902aa12a"},"description":"Apr\u00e8s plus de deux ans de mise en \u0153uvre r\u00e9ussie de son organisation, Stellantis a annonc\u00e9 aujourd\u2019hui des changements au sein de son \u00e9quipe de","breadcrumb":{"@id":"https:\/\/www.mediaplateforme.com\/fr\/stellantis-adapte-son-equipe-de-direction-pour-renforcer-lefficience-de-lentreprise-dans-un-environnement-externe-de-plus-en-plus-exigeant\/#breadcrumb"},"inLanguage":"fr-FR","potentialAction":[{"@type":"ReadAction","target":["https:\/\/www.mediaplateforme.com\/fr\/stellantis-adapte-son-equipe-de-direction-pour-renforcer-lefficience-de-lentreprise-dans-un-environnement-externe-de-plus-en-plus-exigeant\/"]}]},{"@type":"BreadcrumbList","@id":"https:\/\/www.mediaplateforme.com\/fr\/stellantis-adapte-son-equipe-de-direction-pour-renforcer-lefficience-de-lentreprise-dans-un-environnement-externe-de-plus-en-plus-exigeant\/#breadcrumb","itemListElement":[{"@type":"ListItem","position":1,"name":"\u0627\u0644\u0631\u0626\u064a\u0633\u064a\u0629","item":"https:\/\/www.mediaplateforme.com\/fr\/"},{"@type":"ListItem","position":2,"name":"Stellantis adapte son \u00e9quipe de direction pour renforcer l\u2019efficience de l\u2019entreprise dans un environnement externe de plus en plus exigeant"}]},{"@type":"WebSite","@id":"https:\/\/www.mediaplateforme.com\/fr\/#website","url":"https:\/\/www.mediaplateforme.com\/fr\/","name":"MEDIA PLATEFORME | FR","description":"Mediaplateforme sp\u00e9cialis\u00e9 dans la communication institutions publiques et des entreprises","potentialAction":[{"@type":"SearchAction","target":{"@type":"EntryPoint","urlTemplate":"https:\/\/www.mediaplateforme.com\/fr\/?s={search_term_string}"},"query-input":"required name=search_term_string"}],"inLanguage":"fr-FR"},{"@type":"Person","@id":"https:\/\/www.mediaplateforme.com\/fr\/#\/schema\/person\/89833db382b5db2c76b094bc902aa12a","name":"Mediaplateforme","image":{"@type":"ImageObject","inLanguage":"fr-FR","@id":"https:\/\/www.mediaplateforme.com\/fr\/#\/schema\/person\/image\/","url":"https:\/\/secure.gravatar.com\/avatar\/6c9c02e8928cc65d54bf75157f7b3a2d06d7ad0494ca0951f679552ff03b34c1?s=96&d=mm&r=g","contentUrl":"https:\/\/secure.gravatar.com\/avatar\/6c9c02e8928cc65d54bf75157f7b3a2d06d7ad0494ca0951f679552ff03b34c1?s=96&d=mm&r=g","caption":"Mediaplateforme"},"sameAs":["https:\/\/www.mediaplateforme.com"],"url":"https:\/\/www.mediaplateforme.com\/fr\/author\/mohamedladib\/"}]}},"_links":{"self":[{"href":"https:\/\/www.mediaplateforme.com\/fr\/wp-json\/wp\/v2\/posts\/3252","targetHints":{"allow":["GET"]}}],"collection":[{"href":"https:\/\/www.mediaplateforme.com\/fr\/wp-json\/wp\/v2\/posts"}],"about":[{"href":"https:\/\/www.mediaplateforme.com\/fr\/wp-json\/wp\/v2\/types\/post"}],"author":[{"embeddable":true,"href":"https:\/\/www.mediaplateforme.com\/fr\/wp-json\/wp\/v2\/users\/1"}],"replies":[{"embeddable":true,"href":"https:\/\/www.mediaplateforme.com\/fr\/wp-json\/wp\/v2\/comments?post=3252"}],"version-history":[{"count":1,"href":"https:\/\/www.mediaplateforme.com\/fr\/wp-json\/wp\/v2\/posts\/3252\/revisions"}],"predecessor-version":[{"id":3253,"href":"https:\/\/www.mediaplateforme.com\/fr\/wp-json\/wp\/v2\/posts\/3252\/revisions\/3253"}],"wp:featuredmedia":[{"embeddable":true,"href":"https:\/\/www.mediaplateforme.com\/fr\/wp-json\/wp\/v2\/media\/3243"}],"wp:attachment":[{"href":"https:\/\/www.mediaplateforme.com\/fr\/wp-json\/wp\/v2\/media?parent=3252"}],"wp:term":[{"taxonomy":"category","embeddable":true,"href":"https:\/\/www.mediaplateforme.com\/fr\/wp-json\/wp\/v2\/categories?post=3252"},{"taxonomy":"post_tag","embeddable":true,"href":"https:\/\/www.mediaplateforme.com\/fr\/wp-json\/wp\/v2\/tags?post=3252"}],"curies":[{"name":"wp","href":"https:\/\/api.w.org\/{rel}","templated":true}]}}