{"id":3248,"date":"2023-06-08T20:16:03","date_gmt":"2023-06-08T19:16:03","guid":{"rendered":"https:\/\/www.mediaplateforme.com\/fr\/?p=3248"},"modified":"2023-06-08T20:16:03","modified_gmt":"2023-06-08T19:16:03","slug":"gitex-africa-lengagement-de-huawei-pour-une-economie-numerique-plus-connectee-inclusive-et-durable-en-afrique","status":"publish","type":"post","link":"https:\/\/www.mediaplateforme.com\/fr\/gitex-africa-lengagement-de-huawei-pour-une-economie-numerique-plus-connectee-inclusive-et-durable-en-afrique\/","title":{"rendered":"GITEX Africa : L\u2019engagement de Huawei pour une \u00e9conomie num\u00e9rique plus connect\u00e9e, inclusive et durable en Afrique"},"content":{"rendered":"<p style=\"font-weight: 400;\"><strong>Du 31 mai au 2 juin 2023, la ville de Marrakech, au Maroc, a accueilli la toute premi\u00e8re \u00e9dition du GITEX Africa, \u00e9v\u00e9nement phare d\u00e9di\u00e9 aux nouvelles technologies et aux start-ups africaines. Avec comme objectif de rassembler les acteurs cl\u00e9s du num\u00e9rique et de promouvoir la collaboration et les partenariats, ces trois jours d\u2019\u00e9change ont r\u00e9uni tout aussi bien le secteur public que priv\u00e9, mobilisant ainsi quelque 900 exposants et start-ups provenant de 95 pays. Partenaire Platinum de ce rendez-vous, Huawei a notamment pr\u00e9sent\u00e9 sa vision qui est celle de contribuer au rayonnement du continent africain sur la sc\u00e8ne technologique internationale.<\/strong><\/p>\n<p style=\"font-weight: 400;\"><strong>\u00a0<\/strong><\/p>\n<p style=\"font-weight: 400;\">Dans un continent qui s\u2019investit de plus en plus dans l\u2019\u00e9tablissement d\u2019un environnement propice \u00e0 l\u2019innovation technologique, cette premi\u00e8re \u00e9dition du GITEX Africa vient souligner le r\u00f4le que l\u2019ensemble des acteurs doit jouer dans la r\u00e9volution technologique qui anime le continent. Reconnue pour son engagement en faveur d\u2019une transformation num\u00e9rique prosp\u00e8re, inclusive et durable en Afrique, Huawei a renouvel\u00e9 son engagement en faveur d\u2019un avenir num\u00e9rique radieux lors de l\u2019\u00e9v\u00e9nement.<\/p>\n<p style=\"font-weight: 400;\">\n<p style=\"font-weight: 400;\">Ainsi, lors de la conf\u00e9rence de presse du lancement du GITEX Africa,\u00a0<strong>Tonny Bao, Vice-pr\u00e9sident de Huawei<\/strong>, a reconnu que la transition vers le monde num\u00e9rique s\u2019acc\u00e9l\u00e8re de plus en plus\u00a0: \u00ab\u00a0<em>D&rsquo;ici \u00e0 2050, l&rsquo;\u00e9conomie num\u00e9rique de l&rsquo;Afrique conna\u00eetra une croissance spectaculaire, passant de 115 milliards de dollars aujourd\u2019hui \u00e0 712 milliards de dollars, soit une augmentation six fois plus importante.<\/em>\u00a0\u00bb, avant de poursuivre\u00a0: \u00ab\u00a0<em>L&rsquo;int\u00e9gration et l\u2019adoption des nouvelles technologies dans tous les secteurs d&rsquo;activit\u00e9 sont donc essentielles pour atteindre l&rsquo;objectif ambitieux de l&rsquo;\u00e9conomie num\u00e9rique d&rsquo;ici 2050.\u00a0<\/em>\u00bb<\/p>\n<p><img loading=\"lazy\" decoding=\"async\" class=\"size-medium wp-image-3249 aligncenter\" src=\"https:\/\/www.mediaplateforme.com\/fr\/wp-content\/uploads\/sites\/5\/2023\/06\/Gitex-Africa-Tonny-Bao-300x200.jpg\" alt=\"\" width=\"300\" height=\"200\" srcset=\"https:\/\/www.mediaplateforme.com\/fr\/wp-content\/uploads\/sites\/5\/2023\/06\/Gitex-Africa-Tonny-Bao-300x200.jpg 300w, https:\/\/www.mediaplateforme.com\/fr\/wp-content\/uploads\/sites\/5\/2023\/06\/Gitex-Africa-Tonny-Bao-1024x684.jpg 1024w, https:\/\/www.mediaplateforme.com\/fr\/wp-content\/uploads\/sites\/5\/2023\/06\/Gitex-Africa-Tonny-Bao-768x513.jpg 768w, https:\/\/www.mediaplateforme.com\/fr\/wp-content\/uploads\/sites\/5\/2023\/06\/Gitex-Africa-Tonny-Bao-1536x1026.jpg 1536w, https:\/\/www.mediaplateforme.com\/fr\/wp-content\/uploads\/sites\/5\/2023\/06\/Gitex-Africa-Tonny-Bao.jpg 2048w\" sizes=\"auto, (max-width: 300px) 100vw, 300px\" \/><\/p>\n<h6 style=\"text-align: center;\"><em>Tonny Bao, Vice-pr\u00e9sident de Huawei, lors de la conf\u00e9rence de presse du lancement du GITEX Africa.<\/em><\/h6>\n<p style=\"font-weight: 400;\">S\u2019exprimant ensuite au nom de Huawei,\u00a0<strong>M. Bao<\/strong>\u00a0s\u2019est dit honor\u00e9 de participer \u00e0 un tel \u00e9v\u00e9nement et de pouvoir contribuer \u00e0 la transition num\u00e9rique et \u00e0 l\u2019innovation technologique en Afrique\u00a0: \u00ab\u00a0<em>Sur le continent, avec nos quelque 200 op\u00e9rateurs partenaires, nous nous effor\u00e7ons de fournir une connexion \u00e0 plus d&rsquo;un milliard de personnes. Jusqu&rsquo;\u00e0 pr\u00e9sent, nous avons install\u00e9 plus de 250 000 fibres optiques, permettant ainsi de connecter plus de 30 millions de foyers au haut d\u00e9bit et \u00e0 l&rsquo;\u00e9conomie num\u00e9rique.\u00a0<\/em>\u00bb<\/p>\n<p style=\"font-weight: 400;\">\n<p style=\"font-weight: 400;\">Par ailleurs, lors du Digital Africa Gala organis\u00e9 par Huawei le jeudi 1<sup>er<\/sup>\u00a0juin \u00e0 l\u2019h\u00f4tel Four Seasons,\u00a0<strong>Terry He, Pr\u00e9sident de Huawei Northern Africa<\/strong>, a prononc\u00e9 un discours d\u2019ouverture intitul\u00e9 \u00ab\u00a0<em>Lib\u00e9rer le potentiel du num\u00e9rique pour une nouvelle Afrique\u00a0<\/em>\u00bb. En mettant en lumi\u00e8re l&rsquo;impact des nouvelles technologies sur le monde, Terry He a tout particuli\u00e8rement soulign\u00e9 les nombreux avantages comp\u00e9titifs dont l&rsquo;Afrique dispose pour s\u2019engager pleinement dans l&rsquo;\u00e8re num\u00e9rique. Parmi ces avantages, nous pouvons notamment citer sa jeunesse dynamique et ambitieuse, son taux \u00e9lev\u00e9 d\u2019urbanisation et le leapfrog lui ayant permis de tirer parti de d\u00e9veloppements technologiques avanc\u00e9s.<\/p>\n<p><img loading=\"lazy\" decoding=\"async\" class=\"size-medium wp-image-3250 aligncenter\" src=\"https:\/\/www.mediaplateforme.com\/fr\/wp-content\/uploads\/sites\/5\/2023\/06\/Gitex-Africa-Terry-He-300x183.png\" alt=\"\" width=\"300\" height=\"183\" srcset=\"https:\/\/www.mediaplateforme.com\/fr\/wp-content\/uploads\/sites\/5\/2023\/06\/Gitex-Africa-Terry-He-300x183.png 300w, https:\/\/www.mediaplateforme.com\/fr\/wp-content\/uploads\/sites\/5\/2023\/06\/Gitex-Africa-Terry-He-1024x626.png 1024w, https:\/\/www.mediaplateforme.com\/fr\/wp-content\/uploads\/sites\/5\/2023\/06\/Gitex-Africa-Terry-He-768x469.png 768w, https:\/\/www.mediaplateforme.com\/fr\/wp-content\/uploads\/sites\/5\/2023\/06\/Gitex-Africa-Terry-He-1536x939.png 1536w, https:\/\/www.mediaplateforme.com\/fr\/wp-content\/uploads\/sites\/5\/2023\/06\/Gitex-Africa-Terry-He.png 1574w\" sizes=\"auto, (max-width: 300px) 100vw, 300px\" \/><\/p>\n<h6 style=\"font-weight: 400; text-align: center;\"><em>Terry He, Pr\u00e9sident de Huawei Northern Africa, lors de son discours d\u2019ouverture intitul\u00e9 \u00ab\u00a0Lib\u00e9rer le potentiel du num\u00e9rique pour une nouvelle Afrique\u00a0\u00bb.<\/em><\/h6>\n<p style=\"font-weight: 400;\">Prenant appui sur ces avantages, l\u2019avenir du num\u00e9rique du continent devra reposer sur les trois piliers suivant, M. He a-t-il poursuivi\u00a0: \u00ab\u00a0<em>Tout d\u2019abord, une infrastructure solide permettant d\u2019\u00e9tablir un r\u00e9seau rapide et fiable. Parall\u00e8lement, Huawei met en \u0153uvre des technologies \u00e9co-responsables afin de promouvoir la coexistence harmonieuse entre transformation num\u00e9rique et d\u00e9veloppement durable. De plus, chez Huawei, nous encourageons le d\u00e9veloppement num\u00e9rique et l&rsquo;innovation dans chaque industrie, afin de stimuler la croissance \u00e9conomique et la prosp\u00e9rit\u00e9 de tous. Enfin, consid\u00e9rant que la formation est la cl\u00e9 de tout \u00e9cosyst\u00e8me num\u00e9rique, nous agissons en faveur du d\u00e9veloppement d\u2019un \u00e9cosyst\u00e8me talentueux sur le continent.<\/em>\u00a0\u00bb<\/p>\n<p style=\"font-weight: 400;\">\n<p style=\"font-weight: 400;\">Cependant, l\u2019av\u00e8nement d\u2019un avenir num\u00e9rique radieux en Afrique ne pourra advenir sans une forte collaboration entre les acteurs publics et priv\u00e9s op\u00e9rant sur le continent. A cet effet, Huawei a organis\u00e9 une table-ronde le jeudi 1<sup>er<\/sup>\u00a0juin au GITEX Africa sous la th\u00e9matique suivante\u00a0: \u00ab\u00a0<em>Lib\u00e9rer pleinement le potentiel du num\u00e9rique sur le continent africain. Quels r\u00f4les cl\u00e9s peuvent jouer les acteurs publics et priv\u00e9s\u00a0?<\/em>\u00a0\u00bb Anim\u00e9e par Dominique Desaunay, sp\u00e9cialiste des nouvelles technologies, cette table-ronde a r\u00e9uni des personnalit\u00e9s \u00e9minentes du monde de la technologie en Afrique. Figuraient notamment<strong>\u00a0Adnane Ben Halima<\/strong>, Vice-pr\u00e9sident en charge des relations publiques de Huawei Northern Africa,\u00a0<strong>Alpha Barry<\/strong>, CEO d\u2019Atos en Afrique\u00a0;\u00a0<strong>Nadia Filali<\/strong>, Directrice de l\u2019Innovation et du D\u00e9veloppement \u00e0 la Caisse des D\u00e9p\u00f4ts et membre du conseil d\u2019administration de l\u2019Agence du D\u00e9veloppement Digital (ADD) du Maroc\u00a0; ainsi que\u00a0<strong>Cyriac Gbogou<\/strong>, sp\u00e9cialiste des Technologies de l\u2019Information et de la Communication (TIC).<\/p>\n<p style=\"font-weight: 400;\">\n<p style=\"font-weight: 400;\"><strong>Adnane Ben Halima<\/strong>\u00a0a ainsi affirm\u00e9 que l&rsquo;Afrique repr\u00e9sente le plus grand potentiel de croissance dans le secteur num\u00e9rique. Il a notamment soulign\u00e9 les piliers et pr\u00e9requis essentiels \u00e0 la lib\u00e9ration de ce potentiel prometteur\u00a0: \u00ab\u00a0<em>L\u2019infrastructure \u2013 j\u2019entends la connectivit\u00e9 et le stockage des donn\u00e9es \u2013 constituent la base fondamentale de cette transformation. Il est ensuite primordial de d\u00e9velopper des sc\u00e9narios visant \u00e0 dynamiser des secteurs sp\u00e9cifiques gr\u00e2ce \u00e0 l&rsquo;adoption du num\u00e9rique. Enfin, la formation du capital humain rev\u00eat une importance cruciale. C\u2019est pourquoi, chez Huawei, nous avons d\u00e9ploy\u00e9 des programmes ambitieux qui ont pour objectif de former 15 000 personnes sur cinq ans.<\/em>\u00a0\u00bb<\/p>\n<p style=\"font-weight: 400;\">\n<p style=\"font-weight: 400;\">Le tr\u00e8s attendu GITEX Africa a ainsi \u00e9t\u00e9 l\u2019occasion pour Huawei d\u2019engager un dialogue avec les parties prenantes cl\u00e9s de l\u2019\u00e9cosyst\u00e8me, de renforcer les partenariats strat\u00e9giques et de de partager les meilleures pratiques en termes de transformation num\u00e9rique. Pionnier de l&rsquo;innovation technologique, Huawei est d\u00e9termin\u00e9e \u00e0 soutenir le d\u00e9veloppement durable de l&rsquo;Afrique en favorisant la cr\u00e9ation d&rsquo;\u00e9cosyst\u00e8mes num\u00e9riques dynamiques et inclusifs.<\/p>\n<p>&nbsp;<\/p>\n","protected":false},"excerpt":{"rendered":"<p>Du 31 mai au 2 juin 2023, la ville de Marrakech, au Maroc, a accueilli<\/p>\n","protected":false},"author":1,"featured_media":3250,"comment_status":"open","ping_status":"open","sticky":false,"template":"","format":"standard","meta":{"_acf_changed":false,"footnotes":""},"categories":[5,3],"tags":[925,21,221],"class_list":["post-3248","post","type-post","status-publish","format-standard","has-post-thumbnail","hentry","category-tech","category-nouvelles-selectionnees","tag-gitex-africa","tag-huawei","tag-marrakech"],"acf":[],"yoast_head":"<!-- This site is optimized with the Yoast SEO plugin v22.0 - https:\/\/yoast.com\/wordpress\/plugins\/seo\/ -->\n<title>GITEX Africa : L\u2019engagement de Huawei pour une \u00e9conomie num\u00e9rique plus connect\u00e9e, inclusive et durable en Afrique - MEDIA PLATEFORME | FR<\/title>\n<meta name=\"description\" content=\"Du 31 mai au 2 juin 2023, la ville de Marrakech, au Maroc, a accueilli la toute premi\u00e8re \u00e9dition du GITEX Africa, \u00e9v\u00e9nement phare d\u00e9di\u00e9 aux\" \/>\n<meta name=\"robots\" content=\"index, follow, max-snippet:-1, max-image-preview:large, max-video-preview:-1\" \/>\n<link rel=\"canonical\" href=\"https:\/\/www.mediaplateforme.com\/fr\/gitex-africa-lengagement-de-huawei-pour-une-economie-numerique-plus-connectee-inclusive-et-durable-en-afrique\/\" \/>\n<meta property=\"og:locale\" content=\"fr_FR\" \/>\n<meta property=\"og:type\" content=\"article\" \/>\n<meta property=\"og:title\" content=\"GITEX Africa : L\u2019engagement de Huawei pour une \u00e9conomie num\u00e9rique plus connect\u00e9e, inclusive et durable en Afrique - MEDIA PLATEFORME | FR\" \/>\n<meta property=\"og:description\" content=\"Du 31 mai au 2 juin 2023, la ville de Marrakech, au Maroc, a accueilli la toute premi\u00e8re \u00e9dition du GITEX Africa, \u00e9v\u00e9nement phare d\u00e9di\u00e9 aux\" \/>\n<meta property=\"og:url\" content=\"https:\/\/www.mediaplateforme.com\/fr\/gitex-africa-lengagement-de-huawei-pour-une-economie-numerique-plus-connectee-inclusive-et-durable-en-afrique\/\" \/>\n<meta property=\"og:site_name\" content=\"MEDIA PLATEFORME | FR\" \/>\n<meta property=\"article:published_time\" content=\"2023-06-08T19:16:03+00:00\" \/>\n<meta property=\"og:image\" content=\"https:\/\/www.mediaplateforme.com\/fr\/wp-content\/uploads\/sites\/5\/2023\/06\/Gitex-Africa-Terry-He-1024x626.png\" \/>\n\t<meta property=\"og:image:width\" content=\"1024\" \/>\n\t<meta property=\"og:image:height\" content=\"626\" \/>\n\t<meta property=\"og:image:type\" content=\"image\/png\" \/>\n<meta name=\"author\" content=\"Mediaplateforme\" \/>\n<meta name=\"twitter:card\" content=\"summary_large_image\" \/>\n<meta name=\"twitter:label1\" content=\"\u00c9crit par\" \/>\n\t<meta name=\"twitter:data1\" content=\"Mediaplateforme\" \/>\n\t<meta name=\"twitter:label2\" content=\"Dur\u00e9e de lecture estim\u00e9e\" \/>\n\t<meta name=\"twitter:data2\" content=\"5 minutes\" \/>\n<script type=\"application\/ld+json\" class=\"yoast-schema-graph\">{\"@context\":\"https:\/\/schema.org\",\"@graph\":[{\"@type\":\"WebPage\",\"@id\":\"https:\/\/www.mediaplateforme.com\/fr\/gitex-africa-lengagement-de-huawei-pour-une-economie-numerique-plus-connectee-inclusive-et-durable-en-afrique\/\",\"url\":\"https:\/\/www.mediaplateforme.com\/fr\/gitex-africa-lengagement-de-huawei-pour-une-economie-numerique-plus-connectee-inclusive-et-durable-en-afrique\/\",\"name\":\"GITEX Africa : L\u2019engagement de Huawei pour une \u00e9conomie num\u00e9rique plus connect\u00e9e, inclusive et durable en Afrique - MEDIA PLATEFORME | FR\",\"isPartOf\":{\"@id\":\"https:\/\/www.mediaplateforme.com\/fr\/#website\"},\"datePublished\":\"2023-06-08T19:16:03+00:00\",\"dateModified\":\"2023-06-08T19:16:03+00:00\",\"author\":{\"@id\":\"https:\/\/www.mediaplateforme.com\/fr\/#\/schema\/person\/89833db382b5db2c76b094bc902aa12a\"},\"description\":\"Du 31 mai au 2 juin 2023, la ville de Marrakech, au Maroc, a accueilli la toute premi\u00e8re \u00e9dition du GITEX Africa, \u00e9v\u00e9nement phare d\u00e9di\u00e9 aux\",\"breadcrumb\":{\"@id\":\"https:\/\/www.mediaplateforme.com\/fr\/gitex-africa-lengagement-de-huawei-pour-une-economie-numerique-plus-connectee-inclusive-et-durable-en-afrique\/#breadcrumb\"},\"inLanguage\":\"fr-FR\",\"potentialAction\":[{\"@type\":\"ReadAction\",\"target\":[\"https:\/\/www.mediaplateforme.com\/fr\/gitex-africa-lengagement-de-huawei-pour-une-economie-numerique-plus-connectee-inclusive-et-durable-en-afrique\/\"]}]},{\"@type\":\"BreadcrumbList\",\"@id\":\"https:\/\/www.mediaplateforme.com\/fr\/gitex-africa-lengagement-de-huawei-pour-une-economie-numerique-plus-connectee-inclusive-et-durable-en-afrique\/#breadcrumb\",\"itemListElement\":[{\"@type\":\"ListItem\",\"position\":1,\"name\":\"\u0627\u0644\u0631\u0626\u064a\u0633\u064a\u0629\",\"item\":\"https:\/\/www.mediaplateforme.com\/fr\/\"},{\"@type\":\"ListItem\",\"position\":2,\"name\":\"GITEX Africa : L\u2019engagement de Huawei pour une \u00e9conomie num\u00e9rique plus connect\u00e9e, inclusive et durable en Afrique\"}]},{\"@type\":\"WebSite\",\"@id\":\"https:\/\/www.mediaplateforme.com\/fr\/#website\",\"url\":\"https:\/\/www.mediaplateforme.com\/fr\/\",\"name\":\"MEDIA PLATEFORME | FR\",\"description\":\"Mediaplateforme sp\u00e9cialis\u00e9 dans la communication institutions publiques et des entreprises\",\"potentialAction\":[{\"@type\":\"SearchAction\",\"target\":{\"@type\":\"EntryPoint\",\"urlTemplate\":\"https:\/\/www.mediaplateforme.com\/fr\/?s={search_term_string}\"},\"query-input\":\"required name=search_term_string\"}],\"inLanguage\":\"fr-FR\"},{\"@type\":\"Person\",\"@id\":\"https:\/\/www.mediaplateforme.com\/fr\/#\/schema\/person\/89833db382b5db2c76b094bc902aa12a\",\"name\":\"Mediaplateforme\",\"image\":{\"@type\":\"ImageObject\",\"inLanguage\":\"fr-FR\",\"@id\":\"https:\/\/www.mediaplateforme.com\/fr\/#\/schema\/person\/image\/\",\"url\":\"https:\/\/secure.gravatar.com\/avatar\/6c9c02e8928cc65d54bf75157f7b3a2d06d7ad0494ca0951f679552ff03b34c1?s=96&d=mm&r=g\",\"contentUrl\":\"https:\/\/secure.gravatar.com\/avatar\/6c9c02e8928cc65d54bf75157f7b3a2d06d7ad0494ca0951f679552ff03b34c1?s=96&d=mm&r=g\",\"caption\":\"Mediaplateforme\"},\"sameAs\":[\"https:\/\/www.mediaplateforme.com\"],\"url\":\"https:\/\/www.mediaplateforme.com\/fr\/author\/mohamedladib\/\"}]}<\/script>\n<!-- \/ Yoast SEO plugin. -->","yoast_head_json":{"title":"GITEX Africa : L\u2019engagement de Huawei pour une \u00e9conomie num\u00e9rique plus connect\u00e9e, inclusive et durable en Afrique - MEDIA PLATEFORME | FR","description":"Du 31 mai au 2 juin 2023, la ville de Marrakech, au Maroc, a accueilli la toute premi\u00e8re \u00e9dition du GITEX Africa, \u00e9v\u00e9nement phare d\u00e9di\u00e9 aux","robots":{"index":"index","follow":"follow","max-snippet":"max-snippet:-1","max-image-preview":"max-image-preview:large","max-video-preview":"max-video-preview:-1"},"canonical":"https:\/\/www.mediaplateforme.com\/fr\/gitex-africa-lengagement-de-huawei-pour-une-economie-numerique-plus-connectee-inclusive-et-durable-en-afrique\/","og_locale":"fr_FR","og_type":"article","og_title":"GITEX Africa : L\u2019engagement de Huawei pour une \u00e9conomie num\u00e9rique plus connect\u00e9e, inclusive et durable en Afrique - MEDIA PLATEFORME | FR","og_description":"Du 31 mai au 2 juin 2023, la ville de Marrakech, au Maroc, a accueilli la toute premi\u00e8re \u00e9dition du GITEX Africa, \u00e9v\u00e9nement phare d\u00e9di\u00e9 aux","og_url":"https:\/\/www.mediaplateforme.com\/fr\/gitex-africa-lengagement-de-huawei-pour-une-economie-numerique-plus-connectee-inclusive-et-durable-en-afrique\/","og_site_name":"MEDIA PLATEFORME | FR","article_published_time":"2023-06-08T19:16:03+00:00","og_image":[{"width":1024,"height":626,"url":"https:\/\/www.mediaplateforme.com\/fr\/wp-content\/uploads\/sites\/5\/2023\/06\/Gitex-Africa-Terry-He-1024x626.png","type":"image\/png"}],"author":"Mediaplateforme","twitter_card":"summary_large_image","twitter_misc":{"\u00c9crit par":"Mediaplateforme","Dur\u00e9e de lecture estim\u00e9e":"5 minutes"},"schema":{"@context":"https:\/\/schema.org","@graph":[{"@type":"WebPage","@id":"https:\/\/www.mediaplateforme.com\/fr\/gitex-africa-lengagement-de-huawei-pour-une-economie-numerique-plus-connectee-inclusive-et-durable-en-afrique\/","url":"https:\/\/www.mediaplateforme.com\/fr\/gitex-africa-lengagement-de-huawei-pour-une-economie-numerique-plus-connectee-inclusive-et-durable-en-afrique\/","name":"GITEX Africa : L\u2019engagement de Huawei pour une \u00e9conomie num\u00e9rique plus connect\u00e9e, inclusive et durable en Afrique - MEDIA PLATEFORME | FR","isPartOf":{"@id":"https:\/\/www.mediaplateforme.com\/fr\/#website"},"datePublished":"2023-06-08T19:16:03+00:00","dateModified":"2023-06-08T19:16:03+00:00","author":{"@id":"https:\/\/www.mediaplateforme.com\/fr\/#\/schema\/person\/89833db382b5db2c76b094bc902aa12a"},"description":"Du 31 mai au 2 juin 2023, la ville de Marrakech, au Maroc, a accueilli la toute premi\u00e8re \u00e9dition du GITEX Africa, \u00e9v\u00e9nement phare d\u00e9di\u00e9 aux","breadcrumb":{"@id":"https:\/\/www.mediaplateforme.com\/fr\/gitex-africa-lengagement-de-huawei-pour-une-economie-numerique-plus-connectee-inclusive-et-durable-en-afrique\/#breadcrumb"},"inLanguage":"fr-FR","potentialAction":[{"@type":"ReadAction","target":["https:\/\/www.mediaplateforme.com\/fr\/gitex-africa-lengagement-de-huawei-pour-une-economie-numerique-plus-connectee-inclusive-et-durable-en-afrique\/"]}]},{"@type":"BreadcrumbList","@id":"https:\/\/www.mediaplateforme.com\/fr\/gitex-africa-lengagement-de-huawei-pour-une-economie-numerique-plus-connectee-inclusive-et-durable-en-afrique\/#breadcrumb","itemListElement":[{"@type":"ListItem","position":1,"name":"\u0627\u0644\u0631\u0626\u064a\u0633\u064a\u0629","item":"https:\/\/www.mediaplateforme.com\/fr\/"},{"@type":"ListItem","position":2,"name":"GITEX Africa : L\u2019engagement de Huawei pour une \u00e9conomie num\u00e9rique plus connect\u00e9e, inclusive et durable en Afrique"}]},{"@type":"WebSite","@id":"https:\/\/www.mediaplateforme.com\/fr\/#website","url":"https:\/\/www.mediaplateforme.com\/fr\/","name":"MEDIA PLATEFORME | FR","description":"Mediaplateforme sp\u00e9cialis\u00e9 dans la communication institutions publiques et des entreprises","potentialAction":[{"@type":"SearchAction","target":{"@type":"EntryPoint","urlTemplate":"https:\/\/www.mediaplateforme.com\/fr\/?s={search_term_string}"},"query-input":"required name=search_term_string"}],"inLanguage":"fr-FR"},{"@type":"Person","@id":"https:\/\/www.mediaplateforme.com\/fr\/#\/schema\/person\/89833db382b5db2c76b094bc902aa12a","name":"Mediaplateforme","image":{"@type":"ImageObject","inLanguage":"fr-FR","@id":"https:\/\/www.mediaplateforme.com\/fr\/#\/schema\/person\/image\/","url":"https:\/\/secure.gravatar.com\/avatar\/6c9c02e8928cc65d54bf75157f7b3a2d06d7ad0494ca0951f679552ff03b34c1?s=96&d=mm&r=g","contentUrl":"https:\/\/secure.gravatar.com\/avatar\/6c9c02e8928cc65d54bf75157f7b3a2d06d7ad0494ca0951f679552ff03b34c1?s=96&d=mm&r=g","caption":"Mediaplateforme"},"sameAs":["https:\/\/www.mediaplateforme.com"],"url":"https:\/\/www.mediaplateforme.com\/fr\/author\/mohamedladib\/"}]}},"_links":{"self":[{"href":"https:\/\/www.mediaplateforme.com\/fr\/wp-json\/wp\/v2\/posts\/3248","targetHints":{"allow":["GET"]}}],"collection":[{"href":"https:\/\/www.mediaplateforme.com\/fr\/wp-json\/wp\/v2\/posts"}],"about":[{"href":"https:\/\/www.mediaplateforme.com\/fr\/wp-json\/wp\/v2\/types\/post"}],"author":[{"embeddable":true,"href":"https:\/\/www.mediaplateforme.com\/fr\/wp-json\/wp\/v2\/users\/1"}],"replies":[{"embeddable":true,"href":"https:\/\/www.mediaplateforme.com\/fr\/wp-json\/wp\/v2\/comments?post=3248"}],"version-history":[{"count":1,"href":"https:\/\/www.mediaplateforme.com\/fr\/wp-json\/wp\/v2\/posts\/3248\/revisions"}],"predecessor-version":[{"id":3251,"href":"https:\/\/www.mediaplateforme.com\/fr\/wp-json\/wp\/v2\/posts\/3248\/revisions\/3251"}],"wp:featuredmedia":[{"embeddable":true,"href":"https:\/\/www.mediaplateforme.com\/fr\/wp-json\/wp\/v2\/media\/3250"}],"wp:attachment":[{"href":"https:\/\/www.mediaplateforme.com\/fr\/wp-json\/wp\/v2\/media?parent=3248"}],"wp:term":[{"taxonomy":"category","embeddable":true,"href":"https:\/\/www.mediaplateforme.com\/fr\/wp-json\/wp\/v2\/categories?post=3248"},{"taxonomy":"post_tag","embeddable":true,"href":"https:\/\/www.mediaplateforme.com\/fr\/wp-json\/wp\/v2\/tags?post=3248"}],"curies":[{"name":"wp","href":"https:\/\/api.w.org\/{rel}","templated":true}]}}