{"id":3245,"date":"2023-06-08T14:00:07","date_gmt":"2023-06-08T13:00:07","guid":{"rendered":"https:\/\/www.mediaplateforme.com\/fr\/?p=3245"},"modified":"2023-06-08T14:01:11","modified_gmt":"2023-06-08T13:01:11","slug":"la-federation-marocaine-de-plasturgie-organise-la-9eme-edition-du-plastexpo-2","status":"publish","type":"post","link":"https:\/\/www.mediaplateforme.com\/fr\/la-federation-marocaine-de-plasturgie-organise-la-9eme-edition-du-plastexpo-2\/","title":{"rendered":"La F\u00e9d\u00e9ration Marocaine de Plasturgie organise la 9\u00e8me \u00e9dition du PlastExpo"},"content":{"rendered":"<p>Sous l\u2019\u00e9gide du Minist\u00e8re de l\u2019Industrie et du Commerce et avec l\u2019Appui de l\u2019Agence Marocaine de d\u00e9veloppement des investissements et des Exportations (AMDIE) et en partenariat avec la CGEM, La F\u00e9d\u00e9ration Marocaine de Plasturgie organise la 9<sup>\u00e8me<\/sup> \u00e9dition du PlastExpo \u2013 Salon International du Plastique , de Caoutchouc, des Composites et de P\u00e9trochimie- et de la 4<sup>\u00e8me<\/sup> Edition du PackExpo ( Salon International du Packaging, de l\u2019Impression et de la logistique de proximit\u00e9) qui se tiendront en Concomitance du 07 AU 10 Juin 2023 au parc des expositions Mohammed VI \u00e0 El Jadida \u2013 Maroc .<\/p>\n<p>En plus de la mobilisation des acteurs locaux de la plasturgie et du packaging pour l\u2019occasion, la F\u00e9d\u00e9ration Marocaine de Plasturgie a entam\u00e9 les contacts avec les repr\u00e9sentations commerciales et \u00e9conomiques des ambassades \u00e9trang\u00e8res partenaires install\u00e9s au Maroc pour la participation des Industriels de leurs pays.<\/p>\n<p>Des exposants de 30 pays sont attendus avec pas moins de 350 acteurs nationaux et internationaux avec un volume de visitorat professionnel attendu d\u00e9passant les 20 000 personnes. Deux pays partenaires seront \u00e0 l\u2019honneur pour cette Edition, il s\u2019agit de l\u2019Italie repr\u00e9sent\u00e9 par l\u2019Association des constructeurs de machines pour le Plastiques et Caoutchouc (AMAPLAST) et le Portugal repr\u00e9sent\u00e9 par l\u2019Association Portugaise des Industriels du Plastique (APIP).<\/p>\n<p>Ces contacts ont \u00e9t\u00e9 pr\u00e9c\u00e9d\u00e9s par plusieurs actions en l\u2019occurrence, la signature le 20 juin 2022, de la convention cadre pour le sourcing local en emballage du secteur agroalimentaire en pr\u00e9sence de Monsieur le Ministre de l\u2019Industrie Ryad MEZZOUR, du Pr\u00e9sident de la FENAGRI et ce de plusieurs autres f\u00e9d\u00e9rations partenaires. Une autre convention sp\u00e9cifique sourcing local en produits de la plasturgie a \u00e9t\u00e9 sign\u00e9 \u00e0 l\u2019occasion pour substituer l\u2019importation des emballages plastiques dans un objectif de renforcer la souverainet\u00e9 et l\u2019autonomie de l\u2019industrie marocaine.<\/p>\n<p>Des conventions pour le d\u00e9veloppement de l\u2019Investissement au Maroc et \u00e0 l\u2019\u00e9tranger ont \u00e9t\u00e9 sign\u00e9es avec plusieurs repr\u00e9sentations sectorielles lors du Plastics Summit \u2013 Global Event 2022 en Octobre 2022 et du 10\u00e8me \u00e9dition du Forum-exposition de la Plasturgie qui a \u00e9t\u00e9 organis\u00e9 en juin 2022 sous l\u2019\u00e9gide du minist\u00e8re de l\u2019Industrie et du Commerce, en partenariat avec la CGEM, et avec le sponsoring de la Soci\u00e9t\u00e9 Nationale d\u2019Electrolyse et de P\u00e9trochimie (SNEP) et le soutien de l\u2019Agence Marocaine de D\u00e9veloppement de l\u2019Investissement et des Exportations (AMDIE).<\/p>\n<p>A l\u2019occasion du lancement de ces deux manifestations sectorielles internationales de la plasturgie, sourcing local du secteur de l\u2019agroalimentaire, <strong>Monsieur Hicham EL HAID<\/strong>, pr\u00e9sident de la F\u00e9d\u00e9ration Marocaine de Plasturgie et Pr\u00e9sident du Plastexpo 2023 et du PackExpo 2023 pr\u00e9cise<\/p>\n<p>que <em>\u00ab\u00a0Le leitmotive des \u00e9ditions 2023 du Plastexpo et du Packexpo s\u2019inspire de cette nouvelle approche adopt\u00e9e par l\u2019ing\u00e9niosit\u00e9 de notreminist\u00e8re de tutelle d\u2019impliquer en amont les diff\u00e9rents secteurs de l\u2019\u00e9cosyst\u00e8me industriel marocain pour la fructification des synergies intersectorielles dans un objectif de renforcer la souverainet\u00e9 industrielle marocaine dans un objectif solennel d\u2019une concr\u00e9tisation des grandes orientations de Sa Majest\u00e9 le Roi Mohammed VI, qui surement va avoir un impact direct sur le secteur de la plasturgie en particulier et sur l\u2019industrie marocaine plus g\u00e9n\u00e9ralement. Une fois de plus, la plasturgie marocaine \u00e0 travers la signature de des derni\u00e8res conventions et des conventions en cours de pr\u00e9paration confirme son implication et son engagement \u00e0 accompagner le secteur de l\u2019agroalimentaire, de l\u2019automobile, du b\u00e2timent \u2026etc et ce pour plus d\u2019int\u00e9gration en faveur de produits 100% made in Morroco.\u00a0\u00bb<\/em><\/p>\n<p>L\u2019Animation Scientifique et Technique lors de cet \u00e9v\u00e9nement aua donc pour objectif d\u2019\u00e9tudier en pr\u00e9sence d\u2019Experts nationaux, internationaux et de leaders d\u2019opinions, l\u2019optimisation des croissances intersectorielles avec ces deux secteurs, en vue de l\u2019ancrage de la souverainet\u00e9 industrielle, de la substitution des importations de produits plastiques, du d\u00e9veloppement de l\u2019Investissement et des exportations et de la cr\u00e9ation de l\u2019Emploi.<\/p>\n<p>Les th\u00e9matiques de la d\u00e9carbonations, de l\u2019Energie propre, la pr\u00e9f\u00e9rence nationale, le Made in Morocco et l\u2019Economie circulaire, dans le secteur de la Plasturgie, seront \u00e9galement \u00e9voqu\u00e9s lors du Plast expo et du PackExpo.<\/p>\n<p>L\u2019Association des fabricants des produits plastiques pour le BTP, membre de la F\u00e9d\u00e9ration Marocaine de Plasturgie, vont tenir un workshop sur quelles solutions de la plasturgie pour le stress hydrique et de l\u2019efficience de gestion de la distribution d\u2019eau.<\/p>\n<p>Ce s\u00e9minaire connaitra la participation du Minist\u00e8re de l\u2019Industrie et du Commerce, du Minist\u00e8re du D\u00e9veloppement Durable, du Minist\u00e8re de l\u2019Agriculture, des grands op\u00e9rateurs de la plasturgie du secteur et du secteur de l\u2019eau ainsi que des grands donneurs d\u2019ordre nationaux et internationaux.<\/p>\n<p>L\u2019Association des recycleurs et d\u00e9chets plastiques, membre de la F\u00e9d\u00e9ration Marocaine de Plasturgie, participera \u00e0 l\u2019animation sur l\u2019atelier sur le d\u00e9veloppement durable et l\u2019\u00e9conomie circulaire en plasturgie.<\/p>\n<p>L\u2019AMAPLAST va animer un workshop technique sur l\u2019innovation dans le domaine du recyclage plastique comme \u00e9tant un levier sectoriel en plasturgie pour le d\u00e9veloppement de l\u2019investissement vert. Ce workshop sera en mode pr\u00e9sentiel et diffus\u00e9 en streaming dans les quatre coins du monde.<\/p>\n<h4><strong>La Manifestation s\u2019articulera autour de quatre temps forts :<\/strong><\/h4>\n<ul>\n<li>La session pl\u00e9ni\u00e8re (1<sup>er<\/sup> jour) d\u2019inauguration en pr\u00e9sence des ministres, des ambassadeurs des pays participants et partenaires, les Directeurs G\u00e9n\u00e9raux des administrations nationales qui traitera des th\u00e9matiques de l\u2019investissement et de l\u2019export dans la plasturgie, industrie strat\u00e9gique et<\/li>\n<li>Les Expositions Plast expo et PackExpo, sur 10 000 m\u00e8tres carr\u00e9s, vitrines internationales de l\u2019offre et de l\u2019innovation qui permettront de montrer le dynamisme et le savoir-faire nationaux, Made in Morocco,et internationaux des secteurs de l\u2019industrie plastique et du Packaging.<\/li>\n<\/ul>\n<ul>\n<li>L\u2019espace B-to-B avec l\u2019appui de l\u2019AMDIE, l\u2019ONUDI, l\u2019ITA connaitra un dynamisme sans pr\u00e9c\u00e8dent dans un objectif de favoriser les rencontres entre investisseurs et la mise en place de partenariats strat\u00e9giques entre diff\u00e9rents repr\u00e9sentants des fili\u00e8res industrielles.<\/li>\n<\/ul>\n<h4><strong><u>Le Maroc, terre de plasturgie !<\/u><\/strong><\/h4>\n<p>Le secteur conna\u00eet un fort d\u00e9veloppement, il est d\u00e9sormais le deuxi\u00e8me secteur le plus important dans la transformation des industries chimiques du pays.<\/p>\n<p>La plasturgie occupe une place centrale dans tous les secteurs de l\u2019\u00e9conomie : agroalimentaire, automobile, a\u00e9ronautique, \u00e9nergie (c\u00e2blage et s\u00e9curit\u00e9 \u00e9lectriques\u2026), informatique et t\u00e9l\u00e9communication, transport hydraulique\u2026<\/p>\n<p>Le secteur est une force industrielle av\u00e9r\u00e9e et activit\u00e9 industrialisante incarn\u00e9e par pas moins de 680 entreprises et pr\u00e8s de 75 000 employ\u00e9s directs et 320 000 indirects. Ce qui en fait l\u2019un des plus grands employeurs du secteur industriel au Maroc. Sa production est estim\u00e9e \u00e0 800 kilotonnes de mati\u00e8res premi\u00e8res vierges et un \u00e9quivalent en tonnage de 30% en recycl\u00e9, pour un march\u00e9 \u00e9valu\u00e9 \u00e0 28 milliards de dirhams, ventil\u00e9s sur plusieurs segments industriels : emballage agro-alimentaire et technique : 8,2 MMDH; plasturgie pour l\u2019automobile : 6,2 MMDH ; BTP : 3 MMDH ; agriculture: 2,5 MMDH ; recyclage des plastiques: 5,4 MMDH et autres segments \u00e0 moindre valeur ajout\u00e9e : 2,7 MMDH.<\/p>\n<p>&nbsp;<\/p>\n<p>La plasturgie marocaine est ainsi une r\u00e9elle force industrielle adoub\u00e9e d\u2019un capital humain. Son rythme de croissance et de modernisation font d\u2019elle une des premi\u00e8res forces industrielles du continent. Autant d\u2019atouts qui concourent \u00e0 faire du Maroc un mod\u00e8le industriel et locomotive du secteur sur le continent et dans le pourtour m\u00e9diterran\u00e9en.<\/p>\n<p>Avec un rendez-vous comme Plast Expo &amp; Packexpo, le Maroc propose une fois de plus une nouvelle plateforme qui contribue au renforcement d\u2019un des secteurs \u00e9conomiques les plus dynamiques et les plus porteurs sur le continent.<\/p>\n<h4><strong><u>A propos de la F\u00e9d\u00e9ration Marocaine de Plasturgie :<\/u><\/strong><\/h4>\n<p>La F\u00e9d\u00e9ration Marocaine de Plasturgie (FMP) est une corporation professionnelle nationale \u00e0 but non lucratif qui existe depuis plus d\u2019un quart de si\u00e8cle. Elle regroupe plusieurs associations professionnelles et groupements d\u2019int\u00e9r\u00eat \u00e9conomique, repr\u00e9sentant plus de 220 entreprises adh\u00e9rentes, soit plus de 87% du chiffre d\u2019affaire du secteur.<\/p>\n<p>Elle encadre et oriente les op\u00e9rateurs, milite pour leurs int\u00e9r\u00eats et fait la promotion du secteur \u00e0 l\u2019\u00e9chelle nationale et internationale, veillant ainsi \u00e0 assurer un environnement \u00e9conomique favorable pour leurs d\u00e9veloppement.<\/p>\n<p>La F.M.P organise pour le compte du secteur les salons : Plastexpo, Plastpack et Pack expo, le forum international de la plasturgie et le Congr\u00e8s international Plasturgia \u00ab ICP \u00bb.<\/p>\n<h4><strong><u>A propos de Global Fairs &amp; Events &#8211; Organisateur d\u00e9l\u00e9gu\u00e9 : <\/u><\/strong><\/h4>\n<p>Global Fairs &amp;Event est une des agences leaders de Communication et d&rsquo;\u00e9v\u00e9nementiel au Maroc. Bien positionn\u00e9e sur le march\u00e9 marocain en particulier et africain en g\u00e9n\u00e9ral, Global Fairs&amp;Events jouit de partenariats forts aussi bien locaux qu\u2019internationaux notamment avec le Minist\u00e8re des \u00e9quipements et du Transport, la F\u00e9d\u00e9ration Marocaine de Plasturgie, Le groupement interprofessionnel de l\u2019Automobile au Maroc, la F\u00e9d\u00e9ration Nationale de l\u2019Electricit\u00e9. Prochains salons organis\u00e9s par Global Fairs &amp; Events: Life Style expo &amp; Home Style expo, International Spare Parts &amp; Motorbike Show, Covering Expo- Woodex Expo.<\/p>\n","protected":false},"excerpt":{"rendered":"<p>Sous l\u2019\u00e9gide du Minist\u00e8re de l\u2019Industrie et du Commerce et avec l\u2019Appui de l\u2019Agence Marocaine<\/p>\n","protected":false},"author":1,"featured_media":3246,"comment_status":"open","ping_status":"open","sticky":false,"template":"","format":"standard","meta":{"_acf_changed":false,"footnotes":""},"categories":[2,3],"tags":[994,989,993,991,992,990],"class_list":["post-3245","post","type-post","status-publish","format-standard","has-post-thumbnail","hentry","category-nouvelles","category-nouvelles-selectionnees","tag-congres-international-plasturgia","tag-federation-marocaine-de-plasturgie","tag-pack-expo","tag-plastexpo","tag-plastpack","tag-plasturgie"],"acf":[],"yoast_head":"<!-- This site is optimized with the Yoast SEO plugin v22.0 - https:\/\/yoast.com\/wordpress\/plugins\/seo\/ -->\n<title>La F\u00e9d\u00e9ration Marocaine de Plasturgie organise la 9\u00e8me \u00e9dition du PlastExpo - MEDIA PLATEFORME | FR<\/title>\n<meta name=\"description\" content=\"Sous l\u2019\u00e9gide du Minist\u00e8re de l\u2019Industrie et du Commerce et avec l\u2019Appui de l\u2019Agence Marocaine de d\u00e9veloppement des investissements et des Ex\" \/>\n<meta name=\"robots\" content=\"index, follow, max-snippet:-1, max-image-preview:large, max-video-preview:-1\" \/>\n<link rel=\"canonical\" href=\"https:\/\/www.mediaplateforme.com\/fr\/la-federation-marocaine-de-plasturgie-organise-la-9eme-edition-du-plastexpo-2\/\" \/>\n<meta property=\"og:locale\" content=\"fr_FR\" \/>\n<meta property=\"og:type\" content=\"article\" \/>\n<meta property=\"og:title\" content=\"La F\u00e9d\u00e9ration Marocaine de Plasturgie organise la 9\u00e8me \u00e9dition du PlastExpo - MEDIA PLATEFORME | FR\" \/>\n<meta property=\"og:description\" content=\"Sous l\u2019\u00e9gide du Minist\u00e8re de l\u2019Industrie et du Commerce et avec l\u2019Appui de l\u2019Agence Marocaine de d\u00e9veloppement des investissements et des Ex\" \/>\n<meta property=\"og:url\" content=\"https:\/\/www.mediaplateforme.com\/fr\/la-federation-marocaine-de-plasturgie-organise-la-9eme-edition-du-plastexpo-2\/\" \/>\n<meta property=\"og:site_name\" content=\"MEDIA PLATEFORME | FR\" \/>\n<meta property=\"article:published_time\" content=\"2023-06-08T13:00:07+00:00\" \/>\n<meta property=\"article:modified_time\" content=\"2023-06-08T13:01:11+00:00\" \/>\n<meta property=\"og:image\" content=\"https:\/\/www.mediaplateforme.com\/fr\/wp-content\/uploads\/sites\/5\/2023\/06\/salon30.jpg\" \/>\n\t<meta property=\"og:image:width\" content=\"1600\" \/>\n\t<meta property=\"og:image:height\" content=\"747\" \/>\n\t<meta property=\"og:image:type\" content=\"image\/jpeg\" \/>\n<meta name=\"author\" content=\"Mediaplateforme\" \/>\n<meta name=\"twitter:card\" content=\"summary_large_image\" \/>\n<meta name=\"twitter:label1\" content=\"\u00c9crit par\" \/>\n\t<meta name=\"twitter:data1\" content=\"Mediaplateforme\" \/>\n\t<meta name=\"twitter:label2\" content=\"Dur\u00e9e de lecture estim\u00e9e\" \/>\n\t<meta name=\"twitter:data2\" content=\"8 minutes\" \/>\n<script type=\"application\/ld+json\" class=\"yoast-schema-graph\">{\"@context\":\"https:\/\/schema.org\",\"@graph\":[{\"@type\":\"WebPage\",\"@id\":\"https:\/\/www.mediaplateforme.com\/fr\/la-federation-marocaine-de-plasturgie-organise-la-9eme-edition-du-plastexpo-2\/\",\"url\":\"https:\/\/www.mediaplateforme.com\/fr\/la-federation-marocaine-de-plasturgie-organise-la-9eme-edition-du-plastexpo-2\/\",\"name\":\"La F\u00e9d\u00e9ration Marocaine de Plasturgie organise la 9\u00e8me \u00e9dition du PlastExpo - MEDIA PLATEFORME | FR\",\"isPartOf\":{\"@id\":\"https:\/\/www.mediaplateforme.com\/fr\/#website\"},\"datePublished\":\"2023-06-08T13:00:07+00:00\",\"dateModified\":\"2023-06-08T13:01:11+00:00\",\"author\":{\"@id\":\"https:\/\/www.mediaplateforme.com\/fr\/#\/schema\/person\/89833db382b5db2c76b094bc902aa12a\"},\"description\":\"Sous l\u2019\u00e9gide du Minist\u00e8re de l\u2019Industrie et du Commerce et avec l\u2019Appui de l\u2019Agence Marocaine de d\u00e9veloppement des investissements et des Ex\",\"breadcrumb\":{\"@id\":\"https:\/\/www.mediaplateforme.com\/fr\/la-federation-marocaine-de-plasturgie-organise-la-9eme-edition-du-plastexpo-2\/#breadcrumb\"},\"inLanguage\":\"fr-FR\",\"potentialAction\":[{\"@type\":\"ReadAction\",\"target\":[\"https:\/\/www.mediaplateforme.com\/fr\/la-federation-marocaine-de-plasturgie-organise-la-9eme-edition-du-plastexpo-2\/\"]}]},{\"@type\":\"BreadcrumbList\",\"@id\":\"https:\/\/www.mediaplateforme.com\/fr\/la-federation-marocaine-de-plasturgie-organise-la-9eme-edition-du-plastexpo-2\/#breadcrumb\",\"itemListElement\":[{\"@type\":\"ListItem\",\"position\":1,\"name\":\"\u0627\u0644\u0631\u0626\u064a\u0633\u064a\u0629\",\"item\":\"https:\/\/www.mediaplateforme.com\/fr\/\"},{\"@type\":\"ListItem\",\"position\":2,\"name\":\"La F\u00e9d\u00e9ration Marocaine de Plasturgie organise la 9\u00e8me \u00e9dition du PlastExpo\"}]},{\"@type\":\"WebSite\",\"@id\":\"https:\/\/www.mediaplateforme.com\/fr\/#website\",\"url\":\"https:\/\/www.mediaplateforme.com\/fr\/\",\"name\":\"MEDIA PLATEFORME | FR\",\"description\":\"Mediaplateforme sp\u00e9cialis\u00e9 dans la communication institutions publiques et des entreprises\",\"potentialAction\":[{\"@type\":\"SearchAction\",\"target\":{\"@type\":\"EntryPoint\",\"urlTemplate\":\"https:\/\/www.mediaplateforme.com\/fr\/?s={search_term_string}\"},\"query-input\":\"required name=search_term_string\"}],\"inLanguage\":\"fr-FR\"},{\"@type\":\"Person\",\"@id\":\"https:\/\/www.mediaplateforme.com\/fr\/#\/schema\/person\/89833db382b5db2c76b094bc902aa12a\",\"name\":\"Mediaplateforme\",\"image\":{\"@type\":\"ImageObject\",\"inLanguage\":\"fr-FR\",\"@id\":\"https:\/\/www.mediaplateforme.com\/fr\/#\/schema\/person\/image\/\",\"url\":\"https:\/\/secure.gravatar.com\/avatar\/6c9c02e8928cc65d54bf75157f7b3a2d06d7ad0494ca0951f679552ff03b34c1?s=96&d=mm&r=g\",\"contentUrl\":\"https:\/\/secure.gravatar.com\/avatar\/6c9c02e8928cc65d54bf75157f7b3a2d06d7ad0494ca0951f679552ff03b34c1?s=96&d=mm&r=g\",\"caption\":\"Mediaplateforme\"},\"sameAs\":[\"https:\/\/www.mediaplateforme.com\"],\"url\":\"https:\/\/www.mediaplateforme.com\/fr\/author\/mohamedladib\/\"}]}<\/script>\n<!-- \/ Yoast SEO plugin. -->","yoast_head_json":{"title":"La F\u00e9d\u00e9ration Marocaine de Plasturgie organise la 9\u00e8me \u00e9dition du PlastExpo - MEDIA PLATEFORME | FR","description":"Sous l\u2019\u00e9gide du Minist\u00e8re de l\u2019Industrie et du Commerce et avec l\u2019Appui de l\u2019Agence Marocaine de d\u00e9veloppement des investissements et des Ex","robots":{"index":"index","follow":"follow","max-snippet":"max-snippet:-1","max-image-preview":"max-image-preview:large","max-video-preview":"max-video-preview:-1"},"canonical":"https:\/\/www.mediaplateforme.com\/fr\/la-federation-marocaine-de-plasturgie-organise-la-9eme-edition-du-plastexpo-2\/","og_locale":"fr_FR","og_type":"article","og_title":"La F\u00e9d\u00e9ration Marocaine de Plasturgie organise la 9\u00e8me \u00e9dition du PlastExpo - MEDIA PLATEFORME | FR","og_description":"Sous l\u2019\u00e9gide du Minist\u00e8re de l\u2019Industrie et du Commerce et avec l\u2019Appui de l\u2019Agence Marocaine de d\u00e9veloppement des investissements et des Ex","og_url":"https:\/\/www.mediaplateforme.com\/fr\/la-federation-marocaine-de-plasturgie-organise-la-9eme-edition-du-plastexpo-2\/","og_site_name":"MEDIA PLATEFORME | FR","article_published_time":"2023-06-08T13:00:07+00:00","article_modified_time":"2023-06-08T13:01:11+00:00","og_image":[{"width":1600,"height":747,"url":"https:\/\/www.mediaplateforme.com\/fr\/wp-content\/uploads\/sites\/5\/2023\/06\/salon30.jpg","type":"image\/jpeg"}],"author":"Mediaplateforme","twitter_card":"summary_large_image","twitter_misc":{"\u00c9crit par":"Mediaplateforme","Dur\u00e9e de lecture estim\u00e9e":"8 minutes"},"schema":{"@context":"https:\/\/schema.org","@graph":[{"@type":"WebPage","@id":"https:\/\/www.mediaplateforme.com\/fr\/la-federation-marocaine-de-plasturgie-organise-la-9eme-edition-du-plastexpo-2\/","url":"https:\/\/www.mediaplateforme.com\/fr\/la-federation-marocaine-de-plasturgie-organise-la-9eme-edition-du-plastexpo-2\/","name":"La F\u00e9d\u00e9ration Marocaine de Plasturgie organise la 9\u00e8me \u00e9dition du PlastExpo - MEDIA PLATEFORME | FR","isPartOf":{"@id":"https:\/\/www.mediaplateforme.com\/fr\/#website"},"datePublished":"2023-06-08T13:00:07+00:00","dateModified":"2023-06-08T13:01:11+00:00","author":{"@id":"https:\/\/www.mediaplateforme.com\/fr\/#\/schema\/person\/89833db382b5db2c76b094bc902aa12a"},"description":"Sous l\u2019\u00e9gide du Minist\u00e8re de l\u2019Industrie et du Commerce et avec l\u2019Appui de l\u2019Agence Marocaine de d\u00e9veloppement des investissements et des Ex","breadcrumb":{"@id":"https:\/\/www.mediaplateforme.com\/fr\/la-federation-marocaine-de-plasturgie-organise-la-9eme-edition-du-plastexpo-2\/#breadcrumb"},"inLanguage":"fr-FR","potentialAction":[{"@type":"ReadAction","target":["https:\/\/www.mediaplateforme.com\/fr\/la-federation-marocaine-de-plasturgie-organise-la-9eme-edition-du-plastexpo-2\/"]}]},{"@type":"BreadcrumbList","@id":"https:\/\/www.mediaplateforme.com\/fr\/la-federation-marocaine-de-plasturgie-organise-la-9eme-edition-du-plastexpo-2\/#breadcrumb","itemListElement":[{"@type":"ListItem","position":1,"name":"\u0627\u0644\u0631\u0626\u064a\u0633\u064a\u0629","item":"https:\/\/www.mediaplateforme.com\/fr\/"},{"@type":"ListItem","position":2,"name":"La F\u00e9d\u00e9ration Marocaine de Plasturgie organise la 9\u00e8me \u00e9dition du PlastExpo"}]},{"@type":"WebSite","@id":"https:\/\/www.mediaplateforme.com\/fr\/#website","url":"https:\/\/www.mediaplateforme.com\/fr\/","name":"MEDIA PLATEFORME | FR","description":"Mediaplateforme sp\u00e9cialis\u00e9 dans la communication institutions publiques et des entreprises","potentialAction":[{"@type":"SearchAction","target":{"@type":"EntryPoint","urlTemplate":"https:\/\/www.mediaplateforme.com\/fr\/?s={search_term_string}"},"query-input":"required name=search_term_string"}],"inLanguage":"fr-FR"},{"@type":"Person","@id":"https:\/\/www.mediaplateforme.com\/fr\/#\/schema\/person\/89833db382b5db2c76b094bc902aa12a","name":"Mediaplateforme","image":{"@type":"ImageObject","inLanguage":"fr-FR","@id":"https:\/\/www.mediaplateforme.com\/fr\/#\/schema\/person\/image\/","url":"https:\/\/secure.gravatar.com\/avatar\/6c9c02e8928cc65d54bf75157f7b3a2d06d7ad0494ca0951f679552ff03b34c1?s=96&d=mm&r=g","contentUrl":"https:\/\/secure.gravatar.com\/avatar\/6c9c02e8928cc65d54bf75157f7b3a2d06d7ad0494ca0951f679552ff03b34c1?s=96&d=mm&r=g","caption":"Mediaplateforme"},"sameAs":["https:\/\/www.mediaplateforme.com"],"url":"https:\/\/www.mediaplateforme.com\/fr\/author\/mohamedladib\/"}]}},"_links":{"self":[{"href":"https:\/\/www.mediaplateforme.com\/fr\/wp-json\/wp\/v2\/posts\/3245","targetHints":{"allow":["GET"]}}],"collection":[{"href":"https:\/\/www.mediaplateforme.com\/fr\/wp-json\/wp\/v2\/posts"}],"about":[{"href":"https:\/\/www.mediaplateforme.com\/fr\/wp-json\/wp\/v2\/types\/post"}],"author":[{"embeddable":true,"href":"https:\/\/www.mediaplateforme.com\/fr\/wp-json\/wp\/v2\/users\/1"}],"replies":[{"embeddable":true,"href":"https:\/\/www.mediaplateforme.com\/fr\/wp-json\/wp\/v2\/comments?post=3245"}],"version-history":[{"count":1,"href":"https:\/\/www.mediaplateforme.com\/fr\/wp-json\/wp\/v2\/posts\/3245\/revisions"}],"predecessor-version":[{"id":3247,"href":"https:\/\/www.mediaplateforme.com\/fr\/wp-json\/wp\/v2\/posts\/3245\/revisions\/3247"}],"wp:featuredmedia":[{"embeddable":true,"href":"https:\/\/www.mediaplateforme.com\/fr\/wp-json\/wp\/v2\/media\/3246"}],"wp:attachment":[{"href":"https:\/\/www.mediaplateforme.com\/fr\/wp-json\/wp\/v2\/media?parent=3245"}],"wp:term":[{"taxonomy":"category","embeddable":true,"href":"https:\/\/www.mediaplateforme.com\/fr\/wp-json\/wp\/v2\/categories?post=3245"},{"taxonomy":"post_tag","embeddable":true,"href":"https:\/\/www.mediaplateforme.com\/fr\/wp-json\/wp\/v2\/tags?post=3245"}],"curies":[{"name":"wp","href":"https:\/\/api.w.org\/{rel}","templated":true}]}}