{"id":3242,"date":"2023-06-08T12:06:20","date_gmt":"2023-06-08T11:06:20","guid":{"rendered":"https:\/\/www.mediaplateforme.com\/fr\/?p=3242"},"modified":"2023-06-08T12:06:20","modified_gmt":"2023-06-08T11:06:20","slug":"stellantis-annonce-le-lancement-de-la-deuxieme-tranche-de-son-programme-de-rachat-dactions","status":"publish","type":"post","link":"https:\/\/www.mediaplateforme.com\/fr\/stellantis-annonce-le-lancement-de-la-deuxieme-tranche-de-son-programme-de-rachat-dactions\/","title":{"rendered":"Stellantis annonce le lancement de la deuxi\u00e8me tranche de son programme de rachat d\u2019actions"},"content":{"rendered":"<p>Stellantis N.V. (\u201cStellantis\u201d ou la \u201cSoci\u00e9t\u00e9\u201d) a annonc\u00e9 aujourd\u2019hui que dans le cadre de son programme de rachat d\u2019actions (le \u201cProgramme\u201d), annonc\u00e9 le 22 f\u00e9vrier 2023, d\u2019un montant maximum de 1,5 milliard d\u2019euros (prix d\u2019achat total hors frais annexes), \u00e0 ex\u00e9cuter sur le march\u00e9 dans le but d\u2019annuler les actions ordinaires acquises dans le cadre du Programme, et suite \u00e0 la r\u00e9alisation de la premi\u00e8re tranche du programme comme annonc\u00e9 le 18 mai 2023, Stellantis a sign\u00e9 un accord de rachat d\u2019actions ordinaires pour la deuxi\u00e8me tranche de son programme avec une soci\u00e9t\u00e9 financi\u00e8re ind\u00e9pendante qui r\u00e9alise ses d\u00e9cisions d\u2019achat de mani\u00e8re ind\u00e9pendante de Stellantis.<\/p>\n<p>Cet accord portera sur un montant maximum de 500 millions d\u2019euros. La deuxi\u00e8me tranche du programme de rachat d\u2019actions ordinaires d\u00e9butera le 7 juin 2023 et se terminera au plus tard le 7 septembre 2023. Les actions ordinaires achet\u00e9es dans le cadre de ce programme seront annul\u00e9es en temps voulu.<\/p>\n<p>Le programme de rachat d\u2019actions ordinaires sera mis en \u0153uvre sur la base de l\u2019autorisation accord\u00e9e par l\u2019assembl\u00e9e g\u00e9n\u00e9rale des actionnaires du 13 avril 2023, qui pourra \u00eatre renouvel\u00e9e ou \u00e9tendue, jusqu\u2019\u00e0 un maximum de 10 % du capital social de la soci\u00e9t\u00e9. Le prix d\u2019achat par action ordinaire ne d\u00e9passera pas un montant \u00e9gal \u00e0 110% du prix de march\u00e9 des actions sur le NYSE, Euronext Milan ou Euronext Paris (selon le cas). Le prix de march\u00e9 sera calcul\u00e9 comme \u00e9tant la moyenne du prix le plus \u00e9lev\u00e9 de chacun des cinq jours de bourse pr\u00e9c\u00e9dant la date d\u2019acquisition, tel qu\u2019indiqu\u00e9 dans la liste officielle sur le NYSE, Euronext Milan ou Euronext Paris. Les rachats seront effectu\u00e9s sous r\u00e9serve des conditions de march\u00e9 et conform\u00e9ment aux r\u00e8gles et r\u00e9glementations applicables, notamment le r\u00e8glement 596\/2014 sur les abus de march\u00e9 et le r\u00e8glement d\u00e9l\u00e9gu\u00e9 (UE) 2016\/1052 de la Commission.<\/p>\n<p>A ce jour, en prenant en compte la part pertinente de la premi\u00e8re tranche de rachat d\u2019actions, l\u2019autorisation restante s\u2019\u00e9l\u00e8ve \u00e0 environ 290 millions d\u2019actions, ce qui est plus que suffisant pour couvrir ce programme de rachat d\u2019actions et le rachat potentiel de 99,2 millions d\u2019actions actuellement d\u00e9tenues par le partenaire chinois Dongfeng Corporation, comme annonc\u00e9 le 15 juillet 2022.<\/p>\n<p>&nbsp;<\/p>\n<h4>\u00c0 propos de Stellantis<\/h4>\n<p>Stellantis N.V. (NYSE: STLA \/ Euronext Milan: STLAM \/ Euronext Paris: STLAP) fait partie des principaux constructeurs automobiles et fournisseurs de services de mobilit\u00e9 internationaux. Abarth, Alfa Romeo, Chrysler, Citro\u00ebn, Dodge, DS Automobiles, Fiat, Jeep\u00ae, Lancia, Maserati, Opel, Peugeot, Ram, Vauxhall, Free2move et Leasys : embl\u00e9matiques et charg\u00e9es d\u2019histoire, nos marques insufflent la passion des visionnaires qui les ont fond\u00e9es et celle de nos clients actuels au c\u0153ur de leurs produits et services avant-gardistes. Forts de notre diversit\u00e9, nous fa\u00e7onnons la mobilit\u00e9 de demain. Notre objectif : devenir la plus grande tech company de mobilit\u00e9 durable, en termes de qualit\u00e9 et non de taille, tout en cr\u00e9ant encore plus de valeur pour l\u2019ensemble de nos partenaires et des communaut\u00e9s au sein desquelles nous op\u00e9rons. Pour en savoir plu<a href=\"https:\/\/www.stellantis.com\/fr\">s, <\/a><a href=\"https:\/\/www.stellantis.com\/fr\">www.stellantis.com\/fr.<\/a><\/p>\n","protected":false},"excerpt":{"rendered":"<p>Stellantis N.V. (\u201cStellantis\u201d ou la \u201cSoci\u00e9t\u00e9\u201d) a annonc\u00e9 aujourd\u2019hui que dans le cadre de son<\/p>\n","protected":false},"author":1,"featured_media":3243,"comment_status":"open","ping_status":"open","sticky":false,"template":"","format":"standard","meta":{"_acf_changed":false,"footnotes":""},"categories":[7,3],"tags":[265],"class_list":["post-3242","post","type-post","status-publish","format-standard","has-post-thumbnail","hentry","category-articles","category-nouvelles-selectionnees","tag-stellantis"],"acf":[],"yoast_head":"<!-- This site is optimized with the Yoast SEO plugin v22.0 - https:\/\/yoast.com\/wordpress\/plugins\/seo\/ -->\n<title>Stellantis annonce le lancement de la deuxi\u00e8me tranche de son programme de rachat d\u2019actions - MEDIA PLATEFORME | FR<\/title>\n<meta name=\"description\" content=\"Stellantis N.V. (\u201cStellantis\u201d ou la \u201cSoci\u00e9t\u00e9\u201d) a annonc\u00e9 aujourd\u2019hui que dans le cadre de son programme de rachat d\u2019actions (le \u201cProgramme\u201d)\" \/>\n<meta name=\"robots\" content=\"index, follow, max-snippet:-1, max-image-preview:large, max-video-preview:-1\" \/>\n<link rel=\"canonical\" href=\"https:\/\/www.mediaplateforme.com\/fr\/stellantis-annonce-le-lancement-de-la-deuxieme-tranche-de-son-programme-de-rachat-dactions\/\" \/>\n<meta property=\"og:locale\" content=\"fr_FR\" \/>\n<meta property=\"og:type\" content=\"article\" \/>\n<meta property=\"og:title\" content=\"Stellantis annonce le lancement de la deuxi\u00e8me tranche de son programme de rachat d\u2019actions - MEDIA PLATEFORME | FR\" \/>\n<meta property=\"og:description\" content=\"Stellantis N.V. (\u201cStellantis\u201d ou la \u201cSoci\u00e9t\u00e9\u201d) a annonc\u00e9 aujourd\u2019hui que dans le cadre de son programme de rachat d\u2019actions (le \u201cProgramme\u201d)\" \/>\n<meta property=\"og:url\" content=\"https:\/\/www.mediaplateforme.com\/fr\/stellantis-annonce-le-lancement-de-la-deuxieme-tranche-de-son-programme-de-rachat-dactions\/\" \/>\n<meta property=\"og:site_name\" content=\"MEDIA PLATEFORME | FR\" \/>\n<meta property=\"article:published_time\" content=\"2023-06-08T11:06:20+00:00\" \/>\n<meta property=\"og:image\" content=\"https:\/\/www.mediaplateforme.com\/fr\/wp-content\/uploads\/sites\/5\/2023\/06\/stellantis_thumb_blue-6480142b7d5e5.png\" \/>\n\t<meta property=\"og:image:width\" content=\"995\" \/>\n\t<meta property=\"og:image:height\" content=\"625\" \/>\n\t<meta property=\"og:image:type\" content=\"image\/png\" \/>\n<meta name=\"author\" content=\"Mediaplateforme\" \/>\n<meta name=\"twitter:card\" content=\"summary_large_image\" \/>\n<meta name=\"twitter:label1\" content=\"\u00c9crit par\" \/>\n\t<meta name=\"twitter:data1\" content=\"Mediaplateforme\" \/>\n\t<meta name=\"twitter:label2\" content=\"Dur\u00e9e de lecture estim\u00e9e\" \/>\n\t<meta name=\"twitter:data2\" content=\"3 minutes\" \/>\n<script type=\"application\/ld+json\" class=\"yoast-schema-graph\">{\"@context\":\"https:\/\/schema.org\",\"@graph\":[{\"@type\":\"WebPage\",\"@id\":\"https:\/\/www.mediaplateforme.com\/fr\/stellantis-annonce-le-lancement-de-la-deuxieme-tranche-de-son-programme-de-rachat-dactions\/\",\"url\":\"https:\/\/www.mediaplateforme.com\/fr\/stellantis-annonce-le-lancement-de-la-deuxieme-tranche-de-son-programme-de-rachat-dactions\/\",\"name\":\"Stellantis annonce le lancement de la deuxi\u00e8me tranche de son programme de rachat d\u2019actions - MEDIA PLATEFORME | FR\",\"isPartOf\":{\"@id\":\"https:\/\/www.mediaplateforme.com\/fr\/#website\"},\"datePublished\":\"2023-06-08T11:06:20+00:00\",\"dateModified\":\"2023-06-08T11:06:20+00:00\",\"author\":{\"@id\":\"https:\/\/www.mediaplateforme.com\/fr\/#\/schema\/person\/89833db382b5db2c76b094bc902aa12a\"},\"description\":\"Stellantis N.V. (\u201cStellantis\u201d ou la \u201cSoci\u00e9t\u00e9\u201d) a annonc\u00e9 aujourd\u2019hui que dans le cadre de son programme de rachat d\u2019actions (le \u201cProgramme\u201d)\",\"breadcrumb\":{\"@id\":\"https:\/\/www.mediaplateforme.com\/fr\/stellantis-annonce-le-lancement-de-la-deuxieme-tranche-de-son-programme-de-rachat-dactions\/#breadcrumb\"},\"inLanguage\":\"fr-FR\",\"potentialAction\":[{\"@type\":\"ReadAction\",\"target\":[\"https:\/\/www.mediaplateforme.com\/fr\/stellantis-annonce-le-lancement-de-la-deuxieme-tranche-de-son-programme-de-rachat-dactions\/\"]}]},{\"@type\":\"BreadcrumbList\",\"@id\":\"https:\/\/www.mediaplateforme.com\/fr\/stellantis-annonce-le-lancement-de-la-deuxieme-tranche-de-son-programme-de-rachat-dactions\/#breadcrumb\",\"itemListElement\":[{\"@type\":\"ListItem\",\"position\":1,\"name\":\"\u0627\u0644\u0631\u0626\u064a\u0633\u064a\u0629\",\"item\":\"https:\/\/www.mediaplateforme.com\/fr\/\"},{\"@type\":\"ListItem\",\"position\":2,\"name\":\"Stellantis annonce le lancement de la deuxi\u00e8me tranche de son programme de rachat d\u2019actions\"}]},{\"@type\":\"WebSite\",\"@id\":\"https:\/\/www.mediaplateforme.com\/fr\/#website\",\"url\":\"https:\/\/www.mediaplateforme.com\/fr\/\",\"name\":\"MEDIA PLATEFORME | FR\",\"description\":\"Mediaplateforme sp\u00e9cialis\u00e9 dans la communication institutions publiques et des entreprises\",\"potentialAction\":[{\"@type\":\"SearchAction\",\"target\":{\"@type\":\"EntryPoint\",\"urlTemplate\":\"https:\/\/www.mediaplateforme.com\/fr\/?s={search_term_string}\"},\"query-input\":\"required name=search_term_string\"}],\"inLanguage\":\"fr-FR\"},{\"@type\":\"Person\",\"@id\":\"https:\/\/www.mediaplateforme.com\/fr\/#\/schema\/person\/89833db382b5db2c76b094bc902aa12a\",\"name\":\"Mediaplateforme\",\"image\":{\"@type\":\"ImageObject\",\"inLanguage\":\"fr-FR\",\"@id\":\"https:\/\/www.mediaplateforme.com\/fr\/#\/schema\/person\/image\/\",\"url\":\"https:\/\/secure.gravatar.com\/avatar\/6c9c02e8928cc65d54bf75157f7b3a2d06d7ad0494ca0951f679552ff03b34c1?s=96&d=mm&r=g\",\"contentUrl\":\"https:\/\/secure.gravatar.com\/avatar\/6c9c02e8928cc65d54bf75157f7b3a2d06d7ad0494ca0951f679552ff03b34c1?s=96&d=mm&r=g\",\"caption\":\"Mediaplateforme\"},\"sameAs\":[\"https:\/\/www.mediaplateforme.com\"],\"url\":\"https:\/\/www.mediaplateforme.com\/fr\/author\/mohamedladib\/\"}]}<\/script>\n<!-- \/ Yoast SEO plugin. -->","yoast_head_json":{"title":"Stellantis annonce le lancement de la deuxi\u00e8me tranche de son programme de rachat d\u2019actions - MEDIA PLATEFORME | FR","description":"Stellantis N.V. (\u201cStellantis\u201d ou la \u201cSoci\u00e9t\u00e9\u201d) a annonc\u00e9 aujourd\u2019hui que dans le cadre de son programme de rachat d\u2019actions (le \u201cProgramme\u201d)","robots":{"index":"index","follow":"follow","max-snippet":"max-snippet:-1","max-image-preview":"max-image-preview:large","max-video-preview":"max-video-preview:-1"},"canonical":"https:\/\/www.mediaplateforme.com\/fr\/stellantis-annonce-le-lancement-de-la-deuxieme-tranche-de-son-programme-de-rachat-dactions\/","og_locale":"fr_FR","og_type":"article","og_title":"Stellantis annonce le lancement de la deuxi\u00e8me tranche de son programme de rachat d\u2019actions - MEDIA PLATEFORME | FR","og_description":"Stellantis N.V. (\u201cStellantis\u201d ou la \u201cSoci\u00e9t\u00e9\u201d) a annonc\u00e9 aujourd\u2019hui que dans le cadre de son programme de rachat d\u2019actions (le \u201cProgramme\u201d)","og_url":"https:\/\/www.mediaplateforme.com\/fr\/stellantis-annonce-le-lancement-de-la-deuxieme-tranche-de-son-programme-de-rachat-dactions\/","og_site_name":"MEDIA PLATEFORME | FR","article_published_time":"2023-06-08T11:06:20+00:00","og_image":[{"width":995,"height":625,"url":"https:\/\/www.mediaplateforme.com\/fr\/wp-content\/uploads\/sites\/5\/2023\/06\/stellantis_thumb_blue-6480142b7d5e5.png","type":"image\/png"}],"author":"Mediaplateforme","twitter_card":"summary_large_image","twitter_misc":{"\u00c9crit par":"Mediaplateforme","Dur\u00e9e de lecture estim\u00e9e":"3 minutes"},"schema":{"@context":"https:\/\/schema.org","@graph":[{"@type":"WebPage","@id":"https:\/\/www.mediaplateforme.com\/fr\/stellantis-annonce-le-lancement-de-la-deuxieme-tranche-de-son-programme-de-rachat-dactions\/","url":"https:\/\/www.mediaplateforme.com\/fr\/stellantis-annonce-le-lancement-de-la-deuxieme-tranche-de-son-programme-de-rachat-dactions\/","name":"Stellantis annonce le lancement de la deuxi\u00e8me tranche de son programme de rachat d\u2019actions - MEDIA PLATEFORME | FR","isPartOf":{"@id":"https:\/\/www.mediaplateforme.com\/fr\/#website"},"datePublished":"2023-06-08T11:06:20+00:00","dateModified":"2023-06-08T11:06:20+00:00","author":{"@id":"https:\/\/www.mediaplateforme.com\/fr\/#\/schema\/person\/89833db382b5db2c76b094bc902aa12a"},"description":"Stellantis N.V. (\u201cStellantis\u201d ou la \u201cSoci\u00e9t\u00e9\u201d) a annonc\u00e9 aujourd\u2019hui que dans le cadre de son programme de rachat d\u2019actions (le \u201cProgramme\u201d)","breadcrumb":{"@id":"https:\/\/www.mediaplateforme.com\/fr\/stellantis-annonce-le-lancement-de-la-deuxieme-tranche-de-son-programme-de-rachat-dactions\/#breadcrumb"},"inLanguage":"fr-FR","potentialAction":[{"@type":"ReadAction","target":["https:\/\/www.mediaplateforme.com\/fr\/stellantis-annonce-le-lancement-de-la-deuxieme-tranche-de-son-programme-de-rachat-dactions\/"]}]},{"@type":"BreadcrumbList","@id":"https:\/\/www.mediaplateforme.com\/fr\/stellantis-annonce-le-lancement-de-la-deuxieme-tranche-de-son-programme-de-rachat-dactions\/#breadcrumb","itemListElement":[{"@type":"ListItem","position":1,"name":"\u0627\u0644\u0631\u0626\u064a\u0633\u064a\u0629","item":"https:\/\/www.mediaplateforme.com\/fr\/"},{"@type":"ListItem","position":2,"name":"Stellantis annonce le lancement de la deuxi\u00e8me tranche de son programme de rachat d\u2019actions"}]},{"@type":"WebSite","@id":"https:\/\/www.mediaplateforme.com\/fr\/#website","url":"https:\/\/www.mediaplateforme.com\/fr\/","name":"MEDIA PLATEFORME | FR","description":"Mediaplateforme sp\u00e9cialis\u00e9 dans la communication institutions publiques et des entreprises","potentialAction":[{"@type":"SearchAction","target":{"@type":"EntryPoint","urlTemplate":"https:\/\/www.mediaplateforme.com\/fr\/?s={search_term_string}"},"query-input":"required name=search_term_string"}],"inLanguage":"fr-FR"},{"@type":"Person","@id":"https:\/\/www.mediaplateforme.com\/fr\/#\/schema\/person\/89833db382b5db2c76b094bc902aa12a","name":"Mediaplateforme","image":{"@type":"ImageObject","inLanguage":"fr-FR","@id":"https:\/\/www.mediaplateforme.com\/fr\/#\/schema\/person\/image\/","url":"https:\/\/secure.gravatar.com\/avatar\/6c9c02e8928cc65d54bf75157f7b3a2d06d7ad0494ca0951f679552ff03b34c1?s=96&d=mm&r=g","contentUrl":"https:\/\/secure.gravatar.com\/avatar\/6c9c02e8928cc65d54bf75157f7b3a2d06d7ad0494ca0951f679552ff03b34c1?s=96&d=mm&r=g","caption":"Mediaplateforme"},"sameAs":["https:\/\/www.mediaplateforme.com"],"url":"https:\/\/www.mediaplateforme.com\/fr\/author\/mohamedladib\/"}]}},"_links":{"self":[{"href":"https:\/\/www.mediaplateforme.com\/fr\/wp-json\/wp\/v2\/posts\/3242","targetHints":{"allow":["GET"]}}],"collection":[{"href":"https:\/\/www.mediaplateforme.com\/fr\/wp-json\/wp\/v2\/posts"}],"about":[{"href":"https:\/\/www.mediaplateforme.com\/fr\/wp-json\/wp\/v2\/types\/post"}],"author":[{"embeddable":true,"href":"https:\/\/www.mediaplateforme.com\/fr\/wp-json\/wp\/v2\/users\/1"}],"replies":[{"embeddable":true,"href":"https:\/\/www.mediaplateforme.com\/fr\/wp-json\/wp\/v2\/comments?post=3242"}],"version-history":[{"count":1,"href":"https:\/\/www.mediaplateforme.com\/fr\/wp-json\/wp\/v2\/posts\/3242\/revisions"}],"predecessor-version":[{"id":3244,"href":"https:\/\/www.mediaplateforme.com\/fr\/wp-json\/wp\/v2\/posts\/3242\/revisions\/3244"}],"wp:featuredmedia":[{"embeddable":true,"href":"https:\/\/www.mediaplateforme.com\/fr\/wp-json\/wp\/v2\/media\/3243"}],"wp:attachment":[{"href":"https:\/\/www.mediaplateforme.com\/fr\/wp-json\/wp\/v2\/media?parent=3242"}],"wp:term":[{"taxonomy":"category","embeddable":true,"href":"https:\/\/www.mediaplateforme.com\/fr\/wp-json\/wp\/v2\/categories?post=3242"},{"taxonomy":"post_tag","embeddable":true,"href":"https:\/\/www.mediaplateforme.com\/fr\/wp-json\/wp\/v2\/tags?post=3242"}],"curies":[{"name":"wp","href":"https:\/\/api.w.org\/{rel}","templated":true}]}}