{"id":3235,"date":"2023-06-07T22:50:31","date_gmt":"2023-06-07T21:50:31","guid":{"rendered":"https:\/\/www.mediaplateforme.com\/fr\/?p=3235"},"modified":"2023-06-07T22:50:31","modified_gmt":"2023-06-07T21:50:31","slug":"la-fondation-bmci-soutient-les-archives-du-maroc-et-lui-fait-don-de-la-collection-du-docteur-robert-chastel","status":"publish","type":"post","link":"https:\/\/www.mediaplateforme.com\/fr\/la-fondation-bmci-soutient-les-archives-du-maroc-et-lui-fait-don-de-la-collection-du-docteur-robert-chastel\/","title":{"rendered":"LA FONDATION BMCI SOUTIENT \u00ab LES ARCHIVES DU MAROC \u00bb ET LUI FAIT DON DE LA COLLECTION DU DOCTEUR ROBERT CHASTEL"},"content":{"rendered":"<p>La Fondation BMCI a sign\u00e9 une convention de partenariat avec \u00ab\u00a0Les Archives du Maroc\u00a0\u00bb et le Docteur Robert Chastel pour la cr\u00e9ation d\u2019un fonds archivistique et documentaire, d\u00e9di\u00e9 \u00e0 la collection d\u2019archives du Docteur Robert Chastel, retra\u00e7ant le patrimoine de la ville de Rabat. Cette signature s\u2019inscrit dans le cadre de l\u2019\u00e9v\u00e8nement \u00ab\u00a0Les archives priv\u00e9es en partage\u00a0\u00bb organis\u00e9 par les Archives du Maroc \u00e0 l\u2019occasion de la semaine internationale des archives.<\/p>\n<p><strong>\u00a0<\/strong><\/p>\n<p>Cette collection est compos\u00e9e, dans un premier temps, de photographies historiques collect\u00e9es et conserv\u00e9es par Dr. Robert Chastel durant plusieurs d\u00e9cennies, immortalisant divers aspects du patrimoine culturel marocain. La Fondation BMCI, faisant preuve de son engagement envers la sauvegarde du patrimoine marocain et de son appui aux Archives du Maroc, a proc\u00e9d\u00e9 \u00e0 l\u2019acquisition aupr\u00e8s de Dr. Robert Chastel pour en faire don par la suite \u00e0 l\u2019institution \u00ab\u00a0Archives du Maroc\u00a0\u00bb qui les conservera dans les meilleures conditions n\u00e9cessaires afin de garantir une pr\u00e9servation optimale. Ainsi, La \u00ab Collection Fondation BMCI \u00bb pourrait \u00eatre enrichie ult\u00e9rieurement de nouveaux dons de documents qui tous seraient rattach\u00e9s \u00e0 ladite Collection.<\/p>\n<p><strong>\u00a0<\/strong><\/p>\n<p>En effet, cette convention entre la Fondation BMCI et les Archives du Maroc permettra d\u2019assurer l&rsquo;accessibilit\u00e9 de la \u00ab Collection Fondation BMCI \u00bb aux chercheurs, mais \u00e9galement de num\u00e9riser les documents et archives de cette collection en fonction de sa politique documentaire\u00a0afin de permettre un acc\u00e8s num\u00e9rique au plus large public.<\/p>\n<p>&nbsp;<\/p>\n<p>La Collection Fondation BMCI comptera gr\u00e2ce \u00e0 cette collection documentaire historique un total de plus de 2500 articles d\u00e9di\u00e9s \u00e0 l\u2019histoire patrimoniale de la ville de Casablanca de 1880 \u00e0 1952, \u00e0 travers\u00a0:<\/p>\n<ul>\n<li><strong>527 Cartes postales;<\/strong><\/li>\n<li><strong>1 200 diapositives;<\/strong><\/li>\n<li><strong>700 photographies;<\/strong><\/li>\n<li><strong>141 plaques de verre et n\u00e9gatifs film.<\/strong><\/li>\n<\/ul>\n<p><strong>\u00a0<\/strong><\/p>\n<p>\u00ab\u00a0Ce partenariat permet une nouvelle fois \u00e0 la Fondation BMCI de jouer son r\u00f4le de m\u00e9c\u00e8ne culturel engag\u00e9. La transmission de cette collection exceptionnelle de l\u2019histoire de Casablanca, d\u2019un collectionneur priv\u00e9, le Docteur Robert Chastel vers les Archives du Maroc, un \u00e9tablissement public de grande renomm\u00e9e a pour objectif la pr\u00e9servation et la diffusion \u00e0 un large public du patrimoine culturel marocain. Notre choix s\u2019est port\u00e9 sur les Archives du Maroc pour continuer \u00e0 faire parler cette collection, \u00e0 la mettre \u00e0 disposition d\u2019une cible plus large et \u00e0 la transmettre aux g\u00e9n\u00e9rations futures\u00a0\u00bb d\u00e9clare M. Jaouad HAMRI, Pr\u00e9sident de la Fondation BMCI<\/p>\n<p>&nbsp;<\/p>\n<p>\u00ab\u00a0Au nom des Archives du Maroc, je tiens \u00e0 rendre un vibrant hommage \u00e0 la Fondation BMCI et \u00e0 son pr\u00e9sident M. Jaouad HAMRI, pour leur soutien \u00e0 notre \u00e9tablissement dont la mission principale r\u00e9side dans la sauvegarde du patrimoine archivistique national, public et priv\u00e9, son traitement et sa communication aux usagers \u00e0 des fins administratives, scientifiques, sociales et culturelles.<\/p>\n<p>L\u2019acquisition par la Fondation BMCI des archives photographiques du Dr. Robert Chastel est une initiative g\u00e9n\u00e9reuse et citoyenne; elle m\u00e9rite d\u2019\u00eatre \u00e9rig\u00e9e exemple de m\u00e9c\u00e9nat culturel au service du patrimoine archivistique marocain\u00a0\u00bb. Jama\u00e2 Ba\u00efda, Directeur des Archives du Maroc.<\/p>\n<p>&nbsp;<\/p>\n<p>L\u2019accomplissement de ce nouveau partenariat, vient conforter la Fondation BMCI dans sa position d\u2019acteur social et soci\u00e9tal engag\u00e9 dans la sauvegarde du patrimoine culturel du Maroc.<\/p>\n<p>&nbsp;<\/p>\n<h4><strong><u>A propos de la Fondation BMCI : <\/u><\/strong><\/h4>\n<p>Depuis 2008, la Fondation BMCI s\u2019est appliqu\u00e9e \u00e0 \u00e9voluer dans le respect des engagements pris par la BMCI en tant que banque citoyenne depuis les ann\u00e9es 90. Elle m\u00e8ne une politique forte de responsabilit\u00e9 sociale et s\u2019engage dans un Maroc qui change, o\u00f9 la solidarit\u00e9 est une valeur essentielle. Elle accompagne la vie de projets dans les domaines de la Solidarit\u00e9, de la Culture et de l\u2019Environnement. La Fondation BMCI s\u2019attache \u00e0 soutenir l\u2019insertion sociale des populations fragilis\u00e9es ou handicap\u00e9es, \u00e0 optimiser le d\u00e9veloppement culturel dans les \u00e9coles publiques, \u00e0 valoriser le patrimoine et \u00e0 accompagner des artistes marocains\u2026 Elle encourage \u00e9galement l\u2019engagement associatif de ses collaborateurs avec l\u2019initiative \u201cHelp2Help\u201c, un programme qui soutient depuis 2009 de petites associations dans lesquelles des collaborateurs BMCI sont personnellement investis.<\/p>\n<p>La cr\u00e9ation de la Fondation BMCI a permis de d\u00e9velopper pleinement la politique de responsabilit\u00e9 civique de la BMCI, qui a pour volont\u00e9 d\u2019\u00eatre un acteur engag\u00e9 de la soci\u00e9t\u00e9, et de poser ainsi un des piliers de sa politique RSE. Avec les nombreux partenariats qu\u2019elle a nou\u00e9s dans les domaines de la culture et de la solidarit\u00e9, la BMCI, \u00e0 travers sa Fondation, apporte soutien et dialogue aux acteurs qui construisent la soci\u00e9t\u00e9 marocaine de demain, et contribue ainsi au d\u00e9veloppement durable du Maroc.<\/p>\n<p>&nbsp;<\/p>\n<h4><strong><u>A propos du Dr Robert Chastel : <\/u><\/strong><\/h4>\n<p><strong><u>\u00a0<\/u><\/strong><\/p>\n<p>Passionn\u00e9 d\u2019histoire, de marine et d\u2019arch\u00e9ologie, exer\u00e7ant \u00e0 Rabat depuis 1966, le docteur Robert Chastel de la Facult\u00e9 de M\u00e9decine de Marseille s\u2019\u00e9prendra de Casablanca, ouverte sur les temp\u00eates et les vents du large. Pour Rabat, il recueillera les confidences du Bouregreg d\u00e9positaire de la m\u00e9moire des villes des deux rives.<\/p>\n<p>Une passion nouvelle projette le Maroc antique ph\u00e9nicien puis romain dans l\u2019actualit\u00e9 avec son dernier ouvrage pr\u00e9sent\u00e9 au salon du livre\u00a0: Rabat, du Maroc Antique de Chella \u00e0 Mohammed VI.<\/p>\n<p>Robert Chastel a publi\u00e9 une dizaine d\u2019ouvrages en auto \u00e9dition sur l\u2019histoire des deux villes dont\u00a0: Rabat-Sal\u00e9, 20 si\u00e8cles de l\u2019Oued Bouregreg (1993), T\u00e9moignages et chuchotements, histoire de Casablanca des origines \u00e0 1952 (2006), Archives photographiques Casablanca 1900-1912 (2007), une histoire d\u2019Eau \u2013 Rabat, Sal\u00e9 et l\u2019Oued Bouregreg (2009) et Rabat le destin d\u2019une ville et des caprices d\u2019un fleuve (2013). Ce dernier livre lui a valu d\u2019\u00eatre d\u00e9cor\u00e9 le 30 juillet 2014 par sa Majest\u00e9 le Roi Mohammed VI du Titre d\u2019Officier du Ouissam Alaouite.<\/p>\n<p>Robert Chastel a donn\u00e9 de tr\u00e8s nombreuses conf\u00e9rences dans l\u2019ensemble du Royaume.<\/p>\n<p><strong><u>\u00a0<\/u><\/strong><\/p>\n<h4><strong><u>A propos des Archives du Maroc : <\/u><\/strong><\/h4>\n<p>L\u2019institution Archives du Maroc est un \u00e9tablissement public dot\u00e9 de la personnalit\u00e9 morale et de l\u2019autonomie financi\u00e8re, cr\u00e9\u00e9e en vertu de la loi n\u00b069.99 relative aux archives, promulgu\u00e9e par le Dahir n\u00b0 1-07-167 du 19 kaada 1428 (30 novembre 2007). Les Archives du Maroc ont \u00e9t\u00e9 \u00e9rig\u00e9es en \u00e9tablissement public strat\u00e9gique en 2012.<\/p>\n<p>La loi 69.99 stipule dans son article 27 que les archives du Maroc ont pour pr\u00e9rogative, entre autres, de \u00ab\u00a0veiller \u00e0 la sauvegarde des archives priv\u00e9es d\u2019int\u00e9r\u00eat public\u00a0\u00bb. Depuis sa cr\u00e9ation, l\u2019institution a pu acqu\u00e9rir plusieurs dizaines de collection priv\u00e9es, que la \u00ab\u00a0Collection Fondation BMCI\u00a0\u00bb vient enrichir aujourd\u2019hui comme initiative citoyenne, avec le souci de pr\u00e9server le patrimoine archivistique national.<\/p>\n","protected":false},"excerpt":{"rendered":"<p>La Fondation BMCI a sign\u00e9 une convention de partenariat avec \u00ab\u00a0Les Archives du Maroc\u00a0\u00bb et<\/p>\n","protected":false},"author":1,"featured_media":3236,"comment_status":"open","ping_status":"open","sticky":false,"template":"","format":"standard","meta":{"_acf_changed":false,"footnotes":""},"categories":[2,3],"tags":[984,985,986],"class_list":["post-3235","post","type-post","status-publish","format-standard","has-post-thumbnail","hentry","category-nouvelles","category-nouvelles-selectionnees","tag-fondation-bmci","tag-les-archives-du-maroc","tag-robert-chastel"],"acf":[],"yoast_head":"<!-- This site is optimized with the Yoast SEO plugin v22.0 - https:\/\/yoast.com\/wordpress\/plugins\/seo\/ -->\n<title>LA FONDATION BMCI SOUTIENT \u00ab LES ARCHIVES DU MAROC \u00bb ET LUI FAIT DON DE LA COLLECTION DU DOCTEUR ROBERT CHASTEL - MEDIA PLATEFORME | FR<\/title>\n<meta name=\"description\" content=\"Fondation BMCI a sign\u00e9 avec \u00ab\u00a0Les Archives du Maroc\u00a0\u00bb et le Docteur Robert Chastel pour la cr\u00e9ation d\u2019un fonds archivistique\" \/>\n<meta name=\"robots\" content=\"index, follow, max-snippet:-1, max-image-preview:large, max-video-preview:-1\" \/>\n<link rel=\"canonical\" href=\"https:\/\/www.mediaplateforme.com\/fr\/la-fondation-bmci-soutient-les-archives-du-maroc-et-lui-fait-don-de-la-collection-du-docteur-robert-chastel\/\" \/>\n<meta property=\"og:locale\" content=\"fr_FR\" \/>\n<meta property=\"og:type\" content=\"article\" \/>\n<meta property=\"og:title\" content=\"LA FONDATION BMCI SOUTIENT \u00ab LES ARCHIVES DU MAROC \u00bb ET LUI FAIT DON DE LA COLLECTION DU DOCTEUR ROBERT CHASTEL - MEDIA PLATEFORME | FR\" \/>\n<meta property=\"og:description\" content=\"Fondation BMCI a sign\u00e9 avec \u00ab\u00a0Les Archives du Maroc\u00a0\u00bb et le Docteur Robert Chastel pour la cr\u00e9ation d\u2019un fonds archivistique\" \/>\n<meta property=\"og:url\" content=\"https:\/\/www.mediaplateforme.com\/fr\/la-fondation-bmci-soutient-les-archives-du-maroc-et-lui-fait-don-de-la-collection-du-docteur-robert-chastel\/\" \/>\n<meta property=\"og:site_name\" content=\"MEDIA PLATEFORME | FR\" \/>\n<meta property=\"article:published_time\" content=\"2023-06-07T21:50:31+00:00\" \/>\n<meta property=\"og:image\" content=\"https:\/\/www.mediaplateforme.com\/fr\/wp-content\/uploads\/sites\/5\/2023\/06\/Robert-Chastel-ADM-Fondation-BMCI-1.jpeg\" \/>\n\t<meta property=\"og:image:width\" content=\"1600\" \/>\n\t<meta property=\"og:image:height\" content=\"1066\" \/>\n\t<meta property=\"og:image:type\" content=\"image\/jpeg\" \/>\n<meta name=\"author\" content=\"Mediaplateforme\" \/>\n<meta name=\"twitter:card\" content=\"summary_large_image\" \/>\n<meta name=\"twitter:label1\" content=\"\u00c9crit par\" \/>\n\t<meta name=\"twitter:data1\" content=\"Mediaplateforme\" \/>\n\t<meta name=\"twitter:label2\" content=\"Dur\u00e9e de lecture estim\u00e9e\" \/>\n\t<meta name=\"twitter:data2\" content=\"6 minutes\" \/>\n<script type=\"application\/ld+json\" class=\"yoast-schema-graph\">{\"@context\":\"https:\/\/schema.org\",\"@graph\":[{\"@type\":\"WebPage\",\"@id\":\"https:\/\/www.mediaplateforme.com\/fr\/la-fondation-bmci-soutient-les-archives-du-maroc-et-lui-fait-don-de-la-collection-du-docteur-robert-chastel\/\",\"url\":\"https:\/\/www.mediaplateforme.com\/fr\/la-fondation-bmci-soutient-les-archives-du-maroc-et-lui-fait-don-de-la-collection-du-docteur-robert-chastel\/\",\"name\":\"LA FONDATION BMCI SOUTIENT \u00ab LES ARCHIVES DU MAROC \u00bb ET LUI FAIT DON DE LA COLLECTION DU DOCTEUR ROBERT CHASTEL - MEDIA PLATEFORME | FR\",\"isPartOf\":{\"@id\":\"https:\/\/www.mediaplateforme.com\/fr\/#website\"},\"datePublished\":\"2023-06-07T21:50:31+00:00\",\"dateModified\":\"2023-06-07T21:50:31+00:00\",\"author\":{\"@id\":\"https:\/\/www.mediaplateforme.com\/fr\/#\/schema\/person\/89833db382b5db2c76b094bc902aa12a\"},\"description\":\"Fondation BMCI a sign\u00e9 avec \u00ab\u00a0Les Archives du Maroc\u00a0\u00bb et le Docteur Robert Chastel pour la cr\u00e9ation d\u2019un fonds archivistique\",\"breadcrumb\":{\"@id\":\"https:\/\/www.mediaplateforme.com\/fr\/la-fondation-bmci-soutient-les-archives-du-maroc-et-lui-fait-don-de-la-collection-du-docteur-robert-chastel\/#breadcrumb\"},\"inLanguage\":\"fr-FR\",\"potentialAction\":[{\"@type\":\"ReadAction\",\"target\":[\"https:\/\/www.mediaplateforme.com\/fr\/la-fondation-bmci-soutient-les-archives-du-maroc-et-lui-fait-don-de-la-collection-du-docteur-robert-chastel\/\"]}]},{\"@type\":\"BreadcrumbList\",\"@id\":\"https:\/\/www.mediaplateforme.com\/fr\/la-fondation-bmci-soutient-les-archives-du-maroc-et-lui-fait-don-de-la-collection-du-docteur-robert-chastel\/#breadcrumb\",\"itemListElement\":[{\"@type\":\"ListItem\",\"position\":1,\"name\":\"\u0627\u0644\u0631\u0626\u064a\u0633\u064a\u0629\",\"item\":\"https:\/\/www.mediaplateforme.com\/fr\/\"},{\"@type\":\"ListItem\",\"position\":2,\"name\":\"LA FONDATION BMCI SOUTIENT \u00ab LES ARCHIVES DU MAROC \u00bb ET LUI FAIT DON DE LA COLLECTION DU DOCTEUR ROBERT CHASTEL\"}]},{\"@type\":\"WebSite\",\"@id\":\"https:\/\/www.mediaplateforme.com\/fr\/#website\",\"url\":\"https:\/\/www.mediaplateforme.com\/fr\/\",\"name\":\"MEDIA PLATEFORME | FR\",\"description\":\"Mediaplateforme sp\u00e9cialis\u00e9 dans la communication institutions publiques et des entreprises\",\"potentialAction\":[{\"@type\":\"SearchAction\",\"target\":{\"@type\":\"EntryPoint\",\"urlTemplate\":\"https:\/\/www.mediaplateforme.com\/fr\/?s={search_term_string}\"},\"query-input\":\"required name=search_term_string\"}],\"inLanguage\":\"fr-FR\"},{\"@type\":\"Person\",\"@id\":\"https:\/\/www.mediaplateforme.com\/fr\/#\/schema\/person\/89833db382b5db2c76b094bc902aa12a\",\"name\":\"Mediaplateforme\",\"image\":{\"@type\":\"ImageObject\",\"inLanguage\":\"fr-FR\",\"@id\":\"https:\/\/www.mediaplateforme.com\/fr\/#\/schema\/person\/image\/\",\"url\":\"https:\/\/secure.gravatar.com\/avatar\/6c9c02e8928cc65d54bf75157f7b3a2d06d7ad0494ca0951f679552ff03b34c1?s=96&d=mm&r=g\",\"contentUrl\":\"https:\/\/secure.gravatar.com\/avatar\/6c9c02e8928cc65d54bf75157f7b3a2d06d7ad0494ca0951f679552ff03b34c1?s=96&d=mm&r=g\",\"caption\":\"Mediaplateforme\"},\"sameAs\":[\"https:\/\/www.mediaplateforme.com\"],\"url\":\"https:\/\/www.mediaplateforme.com\/fr\/author\/mohamedladib\/\"}]}<\/script>\n<!-- \/ Yoast SEO plugin. -->","yoast_head_json":{"title":"LA FONDATION BMCI SOUTIENT \u00ab LES ARCHIVES DU MAROC \u00bb ET LUI FAIT DON DE LA COLLECTION DU DOCTEUR ROBERT CHASTEL - MEDIA PLATEFORME | FR","description":"Fondation BMCI a sign\u00e9 avec \u00ab\u00a0Les Archives du Maroc\u00a0\u00bb et le Docteur Robert Chastel pour la cr\u00e9ation d\u2019un fonds archivistique","robots":{"index":"index","follow":"follow","max-snippet":"max-snippet:-1","max-image-preview":"max-image-preview:large","max-video-preview":"max-video-preview:-1"},"canonical":"https:\/\/www.mediaplateforme.com\/fr\/la-fondation-bmci-soutient-les-archives-du-maroc-et-lui-fait-don-de-la-collection-du-docteur-robert-chastel\/","og_locale":"fr_FR","og_type":"article","og_title":"LA FONDATION BMCI SOUTIENT \u00ab LES ARCHIVES DU MAROC \u00bb ET LUI FAIT DON DE LA COLLECTION DU DOCTEUR ROBERT CHASTEL - MEDIA PLATEFORME | FR","og_description":"Fondation BMCI a sign\u00e9 avec \u00ab\u00a0Les Archives du Maroc\u00a0\u00bb et le Docteur Robert Chastel pour la cr\u00e9ation d\u2019un fonds archivistique","og_url":"https:\/\/www.mediaplateforme.com\/fr\/la-fondation-bmci-soutient-les-archives-du-maroc-et-lui-fait-don-de-la-collection-du-docteur-robert-chastel\/","og_site_name":"MEDIA PLATEFORME | FR","article_published_time":"2023-06-07T21:50:31+00:00","og_image":[{"width":1600,"height":1066,"url":"https:\/\/www.mediaplateforme.com\/fr\/wp-content\/uploads\/sites\/5\/2023\/06\/Robert-Chastel-ADM-Fondation-BMCI-1.jpeg","type":"image\/jpeg"}],"author":"Mediaplateforme","twitter_card":"summary_large_image","twitter_misc":{"\u00c9crit par":"Mediaplateforme","Dur\u00e9e de lecture estim\u00e9e":"6 minutes"},"schema":{"@context":"https:\/\/schema.org","@graph":[{"@type":"WebPage","@id":"https:\/\/www.mediaplateforme.com\/fr\/la-fondation-bmci-soutient-les-archives-du-maroc-et-lui-fait-don-de-la-collection-du-docteur-robert-chastel\/","url":"https:\/\/www.mediaplateforme.com\/fr\/la-fondation-bmci-soutient-les-archives-du-maroc-et-lui-fait-don-de-la-collection-du-docteur-robert-chastel\/","name":"LA FONDATION BMCI SOUTIENT \u00ab LES ARCHIVES DU MAROC \u00bb ET LUI FAIT DON DE LA COLLECTION DU DOCTEUR ROBERT CHASTEL - MEDIA PLATEFORME | FR","isPartOf":{"@id":"https:\/\/www.mediaplateforme.com\/fr\/#website"},"datePublished":"2023-06-07T21:50:31+00:00","dateModified":"2023-06-07T21:50:31+00:00","author":{"@id":"https:\/\/www.mediaplateforme.com\/fr\/#\/schema\/person\/89833db382b5db2c76b094bc902aa12a"},"description":"Fondation BMCI a sign\u00e9 avec \u00ab\u00a0Les Archives du Maroc\u00a0\u00bb et le Docteur Robert Chastel pour la cr\u00e9ation d\u2019un fonds archivistique","breadcrumb":{"@id":"https:\/\/www.mediaplateforme.com\/fr\/la-fondation-bmci-soutient-les-archives-du-maroc-et-lui-fait-don-de-la-collection-du-docteur-robert-chastel\/#breadcrumb"},"inLanguage":"fr-FR","potentialAction":[{"@type":"ReadAction","target":["https:\/\/www.mediaplateforme.com\/fr\/la-fondation-bmci-soutient-les-archives-du-maroc-et-lui-fait-don-de-la-collection-du-docteur-robert-chastel\/"]}]},{"@type":"BreadcrumbList","@id":"https:\/\/www.mediaplateforme.com\/fr\/la-fondation-bmci-soutient-les-archives-du-maroc-et-lui-fait-don-de-la-collection-du-docteur-robert-chastel\/#breadcrumb","itemListElement":[{"@type":"ListItem","position":1,"name":"\u0627\u0644\u0631\u0626\u064a\u0633\u064a\u0629","item":"https:\/\/www.mediaplateforme.com\/fr\/"},{"@type":"ListItem","position":2,"name":"LA FONDATION BMCI SOUTIENT \u00ab LES ARCHIVES DU MAROC \u00bb ET LUI FAIT DON DE LA COLLECTION DU DOCTEUR ROBERT CHASTEL"}]},{"@type":"WebSite","@id":"https:\/\/www.mediaplateforme.com\/fr\/#website","url":"https:\/\/www.mediaplateforme.com\/fr\/","name":"MEDIA PLATEFORME | FR","description":"Mediaplateforme sp\u00e9cialis\u00e9 dans la communication institutions publiques et des entreprises","potentialAction":[{"@type":"SearchAction","target":{"@type":"EntryPoint","urlTemplate":"https:\/\/www.mediaplateforme.com\/fr\/?s={search_term_string}"},"query-input":"required name=search_term_string"}],"inLanguage":"fr-FR"},{"@type":"Person","@id":"https:\/\/www.mediaplateforme.com\/fr\/#\/schema\/person\/89833db382b5db2c76b094bc902aa12a","name":"Mediaplateforme","image":{"@type":"ImageObject","inLanguage":"fr-FR","@id":"https:\/\/www.mediaplateforme.com\/fr\/#\/schema\/person\/image\/","url":"https:\/\/secure.gravatar.com\/avatar\/6c9c02e8928cc65d54bf75157f7b3a2d06d7ad0494ca0951f679552ff03b34c1?s=96&d=mm&r=g","contentUrl":"https:\/\/secure.gravatar.com\/avatar\/6c9c02e8928cc65d54bf75157f7b3a2d06d7ad0494ca0951f679552ff03b34c1?s=96&d=mm&r=g","caption":"Mediaplateforme"},"sameAs":["https:\/\/www.mediaplateforme.com"],"url":"https:\/\/www.mediaplateforme.com\/fr\/author\/mohamedladib\/"}]}},"_links":{"self":[{"href":"https:\/\/www.mediaplateforme.com\/fr\/wp-json\/wp\/v2\/posts\/3235","targetHints":{"allow":["GET"]}}],"collection":[{"href":"https:\/\/www.mediaplateforme.com\/fr\/wp-json\/wp\/v2\/posts"}],"about":[{"href":"https:\/\/www.mediaplateforme.com\/fr\/wp-json\/wp\/v2\/types\/post"}],"author":[{"embeddable":true,"href":"https:\/\/www.mediaplateforme.com\/fr\/wp-json\/wp\/v2\/users\/1"}],"replies":[{"embeddable":true,"href":"https:\/\/www.mediaplateforme.com\/fr\/wp-json\/wp\/v2\/comments?post=3235"}],"version-history":[{"count":1,"href":"https:\/\/www.mediaplateforme.com\/fr\/wp-json\/wp\/v2\/posts\/3235\/revisions"}],"predecessor-version":[{"id":3237,"href":"https:\/\/www.mediaplateforme.com\/fr\/wp-json\/wp\/v2\/posts\/3235\/revisions\/3237"}],"wp:featuredmedia":[{"embeddable":true,"href":"https:\/\/www.mediaplateforme.com\/fr\/wp-json\/wp\/v2\/media\/3236"}],"wp:attachment":[{"href":"https:\/\/www.mediaplateforme.com\/fr\/wp-json\/wp\/v2\/media?parent=3235"}],"wp:term":[{"taxonomy":"category","embeddable":true,"href":"https:\/\/www.mediaplateforme.com\/fr\/wp-json\/wp\/v2\/categories?post=3235"},{"taxonomy":"post_tag","embeddable":true,"href":"https:\/\/www.mediaplateforme.com\/fr\/wp-json\/wp\/v2\/tags?post=3235"}],"curies":[{"name":"wp","href":"https:\/\/api.w.org\/{rel}","templated":true}]}}