{"id":3216,"date":"2023-06-07T13:27:53","date_gmt":"2023-06-07T12:27:53","guid":{"rendered":"https:\/\/www.mediaplateforme.com\/fr\/?p=3216"},"modified":"2023-06-07T13:31:09","modified_gmt":"2023-06-07T12:31:09","slug":"inwi-lance-un-appel-a-benevoles-dedie-au-street-art","status":"publish","type":"post","link":"https:\/\/www.mediaplateforme.com\/fr\/inwi-lance-un-appel-a-benevoles-dedie-au-street-art\/","title":{"rendered":"inwi lance un appel \u00e0 b\u00e9n\u00e9voles d\u00e9di\u00e9 au \u00ab Street Art \u00bb"},"content":{"rendered":"<p style=\"font-weight: 400;\">R\u00e9it\u00e9rant son engagement pour l\u2019action sociale et le b\u00e9n\u00e9volat, Dir iddik lance un appel aux b\u00e9n\u00e9voles pour participer \u00e0 une initiative passionnante visant \u00e0 promouvoir l&rsquo;art urbain dans diff\u00e9rentes villes du royaume. Cette action s&rsquo;inscrit dans le cadre de l&rsquo;engagement social continu de l\u2019op\u00e9rateur global\u00a0<a href=\"https:\/\/www.mediaplateforme.com\/fr\/inwi-presente-ses-solutions-innovantes-lors-de-la-1ere-edition-du-gitex-africa\/\">inwi\u00a0<\/a>et de sa volont\u00e9 de soutenir la cr\u00e9ativit\u00e9 et l&rsquo;\u00e9panouissement des enfants et des jeunes.<\/p>\n<p style=\"font-weight: 400;\">Cette nouvelle action Dir iddik comprendra une s\u00e9rie d&rsquo;ateliers de formation et de sensibilisation sur diff\u00e9rentes formes d&rsquo;art urbain, notamment le graffiti, la peinture murale, le trompe-l&rsquo;\u0153il, le pochoir, les stickers, les collages, et bien d&rsquo;autres. Ces ateliers seront organis\u00e9s dans les villes de Ouarzazate, Laayoune, Tiznit, T\u00e9touan, F\u00e8s et Saidia, offrant ainsi une opportunit\u00e9 unique aux participants de d\u00e9couvrir et de s&rsquo;engager dans le monde de l&rsquo;art urbain.<\/p>\n<p style=\"font-weight: 400;\">Les b\u00e9n\u00e9voles joueront un r\u00f4le cl\u00e9 dans la r\u00e9ussite de ces ateliers en partageant leur passion pour l&rsquo;art avec les enfants et les jeunes participants. Ils auront l&rsquo;occasion d&rsquo;expliquer les concepts th\u00e9oriques li\u00e9s au \u00ab Street Art \u00bb et de guider les participants dans des activit\u00e9s terrain. Ensemble, ils auront \u00e9galement l\u2019opportunit\u00e9 de contribuer \u00e0 la r\u00e9alisation de petites fresques murales, ajoutant ainsi une touche artistique et color\u00e9e aux espaces urbains des diff\u00e9rentes villes.<\/p>\n<p style=\"font-weight: 400;\">L&rsquo;objectif principal de cette initiative est de promouvoir l&rsquo;art en g\u00e9n\u00e9ral, et l&rsquo;art urbain en particulier, en offrant aux enfants et aux jeunes une plateforme pour d\u00e9velopper leur cr\u00e9ativit\u00e9, exprimer leur individualit\u00e9 et explorer de nouvelles formes d&rsquo;expression artistique. En lan\u00e7ant cette action,\u00a0inwi\u00a0aspire \u00e9galement \u00e0 r\u00e9affirmer sa posture de marque citoyenne et dynamique, engag\u00e9e en faveur de l\u2019action sociale.<\/p>\n<p style=\"font-weight: 400;\">Pour r\u00e9pondre \u00e0 cet appel \u00e0 b\u00e9n\u00e9voles, rien de plus simple\u00a0: il suffit de s\u2019inscrire sur la plateforme \u00ab\u00a0<a href=\"http:\/\/diriddik.ma\/\" data-saferedirecturl=\"https:\/\/www.google.com\/url?q=http:\/\/diriddik.ma&amp;source=gmail&amp;ust=1686159830435000&amp;usg=AOvVaw2wqHJrOlHfOh5nN9hszUM1\">diriddik.ma<\/a>\u00a0\u00bb en choisissant sur le projet de son choix<\/p>\n<p style=\"font-weight: 400;\">Plateforme de r\u00e9f\u00e9rence de l\u2019action sociale et du volontariat au Maroc, \u00ab\u00a0<a href=\"http:\/\/diriddik.ma\/\" data-saferedirecturl=\"https:\/\/www.google.com\/url?q=http:\/\/diriddik.ma&amp;source=gmail&amp;ust=1686159830435000&amp;usg=AOvVaw2wqHJrOlHfOh5nN9hszUM1\">diriddik.ma<\/a>\u00a0\u00bb met en relation les b\u00e9n\u00e9voles et les associations partout au Maroc\u00a0: elle f\u00e9d\u00e8re aujourd\u2019hui pr\u00e8s de 72000 b\u00e9n\u00e9voles, plus de 200 associations partenaires et compte \u00e0 son actif plus de 700 projets d\u00e9ploy\u00e9s au fil des ann\u00e9es partout au Maroc. Aussi, au fil des ann\u00e9es, les actions Dir iddik ont permis notamment de r\u00e9habiliter 74 associations, de r\u00e9nover 16 quartiers et aussi d\u2019am\u00e9nager 50 classes connect\u00e9es dans le rural.<\/p>\n","protected":false},"excerpt":{"rendered":"<p>R\u00e9it\u00e9rant son engagement pour l\u2019action sociale et le b\u00e9n\u00e9volat, Dir iddik lance un appel aux<\/p>\n","protected":false},"author":1,"featured_media":3217,"comment_status":"open","ping_status":"open","sticky":false,"template":"","format":"standard","meta":{"_acf_changed":false,"footnotes":""},"categories":[2,3],"tags":[746,154,976],"class_list":["post-3216","post","type-post","status-publish","format-standard","has-post-thumbnail","hentry","category-nouvelles","category-nouvelles-selectionnees","tag-dir-iddik","tag-inwi","tag-street-art"],"acf":[],"yoast_head":"<!-- This site is optimized with the Yoast SEO plugin v22.0 - https:\/\/yoast.com\/wordpress\/plugins\/seo\/ -->\n<title>inwi lance un appel \u00e0 b\u00e9n\u00e9voles d\u00e9di\u00e9 au \u00ab Street Art \u00bb - MEDIA PLATEFORME | FR<\/title>\n<meta name=\"description\" content=\"son engagement pour l\u2019action sociale et le b\u00e9n\u00e9volat, Dir iddik lance un appel aux b\u00e9n\u00e9voles pour participer \u00e0 une initiative passionnante \u00e0\" \/>\n<meta name=\"robots\" content=\"index, follow, max-snippet:-1, max-image-preview:large, max-video-preview:-1\" \/>\n<link rel=\"canonical\" href=\"https:\/\/www.mediaplateforme.com\/fr\/inwi-lance-un-appel-a-benevoles-dedie-au-street-art\/\" \/>\n<meta property=\"og:locale\" content=\"fr_FR\" \/>\n<meta property=\"og:type\" content=\"article\" \/>\n<meta property=\"og:title\" content=\"inwi lance un appel \u00e0 b\u00e9n\u00e9voles d\u00e9di\u00e9 au \u00ab Street Art \u00bb - MEDIA PLATEFORME | FR\" \/>\n<meta property=\"og:description\" content=\"son engagement pour l\u2019action sociale et le b\u00e9n\u00e9volat, Dir iddik lance un appel aux b\u00e9n\u00e9voles pour participer \u00e0 une initiative passionnante \u00e0\" \/>\n<meta property=\"og:url\" content=\"https:\/\/www.mediaplateforme.com\/fr\/inwi-lance-un-appel-a-benevoles-dedie-au-street-art\/\" \/>\n<meta property=\"og:site_name\" content=\"MEDIA PLATEFORME | FR\" \/>\n<meta property=\"article:published_time\" content=\"2023-06-07T12:27:53+00:00\" \/>\n<meta property=\"article:modified_time\" content=\"2023-06-07T12:31:09+00:00\" \/>\n<meta property=\"og:image\" content=\"https:\/\/www.mediaplateforme.com\/fr\/wp-content\/uploads\/sites\/5\/2023\/06\/23-00372-Appel-a\u0300-be\u0301ne\u0301volat-DI-Street-art-4x3-1.jpg\" \/>\n\t<meta property=\"og:image:width\" content=\"2200\" \/>\n\t<meta property=\"og:image:height\" content=\"1650\" \/>\n\t<meta property=\"og:image:type\" content=\"image\/jpeg\" \/>\n<meta name=\"author\" content=\"Mediaplateforme\" \/>\n<meta name=\"twitter:card\" content=\"summary_large_image\" \/>\n<meta name=\"twitter:label1\" content=\"\u00c9crit par\" \/>\n\t<meta name=\"twitter:data1\" content=\"Mediaplateforme\" \/>\n\t<meta name=\"twitter:label2\" content=\"Dur\u00e9e de lecture estim\u00e9e\" \/>\n\t<meta name=\"twitter:data2\" content=\"2 minutes\" \/>\n<script type=\"application\/ld+json\" class=\"yoast-schema-graph\">{\"@context\":\"https:\/\/schema.org\",\"@graph\":[{\"@type\":\"WebPage\",\"@id\":\"https:\/\/www.mediaplateforme.com\/fr\/inwi-lance-un-appel-a-benevoles-dedie-au-street-art\/\",\"url\":\"https:\/\/www.mediaplateforme.com\/fr\/inwi-lance-un-appel-a-benevoles-dedie-au-street-art\/\",\"name\":\"inwi lance un appel \u00e0 b\u00e9n\u00e9voles d\u00e9di\u00e9 au \u00ab Street Art \u00bb - MEDIA PLATEFORME | FR\",\"isPartOf\":{\"@id\":\"https:\/\/www.mediaplateforme.com\/fr\/#website\"},\"datePublished\":\"2023-06-07T12:27:53+00:00\",\"dateModified\":\"2023-06-07T12:31:09+00:00\",\"author\":{\"@id\":\"https:\/\/www.mediaplateforme.com\/fr\/#\/schema\/person\/89833db382b5db2c76b094bc902aa12a\"},\"description\":\"son engagement pour l\u2019action sociale et le b\u00e9n\u00e9volat, Dir iddik lance un appel aux b\u00e9n\u00e9voles pour participer \u00e0 une initiative passionnante \u00e0\",\"breadcrumb\":{\"@id\":\"https:\/\/www.mediaplateforme.com\/fr\/inwi-lance-un-appel-a-benevoles-dedie-au-street-art\/#breadcrumb\"},\"inLanguage\":\"fr-FR\",\"potentialAction\":[{\"@type\":\"ReadAction\",\"target\":[\"https:\/\/www.mediaplateforme.com\/fr\/inwi-lance-un-appel-a-benevoles-dedie-au-street-art\/\"]}]},{\"@type\":\"BreadcrumbList\",\"@id\":\"https:\/\/www.mediaplateforme.com\/fr\/inwi-lance-un-appel-a-benevoles-dedie-au-street-art\/#breadcrumb\",\"itemListElement\":[{\"@type\":\"ListItem\",\"position\":1,\"name\":\"\u0627\u0644\u0631\u0626\u064a\u0633\u064a\u0629\",\"item\":\"https:\/\/www.mediaplateforme.com\/fr\/\"},{\"@type\":\"ListItem\",\"position\":2,\"name\":\"inwi lance un appel \u00e0 b\u00e9n\u00e9voles d\u00e9di\u00e9 au \u00ab Street Art \u00bb\"}]},{\"@type\":\"WebSite\",\"@id\":\"https:\/\/www.mediaplateforme.com\/fr\/#website\",\"url\":\"https:\/\/www.mediaplateforme.com\/fr\/\",\"name\":\"MEDIA PLATEFORME | FR\",\"description\":\"Mediaplateforme sp\u00e9cialis\u00e9 dans la communication institutions publiques et des entreprises\",\"potentialAction\":[{\"@type\":\"SearchAction\",\"target\":{\"@type\":\"EntryPoint\",\"urlTemplate\":\"https:\/\/www.mediaplateforme.com\/fr\/?s={search_term_string}\"},\"query-input\":\"required name=search_term_string\"}],\"inLanguage\":\"fr-FR\"},{\"@type\":\"Person\",\"@id\":\"https:\/\/www.mediaplateforme.com\/fr\/#\/schema\/person\/89833db382b5db2c76b094bc902aa12a\",\"name\":\"Mediaplateforme\",\"image\":{\"@type\":\"ImageObject\",\"inLanguage\":\"fr-FR\",\"@id\":\"https:\/\/www.mediaplateforme.com\/fr\/#\/schema\/person\/image\/\",\"url\":\"https:\/\/secure.gravatar.com\/avatar\/6c9c02e8928cc65d54bf75157f7b3a2d06d7ad0494ca0951f679552ff03b34c1?s=96&d=mm&r=g\",\"contentUrl\":\"https:\/\/secure.gravatar.com\/avatar\/6c9c02e8928cc65d54bf75157f7b3a2d06d7ad0494ca0951f679552ff03b34c1?s=96&d=mm&r=g\",\"caption\":\"Mediaplateforme\"},\"sameAs\":[\"https:\/\/www.mediaplateforme.com\"],\"url\":\"https:\/\/www.mediaplateforme.com\/fr\/author\/mohamedladib\/\"}]}<\/script>\n<!-- \/ Yoast SEO plugin. -->","yoast_head_json":{"title":"inwi lance un appel \u00e0 b\u00e9n\u00e9voles d\u00e9di\u00e9 au \u00ab Street Art \u00bb - MEDIA PLATEFORME | FR","description":"son engagement pour l\u2019action sociale et le b\u00e9n\u00e9volat, Dir iddik lance un appel aux b\u00e9n\u00e9voles pour participer \u00e0 une initiative passionnante \u00e0","robots":{"index":"index","follow":"follow","max-snippet":"max-snippet:-1","max-image-preview":"max-image-preview:large","max-video-preview":"max-video-preview:-1"},"canonical":"https:\/\/www.mediaplateforme.com\/fr\/inwi-lance-un-appel-a-benevoles-dedie-au-street-art\/","og_locale":"fr_FR","og_type":"article","og_title":"inwi lance un appel \u00e0 b\u00e9n\u00e9voles d\u00e9di\u00e9 au \u00ab Street Art \u00bb - MEDIA PLATEFORME | FR","og_description":"son engagement pour l\u2019action sociale et le b\u00e9n\u00e9volat, Dir iddik lance un appel aux b\u00e9n\u00e9voles pour participer \u00e0 une initiative passionnante \u00e0","og_url":"https:\/\/www.mediaplateforme.com\/fr\/inwi-lance-un-appel-a-benevoles-dedie-au-street-art\/","og_site_name":"MEDIA PLATEFORME | FR","article_published_time":"2023-06-07T12:27:53+00:00","article_modified_time":"2023-06-07T12:31:09+00:00","og_image":[{"width":2200,"height":1650,"url":"https:\/\/www.mediaplateforme.com\/fr\/wp-content\/uploads\/sites\/5\/2023\/06\/23-00372-Appel-a\u0300-be\u0301ne\u0301volat-DI-Street-art-4x3-1.jpg","type":"image\/jpeg"}],"author":"Mediaplateforme","twitter_card":"summary_large_image","twitter_misc":{"\u00c9crit par":"Mediaplateforme","Dur\u00e9e de lecture estim\u00e9e":"2 minutes"},"schema":{"@context":"https:\/\/schema.org","@graph":[{"@type":"WebPage","@id":"https:\/\/www.mediaplateforme.com\/fr\/inwi-lance-un-appel-a-benevoles-dedie-au-street-art\/","url":"https:\/\/www.mediaplateforme.com\/fr\/inwi-lance-un-appel-a-benevoles-dedie-au-street-art\/","name":"inwi lance un appel \u00e0 b\u00e9n\u00e9voles d\u00e9di\u00e9 au \u00ab Street Art \u00bb - MEDIA PLATEFORME | FR","isPartOf":{"@id":"https:\/\/www.mediaplateforme.com\/fr\/#website"},"datePublished":"2023-06-07T12:27:53+00:00","dateModified":"2023-06-07T12:31:09+00:00","author":{"@id":"https:\/\/www.mediaplateforme.com\/fr\/#\/schema\/person\/89833db382b5db2c76b094bc902aa12a"},"description":"son engagement pour l\u2019action sociale et le b\u00e9n\u00e9volat, Dir iddik lance un appel aux b\u00e9n\u00e9voles pour participer \u00e0 une initiative passionnante \u00e0","breadcrumb":{"@id":"https:\/\/www.mediaplateforme.com\/fr\/inwi-lance-un-appel-a-benevoles-dedie-au-street-art\/#breadcrumb"},"inLanguage":"fr-FR","potentialAction":[{"@type":"ReadAction","target":["https:\/\/www.mediaplateforme.com\/fr\/inwi-lance-un-appel-a-benevoles-dedie-au-street-art\/"]}]},{"@type":"BreadcrumbList","@id":"https:\/\/www.mediaplateforme.com\/fr\/inwi-lance-un-appel-a-benevoles-dedie-au-street-art\/#breadcrumb","itemListElement":[{"@type":"ListItem","position":1,"name":"\u0627\u0644\u0631\u0626\u064a\u0633\u064a\u0629","item":"https:\/\/www.mediaplateforme.com\/fr\/"},{"@type":"ListItem","position":2,"name":"inwi lance un appel \u00e0 b\u00e9n\u00e9voles d\u00e9di\u00e9 au \u00ab Street Art \u00bb"}]},{"@type":"WebSite","@id":"https:\/\/www.mediaplateforme.com\/fr\/#website","url":"https:\/\/www.mediaplateforme.com\/fr\/","name":"MEDIA PLATEFORME | FR","description":"Mediaplateforme sp\u00e9cialis\u00e9 dans la communication institutions publiques et des entreprises","potentialAction":[{"@type":"SearchAction","target":{"@type":"EntryPoint","urlTemplate":"https:\/\/www.mediaplateforme.com\/fr\/?s={search_term_string}"},"query-input":"required name=search_term_string"}],"inLanguage":"fr-FR"},{"@type":"Person","@id":"https:\/\/www.mediaplateforme.com\/fr\/#\/schema\/person\/89833db382b5db2c76b094bc902aa12a","name":"Mediaplateforme","image":{"@type":"ImageObject","inLanguage":"fr-FR","@id":"https:\/\/www.mediaplateforme.com\/fr\/#\/schema\/person\/image\/","url":"https:\/\/secure.gravatar.com\/avatar\/6c9c02e8928cc65d54bf75157f7b3a2d06d7ad0494ca0951f679552ff03b34c1?s=96&d=mm&r=g","contentUrl":"https:\/\/secure.gravatar.com\/avatar\/6c9c02e8928cc65d54bf75157f7b3a2d06d7ad0494ca0951f679552ff03b34c1?s=96&d=mm&r=g","caption":"Mediaplateforme"},"sameAs":["https:\/\/www.mediaplateforme.com"],"url":"https:\/\/www.mediaplateforme.com\/fr\/author\/mohamedladib\/"}]}},"_links":{"self":[{"href":"https:\/\/www.mediaplateforme.com\/fr\/wp-json\/wp\/v2\/posts\/3216","targetHints":{"allow":["GET"]}}],"collection":[{"href":"https:\/\/www.mediaplateforme.com\/fr\/wp-json\/wp\/v2\/posts"}],"about":[{"href":"https:\/\/www.mediaplateforme.com\/fr\/wp-json\/wp\/v2\/types\/post"}],"author":[{"embeddable":true,"href":"https:\/\/www.mediaplateforme.com\/fr\/wp-json\/wp\/v2\/users\/1"}],"replies":[{"embeddable":true,"href":"https:\/\/www.mediaplateforme.com\/fr\/wp-json\/wp\/v2\/comments?post=3216"}],"version-history":[{"count":3,"href":"https:\/\/www.mediaplateforme.com\/fr\/wp-json\/wp\/v2\/posts\/3216\/revisions"}],"predecessor-version":[{"id":3220,"href":"https:\/\/www.mediaplateforme.com\/fr\/wp-json\/wp\/v2\/posts\/3216\/revisions\/3220"}],"wp:featuredmedia":[{"embeddable":true,"href":"https:\/\/www.mediaplateforme.com\/fr\/wp-json\/wp\/v2\/media\/3217"}],"wp:attachment":[{"href":"https:\/\/www.mediaplateforme.com\/fr\/wp-json\/wp\/v2\/media?parent=3216"}],"wp:term":[{"taxonomy":"category","embeddable":true,"href":"https:\/\/www.mediaplateforme.com\/fr\/wp-json\/wp\/v2\/categories?post=3216"},{"taxonomy":"post_tag","embeddable":true,"href":"https:\/\/www.mediaplateforme.com\/fr\/wp-json\/wp\/v2\/tags?post=3216"}],"curies":[{"name":"wp","href":"https:\/\/api.w.org\/{rel}","templated":true}]}}