{"id":3194,"date":"2023-06-06T15:54:44","date_gmt":"2023-06-06T14:54:44","guid":{"rendered":"https:\/\/www.mediaplateforme.com\/fr\/?p=3194"},"modified":"2023-06-06T15:54:44","modified_gmt":"2023-06-06T14:54:44","slug":"societe-generale-maroc-lance-le-1er-appel-a-projets-du-sg-social-impact-fund","status":"publish","type":"post","link":"https:\/\/www.mediaplateforme.com\/fr\/societe-generale-maroc-lance-le-1er-appel-a-projets-du-sg-social-impact-fund\/","title":{"rendered":"SOCI\u00c9T\u00c9 G\u00c9N\u00c9RALE MAROC LANCE LE 1ER APPEL \u00c0 PROJETS DU SG SOCIAL IMPACT FUND"},"content":{"rendered":"<p><strong>Expression innovante de l\u2019engagement citoyen de Soci\u00e9t\u00e9 G\u00e9n\u00e9rale Maroc, ainsi que de ses ambitions en faveur d\u2019une finance toujours plus responsable, le SG Social Impact Fund<\/strong><strong>* lance son 1<\/strong><strong>er <\/strong><strong>appel \u00e0 projets du 5 juin au 10 juillet, des associations porteuses de projets favorisant l\u2019insertion socioprofessionnelle et l\u2019autonomisation des jeunes<\/strong><strong>, pourront d\u00e9poser leur candidature en ligne sur la plateforme d\u00e9di\u00e9e, int\u00e9gr\u00e9e au site Internet du SG social impact Fund.<\/strong><\/p>\n<p>La s\u00e9lection des projets sera \u00e9tablie en toute ind\u00e9pendance par le Social Impact Board, qui s\u2019appuiera sur l\u2019expertise de la Fondation Soci\u00e9t\u00e9 G\u00e9n\u00e9rale Maroc dans l\u2019\u00e9tude des candidatures.<\/p>\n<p>Les projets seront s\u00e9lectionn\u00e9s en vertu de leur pertinence et de leur qualit\u00e9. Une attention particuli\u00e8re sera accord\u00e9e aux projets qui proposent des solutions novatrices et susceptibles de maximiser l\u2019impact et la p\u00e9rennit\u00e9 d\u2019initiatives solidaires, ayant pour objectif le d\u00e9veloppement des comp\u00e9tences des jeunes (formations professionnelles et soft skills), le renforcement de leur employabilit\u00e9, ainsi que la capacit\u00e9 \u00e0 cr\u00e9er leur propre entreprise.<\/p>\n<p>Premier fonds commun de placement ouvert (OPCVM) au Maroc \u00e0 vocation sociale et solidaire, le SG Social Impact Fund poss\u00e8de la particularit\u00e9, de reverser int\u00e9gralement ses dividendes au b\u00e9n\u00e9fice d\u2019associations porteuses d\u2019initiatives solidaires.<\/p>\n<p>Compos\u00e9 de titres obligataires peu sensibles aux variations de taux, le SG Social Impact Fund prot\u00e8ge les capitaux plac\u00e9s par les investisseurs (institutionnels, entreprises ou personnes physiques), et donne du sens \u00e0 leur investissement, en concr\u00e9tisant des projets \u00e0 forte port\u00e9e soci\u00e9tale.<\/p>\n<p>Le Social Impact Fund s\u2019av\u00e8re \u00e9galement un puissant vecteur pour des entreprises soucieuses de dynamiser leur d\u00e9marche RSE, en apportant leur contribution \u00e0 l\u2019action de la soci\u00e9t\u00e9 civile.<\/p>\n<p>En pla\u00e7ant l\u2019innovation financi\u00e8re au service de l\u2019action citoyenne, Soci\u00e9t\u00e9 G\u00e9n\u00e9rale Maroc r\u00e9it\u00e8re son engagement ferme et ind\u00e9fectible en faveur des causes nationales et de l\u2019\u00e9panouissement socio- \u00e9conomique de l\u2019ensemble de la soci\u00e9t\u00e9.<\/p>\n<p>Le SG Social Impact Fund incarne en effet les ambitions de la banque et encourage l\u2019\u00e9mergence d\u2019un environnement propice au d\u00e9veloppement de ce nouveau \u00e9cosyst\u00e8me.<\/p>\n<p>&nbsp;<\/p>\n","protected":false},"excerpt":{"rendered":"<p>Expression innovante de l\u2019engagement citoyen de Soci\u00e9t\u00e9 G\u00e9n\u00e9rale Maroc, ainsi que de ses ambitions en<\/p>\n","protected":false},"author":1,"featured_media":3195,"comment_status":"open","ping_status":"open","sticky":false,"template":"","format":"standard","meta":{"_acf_changed":false,"footnotes":""},"categories":[2,3],"tags":[969,37],"class_list":["post-3194","post","type-post","status-publish","format-standard","has-post-thumbnail","hentry","category-nouvelles","category-nouvelles-selectionnees","tag-sg-social-impact-fund","tag-societe-generale-maroc"],"acf":[],"yoast_head":"<!-- This site is optimized with the Yoast SEO plugin v22.0 - https:\/\/yoast.com\/wordpress\/plugins\/seo\/ -->\n<title>SOCI\u00c9T\u00c9 G\u00c9N\u00c9RALE MAROC LANCE LE 1ER APPEL \u00c0 PROJETS DU SG SOCIAL IMPACT FUND - MEDIA PLATEFORME | FR<\/title>\n<meta name=\"description\" content=\"Soci\u00e9t\u00e9 G\u00e9n\u00e9rale Maroc, ainsi que de ses ambitions en faveur d\u2019une finance toujours plus responsable, le SG Social Impact Fund* lance son\" \/>\n<meta name=\"robots\" content=\"index, follow, max-snippet:-1, max-image-preview:large, max-video-preview:-1\" \/>\n<link rel=\"canonical\" href=\"https:\/\/www.mediaplateforme.com\/fr\/societe-generale-maroc-lance-le-1er-appel-a-projets-du-sg-social-impact-fund\/\" \/>\n<meta property=\"og:locale\" content=\"fr_FR\" \/>\n<meta property=\"og:type\" content=\"article\" \/>\n<meta property=\"og:title\" content=\"SOCI\u00c9T\u00c9 G\u00c9N\u00c9RALE MAROC LANCE LE 1ER APPEL \u00c0 PROJETS DU SG SOCIAL IMPACT FUND - MEDIA PLATEFORME | FR\" \/>\n<meta property=\"og:description\" content=\"Soci\u00e9t\u00e9 G\u00e9n\u00e9rale Maroc, ainsi que de ses ambitions en faveur d\u2019une finance toujours plus responsable, le SG Social Impact Fund* lance son\" \/>\n<meta property=\"og:url\" content=\"https:\/\/www.mediaplateforme.com\/fr\/societe-generale-maroc-lance-le-1er-appel-a-projets-du-sg-social-impact-fund\/\" \/>\n<meta property=\"og:site_name\" content=\"MEDIA PLATEFORME | FR\" \/>\n<meta property=\"article:published_time\" content=\"2023-06-06T14:54:44+00:00\" \/>\n<meta property=\"og:image\" content=\"https:\/\/www.mediaplateforme.com\/fr\/wp-content\/uploads\/sites\/5\/2023\/06\/SG-Maroc.jpg\" \/>\n\t<meta property=\"og:image:width\" content=\"1050\" \/>\n\t<meta property=\"og:image:height\" content=\"763\" \/>\n\t<meta property=\"og:image:type\" content=\"image\/jpeg\" \/>\n<meta name=\"author\" content=\"Mediaplateforme\" \/>\n<meta name=\"twitter:card\" content=\"summary_large_image\" \/>\n<meta name=\"twitter:label1\" content=\"\u00c9crit par\" \/>\n\t<meta name=\"twitter:data1\" content=\"Mediaplateforme\" \/>\n\t<meta name=\"twitter:label2\" content=\"Dur\u00e9e de lecture estim\u00e9e\" \/>\n\t<meta name=\"twitter:data2\" content=\"2 minutes\" \/>\n<script type=\"application\/ld+json\" class=\"yoast-schema-graph\">{\"@context\":\"https:\/\/schema.org\",\"@graph\":[{\"@type\":\"WebPage\",\"@id\":\"https:\/\/www.mediaplateforme.com\/fr\/societe-generale-maroc-lance-le-1er-appel-a-projets-du-sg-social-impact-fund\/\",\"url\":\"https:\/\/www.mediaplateforme.com\/fr\/societe-generale-maroc-lance-le-1er-appel-a-projets-du-sg-social-impact-fund\/\",\"name\":\"SOCI\u00c9T\u00c9 G\u00c9N\u00c9RALE MAROC LANCE LE 1ER APPEL \u00c0 PROJETS DU SG SOCIAL IMPACT FUND - MEDIA PLATEFORME | FR\",\"isPartOf\":{\"@id\":\"https:\/\/www.mediaplateforme.com\/fr\/#website\"},\"datePublished\":\"2023-06-06T14:54:44+00:00\",\"dateModified\":\"2023-06-06T14:54:44+00:00\",\"author\":{\"@id\":\"https:\/\/www.mediaplateforme.com\/fr\/#\/schema\/person\/89833db382b5db2c76b094bc902aa12a\"},\"description\":\"Soci\u00e9t\u00e9 G\u00e9n\u00e9rale Maroc, ainsi que de ses ambitions en faveur d\u2019une finance toujours plus responsable, le SG Social Impact Fund* lance son\",\"breadcrumb\":{\"@id\":\"https:\/\/www.mediaplateforme.com\/fr\/societe-generale-maroc-lance-le-1er-appel-a-projets-du-sg-social-impact-fund\/#breadcrumb\"},\"inLanguage\":\"fr-FR\",\"potentialAction\":[{\"@type\":\"ReadAction\",\"target\":[\"https:\/\/www.mediaplateforme.com\/fr\/societe-generale-maroc-lance-le-1er-appel-a-projets-du-sg-social-impact-fund\/\"]}]},{\"@type\":\"BreadcrumbList\",\"@id\":\"https:\/\/www.mediaplateforme.com\/fr\/societe-generale-maroc-lance-le-1er-appel-a-projets-du-sg-social-impact-fund\/#breadcrumb\",\"itemListElement\":[{\"@type\":\"ListItem\",\"position\":1,\"name\":\"\u0627\u0644\u0631\u0626\u064a\u0633\u064a\u0629\",\"item\":\"https:\/\/www.mediaplateforme.com\/fr\/\"},{\"@type\":\"ListItem\",\"position\":2,\"name\":\"SOCI\u00c9T\u00c9 G\u00c9N\u00c9RALE MAROC LANCE LE 1ER APPEL \u00c0 PROJETS DU SG SOCIAL IMPACT FUND\"}]},{\"@type\":\"WebSite\",\"@id\":\"https:\/\/www.mediaplateforme.com\/fr\/#website\",\"url\":\"https:\/\/www.mediaplateforme.com\/fr\/\",\"name\":\"MEDIA PLATEFORME | FR\",\"description\":\"Mediaplateforme sp\u00e9cialis\u00e9 dans la communication institutions publiques et des entreprises\",\"potentialAction\":[{\"@type\":\"SearchAction\",\"target\":{\"@type\":\"EntryPoint\",\"urlTemplate\":\"https:\/\/www.mediaplateforme.com\/fr\/?s={search_term_string}\"},\"query-input\":\"required name=search_term_string\"}],\"inLanguage\":\"fr-FR\"},{\"@type\":\"Person\",\"@id\":\"https:\/\/www.mediaplateforme.com\/fr\/#\/schema\/person\/89833db382b5db2c76b094bc902aa12a\",\"name\":\"Mediaplateforme\",\"image\":{\"@type\":\"ImageObject\",\"inLanguage\":\"fr-FR\",\"@id\":\"https:\/\/www.mediaplateforme.com\/fr\/#\/schema\/person\/image\/\",\"url\":\"https:\/\/secure.gravatar.com\/avatar\/6c9c02e8928cc65d54bf75157f7b3a2d06d7ad0494ca0951f679552ff03b34c1?s=96&d=mm&r=g\",\"contentUrl\":\"https:\/\/secure.gravatar.com\/avatar\/6c9c02e8928cc65d54bf75157f7b3a2d06d7ad0494ca0951f679552ff03b34c1?s=96&d=mm&r=g\",\"caption\":\"Mediaplateforme\"},\"sameAs\":[\"https:\/\/www.mediaplateforme.com\"],\"url\":\"https:\/\/www.mediaplateforme.com\/fr\/author\/mohamedladib\/\"}]}<\/script>\n<!-- \/ Yoast SEO plugin. -->","yoast_head_json":{"title":"SOCI\u00c9T\u00c9 G\u00c9N\u00c9RALE MAROC LANCE LE 1ER APPEL \u00c0 PROJETS DU SG SOCIAL IMPACT FUND - MEDIA PLATEFORME | FR","description":"Soci\u00e9t\u00e9 G\u00e9n\u00e9rale Maroc, ainsi que de ses ambitions en faveur d\u2019une finance toujours plus responsable, le SG Social Impact Fund* lance son","robots":{"index":"index","follow":"follow","max-snippet":"max-snippet:-1","max-image-preview":"max-image-preview:large","max-video-preview":"max-video-preview:-1"},"canonical":"https:\/\/www.mediaplateforme.com\/fr\/societe-generale-maroc-lance-le-1er-appel-a-projets-du-sg-social-impact-fund\/","og_locale":"fr_FR","og_type":"article","og_title":"SOCI\u00c9T\u00c9 G\u00c9N\u00c9RALE MAROC LANCE LE 1ER APPEL \u00c0 PROJETS DU SG SOCIAL IMPACT FUND - MEDIA PLATEFORME | FR","og_description":"Soci\u00e9t\u00e9 G\u00e9n\u00e9rale Maroc, ainsi que de ses ambitions en faveur d\u2019une finance toujours plus responsable, le SG Social Impact Fund* lance son","og_url":"https:\/\/www.mediaplateforme.com\/fr\/societe-generale-maroc-lance-le-1er-appel-a-projets-du-sg-social-impact-fund\/","og_site_name":"MEDIA PLATEFORME | FR","article_published_time":"2023-06-06T14:54:44+00:00","og_image":[{"width":1050,"height":763,"url":"https:\/\/www.mediaplateforme.com\/fr\/wp-content\/uploads\/sites\/5\/2023\/06\/SG-Maroc.jpg","type":"image\/jpeg"}],"author":"Mediaplateforme","twitter_card":"summary_large_image","twitter_misc":{"\u00c9crit par":"Mediaplateforme","Dur\u00e9e de lecture estim\u00e9e":"2 minutes"},"schema":{"@context":"https:\/\/schema.org","@graph":[{"@type":"WebPage","@id":"https:\/\/www.mediaplateforme.com\/fr\/societe-generale-maroc-lance-le-1er-appel-a-projets-du-sg-social-impact-fund\/","url":"https:\/\/www.mediaplateforme.com\/fr\/societe-generale-maroc-lance-le-1er-appel-a-projets-du-sg-social-impact-fund\/","name":"SOCI\u00c9T\u00c9 G\u00c9N\u00c9RALE MAROC LANCE LE 1ER APPEL \u00c0 PROJETS DU SG SOCIAL IMPACT FUND - MEDIA PLATEFORME | FR","isPartOf":{"@id":"https:\/\/www.mediaplateforme.com\/fr\/#website"},"datePublished":"2023-06-06T14:54:44+00:00","dateModified":"2023-06-06T14:54:44+00:00","author":{"@id":"https:\/\/www.mediaplateforme.com\/fr\/#\/schema\/person\/89833db382b5db2c76b094bc902aa12a"},"description":"Soci\u00e9t\u00e9 G\u00e9n\u00e9rale Maroc, ainsi que de ses ambitions en faveur d\u2019une finance toujours plus responsable, le SG Social Impact Fund* lance son","breadcrumb":{"@id":"https:\/\/www.mediaplateforme.com\/fr\/societe-generale-maroc-lance-le-1er-appel-a-projets-du-sg-social-impact-fund\/#breadcrumb"},"inLanguage":"fr-FR","potentialAction":[{"@type":"ReadAction","target":["https:\/\/www.mediaplateforme.com\/fr\/societe-generale-maroc-lance-le-1er-appel-a-projets-du-sg-social-impact-fund\/"]}]},{"@type":"BreadcrumbList","@id":"https:\/\/www.mediaplateforme.com\/fr\/societe-generale-maroc-lance-le-1er-appel-a-projets-du-sg-social-impact-fund\/#breadcrumb","itemListElement":[{"@type":"ListItem","position":1,"name":"\u0627\u0644\u0631\u0626\u064a\u0633\u064a\u0629","item":"https:\/\/www.mediaplateforme.com\/fr\/"},{"@type":"ListItem","position":2,"name":"SOCI\u00c9T\u00c9 G\u00c9N\u00c9RALE MAROC LANCE LE 1ER APPEL \u00c0 PROJETS DU SG SOCIAL IMPACT FUND"}]},{"@type":"WebSite","@id":"https:\/\/www.mediaplateforme.com\/fr\/#website","url":"https:\/\/www.mediaplateforme.com\/fr\/","name":"MEDIA PLATEFORME | FR","description":"Mediaplateforme sp\u00e9cialis\u00e9 dans la communication institutions publiques et des entreprises","potentialAction":[{"@type":"SearchAction","target":{"@type":"EntryPoint","urlTemplate":"https:\/\/www.mediaplateforme.com\/fr\/?s={search_term_string}"},"query-input":"required name=search_term_string"}],"inLanguage":"fr-FR"},{"@type":"Person","@id":"https:\/\/www.mediaplateforme.com\/fr\/#\/schema\/person\/89833db382b5db2c76b094bc902aa12a","name":"Mediaplateforme","image":{"@type":"ImageObject","inLanguage":"fr-FR","@id":"https:\/\/www.mediaplateforme.com\/fr\/#\/schema\/person\/image\/","url":"https:\/\/secure.gravatar.com\/avatar\/6c9c02e8928cc65d54bf75157f7b3a2d06d7ad0494ca0951f679552ff03b34c1?s=96&d=mm&r=g","contentUrl":"https:\/\/secure.gravatar.com\/avatar\/6c9c02e8928cc65d54bf75157f7b3a2d06d7ad0494ca0951f679552ff03b34c1?s=96&d=mm&r=g","caption":"Mediaplateforme"},"sameAs":["https:\/\/www.mediaplateforme.com"],"url":"https:\/\/www.mediaplateforme.com\/fr\/author\/mohamedladib\/"}]}},"_links":{"self":[{"href":"https:\/\/www.mediaplateforme.com\/fr\/wp-json\/wp\/v2\/posts\/3194","targetHints":{"allow":["GET"]}}],"collection":[{"href":"https:\/\/www.mediaplateforme.com\/fr\/wp-json\/wp\/v2\/posts"}],"about":[{"href":"https:\/\/www.mediaplateforme.com\/fr\/wp-json\/wp\/v2\/types\/post"}],"author":[{"embeddable":true,"href":"https:\/\/www.mediaplateforme.com\/fr\/wp-json\/wp\/v2\/users\/1"}],"replies":[{"embeddable":true,"href":"https:\/\/www.mediaplateforme.com\/fr\/wp-json\/wp\/v2\/comments?post=3194"}],"version-history":[{"count":1,"href":"https:\/\/www.mediaplateforme.com\/fr\/wp-json\/wp\/v2\/posts\/3194\/revisions"}],"predecessor-version":[{"id":3196,"href":"https:\/\/www.mediaplateforme.com\/fr\/wp-json\/wp\/v2\/posts\/3194\/revisions\/3196"}],"wp:featuredmedia":[{"embeddable":true,"href":"https:\/\/www.mediaplateforme.com\/fr\/wp-json\/wp\/v2\/media\/3195"}],"wp:attachment":[{"href":"https:\/\/www.mediaplateforme.com\/fr\/wp-json\/wp\/v2\/media?parent=3194"}],"wp:term":[{"taxonomy":"category","embeddable":true,"href":"https:\/\/www.mediaplateforme.com\/fr\/wp-json\/wp\/v2\/categories?post=3194"},{"taxonomy":"post_tag","embeddable":true,"href":"https:\/\/www.mediaplateforme.com\/fr\/wp-json\/wp\/v2\/tags?post=3194"}],"curies":[{"name":"wp","href":"https:\/\/api.w.org\/{rel}","templated":true}]}}