{"id":3181,"date":"2023-06-06T15:27:15","date_gmt":"2023-06-06T14:27:15","guid":{"rendered":"https:\/\/www.mediaplateforme.com\/fr\/?p=3181"},"modified":"2023-06-06T15:27:15","modified_gmt":"2023-06-06T14:27:15","slug":"lg-sassocie-a-prime-video-pour-une-nouvelle-serie-citadel-disponible-sur-les-smart-tv-lg","status":"publish","type":"post","link":"https:\/\/www.mediaplateforme.com\/fr\/lg-sassocie-a-prime-video-pour-une-nouvelle-serie-citadel-disponible-sur-les-smart-tv-lg\/","title":{"rendered":"LG S&rsquo;ASSOCIE \u00c0 PRIME VIDEO POUR UNE NOUVELLE S\u00c9RIE, CITADEL, DISPONIBLE SUR LES SMART TV LG"},"content":{"rendered":"<p>A partir de cette semaine, les propri\u00e9taires de t\u00e9l\u00e9viseurs Smart de LG du monde entier peuvent profiter de Citadel, l\u2019incroyable s\u00e9rie d\u2019espionnage de Prime Video et Amazon Studios et la plus r\u00e9cente sensation mondiale de la t\u00e9l\u00e9vision en continu.<\/p>\n<p>&nbsp;<\/p>\n<p>Gr\u00e2ce \u00e0 la technologie d&rsquo;auto-\u00e9clairage des t\u00e9l\u00e9viseurs LG OLED, qui permet d&rsquo;obtenir des noirs profonds et des couleurs r\u00e9alistes, les t\u00e9l\u00e9spectateurs sont plac\u00e9s au centre de l&rsquo;univers plein d&rsquo;action de Citadel et peuvent profiter de l&rsquo;\u00e9mission avec les couleurs, le format et la fr\u00e9quence d&rsquo;images voulus, gr\u00e2ce au Mode Cin\u00e9aste automatique.<\/p>\n<p>&nbsp;<\/p>\n<p>Les t\u00e9l\u00e9viseurs LG OLED sont \u00e9galement dot\u00e9s de la technologie Dolby Vision\u00ae pour une image ultra vive et un son Dolby Atmos\u00ae incroyablement immersif, qui rehausse encore l&rsquo;exp\u00e9rience cin\u00e9matographique lorsque vous profitez de vos titres pr\u00e9f\u00e9r\u00e9s disponibles en Dolby.<\/p>\n<p>&nbsp;<\/p>\n<p>Avec Richard Madden et Priyanka Chopra Jonas, Citadel se d\u00e9roule apr\u00e8s la chute de l&rsquo;organisation d&rsquo;espionnage titulaire, alors que deux espions tentent de reconstituer ce qui s&rsquo;est pass\u00e9. Les deux espions se lancent dans une mission qui les emm\u00e8ne \u00e0 travers le monde, tout en faisant face \u00e0 une relation construite sur des secrets, des mensonges et un amour dangereux mais \u00e9ternel.<\/p>\n<p>Citadel a \u00e9t\u00e9 diffus\u00e9 en exclusivit\u00e9 sur Prime Video le vendredi 28 avril, avec deux \u00e9pisodes riches en adr\u00e9naline, suivis d\u2019un nouvel \u00e9pisode diffus\u00e9 le vendredi de chaque semaine, jusqu\u2019au 26 mai. Citadel est pr\u00e9sent\u00e9 dans plus de 240 pays et territoires dans le monde.<\/p>\n<p>&nbsp;<\/p>\n<p>Pour marquer le lancement de la nouvelle s\u00e9rie t\u00e9l\u00e9vis\u00e9e cin\u00e9matographique, Prime Video et LG se sont associ\u00e9s pour rapprocher les personnages et l&rsquo;univers high-tech de Citadel de ses fans, \u00e0 travers une s\u00e9rie de visuels exclusifs, d\u00e9ploy\u00e9s sur de multiples canaux, ainsi qu&rsquo;en ligne, en magasin, \u00e0 Times Square \u00e0 New York et \u00e0 Piccadilly Circus \u00e0 Londres.<\/p>\n<p>&nbsp;<\/p>\n<p>Ce n&rsquo;est pas une premi\u00e8re pour Prime Video et LG, puisqu\u2019elle s\u2019inscrit dans le prolongement d\u2019une longue relation entre le service de diffusion en continu et le fabricant de t\u00e9l\u00e9viseurs intelligents. Tous deux ont pour objectif commun d&rsquo;offrir la meilleure exp\u00e9rience de visionnage aux millions de clients \u00e0 travers le monde qui visionnent le contenu exceptionnel de Prime Video gr\u00e2ce \u00e0 la technologie sup\u00e9rieure LG OLED evo.<\/p>\n<p>&nbsp;<\/p>\n<p>Du lancement de la premi\u00e8re exp\u00e9rience de streaming 4K HDR sur les t\u00e9l\u00e9viseurs LG OLED en 2015, \u00e0 l&rsquo;activation du Mode Cin\u00e9aste pour les films et s\u00e9ries Prime Video en 2021, en passant par la mise en place de recommandations personnalis\u00e9es sur l&rsquo;\u00e9cran d&rsquo;accueil LG afin que les clients d\u00e9couvrent le meilleur contenu Prime Video en 2022, la longue relation de LG avec Prime Video continue de conduire \u00e0 des innovations dans l&rsquo;exp\u00e9rience de visionnage \u00e0 la maison.<\/p>\n<p>&nbsp;<\/p>\n<p>\u00ab\u00a0Chez Prime Video, nous sommes toujours \u00e0 la recherche de nouveaux moyens d&rsquo;innover et d&rsquo;offrir \u00e0 nos clients la meilleure exp\u00e9rience de visionnage\u00a0\u00bb, a d\u00e9clar\u00e9 Andrew Bennett, responsable des partenariats vid\u00e9o mondiaux pour Prime Video, MGM+ et Amazon Freevee. \u00ab\u00a0Notre relation avec LG et notre engagement commun envers les clients nous ont permis de placer la barre toujours plus haut avec de nouvelles technologies qui am\u00e9liorent l&rsquo;exp\u00e9rience globale de l&rsquo;utilisateur\u00a0\u00bb<\/p>\n<p>&nbsp;<\/p>\n<p>Cette initiative intervient alors que LG cherche \u00e0 renforcer ses efforts de marketing visant \u00e0 offrir une valeur ajout\u00e9e \u00e0 ses clients en leur proposant des exp\u00e9riences uniques \u00e0 travers une vari\u00e9t\u00e9 de points de contact. Prime Video \u00e9tait un partenaire naturel pour \u00e9tendre la relation marketing de LG, compte tenu de sa port\u00e9e mondiale, de son innovation technologique continue et de son contenu attrayant. LG pr\u00e9voit de mettre en place d&rsquo;autres collaborations passionnantes de ce type \u00e0 l&rsquo;avenir.<\/p>\n<p>&nbsp;<\/p>\n<p>\u00ab\u00a0LG collabore activement avec ses partenaires de contenu tels que Prime Video pour offrir \u00e0 ses clients une exp\u00e9rience attrayante sur grand \u00e9cran \u00e0 la maison et ailleurs\u00a0\u00bb, a d\u00e9clar\u00e9 Chris Jo, vice-pr\u00e9sident senior de la plate-forme commerciale, LG Electronics Home Entertainment Company. \u00ab\u00a0Nous sommes heureux de lancer cette initiative avec Prime Video, dont le partenariat mondial et la passion partag\u00e9e pour l&rsquo;innovation au fil des ans nous aident \u00e0 offrir une exp\u00e9rience de premier ordre aux clients.\u00a0\u00bb<\/p>\n<p>&nbsp;<\/p>\n<p><em><sup>1<\/sup><\/em><em>Disponible sur les t\u00e9l\u00e9viseurs LG 2023, 2022, 2021, 2020 4K et 8K<\/em><\/p>\n<p>&nbsp;<\/p>\n<p>&nbsp;<\/p>\n<h4><strong>LG OLED: Une d\u00e9cennie de leadership fond\u00e9e sur une excellence et une innovation in\u00e9gal\u00e9es<\/strong><\/h4>\n<p>C\u00e9l\u00e9brant leur 10e anniversaire en 2023, les t\u00e9l\u00e9viseurs <a href=\"https:\/\/www.mediaplateforme.com\/fr\/lg-annonce-ses-resultats-financiers-pour-le-premier-trimestre-2023\/\">LG<\/a> OLED ont ouvert la voie et continuent de dominer le march\u00e9 des t\u00e9l\u00e9viseurs haut de gamme, s&rsquo;attirant de nombreuses accolades de la part de journalistes et d&rsquo;experts du secteur. Les t\u00e9l\u00e9viseurs LG OLED sont synonymes de superbe qualit\u00e9 d&rsquo;image, de couleurs vibrantes et pr\u00e9cises et de noirs profonds pour des images remarquablement r\u00e9alistes. Les t\u00e9l\u00e9viseurs LG OLED sont ainsi devenus les t\u00e9l\u00e9viseurs pr\u00e9f\u00e9r\u00e9s de nombreux cr\u00e9ateurs et studios. L&rsquo;entreprise s&rsquo;est engag\u00e9e \u00e0 explorer les vastes possibilit\u00e9s offertes par sa technologie d&rsquo;auto-\u00e9clairage alors qu&rsquo;elle entame une nouvelle d\u00e9cennie de leadership et d&rsquo;innovation dans le domaine des OLED. Pour plus d&rsquo;informations sur LG, visitez le site www.lg.com.<\/p>\n","protected":false},"excerpt":{"rendered":"<p>A partir de cette semaine, les propri\u00e9taires de t\u00e9l\u00e9viseurs Smart de LG du monde entier<\/p>\n","protected":false},"author":1,"featured_media":3182,"comment_status":"open","ping_status":"open","sticky":false,"template":"","format":"standard","meta":{"_acf_changed":false,"footnotes":""},"categories":[5,3],"tags":[28,963,962],"class_list":["post-3181","post","type-post","status-publish","format-standard","has-post-thumbnail","hentry","category-tech","category-nouvelles-selectionnees","tag-lg","tag-prime-video","tag-televiseurs-smart-de-lg"],"acf":[],"yoast_head":"<!-- This site is optimized with the Yoast SEO plugin v22.0 - https:\/\/yoast.com\/wordpress\/plugins\/seo\/ -->\n<title>LG S&#039;ASSOCIE \u00c0 PRIME VIDEO POUR UNE NOUVELLE S\u00c9RIE, CITADEL, DISPONIBLE SUR LES SMART TV LG - MEDIA PLATEFORME | FR<\/title>\n<meta name=\"description\" content=\"A partir de cette semaine, les propri\u00e9taires de t\u00e9l\u00e9viseurs Smart de LG du de Citadel, l\u2019incroyable s\u00e9rie d\u2019espionnage de Prime Video\" \/>\n<meta name=\"robots\" content=\"index, follow, max-snippet:-1, max-image-preview:large, max-video-preview:-1\" \/>\n<link rel=\"canonical\" href=\"https:\/\/www.mediaplateforme.com\/fr\/lg-sassocie-a-prime-video-pour-une-nouvelle-serie-citadel-disponible-sur-les-smart-tv-lg\/\" \/>\n<meta property=\"og:locale\" content=\"fr_FR\" \/>\n<meta property=\"og:type\" content=\"article\" \/>\n<meta property=\"og:title\" content=\"LG S&#039;ASSOCIE \u00c0 PRIME VIDEO POUR UNE NOUVELLE S\u00c9RIE, CITADEL, DISPONIBLE SUR LES SMART TV LG - MEDIA PLATEFORME | FR\" \/>\n<meta property=\"og:description\" content=\"A partir de cette semaine, les propri\u00e9taires de t\u00e9l\u00e9viseurs Smart de LG du de Citadel, l\u2019incroyable s\u00e9rie d\u2019espionnage de Prime Video\" \/>\n<meta property=\"og:url\" content=\"https:\/\/www.mediaplateforme.com\/fr\/lg-sassocie-a-prime-video-pour-une-nouvelle-serie-citadel-disponible-sur-les-smart-tv-lg\/\" \/>\n<meta property=\"og:site_name\" content=\"MEDIA PLATEFORME | FR\" \/>\n<meta property=\"article:published_time\" content=\"2023-06-06T14:27:15+00:00\" \/>\n<meta property=\"og:image\" content=\"https:\/\/www.mediaplateforme.com\/fr\/wp-content\/uploads\/sites\/5\/2023\/06\/LG-CITADEL.jpg\" \/>\n\t<meta property=\"og:image:width\" content=\"1028\" \/>\n\t<meta property=\"og:image:height\" content=\"660\" \/>\n\t<meta property=\"og:image:type\" content=\"image\/jpeg\" \/>\n<meta name=\"author\" content=\"Mediaplateforme\" \/>\n<meta name=\"twitter:card\" content=\"summary_large_image\" \/>\n<meta name=\"twitter:label1\" content=\"\u00c9crit par\" \/>\n\t<meta name=\"twitter:data1\" content=\"Mediaplateforme\" \/>\n\t<meta name=\"twitter:label2\" content=\"Dur\u00e9e de lecture estim\u00e9e\" \/>\n\t<meta name=\"twitter:data2\" content=\"5 minutes\" \/>\n<script type=\"application\/ld+json\" class=\"yoast-schema-graph\">{\"@context\":\"https:\/\/schema.org\",\"@graph\":[{\"@type\":\"WebPage\",\"@id\":\"https:\/\/www.mediaplateforme.com\/fr\/lg-sassocie-a-prime-video-pour-une-nouvelle-serie-citadel-disponible-sur-les-smart-tv-lg\/\",\"url\":\"https:\/\/www.mediaplateforme.com\/fr\/lg-sassocie-a-prime-video-pour-une-nouvelle-serie-citadel-disponible-sur-les-smart-tv-lg\/\",\"name\":\"LG S'ASSOCIE \u00c0 PRIME VIDEO POUR UNE NOUVELLE S\u00c9RIE, CITADEL, DISPONIBLE SUR LES SMART TV LG - MEDIA PLATEFORME | FR\",\"isPartOf\":{\"@id\":\"https:\/\/www.mediaplateforme.com\/fr\/#website\"},\"datePublished\":\"2023-06-06T14:27:15+00:00\",\"dateModified\":\"2023-06-06T14:27:15+00:00\",\"author\":{\"@id\":\"https:\/\/www.mediaplateforme.com\/fr\/#\/schema\/person\/89833db382b5db2c76b094bc902aa12a\"},\"description\":\"A partir de cette semaine, les propri\u00e9taires de t\u00e9l\u00e9viseurs Smart de LG du de Citadel, l\u2019incroyable s\u00e9rie d\u2019espionnage de Prime Video\",\"breadcrumb\":{\"@id\":\"https:\/\/www.mediaplateforme.com\/fr\/lg-sassocie-a-prime-video-pour-une-nouvelle-serie-citadel-disponible-sur-les-smart-tv-lg\/#breadcrumb\"},\"inLanguage\":\"fr-FR\",\"potentialAction\":[{\"@type\":\"ReadAction\",\"target\":[\"https:\/\/www.mediaplateforme.com\/fr\/lg-sassocie-a-prime-video-pour-une-nouvelle-serie-citadel-disponible-sur-les-smart-tv-lg\/\"]}]},{\"@type\":\"BreadcrumbList\",\"@id\":\"https:\/\/www.mediaplateforme.com\/fr\/lg-sassocie-a-prime-video-pour-une-nouvelle-serie-citadel-disponible-sur-les-smart-tv-lg\/#breadcrumb\",\"itemListElement\":[{\"@type\":\"ListItem\",\"position\":1,\"name\":\"\u0627\u0644\u0631\u0626\u064a\u0633\u064a\u0629\",\"item\":\"https:\/\/www.mediaplateforme.com\/fr\/\"},{\"@type\":\"ListItem\",\"position\":2,\"name\":\"LG S&#8217;ASSOCIE \u00c0 PRIME VIDEO POUR UNE NOUVELLE S\u00c9RIE, CITADEL, DISPONIBLE SUR LES SMART TV LG\"}]},{\"@type\":\"WebSite\",\"@id\":\"https:\/\/www.mediaplateforme.com\/fr\/#website\",\"url\":\"https:\/\/www.mediaplateforme.com\/fr\/\",\"name\":\"MEDIA PLATEFORME | FR\",\"description\":\"Mediaplateforme sp\u00e9cialis\u00e9 dans la communication institutions publiques et des entreprises\",\"potentialAction\":[{\"@type\":\"SearchAction\",\"target\":{\"@type\":\"EntryPoint\",\"urlTemplate\":\"https:\/\/www.mediaplateforme.com\/fr\/?s={search_term_string}\"},\"query-input\":\"required name=search_term_string\"}],\"inLanguage\":\"fr-FR\"},{\"@type\":\"Person\",\"@id\":\"https:\/\/www.mediaplateforme.com\/fr\/#\/schema\/person\/89833db382b5db2c76b094bc902aa12a\",\"name\":\"Mediaplateforme\",\"image\":{\"@type\":\"ImageObject\",\"inLanguage\":\"fr-FR\",\"@id\":\"https:\/\/www.mediaplateforme.com\/fr\/#\/schema\/person\/image\/\",\"url\":\"https:\/\/secure.gravatar.com\/avatar\/6c9c02e8928cc65d54bf75157f7b3a2d06d7ad0494ca0951f679552ff03b34c1?s=96&d=mm&r=g\",\"contentUrl\":\"https:\/\/secure.gravatar.com\/avatar\/6c9c02e8928cc65d54bf75157f7b3a2d06d7ad0494ca0951f679552ff03b34c1?s=96&d=mm&r=g\",\"caption\":\"Mediaplateforme\"},\"sameAs\":[\"https:\/\/www.mediaplateforme.com\"],\"url\":\"https:\/\/www.mediaplateforme.com\/fr\/author\/mohamedladib\/\"}]}<\/script>\n<!-- \/ Yoast SEO plugin. -->","yoast_head_json":{"title":"LG S'ASSOCIE \u00c0 PRIME VIDEO POUR UNE NOUVELLE S\u00c9RIE, CITADEL, DISPONIBLE SUR LES SMART TV LG - MEDIA PLATEFORME | FR","description":"A partir de cette semaine, les propri\u00e9taires de t\u00e9l\u00e9viseurs Smart de LG du de Citadel, l\u2019incroyable s\u00e9rie d\u2019espionnage de Prime Video","robots":{"index":"index","follow":"follow","max-snippet":"max-snippet:-1","max-image-preview":"max-image-preview:large","max-video-preview":"max-video-preview:-1"},"canonical":"https:\/\/www.mediaplateforme.com\/fr\/lg-sassocie-a-prime-video-pour-une-nouvelle-serie-citadel-disponible-sur-les-smart-tv-lg\/","og_locale":"fr_FR","og_type":"article","og_title":"LG S'ASSOCIE \u00c0 PRIME VIDEO POUR UNE NOUVELLE S\u00c9RIE, CITADEL, DISPONIBLE SUR LES SMART TV LG - MEDIA PLATEFORME | FR","og_description":"A partir de cette semaine, les propri\u00e9taires de t\u00e9l\u00e9viseurs Smart de LG du de Citadel, l\u2019incroyable s\u00e9rie d\u2019espionnage de Prime Video","og_url":"https:\/\/www.mediaplateforme.com\/fr\/lg-sassocie-a-prime-video-pour-une-nouvelle-serie-citadel-disponible-sur-les-smart-tv-lg\/","og_site_name":"MEDIA PLATEFORME | FR","article_published_time":"2023-06-06T14:27:15+00:00","og_image":[{"width":1028,"height":660,"url":"https:\/\/www.mediaplateforme.com\/fr\/wp-content\/uploads\/sites\/5\/2023\/06\/LG-CITADEL.jpg","type":"image\/jpeg"}],"author":"Mediaplateforme","twitter_card":"summary_large_image","twitter_misc":{"\u00c9crit par":"Mediaplateforme","Dur\u00e9e de lecture estim\u00e9e":"5 minutes"},"schema":{"@context":"https:\/\/schema.org","@graph":[{"@type":"WebPage","@id":"https:\/\/www.mediaplateforme.com\/fr\/lg-sassocie-a-prime-video-pour-une-nouvelle-serie-citadel-disponible-sur-les-smart-tv-lg\/","url":"https:\/\/www.mediaplateforme.com\/fr\/lg-sassocie-a-prime-video-pour-une-nouvelle-serie-citadel-disponible-sur-les-smart-tv-lg\/","name":"LG S'ASSOCIE \u00c0 PRIME VIDEO POUR UNE NOUVELLE S\u00c9RIE, CITADEL, DISPONIBLE SUR LES SMART TV LG - MEDIA PLATEFORME | FR","isPartOf":{"@id":"https:\/\/www.mediaplateforme.com\/fr\/#website"},"datePublished":"2023-06-06T14:27:15+00:00","dateModified":"2023-06-06T14:27:15+00:00","author":{"@id":"https:\/\/www.mediaplateforme.com\/fr\/#\/schema\/person\/89833db382b5db2c76b094bc902aa12a"},"description":"A partir de cette semaine, les propri\u00e9taires de t\u00e9l\u00e9viseurs Smart de LG du de Citadel, l\u2019incroyable s\u00e9rie d\u2019espionnage de Prime Video","breadcrumb":{"@id":"https:\/\/www.mediaplateforme.com\/fr\/lg-sassocie-a-prime-video-pour-une-nouvelle-serie-citadel-disponible-sur-les-smart-tv-lg\/#breadcrumb"},"inLanguage":"fr-FR","potentialAction":[{"@type":"ReadAction","target":["https:\/\/www.mediaplateforme.com\/fr\/lg-sassocie-a-prime-video-pour-une-nouvelle-serie-citadel-disponible-sur-les-smart-tv-lg\/"]}]},{"@type":"BreadcrumbList","@id":"https:\/\/www.mediaplateforme.com\/fr\/lg-sassocie-a-prime-video-pour-une-nouvelle-serie-citadel-disponible-sur-les-smart-tv-lg\/#breadcrumb","itemListElement":[{"@type":"ListItem","position":1,"name":"\u0627\u0644\u0631\u0626\u064a\u0633\u064a\u0629","item":"https:\/\/www.mediaplateforme.com\/fr\/"},{"@type":"ListItem","position":2,"name":"LG S&#8217;ASSOCIE \u00c0 PRIME VIDEO POUR UNE NOUVELLE S\u00c9RIE, CITADEL, DISPONIBLE SUR LES SMART TV LG"}]},{"@type":"WebSite","@id":"https:\/\/www.mediaplateforme.com\/fr\/#website","url":"https:\/\/www.mediaplateforme.com\/fr\/","name":"MEDIA PLATEFORME | FR","description":"Mediaplateforme sp\u00e9cialis\u00e9 dans la communication institutions publiques et des entreprises","potentialAction":[{"@type":"SearchAction","target":{"@type":"EntryPoint","urlTemplate":"https:\/\/www.mediaplateforme.com\/fr\/?s={search_term_string}"},"query-input":"required name=search_term_string"}],"inLanguage":"fr-FR"},{"@type":"Person","@id":"https:\/\/www.mediaplateforme.com\/fr\/#\/schema\/person\/89833db382b5db2c76b094bc902aa12a","name":"Mediaplateforme","image":{"@type":"ImageObject","inLanguage":"fr-FR","@id":"https:\/\/www.mediaplateforme.com\/fr\/#\/schema\/person\/image\/","url":"https:\/\/secure.gravatar.com\/avatar\/6c9c02e8928cc65d54bf75157f7b3a2d06d7ad0494ca0951f679552ff03b34c1?s=96&d=mm&r=g","contentUrl":"https:\/\/secure.gravatar.com\/avatar\/6c9c02e8928cc65d54bf75157f7b3a2d06d7ad0494ca0951f679552ff03b34c1?s=96&d=mm&r=g","caption":"Mediaplateforme"},"sameAs":["https:\/\/www.mediaplateforme.com"],"url":"https:\/\/www.mediaplateforme.com\/fr\/author\/mohamedladib\/"}]}},"_links":{"self":[{"href":"https:\/\/www.mediaplateforme.com\/fr\/wp-json\/wp\/v2\/posts\/3181","targetHints":{"allow":["GET"]}}],"collection":[{"href":"https:\/\/www.mediaplateforme.com\/fr\/wp-json\/wp\/v2\/posts"}],"about":[{"href":"https:\/\/www.mediaplateforme.com\/fr\/wp-json\/wp\/v2\/types\/post"}],"author":[{"embeddable":true,"href":"https:\/\/www.mediaplateforme.com\/fr\/wp-json\/wp\/v2\/users\/1"}],"replies":[{"embeddable":true,"href":"https:\/\/www.mediaplateforme.com\/fr\/wp-json\/wp\/v2\/comments?post=3181"}],"version-history":[{"count":1,"href":"https:\/\/www.mediaplateforme.com\/fr\/wp-json\/wp\/v2\/posts\/3181\/revisions"}],"predecessor-version":[{"id":3183,"href":"https:\/\/www.mediaplateforme.com\/fr\/wp-json\/wp\/v2\/posts\/3181\/revisions\/3183"}],"wp:featuredmedia":[{"embeddable":true,"href":"https:\/\/www.mediaplateforme.com\/fr\/wp-json\/wp\/v2\/media\/3182"}],"wp:attachment":[{"href":"https:\/\/www.mediaplateforme.com\/fr\/wp-json\/wp\/v2\/media?parent=3181"}],"wp:term":[{"taxonomy":"category","embeddable":true,"href":"https:\/\/www.mediaplateforme.com\/fr\/wp-json\/wp\/v2\/categories?post=3181"},{"taxonomy":"post_tag","embeddable":true,"href":"https:\/\/www.mediaplateforme.com\/fr\/wp-json\/wp\/v2\/tags?post=3181"}],"curies":[{"name":"wp","href":"https:\/\/api.w.org\/{rel}","templated":true}]}}