{"id":3175,"date":"2023-06-05T13:14:37","date_gmt":"2023-06-05T12:14:37","guid":{"rendered":"https:\/\/www.mediaplateforme.com\/fr\/?p=3175"},"modified":"2023-06-05T13:14:37","modified_gmt":"2023-06-05T12:14:37","slug":"emirates-lance-une-initiative-de-recyclage-en-boucle-fermee-pour-lutter-contre-les-dechets-plastiques","status":"publish","type":"post","link":"https:\/\/www.mediaplateforme.com\/fr\/emirates-lance-une-initiative-de-recyclage-en-boucle-fermee-pour-lutter-contre-les-dechets-plastiques\/","title":{"rendered":"Emirates lance une initiative de recyclage en boucle ferm\u00e9e pour lutter contre les d\u00e9chets plastiques"},"content":{"rendered":"<p>Dans le but de mener l\u2019industrie a\u00e9ronautique vers un avenir plus durable, Emirates a d\u00e9voil\u00e9 une nouvelle initiative de recyclage en boucle ferm\u00e9e. Dans le cadre de ce programme, des millions d\u2019articles \u00e0 bord, y compris des plateaux, des bols et des plats en plastique, seront recycl\u00e9s localement et r\u00e9utilis\u00e9s dans des produits de service de repas frais.<\/p>\n<p>Co\u00efncidant avec la Journ\u00e9e mondiale de l\u2019environnement des Nations Unies le 5 juin et adoptant le th\u00e8me de <em>#BeatPlasticPollution<\/em>, Emirates s\u2019engage dans l\u2019initiative \u00e0 partir de juin 2023.<\/p>\n<p>Ce projet s\u2019aligne sur l\u2019engagement de la compagnie a\u00e9rienne envers une consommation responsable et refl\u00e8te une transition vers les principes d\u2019une \u00e9conomie circulaire o\u00f9 les articles sont r\u00e9duits, r\u00e9utilis\u00e9s et recycl\u00e9s. Le processus implique la collecte des articles de repas utilis\u00e9s dans les cabines des classes Economy et Premium Economy apr\u00e8s les vols. Ces articles sont ensuite lav\u00e9s, v\u00e9rifi\u00e9s pour les dommages et transport\u00e9s vers une installation \u00e0 Duba\u00ef. L\u00e0, ils sont broy\u00e9s, retrait\u00e9s et transform\u00e9s en nouveaux plats, bols et plateaux avant d\u2019\u00eatre envoy\u00e9s \u00e0 Emirates Flight Catering pour \u00eatre r\u00e9utilis\u00e9s dans les repas en vol.<\/p>\n<p>Emirates travaille en partenariat avec deSter FZE UAE, l\u2019un des principaux fournisseurs de concepts de serviceware pour l\u2019industrie a\u00e9ronautique et un pionnier de la fabrication en boucle ferm\u00e9e. Emirates r\u00e9utilisera des mat\u00e9riaux plastiques qui ont atteint leur fin de vie et qui auraient autrement \u00e9t\u00e9 jet\u00e9s. Les nouveaux plats, bols et plateaux contenant au moins 25\u00a0% de mat\u00e9riaux r\u00e9utilis\u00e9s (recycl\u00e9s) seront r\u00e9introduits dans les avions dans le monde entier, avec des plans pour augmenter ce pourcentage au fil du temps.<\/p>\n<p>L\u2019\u00e9quipe deSter, membre du r\u00e9seau CE100 qui comprend des leaders mondiaux de l\u2019\u00e9conomie circulaire, b\u00e9n\u00e9ficie d\u2019une note de durabilit\u00e9 \u00ab\u00a0Or\u00a0\u00bb d\u2019Ecovadis, une certification mondialement reconnue pour les pratiques durables. Ce partenariat permet \u00e0 Emirates de r\u00e9duire consid\u00e9rablement son empreinte carbone en \u00e9vitant d\u2019exp\u00e9dier des produits vers un autre pays pour y \u00eatre recycl\u00e9s. L\u2019usine deSter est con\u00e7ue pour fonctionner de mani\u00e8re durable, en se concentrant sur l\u2019\u00e9nergie solaire, l\u2019utilisation efficace de l\u2019eau et la minimisation des d\u00e9chets.<\/p>\n<p><strong>L\u2019engagement d\u2019Emirates pour r\u00e9duire les d\u00e9chets plastiques<\/strong><\/p>\n<p>Emirates s\u2019est engag\u00e9e de longue date \u00e0 r\u00e9duire les d\u00e9chets plastiques et a entrepris diverses initiatives en plus du nouveau projet de recyclage en boucle ferm\u00e9e :<\/p>\n<ul>\n<li>Plus de 150 millions d\u2019articles en plastique \u00e0 usage unique ont \u00e9t\u00e9 d\u00e9tourn\u00e9s des sites d\u2019enfouissement chaque ann\u00e9e gr\u00e2ce au remplacement des pailles en plastique, des sacs de vente au d\u00e9tail en vol et des agitateurs par du papier et des alternatives en bois provenant de sources responsables.<\/li>\n<li>Chaque couverture de bord pour les passagers Economy et Premium Economy Class est fabriqu\u00e9e \u00e0 partir de 28 bouteilles en plastique recycl\u00e9es. Cette initiative permet d\u2019\u00e9conomiser 88 millions de bouteilles en plastique de l\u2019enfouissement chaque ann\u00e9e.<\/li>\n<li>Les sacs \u00e0 jouets, les trousses de toilette pour b\u00e9b\u00e9 et les jouets en peluche d\u2019Emirates sont fabriqu\u00e9s \u00e0 partir de bouteilles en plastique recycl\u00e9es, r\u00e9utilisant plus de 8 millions de bouteilles en un an.<\/li>\n<li>Les couvercles hygi\u00e9niques des bols des plateaux-repas et des gobelets en plastique Emirates sont fabriqu\u00e9s \u00e0 partir de 80 % de plastique recycl\u00e9 (rPET).<\/li>\n<li>Les kits de commodit\u00e9s Emirates Economy et Premium Economy sont fabriqu\u00e9s \u00e0 partir de mat\u00e9riaux alternatifs tels que le papier kraft, le papier de riz et le plastique recycl\u00e9, ce qui r\u00e9duit l\u2019utilisation de nouveau plastique.<\/li>\n<li>L\u2019Emirates Cabin Crew s\u00e9pare les bouteilles en verre et en plastique pour les recycler \u00e0 Duba\u00ef, d\u00e9tournant environ 500 000 kilogrammes de plastique et de verre des d\u00e9charges en 2022.<\/li>\n<\/ul>\n","protected":false},"excerpt":{"rendered":"<p>Dans le but de mener l\u2019industrie a\u00e9ronautique vers un avenir plus durable, Emirates a d\u00e9voil\u00e9<\/p>\n","protected":false},"author":1,"featured_media":3176,"comment_status":"open","ping_status":"open","sticky":false,"template":"","format":"standard","meta":{"_acf_changed":false,"footnotes":""},"categories":[2,3],"tags":[179,960],"class_list":["post-3175","post","type-post","status-publish","format-standard","has-post-thumbnail","hentry","category-nouvelles","category-nouvelles-selectionnees","tag-emirates","tag-lutter-contre-les-dechets-plastiques"],"acf":[],"yoast_head":"<!-- This site is optimized with the Yoast SEO plugin v22.0 - https:\/\/yoast.com\/wordpress\/plugins\/seo\/ -->\n<title>Emirates lance une initiative de recyclage en boucle ferm\u00e9e pour lutter contre les d\u00e9chets plastiques - MEDIA PLATEFORME | FR<\/title>\n<meta name=\"description\" content=\"Dans le but de mener l\u2019industrie a\u00e9ronautique vers un avenir plus durable, Emirates a d\u00e9voil\u00e9 une nouvelle initiative de recyclage .\" \/>\n<meta name=\"robots\" content=\"index, follow, max-snippet:-1, max-image-preview:large, max-video-preview:-1\" \/>\n<link rel=\"canonical\" href=\"https:\/\/www.mediaplateforme.com\/fr\/emirates-lance-une-initiative-de-recyclage-en-boucle-fermee-pour-lutter-contre-les-dechets-plastiques\/\" \/>\n<meta property=\"og:locale\" content=\"fr_FR\" \/>\n<meta property=\"og:type\" content=\"article\" \/>\n<meta property=\"og:title\" content=\"Emirates lance une initiative de recyclage en boucle ferm\u00e9e pour lutter contre les d\u00e9chets plastiques - MEDIA PLATEFORME | FR\" \/>\n<meta property=\"og:description\" content=\"Dans le but de mener l\u2019industrie a\u00e9ronautique vers un avenir plus durable, Emirates a d\u00e9voil\u00e9 une nouvelle initiative de recyclage .\" \/>\n<meta property=\"og:url\" content=\"https:\/\/www.mediaplateforme.com\/fr\/emirates-lance-une-initiative-de-recyclage-en-boucle-fermee-pour-lutter-contre-les-dechets-plastiques\/\" \/>\n<meta property=\"og:site_name\" content=\"MEDIA PLATEFORME | FR\" \/>\n<meta property=\"article:published_time\" content=\"2023-06-05T12:14:37+00:00\" \/>\n<meta property=\"og:image\" content=\"https:\/\/www.mediaplateforme.com\/fr\/wp-content\/uploads\/sites\/5\/2023\/06\/500_p-4327-day6-15a-talent-08171-v5-rgb.jpeg\" \/>\n\t<meta property=\"og:image:width\" content=\"500\" \/>\n\t<meta property=\"og:image:height\" content=\"347\" \/>\n\t<meta property=\"og:image:type\" content=\"image\/jpeg\" \/>\n<meta name=\"author\" content=\"Mediaplateforme\" \/>\n<meta name=\"twitter:card\" content=\"summary_large_image\" \/>\n<meta name=\"twitter:label1\" content=\"\u00c9crit par\" \/>\n\t<meta name=\"twitter:data1\" content=\"Mediaplateforme\" \/>\n\t<meta name=\"twitter:label2\" content=\"Dur\u00e9e de lecture estim\u00e9e\" \/>\n\t<meta name=\"twitter:data2\" content=\"3 minutes\" \/>\n<script type=\"application\/ld+json\" class=\"yoast-schema-graph\">{\"@context\":\"https:\/\/schema.org\",\"@graph\":[{\"@type\":\"WebPage\",\"@id\":\"https:\/\/www.mediaplateforme.com\/fr\/emirates-lance-une-initiative-de-recyclage-en-boucle-fermee-pour-lutter-contre-les-dechets-plastiques\/\",\"url\":\"https:\/\/www.mediaplateforme.com\/fr\/emirates-lance-une-initiative-de-recyclage-en-boucle-fermee-pour-lutter-contre-les-dechets-plastiques\/\",\"name\":\"Emirates lance une initiative de recyclage en boucle ferm\u00e9e pour lutter contre les d\u00e9chets plastiques - MEDIA PLATEFORME | FR\",\"isPartOf\":{\"@id\":\"https:\/\/www.mediaplateforme.com\/fr\/#website\"},\"datePublished\":\"2023-06-05T12:14:37+00:00\",\"dateModified\":\"2023-06-05T12:14:37+00:00\",\"author\":{\"@id\":\"https:\/\/www.mediaplateforme.com\/fr\/#\/schema\/person\/89833db382b5db2c76b094bc902aa12a\"},\"description\":\"Dans le but de mener l\u2019industrie a\u00e9ronautique vers un avenir plus durable, Emirates a d\u00e9voil\u00e9 une nouvelle initiative de recyclage .\",\"breadcrumb\":{\"@id\":\"https:\/\/www.mediaplateforme.com\/fr\/emirates-lance-une-initiative-de-recyclage-en-boucle-fermee-pour-lutter-contre-les-dechets-plastiques\/#breadcrumb\"},\"inLanguage\":\"fr-FR\",\"potentialAction\":[{\"@type\":\"ReadAction\",\"target\":[\"https:\/\/www.mediaplateforme.com\/fr\/emirates-lance-une-initiative-de-recyclage-en-boucle-fermee-pour-lutter-contre-les-dechets-plastiques\/\"]}]},{\"@type\":\"BreadcrumbList\",\"@id\":\"https:\/\/www.mediaplateforme.com\/fr\/emirates-lance-une-initiative-de-recyclage-en-boucle-fermee-pour-lutter-contre-les-dechets-plastiques\/#breadcrumb\",\"itemListElement\":[{\"@type\":\"ListItem\",\"position\":1,\"name\":\"\u0627\u0644\u0631\u0626\u064a\u0633\u064a\u0629\",\"item\":\"https:\/\/www.mediaplateforme.com\/fr\/\"},{\"@type\":\"ListItem\",\"position\":2,\"name\":\"Emirates lance une initiative de recyclage en boucle ferm\u00e9e pour lutter contre les d\u00e9chets plastiques\"}]},{\"@type\":\"WebSite\",\"@id\":\"https:\/\/www.mediaplateforme.com\/fr\/#website\",\"url\":\"https:\/\/www.mediaplateforme.com\/fr\/\",\"name\":\"MEDIA PLATEFORME | FR\",\"description\":\"Mediaplateforme sp\u00e9cialis\u00e9 dans la communication institutions publiques et des entreprises\",\"potentialAction\":[{\"@type\":\"SearchAction\",\"target\":{\"@type\":\"EntryPoint\",\"urlTemplate\":\"https:\/\/www.mediaplateforme.com\/fr\/?s={search_term_string}\"},\"query-input\":\"required name=search_term_string\"}],\"inLanguage\":\"fr-FR\"},{\"@type\":\"Person\",\"@id\":\"https:\/\/www.mediaplateforme.com\/fr\/#\/schema\/person\/89833db382b5db2c76b094bc902aa12a\",\"name\":\"Mediaplateforme\",\"image\":{\"@type\":\"ImageObject\",\"inLanguage\":\"fr-FR\",\"@id\":\"https:\/\/www.mediaplateforme.com\/fr\/#\/schema\/person\/image\/\",\"url\":\"https:\/\/secure.gravatar.com\/avatar\/6c9c02e8928cc65d54bf75157f7b3a2d06d7ad0494ca0951f679552ff03b34c1?s=96&d=mm&r=g\",\"contentUrl\":\"https:\/\/secure.gravatar.com\/avatar\/6c9c02e8928cc65d54bf75157f7b3a2d06d7ad0494ca0951f679552ff03b34c1?s=96&d=mm&r=g\",\"caption\":\"Mediaplateforme\"},\"sameAs\":[\"https:\/\/www.mediaplateforme.com\"],\"url\":\"https:\/\/www.mediaplateforme.com\/fr\/author\/mohamedladib\/\"}]}<\/script>\n<!-- \/ Yoast SEO plugin. -->","yoast_head_json":{"title":"Emirates lance une initiative de recyclage en boucle ferm\u00e9e pour lutter contre les d\u00e9chets plastiques - MEDIA PLATEFORME | FR","description":"Dans le but de mener l\u2019industrie a\u00e9ronautique vers un avenir plus durable, Emirates a d\u00e9voil\u00e9 une nouvelle initiative de recyclage .","robots":{"index":"index","follow":"follow","max-snippet":"max-snippet:-1","max-image-preview":"max-image-preview:large","max-video-preview":"max-video-preview:-1"},"canonical":"https:\/\/www.mediaplateforme.com\/fr\/emirates-lance-une-initiative-de-recyclage-en-boucle-fermee-pour-lutter-contre-les-dechets-plastiques\/","og_locale":"fr_FR","og_type":"article","og_title":"Emirates lance une initiative de recyclage en boucle ferm\u00e9e pour lutter contre les d\u00e9chets plastiques - MEDIA PLATEFORME | FR","og_description":"Dans le but de mener l\u2019industrie a\u00e9ronautique vers un avenir plus durable, Emirates a d\u00e9voil\u00e9 une nouvelle initiative de recyclage .","og_url":"https:\/\/www.mediaplateforme.com\/fr\/emirates-lance-une-initiative-de-recyclage-en-boucle-fermee-pour-lutter-contre-les-dechets-plastiques\/","og_site_name":"MEDIA PLATEFORME | FR","article_published_time":"2023-06-05T12:14:37+00:00","og_image":[{"width":500,"height":347,"url":"https:\/\/www.mediaplateforme.com\/fr\/wp-content\/uploads\/sites\/5\/2023\/06\/500_p-4327-day6-15a-talent-08171-v5-rgb.jpeg","type":"image\/jpeg"}],"author":"Mediaplateforme","twitter_card":"summary_large_image","twitter_misc":{"\u00c9crit par":"Mediaplateforme","Dur\u00e9e de lecture estim\u00e9e":"3 minutes"},"schema":{"@context":"https:\/\/schema.org","@graph":[{"@type":"WebPage","@id":"https:\/\/www.mediaplateforme.com\/fr\/emirates-lance-une-initiative-de-recyclage-en-boucle-fermee-pour-lutter-contre-les-dechets-plastiques\/","url":"https:\/\/www.mediaplateforme.com\/fr\/emirates-lance-une-initiative-de-recyclage-en-boucle-fermee-pour-lutter-contre-les-dechets-plastiques\/","name":"Emirates lance une initiative de recyclage en boucle ferm\u00e9e pour lutter contre les d\u00e9chets plastiques - MEDIA PLATEFORME | FR","isPartOf":{"@id":"https:\/\/www.mediaplateforme.com\/fr\/#website"},"datePublished":"2023-06-05T12:14:37+00:00","dateModified":"2023-06-05T12:14:37+00:00","author":{"@id":"https:\/\/www.mediaplateforme.com\/fr\/#\/schema\/person\/89833db382b5db2c76b094bc902aa12a"},"description":"Dans le but de mener l\u2019industrie a\u00e9ronautique vers un avenir plus durable, Emirates a d\u00e9voil\u00e9 une nouvelle initiative de recyclage .","breadcrumb":{"@id":"https:\/\/www.mediaplateforme.com\/fr\/emirates-lance-une-initiative-de-recyclage-en-boucle-fermee-pour-lutter-contre-les-dechets-plastiques\/#breadcrumb"},"inLanguage":"fr-FR","potentialAction":[{"@type":"ReadAction","target":["https:\/\/www.mediaplateforme.com\/fr\/emirates-lance-une-initiative-de-recyclage-en-boucle-fermee-pour-lutter-contre-les-dechets-plastiques\/"]}]},{"@type":"BreadcrumbList","@id":"https:\/\/www.mediaplateforme.com\/fr\/emirates-lance-une-initiative-de-recyclage-en-boucle-fermee-pour-lutter-contre-les-dechets-plastiques\/#breadcrumb","itemListElement":[{"@type":"ListItem","position":1,"name":"\u0627\u0644\u0631\u0626\u064a\u0633\u064a\u0629","item":"https:\/\/www.mediaplateforme.com\/fr\/"},{"@type":"ListItem","position":2,"name":"Emirates lance une initiative de recyclage en boucle ferm\u00e9e pour lutter contre les d\u00e9chets plastiques"}]},{"@type":"WebSite","@id":"https:\/\/www.mediaplateforme.com\/fr\/#website","url":"https:\/\/www.mediaplateforme.com\/fr\/","name":"MEDIA PLATEFORME | FR","description":"Mediaplateforme sp\u00e9cialis\u00e9 dans la communication institutions publiques et des entreprises","potentialAction":[{"@type":"SearchAction","target":{"@type":"EntryPoint","urlTemplate":"https:\/\/www.mediaplateforme.com\/fr\/?s={search_term_string}"},"query-input":"required name=search_term_string"}],"inLanguage":"fr-FR"},{"@type":"Person","@id":"https:\/\/www.mediaplateforme.com\/fr\/#\/schema\/person\/89833db382b5db2c76b094bc902aa12a","name":"Mediaplateforme","image":{"@type":"ImageObject","inLanguage":"fr-FR","@id":"https:\/\/www.mediaplateforme.com\/fr\/#\/schema\/person\/image\/","url":"https:\/\/secure.gravatar.com\/avatar\/6c9c02e8928cc65d54bf75157f7b3a2d06d7ad0494ca0951f679552ff03b34c1?s=96&d=mm&r=g","contentUrl":"https:\/\/secure.gravatar.com\/avatar\/6c9c02e8928cc65d54bf75157f7b3a2d06d7ad0494ca0951f679552ff03b34c1?s=96&d=mm&r=g","caption":"Mediaplateforme"},"sameAs":["https:\/\/www.mediaplateforme.com"],"url":"https:\/\/www.mediaplateforme.com\/fr\/author\/mohamedladib\/"}]}},"_links":{"self":[{"href":"https:\/\/www.mediaplateforme.com\/fr\/wp-json\/wp\/v2\/posts\/3175","targetHints":{"allow":["GET"]}}],"collection":[{"href":"https:\/\/www.mediaplateforme.com\/fr\/wp-json\/wp\/v2\/posts"}],"about":[{"href":"https:\/\/www.mediaplateforme.com\/fr\/wp-json\/wp\/v2\/types\/post"}],"author":[{"embeddable":true,"href":"https:\/\/www.mediaplateforme.com\/fr\/wp-json\/wp\/v2\/users\/1"}],"replies":[{"embeddable":true,"href":"https:\/\/www.mediaplateforme.com\/fr\/wp-json\/wp\/v2\/comments?post=3175"}],"version-history":[{"count":1,"href":"https:\/\/www.mediaplateforme.com\/fr\/wp-json\/wp\/v2\/posts\/3175\/revisions"}],"predecessor-version":[{"id":3177,"href":"https:\/\/www.mediaplateforme.com\/fr\/wp-json\/wp\/v2\/posts\/3175\/revisions\/3177"}],"wp:featuredmedia":[{"embeddable":true,"href":"https:\/\/www.mediaplateforme.com\/fr\/wp-json\/wp\/v2\/media\/3176"}],"wp:attachment":[{"href":"https:\/\/www.mediaplateforme.com\/fr\/wp-json\/wp\/v2\/media?parent=3175"}],"wp:term":[{"taxonomy":"category","embeddable":true,"href":"https:\/\/www.mediaplateforme.com\/fr\/wp-json\/wp\/v2\/categories?post=3175"},{"taxonomy":"post_tag","embeddable":true,"href":"https:\/\/www.mediaplateforme.com\/fr\/wp-json\/wp\/v2\/tags?post=3175"}],"curies":[{"name":"wp","href":"https:\/\/api.w.org\/{rel}","templated":true}]}}