{"id":3161,"date":"2023-06-02T18:37:06","date_gmt":"2023-06-02T17:37:06","guid":{"rendered":"https:\/\/www.mediaplateforme.com\/fr\/?p=3161"},"modified":"2023-06-02T18:37:06","modified_gmt":"2023-06-02T17:37:06","slug":"inwi-presente-ses-solutions-innovantes-lors-de-la-1ere-edition-du-gitex-africa","status":"publish","type":"post","link":"https:\/\/www.mediaplateforme.com\/fr\/inwi-presente-ses-solutions-innovantes-lors-de-la-1ere-edition-du-gitex-africa\/","title":{"rendered":"Inwi pr\u00e9sente ses solutions innovantes lors de la 1\u00e8re \u00e9dition du GITEX Africa"},"content":{"rendered":"<p style=\"font-weight: 400;\"><strong>inwi, <a href=\"https:\/\/www.mediaplateforme.com\/fr\/inwi-la-marque-la-plus-primee-de-lannee-2023\/\">acteur majeur de l\u2019inclusion num\u00e9rique au Maroc<\/a> annonce sa participation \u00e0 la 1\u00e8re \u00e9dition du GITEX Africa, qui se tiendra du 31 mai au 02 juin 2023 \u00e0 Marrakech. Cet \u00e9v\u00e9nement prestigieux r\u00e9unira les leaders de l&rsquo;industrie des technologies de l&rsquo;information et de la communication pour mettre en lumi\u00e8re les derni\u00e8res tendances et innovations du secteur.\u00a0<\/strong><\/p>\n<p style=\"font-weight: 400;\">inwi profitera de cette occasion pour pr\u00e9senter ses solutions innovantes dans diff\u00e9rents domaines, r\u00e9it\u00e9rant ainsi son engagement \u00e0 fournir des services de qualit\u00e9 \u00e0 forte valeur ajout\u00e9e pour r\u00e9pondre au mieux aux besoins de ses clients.<\/p>\n<p style=\"font-weight: 400;\">Ainsi, le stand de inwi au GITEX Africa accueillera un espace d\u00e9di\u00e9 aux entreprises o\u00f9 elles pourront d\u00e9couvrir \u00a0les offres innovantes\u00a0 de \u00ab\u00a0inwi Business\u00a0\u00bb, notamment les solutions de connectivit\u00e9 de nouvelle g\u00e9n\u00e9ration\u00a0: SD-WAN, son offre de communication unifi\u00e9e offrant une convergence in\u00e9dite de l\u2019exp\u00e9rience mobile et fixe, ses services de Cloud Souverain pour acc\u00e9l\u00e9rer les projets de digitalisation, son portefeuille de s\u00e9curit\u00e9 ou encore ses solutions d\u2019h\u00e9bergement dans ses nombreux datacenters au Maroc certifi\u00e9s aux standards internationaux.<\/p>\n<p style=\"font-weight: 400;\">Et pour une exp\u00e9rience plus immersive, les visiteurs peuvent effectuer une visite virtuelle de l\u2019un de nos Datacenters inwi \u00e0 Rabat Technopolis, infrastructure de pointe con\u00e7ue et certifi\u00e9e selon la norme TIER III Facility et qui confirme le leadership de inwi en mati\u00e8re d\u2019h\u00e9bergement, de Cloud souverain et de transformation digitale des entreprises.<\/p>\n<p style=\"font-weight: 400;\">Les entreprises et acteurs publics prendront \u00e9galement connaissance en d\u00e9tails des cas d\u2019usage r\u00e9ussis des solutions \u00ab\u00a0inwi business\u00a0\u00bb pour acc\u00e9l\u00e9rer la transformation digitale de secteurs cl\u00e9s tels que la finance, l&rsquo;\u00e9ducation et le commerce de d\u00e9tail.<\/p>\n<p style=\"font-weight: 400;\">Toujours au niveau du m\u00eame stand, inwi Money, solution de paiement mobile de l\u2019op\u00e9rateur global inwi, pr\u00e9sentera sa large palette de solutions et services destin\u00e9s aussi bien aux particuliers qu&rsquo;aux entreprises. S&rsquo;appuyant sur son grand r\u00e9seau de 2000 points de services repartis \u00e0 travers le Maroc, et ses solutions digitales de d\u00e9mat\u00e9rialisation de paiements et de cash management, inwi Money mettra en avant les atouts de son offre r\u00e9pondant \u00e0 diff\u00e9rentes probl\u00e9matiques des entreprises, de toutes les tailles.<\/p>\n<p style=\"font-weight: 400;\">L&rsquo;offre \u00ab\u00a0Win by inwi\u00a0\u00bb, marque-produit 100% digitale de inwi et Elu Produit de l\u2019ann\u00e9e 2023, sera \u00e9galement mise en avant lors de cet \u00e9v\u00e9nement de grande envergure. \u00ab\u00a0Win by inwi \u00bb offre \u00e0 ses clients une exp\u00e9rience unique, intuitive et 100% personnalisable \u00e0 travers une application d\u00e9di\u00e9e et un site web aux standards les plus avanc\u00e9s.<\/p>\n<p style=\"font-weight: 400;\">Par ailleurs, inwi accompagnera \u00e9galement 8 startups marocaines \u00e0 haut potentiel dans le cadre de son programme \u00ab\u00a0inwi Innov\u00a0\u00bb, leur offrant un acc\u00e8s \u00e0 l&rsquo;ensemble du programme GITEX, des espaces personnalis\u00e9s, au sein de son stand, pour pr\u00e9senter leurs solutions et saisir les opportunit\u00e9s de croissance. Cette initiative s&rsquo;inscrit dans le cadre du programme \u00ab\u00a0inwi innov\u00a0\u00bb qui vise l\u2019accompagnement de l\u2019entrepreneuriat digital et le d\u00e9veloppement de l&rsquo;\u00e9cosyst\u00e8me des startups au Maroc.<\/p>\n<p style=\"font-weight: 400;\">Enfin, un espace gaming sera am\u00e9nag\u00e9 pour tester la performance du r\u00e9seau inwi, avec des installations de r\u00e9seau de pointe assurant un d\u00e9bit important pour une meilleure exp\u00e9rience gaming.<\/p>\n","protected":false},"excerpt":{"rendered":"<p>inwi, acteur majeur de l\u2019inclusion num\u00e9rique au Maroc annonce sa participation \u00e0 la 1\u00e8re \u00e9dition<\/p>\n","protected":false},"author":1,"featured_media":3162,"comment_status":"open","ping_status":"open","sticky":false,"template":"","format":"standard","meta":{"_acf_changed":false,"footnotes":""},"categories":[5,3],"tags":[955,925,154],"class_list":["post-3161","post","type-post","status-publish","format-standard","has-post-thumbnail","hentry","category-tech","category-nouvelles-selectionnees","tag-datacenters-inwi","tag-gitex-africa","tag-inwi"],"acf":[],"yoast_head":"<!-- This site is optimized with the Yoast SEO plugin v22.0 - https:\/\/yoast.com\/wordpress\/plugins\/seo\/ -->\n<title>Inwi pr\u00e9sente ses solutions innovantes lors de la 1\u00e8re \u00e9dition du GITEX Africa - MEDIA PLATEFORME | FR<\/title>\n<meta name=\"description\" content=\"inwi, acteur majeur de l\u2019inclusion num\u00e9rique au Maroc annonce sa participation \u00e0 la 1\u00e8re \u00e9dition du GITEX Africa, . Cet \u00e9v\u00e9nement prestigieux\" \/>\n<meta name=\"robots\" content=\"index, follow, max-snippet:-1, max-image-preview:large, max-video-preview:-1\" \/>\n<link rel=\"canonical\" href=\"https:\/\/www.mediaplateforme.com\/fr\/inwi-presente-ses-solutions-innovantes-lors-de-la-1ere-edition-du-gitex-africa\/\" \/>\n<meta property=\"og:locale\" content=\"fr_FR\" \/>\n<meta property=\"og:type\" content=\"article\" \/>\n<meta property=\"og:title\" content=\"Inwi pr\u00e9sente ses solutions innovantes lors de la 1\u00e8re \u00e9dition du GITEX Africa - MEDIA PLATEFORME | FR\" \/>\n<meta property=\"og:description\" content=\"inwi, acteur majeur de l\u2019inclusion num\u00e9rique au Maroc annonce sa participation \u00e0 la 1\u00e8re \u00e9dition du GITEX Africa, . Cet \u00e9v\u00e9nement prestigieux\" \/>\n<meta property=\"og:url\" content=\"https:\/\/www.mediaplateforme.com\/fr\/inwi-presente-ses-solutions-innovantes-lors-de-la-1ere-edition-du-gitex-africa\/\" \/>\n<meta property=\"og:site_name\" content=\"MEDIA PLATEFORME | FR\" \/>\n<meta property=\"article:published_time\" content=\"2023-06-02T17:37:06+00:00\" \/>\n<meta property=\"og:image\" content=\"https:\/\/www.mediaplateforme.com\/fr\/wp-content\/uploads\/sites\/5\/2023\/06\/DSC_8776.jpg\" \/>\n\t<meta property=\"og:image:width\" content=\"2000\" \/>\n\t<meta property=\"og:image:height\" content=\"1335\" \/>\n\t<meta property=\"og:image:type\" content=\"image\/jpeg\" \/>\n<meta name=\"author\" content=\"Mediaplateforme\" \/>\n<meta name=\"twitter:card\" content=\"summary_large_image\" \/>\n<meta name=\"twitter:label1\" content=\"\u00c9crit par\" \/>\n\t<meta name=\"twitter:data1\" content=\"Mediaplateforme\" \/>\n\t<meta name=\"twitter:label2\" content=\"Dur\u00e9e de lecture estim\u00e9e\" \/>\n\t<meta name=\"twitter:data2\" content=\"3 minutes\" \/>\n<script type=\"application\/ld+json\" class=\"yoast-schema-graph\">{\"@context\":\"https:\/\/schema.org\",\"@graph\":[{\"@type\":\"WebPage\",\"@id\":\"https:\/\/www.mediaplateforme.com\/fr\/inwi-presente-ses-solutions-innovantes-lors-de-la-1ere-edition-du-gitex-africa\/\",\"url\":\"https:\/\/www.mediaplateforme.com\/fr\/inwi-presente-ses-solutions-innovantes-lors-de-la-1ere-edition-du-gitex-africa\/\",\"name\":\"Inwi pr\u00e9sente ses solutions innovantes lors de la 1\u00e8re \u00e9dition du GITEX Africa - MEDIA PLATEFORME | FR\",\"isPartOf\":{\"@id\":\"https:\/\/www.mediaplateforme.com\/fr\/#website\"},\"datePublished\":\"2023-06-02T17:37:06+00:00\",\"dateModified\":\"2023-06-02T17:37:06+00:00\",\"author\":{\"@id\":\"https:\/\/www.mediaplateforme.com\/fr\/#\/schema\/person\/89833db382b5db2c76b094bc902aa12a\"},\"description\":\"inwi, acteur majeur de l\u2019inclusion num\u00e9rique au Maroc annonce sa participation \u00e0 la 1\u00e8re \u00e9dition du GITEX Africa, . Cet \u00e9v\u00e9nement prestigieux\",\"breadcrumb\":{\"@id\":\"https:\/\/www.mediaplateforme.com\/fr\/inwi-presente-ses-solutions-innovantes-lors-de-la-1ere-edition-du-gitex-africa\/#breadcrumb\"},\"inLanguage\":\"fr-FR\",\"potentialAction\":[{\"@type\":\"ReadAction\",\"target\":[\"https:\/\/www.mediaplateforme.com\/fr\/inwi-presente-ses-solutions-innovantes-lors-de-la-1ere-edition-du-gitex-africa\/\"]}]},{\"@type\":\"BreadcrumbList\",\"@id\":\"https:\/\/www.mediaplateforme.com\/fr\/inwi-presente-ses-solutions-innovantes-lors-de-la-1ere-edition-du-gitex-africa\/#breadcrumb\",\"itemListElement\":[{\"@type\":\"ListItem\",\"position\":1,\"name\":\"\u0627\u0644\u0631\u0626\u064a\u0633\u064a\u0629\",\"item\":\"https:\/\/www.mediaplateforme.com\/fr\/\"},{\"@type\":\"ListItem\",\"position\":2,\"name\":\"Inwi pr\u00e9sente ses solutions innovantes lors de la 1\u00e8re \u00e9dition du GITEX Africa\"}]},{\"@type\":\"WebSite\",\"@id\":\"https:\/\/www.mediaplateforme.com\/fr\/#website\",\"url\":\"https:\/\/www.mediaplateforme.com\/fr\/\",\"name\":\"MEDIA PLATEFORME | FR\",\"description\":\"Mediaplateforme sp\u00e9cialis\u00e9 dans la communication institutions publiques et des entreprises\",\"potentialAction\":[{\"@type\":\"SearchAction\",\"target\":{\"@type\":\"EntryPoint\",\"urlTemplate\":\"https:\/\/www.mediaplateforme.com\/fr\/?s={search_term_string}\"},\"query-input\":\"required name=search_term_string\"}],\"inLanguage\":\"fr-FR\"},{\"@type\":\"Person\",\"@id\":\"https:\/\/www.mediaplateforme.com\/fr\/#\/schema\/person\/89833db382b5db2c76b094bc902aa12a\",\"name\":\"Mediaplateforme\",\"image\":{\"@type\":\"ImageObject\",\"inLanguage\":\"fr-FR\",\"@id\":\"https:\/\/www.mediaplateforme.com\/fr\/#\/schema\/person\/image\/\",\"url\":\"https:\/\/secure.gravatar.com\/avatar\/6c9c02e8928cc65d54bf75157f7b3a2d06d7ad0494ca0951f679552ff03b34c1?s=96&d=mm&r=g\",\"contentUrl\":\"https:\/\/secure.gravatar.com\/avatar\/6c9c02e8928cc65d54bf75157f7b3a2d06d7ad0494ca0951f679552ff03b34c1?s=96&d=mm&r=g\",\"caption\":\"Mediaplateforme\"},\"sameAs\":[\"https:\/\/www.mediaplateforme.com\"],\"url\":\"https:\/\/www.mediaplateforme.com\/fr\/author\/mohamedladib\/\"}]}<\/script>\n<!-- \/ Yoast SEO plugin. -->","yoast_head_json":{"title":"Inwi pr\u00e9sente ses solutions innovantes lors de la 1\u00e8re \u00e9dition du GITEX Africa - MEDIA PLATEFORME | FR","description":"inwi, acteur majeur de l\u2019inclusion num\u00e9rique au Maroc annonce sa participation \u00e0 la 1\u00e8re \u00e9dition du GITEX Africa, . Cet \u00e9v\u00e9nement prestigieux","robots":{"index":"index","follow":"follow","max-snippet":"max-snippet:-1","max-image-preview":"max-image-preview:large","max-video-preview":"max-video-preview:-1"},"canonical":"https:\/\/www.mediaplateforme.com\/fr\/inwi-presente-ses-solutions-innovantes-lors-de-la-1ere-edition-du-gitex-africa\/","og_locale":"fr_FR","og_type":"article","og_title":"Inwi pr\u00e9sente ses solutions innovantes lors de la 1\u00e8re \u00e9dition du GITEX Africa - MEDIA PLATEFORME | FR","og_description":"inwi, acteur majeur de l\u2019inclusion num\u00e9rique au Maroc annonce sa participation \u00e0 la 1\u00e8re \u00e9dition du GITEX Africa, . Cet \u00e9v\u00e9nement prestigieux","og_url":"https:\/\/www.mediaplateforme.com\/fr\/inwi-presente-ses-solutions-innovantes-lors-de-la-1ere-edition-du-gitex-africa\/","og_site_name":"MEDIA PLATEFORME | FR","article_published_time":"2023-06-02T17:37:06+00:00","og_image":[{"width":2000,"height":1335,"url":"https:\/\/www.mediaplateforme.com\/fr\/wp-content\/uploads\/sites\/5\/2023\/06\/DSC_8776.jpg","type":"image\/jpeg"}],"author":"Mediaplateforme","twitter_card":"summary_large_image","twitter_misc":{"\u00c9crit par":"Mediaplateforme","Dur\u00e9e de lecture estim\u00e9e":"3 minutes"},"schema":{"@context":"https:\/\/schema.org","@graph":[{"@type":"WebPage","@id":"https:\/\/www.mediaplateforme.com\/fr\/inwi-presente-ses-solutions-innovantes-lors-de-la-1ere-edition-du-gitex-africa\/","url":"https:\/\/www.mediaplateforme.com\/fr\/inwi-presente-ses-solutions-innovantes-lors-de-la-1ere-edition-du-gitex-africa\/","name":"Inwi pr\u00e9sente ses solutions innovantes lors de la 1\u00e8re \u00e9dition du GITEX Africa - MEDIA PLATEFORME | FR","isPartOf":{"@id":"https:\/\/www.mediaplateforme.com\/fr\/#website"},"datePublished":"2023-06-02T17:37:06+00:00","dateModified":"2023-06-02T17:37:06+00:00","author":{"@id":"https:\/\/www.mediaplateforme.com\/fr\/#\/schema\/person\/89833db382b5db2c76b094bc902aa12a"},"description":"inwi, acteur majeur de l\u2019inclusion num\u00e9rique au Maroc annonce sa participation \u00e0 la 1\u00e8re \u00e9dition du GITEX Africa, . Cet \u00e9v\u00e9nement prestigieux","breadcrumb":{"@id":"https:\/\/www.mediaplateforme.com\/fr\/inwi-presente-ses-solutions-innovantes-lors-de-la-1ere-edition-du-gitex-africa\/#breadcrumb"},"inLanguage":"fr-FR","potentialAction":[{"@type":"ReadAction","target":["https:\/\/www.mediaplateforme.com\/fr\/inwi-presente-ses-solutions-innovantes-lors-de-la-1ere-edition-du-gitex-africa\/"]}]},{"@type":"BreadcrumbList","@id":"https:\/\/www.mediaplateforme.com\/fr\/inwi-presente-ses-solutions-innovantes-lors-de-la-1ere-edition-du-gitex-africa\/#breadcrumb","itemListElement":[{"@type":"ListItem","position":1,"name":"\u0627\u0644\u0631\u0626\u064a\u0633\u064a\u0629","item":"https:\/\/www.mediaplateforme.com\/fr\/"},{"@type":"ListItem","position":2,"name":"Inwi pr\u00e9sente ses solutions innovantes lors de la 1\u00e8re \u00e9dition du GITEX Africa"}]},{"@type":"WebSite","@id":"https:\/\/www.mediaplateforme.com\/fr\/#website","url":"https:\/\/www.mediaplateforme.com\/fr\/","name":"MEDIA PLATEFORME | FR","description":"Mediaplateforme sp\u00e9cialis\u00e9 dans la communication institutions publiques et des entreprises","potentialAction":[{"@type":"SearchAction","target":{"@type":"EntryPoint","urlTemplate":"https:\/\/www.mediaplateforme.com\/fr\/?s={search_term_string}"},"query-input":"required name=search_term_string"}],"inLanguage":"fr-FR"},{"@type":"Person","@id":"https:\/\/www.mediaplateforme.com\/fr\/#\/schema\/person\/89833db382b5db2c76b094bc902aa12a","name":"Mediaplateforme","image":{"@type":"ImageObject","inLanguage":"fr-FR","@id":"https:\/\/www.mediaplateforme.com\/fr\/#\/schema\/person\/image\/","url":"https:\/\/secure.gravatar.com\/avatar\/6c9c02e8928cc65d54bf75157f7b3a2d06d7ad0494ca0951f679552ff03b34c1?s=96&d=mm&r=g","contentUrl":"https:\/\/secure.gravatar.com\/avatar\/6c9c02e8928cc65d54bf75157f7b3a2d06d7ad0494ca0951f679552ff03b34c1?s=96&d=mm&r=g","caption":"Mediaplateforme"},"sameAs":["https:\/\/www.mediaplateforme.com"],"url":"https:\/\/www.mediaplateforme.com\/fr\/author\/mohamedladib\/"}]}},"_links":{"self":[{"href":"https:\/\/www.mediaplateforme.com\/fr\/wp-json\/wp\/v2\/posts\/3161","targetHints":{"allow":["GET"]}}],"collection":[{"href":"https:\/\/www.mediaplateforme.com\/fr\/wp-json\/wp\/v2\/posts"}],"about":[{"href":"https:\/\/www.mediaplateforme.com\/fr\/wp-json\/wp\/v2\/types\/post"}],"author":[{"embeddable":true,"href":"https:\/\/www.mediaplateforme.com\/fr\/wp-json\/wp\/v2\/users\/1"}],"replies":[{"embeddable":true,"href":"https:\/\/www.mediaplateforme.com\/fr\/wp-json\/wp\/v2\/comments?post=3161"}],"version-history":[{"count":1,"href":"https:\/\/www.mediaplateforme.com\/fr\/wp-json\/wp\/v2\/posts\/3161\/revisions"}],"predecessor-version":[{"id":3163,"href":"https:\/\/www.mediaplateforme.com\/fr\/wp-json\/wp\/v2\/posts\/3161\/revisions\/3163"}],"wp:featuredmedia":[{"embeddable":true,"href":"https:\/\/www.mediaplateforme.com\/fr\/wp-json\/wp\/v2\/media\/3162"}],"wp:attachment":[{"href":"https:\/\/www.mediaplateforme.com\/fr\/wp-json\/wp\/v2\/media?parent=3161"}],"wp:term":[{"taxonomy":"category","embeddable":true,"href":"https:\/\/www.mediaplateforme.com\/fr\/wp-json\/wp\/v2\/categories?post=3161"},{"taxonomy":"post_tag","embeddable":true,"href":"https:\/\/www.mediaplateforme.com\/fr\/wp-json\/wp\/v2\/tags?post=3161"}],"curies":[{"name":"wp","href":"https:\/\/api.w.org\/{rel}","templated":true}]}}