{"id":3148,"date":"2023-06-01T16:03:49","date_gmt":"2023-06-01T15:03:49","guid":{"rendered":"https:\/\/www.mediaplateforme.com\/fr\/?p=3148"},"modified":"2023-06-01T17:43:34","modified_gmt":"2023-06-01T16:43:34","slug":"maroc-telecom-deploie-le-west-africa-un-nouveau-cable-sous-marin-a-fibre-optique","status":"publish","type":"post","link":"https:\/\/www.mediaplateforme.com\/fr\/maroc-telecom-deploie-le-west-africa-un-nouveau-cable-sous-marin-a-fibre-optique\/","title":{"rendered":"Maroc Telecom d\u00e9ploie le \u00ab\u00a0West Africa\u00a0\u00bb, un nouveau c\u00e2ble sous-marin \u00e0 fibre optique"},"content":{"rendered":"<p>Le Groupe Maroc Telecom poursuit ses investissements strat\u00e9giques \u00e0 travers le d\u00e9ploiement d&rsquo;un nouveau c\u00e2ble sous-marin \u00e0 fibre optique, le \u00ab West Africa \u00bb, reliant les filiales africaines et les interconnectant \u00e0 la boucle optique mondiale.<\/p>\n<p>Le d\u00e9ploiement de \u00ab West Africa \u00bb permettra la mise en place d\u2019un r\u00e9seau Haut d\u00e9bit performant au niveau des filiales du Groupe Maroc Telecom en favorisant l\u2019acc\u00e8s des populations \u00e0 la technologie, \u00e0 la connaissance et au savoir. Il permettra \u00e9galement le renforcement du r\u00e9seau de c\u00e2bles \u00e0 fibres optiques d\u00e9ploy\u00e9es par le Groupe pour am\u00e9liorer la connectivit\u00e9 et renforcer la s\u00e9curit\u00e9 du trafic international du continent.<\/p>\n<p>Le c\u00e2ble \u00ab West Africa \u00bb est con\u00e7u pour r\u00e9pondre au besoin croissant des filiales du Groupe Maroc Telecom en termes de connectivit\u00e9 et de bande passante Internet, et ce afin de disposer de leur propre infrastructure internationale leur permettant d\u2019accompagner l\u2019\u00e9volution des usages Data Fixe et Mobile de leurs clients \u00e0 des co\u00fbts optimis\u00e9s \u00e0 l\u2019instar d\u2019autres op\u00e9rateurs de la sous-r\u00e9gion Ouest africaine.<\/p>\n<p>Cette nouvelle infrastructure a permis au Groupe Maroc Telecom d\u2019optimiser les co\u00fbts d\u2019acc\u00e8s \u00e0 la Bande passante internationale (BPI) tout en doublant la capacit\u00e9 BPI de ses filiales.<\/p>\n<p>A noter que le segment Sud du c\u00e2ble sous-marin \u00e0 fibre optique \u00ab West Africa \u00bb du Groupe Maroc Telecom, a \u00e9t\u00e9 mis en service depuis juillet 2021. D\u2019une longueur de 8.600 km et d\u2019une capacit\u00e9 de 20 Tbps extensible \u00e0 40Tb\/s, il interconnecte le Maroc \u00e0 la C\u00f4te d\u2019Ivoire, au Togo, au B\u00e9nin, au Gabon et \u00e0 la Mauritanie \u00e0 travers 7 points d\u2019atterrissement (Casablanca, Dakhla, Abidjan, Lom\u00e9, Cotonou, Libreville et Nouadhibou). Il relie \u00e9galement les filiales non c\u00f4ti\u00e8res (Moov Africa Malitel, Moov Africa Burkina et Moov Africa Niger) via le c\u00e2ble terrestre Transafricain en passant par la c\u00f4te d\u2019Ivoire et le Togo.<\/p>\n<p>Le segment Nord est \u00e9galement op\u00e9rationnel depuis avril 2022. D\u2019une capacit\u00e9 de 60 Tb\/s, il relie Casablanca \u00e0 Lisbonne (Portugal) avec une longueur de 814 Km. Il permet de relier tous les op\u00e9rateurs du Groupe Maroc Telecom, ainsi que les op\u00e9rateurs de la r\u00e9gion ouest-africaine \u00e0 la boucle optique internationale en Europe.<\/p>\n<p>L\u2019investissement total est de 150 millions d\u2019euros, financ\u00e9 par un consortium constitu\u00e9 de Maroc Telecom et ses filiales africaines.<\/p>\n<p>Le projet, qualifi\u00e9 de coop\u00e9ration solidaire \u00ab panafricaine \u00bb, accompagnera la transformation digitale et le d\u00e9veloppement du Haut et Tr\u00e8s haut d\u00e9bit en Afrique, pour combler la fracture num\u00e9rique, rapprocher les populations en favorisant le d\u00e9senclavement num\u00e9rique, am\u00e9liorer la connectivit\u00e9 des utilisateurs et renforcer la souverainet\u00e9 num\u00e9rique du continent.<\/p>\n<p>Le c\u00e2ble apporte une s\u00e9curisation des infrastructures BPI dans les pays o\u00f9 il atterrit. Ce qui permet de maintenir leur souverainet\u00e9 num\u00e9rique et d\u2019assurer la continuit\u00e9 des services digitaux. II apporte \u00e9galement une infrastructure de nouvelle g\u00e9n\u00e9ration pour accompagner le besoin croissant du continent africain en mati\u00e8re de connectivit\u00e9.<\/p>\n<p>Le Groupe Maroc Telecom continue \u00e0 d\u00e9ployer des r\u00e9seaux fiables et s\u00e9curis\u00e9s, repr\u00e9sentant un enjeu \u00e9conomique majeur et un facteur essentiel d\u2019attractivit\u00e9 des territoires.<\/p>\n<p>A titre de rappel, le Groupe Maroc Telecom a d\u00e9j\u00e0 r\u00e9alis\u00e9 des projets importants de construction de c\u00e2bles en fibre optique, \u00e0 savoir :<\/p>\n<p>\u2013 Le Transafricain en 2014, c\u00e2ble terrestre de 5.700 kilom\u00e8tres de long, partant du Maroc vers le Niger, en passant par la Mauritanie, le Mali et le Burkina. En 2021, I a \u00e9t\u00e9 \u00e9tendu vers la C\u00f4te d\u2019Ivoire et le Togo pour \u00eatre reli\u00e9 au nouveau c\u00e2ble sous-marin \u00ab West Africa \u00bb du Groupe Maroc Telecom.<\/p>\n<p>\u2013 Le Loukkos en 2012, c\u00e2ble sous-marin d\u2019une longueur de 187 kilom\u00e8tres reliant le Maroc (Asilah) et l\u2019Espagne (Rota \u2013 S\u00e9ville).<\/p>\n<p>\u2013 L\u2019Atlas Offshore en 2007, c\u00e2ble sous-marin de plus de 1.600 kilom\u00e8tres reliant le Maroc (Asilah) \u00e0 la France (Marseille).<\/p>\n","protected":false},"excerpt":{"rendered":"<p>Le Groupe Maroc Telecom poursuit ses investissements strat\u00e9giques \u00e0 travers le d\u00e9ploiement d&rsquo;un nouveau c\u00e2ble<\/p>\n","protected":false},"author":1,"featured_media":0,"comment_status":"open","ping_status":"open","sticky":false,"template":"","format":"standard","meta":{"_acf_changed":false,"footnotes":""},"categories":[5,3],"tags":[526,951,276,950],"class_list":["post-3148","post","type-post","status-publish","format-standard","hentry","category-tech","category-nouvelles-selectionnees","tag-afrique","tag-fibre-optique","tag-maroc-telecom","tag-west-africa"],"acf":[],"yoast_head":"<!-- This site is optimized with the Yoast SEO plugin v22.0 - https:\/\/yoast.com\/wordpress\/plugins\/seo\/ -->\n<title>Maroc Telecom d\u00e9ploie le &quot;West Africa&quot;, un nouveau c\u00e2ble sous-marin \u00e0 fibre optique - MEDIA PLATEFORME | FR<\/title>\n<meta name=\"description\" content=\"Le Groupe Maroc Telecom poursuit ses investissements strat\u00e9giques \u00e0 travers le d&#039;un c\u00e2ble sous-marin \u00e0 fibre optique, le \u00ab West Africa \u00bb,\" \/>\n<meta name=\"robots\" content=\"index, follow, max-snippet:-1, max-image-preview:large, max-video-preview:-1\" \/>\n<link rel=\"canonical\" href=\"https:\/\/www.mediaplateforme.com\/fr\/maroc-telecom-deploie-le-west-africa-un-nouveau-cable-sous-marin-a-fibre-optique\/\" \/>\n<meta property=\"og:locale\" content=\"fr_FR\" \/>\n<meta property=\"og:type\" content=\"article\" \/>\n<meta property=\"og:title\" content=\"Maroc Telecom d\u00e9ploie le &quot;West Africa&quot;, un nouveau c\u00e2ble sous-marin \u00e0 fibre optique - MEDIA PLATEFORME | FR\" \/>\n<meta property=\"og:description\" content=\"Le Groupe Maroc Telecom poursuit ses investissements strat\u00e9giques \u00e0 travers le d&#039;un c\u00e2ble sous-marin \u00e0 fibre optique, le \u00ab West Africa \u00bb,\" \/>\n<meta property=\"og:url\" content=\"https:\/\/www.mediaplateforme.com\/fr\/maroc-telecom-deploie-le-west-africa-un-nouveau-cable-sous-marin-a-fibre-optique\/\" \/>\n<meta property=\"og:site_name\" content=\"MEDIA PLATEFORME | FR\" \/>\n<meta property=\"article:published_time\" content=\"2023-06-01T15:03:49+00:00\" \/>\n<meta property=\"article:modified_time\" content=\"2023-06-01T16:43:34+00:00\" \/>\n<meta property=\"og:image\" content=\"https:\/\/www.mediaplateforme.com\/fr\/wp-content\/uploads\/sites\/5\/2022\/10\/tour_maroc_telecom.jpg\" \/>\n\t<meta property=\"og:image:width\" content=\"600\" \/>\n\t<meta property=\"og:image:height\" content=\"400\" \/>\n\t<meta property=\"og:image:type\" content=\"image\/jpeg\" \/>\n<meta name=\"author\" content=\"Mediaplateforme\" \/>\n<meta name=\"twitter:card\" content=\"summary_large_image\" \/>\n<meta name=\"twitter:label1\" content=\"\u00c9crit par\" \/>\n\t<meta name=\"twitter:data1\" content=\"Mediaplateforme\" \/>\n\t<meta name=\"twitter:label2\" content=\"Dur\u00e9e de lecture estim\u00e9e\" \/>\n\t<meta name=\"twitter:data2\" content=\"4 minutes\" \/>\n<script type=\"application\/ld+json\" class=\"yoast-schema-graph\">{\"@context\":\"https:\/\/schema.org\",\"@graph\":[{\"@type\":\"WebPage\",\"@id\":\"https:\/\/www.mediaplateforme.com\/fr\/maroc-telecom-deploie-le-west-africa-un-nouveau-cable-sous-marin-a-fibre-optique\/\",\"url\":\"https:\/\/www.mediaplateforme.com\/fr\/maroc-telecom-deploie-le-west-africa-un-nouveau-cable-sous-marin-a-fibre-optique\/\",\"name\":\"Maroc Telecom d\u00e9ploie le \\\"West Africa\\\", un nouveau c\u00e2ble sous-marin \u00e0 fibre optique - MEDIA PLATEFORME | FR\",\"isPartOf\":{\"@id\":\"https:\/\/www.mediaplateforme.com\/fr\/#website\"},\"datePublished\":\"2023-06-01T15:03:49+00:00\",\"dateModified\":\"2023-06-01T16:43:34+00:00\",\"author\":{\"@id\":\"https:\/\/www.mediaplateforme.com\/fr\/#\/schema\/person\/89833db382b5db2c76b094bc902aa12a\"},\"description\":\"Le Groupe Maroc Telecom poursuit ses investissements strat\u00e9giques \u00e0 travers le d'un c\u00e2ble sous-marin \u00e0 fibre optique, le \u00ab West Africa \u00bb,\",\"breadcrumb\":{\"@id\":\"https:\/\/www.mediaplateforme.com\/fr\/maroc-telecom-deploie-le-west-africa-un-nouveau-cable-sous-marin-a-fibre-optique\/#breadcrumb\"},\"inLanguage\":\"fr-FR\",\"potentialAction\":[{\"@type\":\"ReadAction\",\"target\":[\"https:\/\/www.mediaplateforme.com\/fr\/maroc-telecom-deploie-le-west-africa-un-nouveau-cable-sous-marin-a-fibre-optique\/\"]}]},{\"@type\":\"BreadcrumbList\",\"@id\":\"https:\/\/www.mediaplateforme.com\/fr\/maroc-telecom-deploie-le-west-africa-un-nouveau-cable-sous-marin-a-fibre-optique\/#breadcrumb\",\"itemListElement\":[{\"@type\":\"ListItem\",\"position\":1,\"name\":\"\u0627\u0644\u0631\u0626\u064a\u0633\u064a\u0629\",\"item\":\"https:\/\/www.mediaplateforme.com\/fr\/\"},{\"@type\":\"ListItem\",\"position\":2,\"name\":\"Maroc Telecom d\u00e9ploie le &#8220;West Africa&#8221;, un nouveau c\u00e2ble sous-marin \u00e0 fibre optique\"}]},{\"@type\":\"WebSite\",\"@id\":\"https:\/\/www.mediaplateforme.com\/fr\/#website\",\"url\":\"https:\/\/www.mediaplateforme.com\/fr\/\",\"name\":\"MEDIA PLATEFORME | FR\",\"description\":\"Mediaplateforme sp\u00e9cialis\u00e9 dans la communication institutions publiques et des entreprises\",\"potentialAction\":[{\"@type\":\"SearchAction\",\"target\":{\"@type\":\"EntryPoint\",\"urlTemplate\":\"https:\/\/www.mediaplateforme.com\/fr\/?s={search_term_string}\"},\"query-input\":\"required name=search_term_string\"}],\"inLanguage\":\"fr-FR\"},{\"@type\":\"Person\",\"@id\":\"https:\/\/www.mediaplateforme.com\/fr\/#\/schema\/person\/89833db382b5db2c76b094bc902aa12a\",\"name\":\"Mediaplateforme\",\"image\":{\"@type\":\"ImageObject\",\"inLanguage\":\"fr-FR\",\"@id\":\"https:\/\/www.mediaplateforme.com\/fr\/#\/schema\/person\/image\/\",\"url\":\"https:\/\/secure.gravatar.com\/avatar\/6c9c02e8928cc65d54bf75157f7b3a2d06d7ad0494ca0951f679552ff03b34c1?s=96&d=mm&r=g\",\"contentUrl\":\"https:\/\/secure.gravatar.com\/avatar\/6c9c02e8928cc65d54bf75157f7b3a2d06d7ad0494ca0951f679552ff03b34c1?s=96&d=mm&r=g\",\"caption\":\"Mediaplateforme\"},\"sameAs\":[\"https:\/\/www.mediaplateforme.com\"],\"url\":\"https:\/\/www.mediaplateforme.com\/fr\/author\/mohamedladib\/\"}]}<\/script>\n<!-- \/ Yoast SEO plugin. -->","yoast_head_json":{"title":"Maroc Telecom d\u00e9ploie le \"West Africa\", un nouveau c\u00e2ble sous-marin \u00e0 fibre optique - MEDIA PLATEFORME | FR","description":"Le Groupe Maroc Telecom poursuit ses investissements strat\u00e9giques \u00e0 travers le d'un c\u00e2ble sous-marin \u00e0 fibre optique, le \u00ab West Africa \u00bb,","robots":{"index":"index","follow":"follow","max-snippet":"max-snippet:-1","max-image-preview":"max-image-preview:large","max-video-preview":"max-video-preview:-1"},"canonical":"https:\/\/www.mediaplateforme.com\/fr\/maroc-telecom-deploie-le-west-africa-un-nouveau-cable-sous-marin-a-fibre-optique\/","og_locale":"fr_FR","og_type":"article","og_title":"Maroc Telecom d\u00e9ploie le \"West Africa\", un nouveau c\u00e2ble sous-marin \u00e0 fibre optique - MEDIA PLATEFORME | FR","og_description":"Le Groupe Maroc Telecom poursuit ses investissements strat\u00e9giques \u00e0 travers le d'un c\u00e2ble sous-marin \u00e0 fibre optique, le \u00ab West Africa \u00bb,","og_url":"https:\/\/www.mediaplateforme.com\/fr\/maroc-telecom-deploie-le-west-africa-un-nouveau-cable-sous-marin-a-fibre-optique\/","og_site_name":"MEDIA PLATEFORME | FR","article_published_time":"2023-06-01T15:03:49+00:00","article_modified_time":"2023-06-01T16:43:34+00:00","og_image":[{"width":600,"height":400,"url":"https:\/\/www.mediaplateforme.com\/fr\/wp-content\/uploads\/sites\/5\/2022\/10\/tour_maroc_telecom.jpg","type":"image\/jpeg"}],"author":"Mediaplateforme","twitter_card":"summary_large_image","twitter_misc":{"\u00c9crit par":"Mediaplateforme","Dur\u00e9e de lecture estim\u00e9e":"4 minutes"},"schema":{"@context":"https:\/\/schema.org","@graph":[{"@type":"WebPage","@id":"https:\/\/www.mediaplateforme.com\/fr\/maroc-telecom-deploie-le-west-africa-un-nouveau-cable-sous-marin-a-fibre-optique\/","url":"https:\/\/www.mediaplateforme.com\/fr\/maroc-telecom-deploie-le-west-africa-un-nouveau-cable-sous-marin-a-fibre-optique\/","name":"Maroc Telecom d\u00e9ploie le \"West Africa\", un nouveau c\u00e2ble sous-marin \u00e0 fibre optique - MEDIA PLATEFORME | FR","isPartOf":{"@id":"https:\/\/www.mediaplateforme.com\/fr\/#website"},"datePublished":"2023-06-01T15:03:49+00:00","dateModified":"2023-06-01T16:43:34+00:00","author":{"@id":"https:\/\/www.mediaplateforme.com\/fr\/#\/schema\/person\/89833db382b5db2c76b094bc902aa12a"},"description":"Le Groupe Maroc Telecom poursuit ses investissements strat\u00e9giques \u00e0 travers le d'un c\u00e2ble sous-marin \u00e0 fibre optique, le \u00ab West Africa \u00bb,","breadcrumb":{"@id":"https:\/\/www.mediaplateforme.com\/fr\/maroc-telecom-deploie-le-west-africa-un-nouveau-cable-sous-marin-a-fibre-optique\/#breadcrumb"},"inLanguage":"fr-FR","potentialAction":[{"@type":"ReadAction","target":["https:\/\/www.mediaplateforme.com\/fr\/maroc-telecom-deploie-le-west-africa-un-nouveau-cable-sous-marin-a-fibre-optique\/"]}]},{"@type":"BreadcrumbList","@id":"https:\/\/www.mediaplateforme.com\/fr\/maroc-telecom-deploie-le-west-africa-un-nouveau-cable-sous-marin-a-fibre-optique\/#breadcrumb","itemListElement":[{"@type":"ListItem","position":1,"name":"\u0627\u0644\u0631\u0626\u064a\u0633\u064a\u0629","item":"https:\/\/www.mediaplateforme.com\/fr\/"},{"@type":"ListItem","position":2,"name":"Maroc Telecom d\u00e9ploie le &#8220;West Africa&#8221;, un nouveau c\u00e2ble sous-marin \u00e0 fibre optique"}]},{"@type":"WebSite","@id":"https:\/\/www.mediaplateforme.com\/fr\/#website","url":"https:\/\/www.mediaplateforme.com\/fr\/","name":"MEDIA PLATEFORME | FR","description":"Mediaplateforme sp\u00e9cialis\u00e9 dans la communication institutions publiques et des entreprises","potentialAction":[{"@type":"SearchAction","target":{"@type":"EntryPoint","urlTemplate":"https:\/\/www.mediaplateforme.com\/fr\/?s={search_term_string}"},"query-input":"required name=search_term_string"}],"inLanguage":"fr-FR"},{"@type":"Person","@id":"https:\/\/www.mediaplateforme.com\/fr\/#\/schema\/person\/89833db382b5db2c76b094bc902aa12a","name":"Mediaplateforme","image":{"@type":"ImageObject","inLanguage":"fr-FR","@id":"https:\/\/www.mediaplateforme.com\/fr\/#\/schema\/person\/image\/","url":"https:\/\/secure.gravatar.com\/avatar\/6c9c02e8928cc65d54bf75157f7b3a2d06d7ad0494ca0951f679552ff03b34c1?s=96&d=mm&r=g","contentUrl":"https:\/\/secure.gravatar.com\/avatar\/6c9c02e8928cc65d54bf75157f7b3a2d06d7ad0494ca0951f679552ff03b34c1?s=96&d=mm&r=g","caption":"Mediaplateforme"},"sameAs":["https:\/\/www.mediaplateforme.com"],"url":"https:\/\/www.mediaplateforme.com\/fr\/author\/mohamedladib\/"}]}},"_links":{"self":[{"href":"https:\/\/www.mediaplateforme.com\/fr\/wp-json\/wp\/v2\/posts\/3148","targetHints":{"allow":["GET"]}}],"collection":[{"href":"https:\/\/www.mediaplateforme.com\/fr\/wp-json\/wp\/v2\/posts"}],"about":[{"href":"https:\/\/www.mediaplateforme.com\/fr\/wp-json\/wp\/v2\/types\/post"}],"author":[{"embeddable":true,"href":"https:\/\/www.mediaplateforme.com\/fr\/wp-json\/wp\/v2\/users\/1"}],"replies":[{"embeddable":true,"href":"https:\/\/www.mediaplateforme.com\/fr\/wp-json\/wp\/v2\/comments?post=3148"}],"version-history":[{"count":1,"href":"https:\/\/www.mediaplateforme.com\/fr\/wp-json\/wp\/v2\/posts\/3148\/revisions"}],"predecessor-version":[{"id":3149,"href":"https:\/\/www.mediaplateforme.com\/fr\/wp-json\/wp\/v2\/posts\/3148\/revisions\/3149"}],"wp:attachment":[{"href":"https:\/\/www.mediaplateforme.com\/fr\/wp-json\/wp\/v2\/media?parent=3148"}],"wp:term":[{"taxonomy":"category","embeddable":true,"href":"https:\/\/www.mediaplateforme.com\/fr\/wp-json\/wp\/v2\/categories?post=3148"},{"taxonomy":"post_tag","embeddable":true,"href":"https:\/\/www.mediaplateforme.com\/fr\/wp-json\/wp\/v2\/tags?post=3148"}],"curies":[{"name":"wp","href":"https:\/\/api.w.org\/{rel}","templated":true}]}}