{"id":3139,"date":"2023-06-01T14:08:38","date_gmt":"2023-06-01T13:08:38","guid":{"rendered":"https:\/\/www.mediaplateforme.com\/fr\/?p=3139"},"modified":"2023-06-01T14:08:38","modified_gmt":"2023-06-01T13:08:38","slug":"renault-group-annonce-la-creation-dune-nouvelle-entite-dediee-au-developpement-de-produits-digitaux-renault-digital-maroc","status":"publish","type":"post","link":"https:\/\/www.mediaplateforme.com\/fr\/renault-group-annonce-la-creation-dune-nouvelle-entite-dediee-au-developpement-de-produits-digitaux-renault-digital-maroc\/","title":{"rendered":"Renault Group annonce la cr\u00e9ation d\u2019une nouvelle entit\u00e9 d\u00e9di\u00e9e au d\u00e9veloppement de produits digitaux \u00ab Renault Digital Maroc \u00bb"},"content":{"rendered":"<p><strong>Renault Group, le Minist\u00e8re de <\/strong>l\u2019Investissement, de la Convergence et de l\u2019<strong>Evaluation politiques publiques, le Minist\u00e8re de la Transition <\/strong>Num\u00e9rique et de la R\u00e9forme de l\u2019Administration<strong> et l&rsquo;Agence Marocaine de D\u00e9veloppement des Investissements et des Exportations (AMDIE) annoncent<\/strong> <strong>la <\/strong>signature d\u2019un memorandum of understanding <strong>pour la cr\u00e9ation <\/strong>d\u2019une filiale de Renault <strong>Group au Maroc \u00ab Renault Digital Maroc \u00bb. Une nouvelle entit\u00e9 ayant pour objectif de prendre en charge le d\u00e9veloppement et la maintenance de produits digitaux pour les diff\u00e9rents m\u00e9tiers du groupe et ses clients dans le monde.\u00a0 <\/strong><\/p>\n<p>La c\u00e9r\u00e9monie de signature s\u2019est tenue <strong>en marge du <a href=\"https:\/\/www.mediaplateforme.com\/fr\/le-groupe-maroc-telecom-participe-au-gitex-africa-et-presente-une-panoplie-de-services-innovants\/\">GITEX Africa<\/a> en pr\u00e9sence de Madame Ghita Mezzour, Ministre D\u00e9l\u00e9gu\u00e9e aupr\u00e8s du chef du gouvernement, charg\u00e9e de <\/strong>la transition num\u00e9rique et de la r\u00e9forme de l\u2019administration, <strong>de Monsieur Ali Seddiki, Directeu<\/strong>r G\u00e9n\u00e9ral de l\u2019AMDIE<strong>, de Monsieur Mohamed Bachiri, Directeur G\u00e9n\u00e9ral de Renault Group Maroc et Monsieur Nicolas Rouveure, G\u00e9n\u00e9ral Manager de Renault Digital Maroc. <\/strong><\/p>\n<p><strong>Renault Digital Maroc aura pour mission de d\u00e9velopper des projets digitaux pour <\/strong>l\u2019ensemble des m\u00e9tiers de l\u2019entreprise<strong> et de ses fournisseurs, allant de la conception et la <\/strong>fabrication \u00e0 la commercialisation et l\u2019apr\u00e8s<strong>-vente. La nouvelle filiale marocaine vise \u00e0 innover et d\u00e9livrer de la valeur digitale, avec des \u00e9quipes expertes et pluridisciplinaires qui participeront au d\u00e9veloppement strat\u00e9gique pour transformer durablement l<\/strong>\u2019ind<strong>ustrie automobile et les mobilit\u00e9s de demain. <\/strong><\/p>\n<p><strong>\u00a0<\/strong><\/p>\n<p><strong>Le lancement de Renault Digital Maroc renforcera le d\u00e9veloppement de nouveaux m\u00e9tiers dans le royaume ainsi que le recrutement et la mont\u00e9e en comp\u00e9tence de ressources hautement qualifi\u00e9es. <\/strong><\/p>\n<p><strong>\u00a0<\/strong><\/p>\n<h4>\u00c0 propos de Renault Group Maroc<\/h4>\n<p>Renault Group implant\u00e9 au Maroc depuis 1928, est le leader incontest\u00e9 du march\u00e9 automobile national. Quatre v\u00e9hicules sur dix vendus au Maroc sont commercialis\u00e9s par le Groupe \u00e0 travers ses deux marques, Renault et Dacia. L\u2019usine de Renault \u00e0 Casablanca (SOMACA) fabrique des mod\u00e8les de la marque Renault depuis 1966 et des mod\u00e8les de la gamme Dacia depuis 2005. L\u2019histoire du Groupe au Maroc a connu une nouvelle impulsion en 2012 avec l\u2019inauguration de l\u2019usine Renault-Tanger, la plus grande usine automobile d\u2019Afrique. En exportant la majorit\u00e9 de leur production, les usines marocaines de Renault Group sont un des piliers de son d\u00e9veloppement \u00e0 l\u2019international. Renault Maroc est un acteur pionnier dans le d\u00e9veloppement de l\u2019industrie automobile marocaine, notamment \u00e0 travers le renforcement de l\u2019\u00c9cosyst\u00e8me Renault. Pr\u00e8s de 12 000 collaborateurs sont engag\u00e9s quotidiennement pour consolider la position du Groupe dans le Royaume.<\/p>\n","protected":false},"excerpt":{"rendered":"<p>Renault Group, le Minist\u00e8re de l\u2019Investissement, de la Convergence et de l\u2019Evaluation politiques publiques, le<\/p>\n","protected":false},"author":1,"featured_media":3140,"comment_status":"open","ping_status":"open","sticky":false,"template":"","format":"standard","meta":{"_acf_changed":false,"footnotes":""},"categories":[5,3],"tags":[925,947,946],"class_list":["post-3139","post","type-post","status-publish","format-standard","has-post-thumbnail","hentry","category-tech","category-nouvelles-selectionnees","tag-gitex-africa","tag-renault-digital-maroc","tag-renault-group"],"acf":[],"yoast_head":"<!-- This site is optimized with the Yoast SEO plugin v22.0 - https:\/\/yoast.com\/wordpress\/plugins\/seo\/ -->\n<title>Renault Group annonce la cr\u00e9ation d\u2019une nouvelle entit\u00e9 d\u00e9di\u00e9e au d\u00e9veloppement de produits digitaux \u00ab Renault Digital Maroc \u00bb - MEDIA PLATEFORME | FR<\/title>\n<meta name=\"description\" content=\"Renault Group, le Minist\u00e8re de l\u2019Investissement, de la Convergence et de l\u2019Evaluation politiques publiques, Renault Digital Maroc\" \/>\n<meta name=\"robots\" content=\"index, follow, max-snippet:-1, max-image-preview:large, max-video-preview:-1\" \/>\n<link rel=\"canonical\" href=\"https:\/\/www.mediaplateforme.com\/fr\/renault-group-annonce-la-creation-dune-nouvelle-entite-dediee-au-developpement-de-produits-digitaux-renault-digital-maroc\/\" \/>\n<meta property=\"og:locale\" content=\"fr_FR\" \/>\n<meta property=\"og:type\" content=\"article\" \/>\n<meta property=\"og:title\" content=\"Renault Group annonce la cr\u00e9ation d\u2019une nouvelle entit\u00e9 d\u00e9di\u00e9e au d\u00e9veloppement de produits digitaux \u00ab Renault Digital Maroc \u00bb - MEDIA PLATEFORME | FR\" \/>\n<meta property=\"og:description\" content=\"Renault Group, le Minist\u00e8re de l\u2019Investissement, de la Convergence et de l\u2019Evaluation politiques publiques, Renault Digital Maroc\" \/>\n<meta property=\"og:url\" content=\"https:\/\/www.mediaplateforme.com\/fr\/renault-group-annonce-la-creation-dune-nouvelle-entite-dediee-au-developpement-de-produits-digitaux-renault-digital-maroc\/\" \/>\n<meta property=\"og:site_name\" content=\"MEDIA PLATEFORME | FR\" \/>\n<meta property=\"article:published_time\" content=\"2023-06-01T13:08:38+00:00\" \/>\n<meta property=\"og:image\" content=\"https:\/\/www.mediaplateforme.com\/fr\/wp-content\/uploads\/sites\/5\/2023\/06\/MOU_Creation-dune-nouvelle-entite-Renault-Digital-Maroc-_2023.jpg\" \/>\n\t<meta property=\"og:image:width\" content=\"1280\" \/>\n\t<meta property=\"og:image:height\" content=\"960\" \/>\n\t<meta property=\"og:image:type\" content=\"image\/jpeg\" \/>\n<meta name=\"author\" content=\"Mediaplateforme\" \/>\n<meta name=\"twitter:card\" content=\"summary_large_image\" \/>\n<meta name=\"twitter:label1\" content=\"\u00c9crit par\" \/>\n\t<meta name=\"twitter:data1\" content=\"Mediaplateforme\" \/>\n\t<meta name=\"twitter:label2\" content=\"Dur\u00e9e de lecture estim\u00e9e\" \/>\n\t<meta name=\"twitter:data2\" content=\"3 minutes\" \/>\n<script type=\"application\/ld+json\" class=\"yoast-schema-graph\">{\"@context\":\"https:\/\/schema.org\",\"@graph\":[{\"@type\":\"WebPage\",\"@id\":\"https:\/\/www.mediaplateforme.com\/fr\/renault-group-annonce-la-creation-dune-nouvelle-entite-dediee-au-developpement-de-produits-digitaux-renault-digital-maroc\/\",\"url\":\"https:\/\/www.mediaplateforme.com\/fr\/renault-group-annonce-la-creation-dune-nouvelle-entite-dediee-au-developpement-de-produits-digitaux-renault-digital-maroc\/\",\"name\":\"Renault Group annonce la cr\u00e9ation d\u2019une nouvelle entit\u00e9 d\u00e9di\u00e9e au d\u00e9veloppement de produits digitaux \u00ab Renault Digital Maroc \u00bb - MEDIA PLATEFORME | FR\",\"isPartOf\":{\"@id\":\"https:\/\/www.mediaplateforme.com\/fr\/#website\"},\"datePublished\":\"2023-06-01T13:08:38+00:00\",\"dateModified\":\"2023-06-01T13:08:38+00:00\",\"author\":{\"@id\":\"https:\/\/www.mediaplateforme.com\/fr\/#\/schema\/person\/89833db382b5db2c76b094bc902aa12a\"},\"description\":\"Renault Group, le Minist\u00e8re de l\u2019Investissement, de la Convergence et de l\u2019Evaluation politiques publiques, Renault Digital Maroc\",\"breadcrumb\":{\"@id\":\"https:\/\/www.mediaplateforme.com\/fr\/renault-group-annonce-la-creation-dune-nouvelle-entite-dediee-au-developpement-de-produits-digitaux-renault-digital-maroc\/#breadcrumb\"},\"inLanguage\":\"fr-FR\",\"potentialAction\":[{\"@type\":\"ReadAction\",\"target\":[\"https:\/\/www.mediaplateforme.com\/fr\/renault-group-annonce-la-creation-dune-nouvelle-entite-dediee-au-developpement-de-produits-digitaux-renault-digital-maroc\/\"]}]},{\"@type\":\"BreadcrumbList\",\"@id\":\"https:\/\/www.mediaplateforme.com\/fr\/renault-group-annonce-la-creation-dune-nouvelle-entite-dediee-au-developpement-de-produits-digitaux-renault-digital-maroc\/#breadcrumb\",\"itemListElement\":[{\"@type\":\"ListItem\",\"position\":1,\"name\":\"\u0627\u0644\u0631\u0626\u064a\u0633\u064a\u0629\",\"item\":\"https:\/\/www.mediaplateforme.com\/fr\/\"},{\"@type\":\"ListItem\",\"position\":2,\"name\":\"Renault Group annonce la cr\u00e9ation d\u2019une nouvelle entit\u00e9 d\u00e9di\u00e9e au d\u00e9veloppement de produits digitaux \u00ab Renault Digital Maroc \u00bb\"}]},{\"@type\":\"WebSite\",\"@id\":\"https:\/\/www.mediaplateforme.com\/fr\/#website\",\"url\":\"https:\/\/www.mediaplateforme.com\/fr\/\",\"name\":\"MEDIA PLATEFORME | FR\",\"description\":\"Mediaplateforme sp\u00e9cialis\u00e9 dans la communication institutions publiques et des entreprises\",\"potentialAction\":[{\"@type\":\"SearchAction\",\"target\":{\"@type\":\"EntryPoint\",\"urlTemplate\":\"https:\/\/www.mediaplateforme.com\/fr\/?s={search_term_string}\"},\"query-input\":\"required name=search_term_string\"}],\"inLanguage\":\"fr-FR\"},{\"@type\":\"Person\",\"@id\":\"https:\/\/www.mediaplateforme.com\/fr\/#\/schema\/person\/89833db382b5db2c76b094bc902aa12a\",\"name\":\"Mediaplateforme\",\"image\":{\"@type\":\"ImageObject\",\"inLanguage\":\"fr-FR\",\"@id\":\"https:\/\/www.mediaplateforme.com\/fr\/#\/schema\/person\/image\/\",\"url\":\"https:\/\/secure.gravatar.com\/avatar\/6c9c02e8928cc65d54bf75157f7b3a2d06d7ad0494ca0951f679552ff03b34c1?s=96&d=mm&r=g\",\"contentUrl\":\"https:\/\/secure.gravatar.com\/avatar\/6c9c02e8928cc65d54bf75157f7b3a2d06d7ad0494ca0951f679552ff03b34c1?s=96&d=mm&r=g\",\"caption\":\"Mediaplateforme\"},\"sameAs\":[\"https:\/\/www.mediaplateforme.com\"],\"url\":\"https:\/\/www.mediaplateforme.com\/fr\/author\/mohamedladib\/\"}]}<\/script>\n<!-- \/ Yoast SEO plugin. -->","yoast_head_json":{"title":"Renault Group annonce la cr\u00e9ation d\u2019une nouvelle entit\u00e9 d\u00e9di\u00e9e au d\u00e9veloppement de produits digitaux \u00ab Renault Digital Maroc \u00bb - MEDIA PLATEFORME | FR","description":"Renault Group, le Minist\u00e8re de l\u2019Investissement, de la Convergence et de l\u2019Evaluation politiques publiques, Renault Digital Maroc","robots":{"index":"index","follow":"follow","max-snippet":"max-snippet:-1","max-image-preview":"max-image-preview:large","max-video-preview":"max-video-preview:-1"},"canonical":"https:\/\/www.mediaplateforme.com\/fr\/renault-group-annonce-la-creation-dune-nouvelle-entite-dediee-au-developpement-de-produits-digitaux-renault-digital-maroc\/","og_locale":"fr_FR","og_type":"article","og_title":"Renault Group annonce la cr\u00e9ation d\u2019une nouvelle entit\u00e9 d\u00e9di\u00e9e au d\u00e9veloppement de produits digitaux \u00ab Renault Digital Maroc \u00bb - MEDIA PLATEFORME | FR","og_description":"Renault Group, le Minist\u00e8re de l\u2019Investissement, de la Convergence et de l\u2019Evaluation politiques publiques, Renault Digital Maroc","og_url":"https:\/\/www.mediaplateforme.com\/fr\/renault-group-annonce-la-creation-dune-nouvelle-entite-dediee-au-developpement-de-produits-digitaux-renault-digital-maroc\/","og_site_name":"MEDIA PLATEFORME | FR","article_published_time":"2023-06-01T13:08:38+00:00","og_image":[{"width":1280,"height":960,"url":"https:\/\/www.mediaplateforme.com\/fr\/wp-content\/uploads\/sites\/5\/2023\/06\/MOU_Creation-dune-nouvelle-entite-Renault-Digital-Maroc-_2023.jpg","type":"image\/jpeg"}],"author":"Mediaplateforme","twitter_card":"summary_large_image","twitter_misc":{"\u00c9crit par":"Mediaplateforme","Dur\u00e9e de lecture estim\u00e9e":"3 minutes"},"schema":{"@context":"https:\/\/schema.org","@graph":[{"@type":"WebPage","@id":"https:\/\/www.mediaplateforme.com\/fr\/renault-group-annonce-la-creation-dune-nouvelle-entite-dediee-au-developpement-de-produits-digitaux-renault-digital-maroc\/","url":"https:\/\/www.mediaplateforme.com\/fr\/renault-group-annonce-la-creation-dune-nouvelle-entite-dediee-au-developpement-de-produits-digitaux-renault-digital-maroc\/","name":"Renault Group annonce la cr\u00e9ation d\u2019une nouvelle entit\u00e9 d\u00e9di\u00e9e au d\u00e9veloppement de produits digitaux \u00ab Renault Digital Maroc \u00bb - MEDIA PLATEFORME | FR","isPartOf":{"@id":"https:\/\/www.mediaplateforme.com\/fr\/#website"},"datePublished":"2023-06-01T13:08:38+00:00","dateModified":"2023-06-01T13:08:38+00:00","author":{"@id":"https:\/\/www.mediaplateforme.com\/fr\/#\/schema\/person\/89833db382b5db2c76b094bc902aa12a"},"description":"Renault Group, le Minist\u00e8re de l\u2019Investissement, de la Convergence et de l\u2019Evaluation politiques publiques, Renault Digital Maroc","breadcrumb":{"@id":"https:\/\/www.mediaplateforme.com\/fr\/renault-group-annonce-la-creation-dune-nouvelle-entite-dediee-au-developpement-de-produits-digitaux-renault-digital-maroc\/#breadcrumb"},"inLanguage":"fr-FR","potentialAction":[{"@type":"ReadAction","target":["https:\/\/www.mediaplateforme.com\/fr\/renault-group-annonce-la-creation-dune-nouvelle-entite-dediee-au-developpement-de-produits-digitaux-renault-digital-maroc\/"]}]},{"@type":"BreadcrumbList","@id":"https:\/\/www.mediaplateforme.com\/fr\/renault-group-annonce-la-creation-dune-nouvelle-entite-dediee-au-developpement-de-produits-digitaux-renault-digital-maroc\/#breadcrumb","itemListElement":[{"@type":"ListItem","position":1,"name":"\u0627\u0644\u0631\u0626\u064a\u0633\u064a\u0629","item":"https:\/\/www.mediaplateforme.com\/fr\/"},{"@type":"ListItem","position":2,"name":"Renault Group annonce la cr\u00e9ation d\u2019une nouvelle entit\u00e9 d\u00e9di\u00e9e au d\u00e9veloppement de produits digitaux \u00ab Renault Digital Maroc \u00bb"}]},{"@type":"WebSite","@id":"https:\/\/www.mediaplateforme.com\/fr\/#website","url":"https:\/\/www.mediaplateforme.com\/fr\/","name":"MEDIA PLATEFORME | FR","description":"Mediaplateforme sp\u00e9cialis\u00e9 dans la communication institutions publiques et des entreprises","potentialAction":[{"@type":"SearchAction","target":{"@type":"EntryPoint","urlTemplate":"https:\/\/www.mediaplateforme.com\/fr\/?s={search_term_string}"},"query-input":"required name=search_term_string"}],"inLanguage":"fr-FR"},{"@type":"Person","@id":"https:\/\/www.mediaplateforme.com\/fr\/#\/schema\/person\/89833db382b5db2c76b094bc902aa12a","name":"Mediaplateforme","image":{"@type":"ImageObject","inLanguage":"fr-FR","@id":"https:\/\/www.mediaplateforme.com\/fr\/#\/schema\/person\/image\/","url":"https:\/\/secure.gravatar.com\/avatar\/6c9c02e8928cc65d54bf75157f7b3a2d06d7ad0494ca0951f679552ff03b34c1?s=96&d=mm&r=g","contentUrl":"https:\/\/secure.gravatar.com\/avatar\/6c9c02e8928cc65d54bf75157f7b3a2d06d7ad0494ca0951f679552ff03b34c1?s=96&d=mm&r=g","caption":"Mediaplateforme"},"sameAs":["https:\/\/www.mediaplateforme.com"],"url":"https:\/\/www.mediaplateforme.com\/fr\/author\/mohamedladib\/"}]}},"_links":{"self":[{"href":"https:\/\/www.mediaplateforme.com\/fr\/wp-json\/wp\/v2\/posts\/3139","targetHints":{"allow":["GET"]}}],"collection":[{"href":"https:\/\/www.mediaplateforme.com\/fr\/wp-json\/wp\/v2\/posts"}],"about":[{"href":"https:\/\/www.mediaplateforme.com\/fr\/wp-json\/wp\/v2\/types\/post"}],"author":[{"embeddable":true,"href":"https:\/\/www.mediaplateforme.com\/fr\/wp-json\/wp\/v2\/users\/1"}],"replies":[{"embeddable":true,"href":"https:\/\/www.mediaplateforme.com\/fr\/wp-json\/wp\/v2\/comments?post=3139"}],"version-history":[{"count":1,"href":"https:\/\/www.mediaplateforme.com\/fr\/wp-json\/wp\/v2\/posts\/3139\/revisions"}],"predecessor-version":[{"id":3141,"href":"https:\/\/www.mediaplateforme.com\/fr\/wp-json\/wp\/v2\/posts\/3139\/revisions\/3141"}],"wp:featuredmedia":[{"embeddable":true,"href":"https:\/\/www.mediaplateforme.com\/fr\/wp-json\/wp\/v2\/media\/3140"}],"wp:attachment":[{"href":"https:\/\/www.mediaplateforme.com\/fr\/wp-json\/wp\/v2\/media?parent=3139"}],"wp:term":[{"taxonomy":"category","embeddable":true,"href":"https:\/\/www.mediaplateforme.com\/fr\/wp-json\/wp\/v2\/categories?post=3139"},{"taxonomy":"post_tag","embeddable":true,"href":"https:\/\/www.mediaplateforme.com\/fr\/wp-json\/wp\/v2\/tags?post=3139"}],"curies":[{"name":"wp","href":"https:\/\/api.w.org\/{rel}","templated":true}]}}