{"id":3119,"date":"2023-05-31T13:32:58","date_gmt":"2023-05-31T12:32:58","guid":{"rendered":"https:\/\/www.mediaplateforme.com\/fr\/?p=3119"},"modified":"2023-05-31T13:34:48","modified_gmt":"2023-05-31T12:34:48","slug":"produit-de-lannee-2023-kenz-couronne-pour-son-couscous-et-ses-pates-alimentaires","status":"publish","type":"post","link":"https:\/\/www.mediaplateforme.com\/fr\/produit-de-lannee-2023-kenz-couronne-pour-son-couscous-et-ses-pates-alimentaires\/","title":{"rendered":"Produit de l\u2019ann\u00e9e 2023 : Kenz couronn\u00e9 pour son couscous et ses p\u00e2tes alimentaires"},"content":{"rendered":"<p style=\"font-weight: 400;\">Deux grandes distinctions pour Kenz. Les p\u00e2tes Kenz et le couscous Kenz, deux produits de Kenz, ont \u00e9t\u00e9 consacr\u00e9s produits de l\u2019ann\u00e9e 2023 dans leurs cat\u00e9gories respectives. Pour rappel, \u201cProduit de l\u2019ann\u00e9e &#8211; Maroc\u201d r\u00e9compense le produit le plus innovant, attractif et ayant la meilleure perception consommateur dans sa cat\u00e9gorie.<\/p>\n<p style=\"font-weight: 400;\">Kenz, \u00e0 travers les p\u00e2tes Kenz et le couscous Kenz, est ainsi pl\u00e9biscit\u00e9 par les consommateurs marocains selon \u201cProduit de l\u2019ann\u00e9e\u201d. Cette distinction est d\u00e9cern\u00e9e par la plus vaste \u00e9tude sur le comportement du consommateur marocain face \u00e0 l\u2019innovation des produits, \u00e9labor\u00e9e par le cabinet ind\u00e9pendant Nielsen, sur une p\u00e9riode de deux mois.<\/p>\n<p><img loading=\"lazy\" decoding=\"async\" class=\"alignnone size-medium wp-image-3122\" src=\"https:\/\/www.mediaplateforme.com\/fr\/wp-content\/uploads\/sites\/5\/2023\/05\/346471282_939868650671834_4996131563983490567_n-300x262.jpg\" alt=\"\" width=\"300\" height=\"262\" srcset=\"https:\/\/www.mediaplateforme.com\/fr\/wp-content\/uploads\/sites\/5\/2023\/05\/346471282_939868650671834_4996131563983490567_n-300x262.jpg 300w, https:\/\/www.mediaplateforme.com\/fr\/wp-content\/uploads\/sites\/5\/2023\/05\/346471282_939868650671834_4996131563983490567_n-1024x893.jpg 1024w, https:\/\/www.mediaplateforme.com\/fr\/wp-content\/uploads\/sites\/5\/2023\/05\/346471282_939868650671834_4996131563983490567_n-768x670.jpg 768w, https:\/\/www.mediaplateforme.com\/fr\/wp-content\/uploads\/sites\/5\/2023\/05\/346471282_939868650671834_4996131563983490567_n.jpg 1170w\" sizes=\"auto, (max-width: 300px) 100vw, 300px\" \/><\/p>\n<p style=\"font-weight: 400;\">Les p\u00e2tes Kenz et le couscous Kenz ont \u00e9t\u00e9 \u00e9lus produits de l\u2019ann\u00e9e 2023 gr\u00e2ce aux consommateurs qui attribuent des notes comprises entre 0 et 10 aux diff\u00e9rents produits qui concourent sur trois attributs majeurs, en l\u2019occurrence l&rsquo;innovation (40%), l\u2019intention d\u2019achat (30%) et l\u2019attractivit\u00e9 (30%). Les produits \u00e9lus sont ceux dont la moyenne pond\u00e9r\u00e9e des trois notes (Poy Index) est sup\u00e9rieure.<\/p>\n<p style=\"font-weight: 400;\">Sur la base de 3000 r\u00e9pondants, compos\u00e9s d\u2019hommes et de femmes \u00e2g\u00e9s entre 15-64 ans, issues des 7 grandes r\u00e9gions, toutes cat\u00e9gories professionnelles confondues, les deux produits Kenz, les p\u00e2tes Kenz et le couscous Kenz, ont \u00e9t\u00e9 couronn\u00e9s par les consommateurs marocains pour leur innovation, leur attractivit\u00e9 ainsi que la forte intention d\u2019achat qu\u2019ils suscitent.<\/p>\n<p style=\"font-weight: 400;\">Les p\u00e2tes Kenz pr\u00e9par\u00e9es \u00e0 base de semoule de bl\u00e9 dur 100% s\u00e9lectionn\u00e9es parmi les meilleures origines au monde ont \u00e9t\u00e9 \u00e9lues produit de l\u2019ann\u00e9e 2023. De son c\u00f4t\u00e9, le couscous Kenz, connu pour son authenticit\u00e9 et la qualit\u00e9 de sa semoule 100% bl\u00e9 dur, a \u00e9t\u00e9 lui aussi pl\u00e9biscit\u00e9 par les consommateurs.<\/p>\n<p>&nbsp;<\/p>\n<h4 style=\"font-weight: 400;\"><strong>\u00c0 propos du Groupe Kenz\u00a0:<\/strong><\/h4>\n<p style=\"font-weight: 400;\"><strong>\u00a0<\/strong><\/p>\n<p style=\"font-weight: 400;\">Ayant Vita Holding pour principal actionnaire, le groupe familial Kenz est un ensemble int\u00e9gr\u00e9 se composant d\u2019entreprises op\u00e9rant dans diff\u00e9rents maillons de la chaine de valeur de la transformation des c\u00e9r\u00e9ales, en l\u2019occurrence Vitagrain (n\u00e9goce et stockage de c\u00e9r\u00e9ales), Kenz Maroc (minoterie et semoulerie) et Vita Dis (logistique et distribution et KenzPat (production des p\u00e2tes et couscous).<\/p>\n<p style=\"font-weight: 400;\"><strong><em>\u00a0<\/em><\/strong><\/p>\n","protected":false},"excerpt":{"rendered":"<p>Deux grandes distinctions pour Kenz. Les p\u00e2tes Kenz et le couscous Kenz, deux produits de<\/p>\n","protected":false},"author":1,"featured_media":3120,"comment_status":"open","ping_status":"open","sticky":false,"template":"","format":"standard","meta":{"_acf_changed":false,"footnotes":""},"categories":[2,3],"tags":[935,936],"class_list":["post-3119","post","type-post","status-publish","format-standard","has-post-thumbnail","hentry","category-nouvelles","category-nouvelles-selectionnees","tag-couscous-kenz","tag-kenz"],"acf":[],"yoast_head":"<!-- This site is optimized with the Yoast SEO plugin v22.0 - https:\/\/yoast.com\/wordpress\/plugins\/seo\/ -->\n<title>Produit de l\u2019ann\u00e9e 2023 : Kenz couronn\u00e9 pour son couscous et ses p\u00e2tes alimentaires - MEDIA PLATEFORME | FR<\/title>\n<meta name=\"description\" content=\"Deux grandes distinctions pour Kenz. Les p\u00e2tes Kenz et le couscous Kenz, deux produits de Kenz, ont \u00e9t\u00e9 consacr\u00e9s produits de l\u2019ann\u00e9e 2023 d\" \/>\n<meta name=\"robots\" content=\"index, follow, max-snippet:-1, max-image-preview:large, max-video-preview:-1\" \/>\n<link rel=\"canonical\" href=\"https:\/\/www.mediaplateforme.com\/fr\/produit-de-lannee-2023-kenz-couronne-pour-son-couscous-et-ses-pates-alimentaires\/\" \/>\n<meta property=\"og:locale\" content=\"fr_FR\" \/>\n<meta property=\"og:type\" content=\"article\" \/>\n<meta property=\"og:title\" content=\"Produit de l\u2019ann\u00e9e 2023 : Kenz couronn\u00e9 pour son couscous et ses p\u00e2tes alimentaires - MEDIA PLATEFORME | FR\" \/>\n<meta property=\"og:description\" content=\"Deux grandes distinctions pour Kenz. Les p\u00e2tes Kenz et le couscous Kenz, deux produits de Kenz, ont \u00e9t\u00e9 consacr\u00e9s produits de l\u2019ann\u00e9e 2023 d\" \/>\n<meta property=\"og:url\" content=\"https:\/\/www.mediaplateforme.com\/fr\/produit-de-lannee-2023-kenz-couronne-pour-son-couscous-et-ses-pates-alimentaires\/\" \/>\n<meta property=\"og:site_name\" content=\"MEDIA PLATEFORME | FR\" \/>\n<meta property=\"article:published_time\" content=\"2023-05-31T12:32:58+00:00\" \/>\n<meta property=\"article:modified_time\" content=\"2023-05-31T12:34:48+00:00\" \/>\n<meta property=\"og:image\" content=\"https:\/\/www.mediaplateforme.com\/fr\/wp-content\/uploads\/sites\/5\/2023\/05\/WhatsApp-Image-2023-05-31-at-13.31.42.jpeg\" \/>\n\t<meta property=\"og:image:width\" content=\"1086\" \/>\n\t<meta property=\"og:image:height\" content=\"720\" \/>\n\t<meta property=\"og:image:type\" content=\"image\/jpeg\" \/>\n<meta name=\"author\" content=\"Mediaplateforme\" \/>\n<meta name=\"twitter:card\" content=\"summary_large_image\" \/>\n<meta name=\"twitter:label1\" content=\"\u00c9crit par\" \/>\n\t<meta name=\"twitter:data1\" content=\"Mediaplateforme\" \/>\n\t<meta name=\"twitter:label2\" content=\"Dur\u00e9e de lecture estim\u00e9e\" \/>\n\t<meta name=\"twitter:data2\" content=\"2 minutes\" \/>\n<script type=\"application\/ld+json\" class=\"yoast-schema-graph\">{\"@context\":\"https:\/\/schema.org\",\"@graph\":[{\"@type\":\"WebPage\",\"@id\":\"https:\/\/www.mediaplateforme.com\/fr\/produit-de-lannee-2023-kenz-couronne-pour-son-couscous-et-ses-pates-alimentaires\/\",\"url\":\"https:\/\/www.mediaplateforme.com\/fr\/produit-de-lannee-2023-kenz-couronne-pour-son-couscous-et-ses-pates-alimentaires\/\",\"name\":\"Produit de l\u2019ann\u00e9e 2023 : Kenz couronn\u00e9 pour son couscous et ses p\u00e2tes alimentaires - MEDIA PLATEFORME | FR\",\"isPartOf\":{\"@id\":\"https:\/\/www.mediaplateforme.com\/fr\/#website\"},\"datePublished\":\"2023-05-31T12:32:58+00:00\",\"dateModified\":\"2023-05-31T12:34:48+00:00\",\"author\":{\"@id\":\"https:\/\/www.mediaplateforme.com\/fr\/#\/schema\/person\/89833db382b5db2c76b094bc902aa12a\"},\"description\":\"Deux grandes distinctions pour Kenz. Les p\u00e2tes Kenz et le couscous Kenz, deux produits de Kenz, ont \u00e9t\u00e9 consacr\u00e9s produits de l\u2019ann\u00e9e 2023 d\",\"breadcrumb\":{\"@id\":\"https:\/\/www.mediaplateforme.com\/fr\/produit-de-lannee-2023-kenz-couronne-pour-son-couscous-et-ses-pates-alimentaires\/#breadcrumb\"},\"inLanguage\":\"fr-FR\",\"potentialAction\":[{\"@type\":\"ReadAction\",\"target\":[\"https:\/\/www.mediaplateforme.com\/fr\/produit-de-lannee-2023-kenz-couronne-pour-son-couscous-et-ses-pates-alimentaires\/\"]}]},{\"@type\":\"BreadcrumbList\",\"@id\":\"https:\/\/www.mediaplateforme.com\/fr\/produit-de-lannee-2023-kenz-couronne-pour-son-couscous-et-ses-pates-alimentaires\/#breadcrumb\",\"itemListElement\":[{\"@type\":\"ListItem\",\"position\":1,\"name\":\"\u0627\u0644\u0631\u0626\u064a\u0633\u064a\u0629\",\"item\":\"https:\/\/www.mediaplateforme.com\/fr\/\"},{\"@type\":\"ListItem\",\"position\":2,\"name\":\"Produit de l\u2019ann\u00e9e 2023 : Kenz couronn\u00e9 pour son couscous et ses p\u00e2tes alimentaires\"}]},{\"@type\":\"WebSite\",\"@id\":\"https:\/\/www.mediaplateforme.com\/fr\/#website\",\"url\":\"https:\/\/www.mediaplateforme.com\/fr\/\",\"name\":\"MEDIA PLATEFORME | FR\",\"description\":\"Mediaplateforme sp\u00e9cialis\u00e9 dans la communication institutions publiques et des entreprises\",\"potentialAction\":[{\"@type\":\"SearchAction\",\"target\":{\"@type\":\"EntryPoint\",\"urlTemplate\":\"https:\/\/www.mediaplateforme.com\/fr\/?s={search_term_string}\"},\"query-input\":\"required name=search_term_string\"}],\"inLanguage\":\"fr-FR\"},{\"@type\":\"Person\",\"@id\":\"https:\/\/www.mediaplateforme.com\/fr\/#\/schema\/person\/89833db382b5db2c76b094bc902aa12a\",\"name\":\"Mediaplateforme\",\"image\":{\"@type\":\"ImageObject\",\"inLanguage\":\"fr-FR\",\"@id\":\"https:\/\/www.mediaplateforme.com\/fr\/#\/schema\/person\/image\/\",\"url\":\"https:\/\/secure.gravatar.com\/avatar\/6c9c02e8928cc65d54bf75157f7b3a2d06d7ad0494ca0951f679552ff03b34c1?s=96&d=mm&r=g\",\"contentUrl\":\"https:\/\/secure.gravatar.com\/avatar\/6c9c02e8928cc65d54bf75157f7b3a2d06d7ad0494ca0951f679552ff03b34c1?s=96&d=mm&r=g\",\"caption\":\"Mediaplateforme\"},\"sameAs\":[\"https:\/\/www.mediaplateforme.com\"],\"url\":\"https:\/\/www.mediaplateforme.com\/fr\/author\/mohamedladib\/\"}]}<\/script>\n<!-- \/ Yoast SEO plugin. -->","yoast_head_json":{"title":"Produit de l\u2019ann\u00e9e 2023 : Kenz couronn\u00e9 pour son couscous et ses p\u00e2tes alimentaires - MEDIA PLATEFORME | FR","description":"Deux grandes distinctions pour Kenz. Les p\u00e2tes Kenz et le couscous Kenz, deux produits de Kenz, ont \u00e9t\u00e9 consacr\u00e9s produits de l\u2019ann\u00e9e 2023 d","robots":{"index":"index","follow":"follow","max-snippet":"max-snippet:-1","max-image-preview":"max-image-preview:large","max-video-preview":"max-video-preview:-1"},"canonical":"https:\/\/www.mediaplateforme.com\/fr\/produit-de-lannee-2023-kenz-couronne-pour-son-couscous-et-ses-pates-alimentaires\/","og_locale":"fr_FR","og_type":"article","og_title":"Produit de l\u2019ann\u00e9e 2023 : Kenz couronn\u00e9 pour son couscous et ses p\u00e2tes alimentaires - MEDIA PLATEFORME | FR","og_description":"Deux grandes distinctions pour Kenz. Les p\u00e2tes Kenz et le couscous Kenz, deux produits de Kenz, ont \u00e9t\u00e9 consacr\u00e9s produits de l\u2019ann\u00e9e 2023 d","og_url":"https:\/\/www.mediaplateforme.com\/fr\/produit-de-lannee-2023-kenz-couronne-pour-son-couscous-et-ses-pates-alimentaires\/","og_site_name":"MEDIA PLATEFORME | FR","article_published_time":"2023-05-31T12:32:58+00:00","article_modified_time":"2023-05-31T12:34:48+00:00","og_image":[{"width":1086,"height":720,"url":"https:\/\/www.mediaplateforme.com\/fr\/wp-content\/uploads\/sites\/5\/2023\/05\/WhatsApp-Image-2023-05-31-at-13.31.42.jpeg","type":"image\/jpeg"}],"author":"Mediaplateforme","twitter_card":"summary_large_image","twitter_misc":{"\u00c9crit par":"Mediaplateforme","Dur\u00e9e de lecture estim\u00e9e":"2 minutes"},"schema":{"@context":"https:\/\/schema.org","@graph":[{"@type":"WebPage","@id":"https:\/\/www.mediaplateforme.com\/fr\/produit-de-lannee-2023-kenz-couronne-pour-son-couscous-et-ses-pates-alimentaires\/","url":"https:\/\/www.mediaplateforme.com\/fr\/produit-de-lannee-2023-kenz-couronne-pour-son-couscous-et-ses-pates-alimentaires\/","name":"Produit de l\u2019ann\u00e9e 2023 : Kenz couronn\u00e9 pour son couscous et ses p\u00e2tes alimentaires - MEDIA PLATEFORME | FR","isPartOf":{"@id":"https:\/\/www.mediaplateforme.com\/fr\/#website"},"datePublished":"2023-05-31T12:32:58+00:00","dateModified":"2023-05-31T12:34:48+00:00","author":{"@id":"https:\/\/www.mediaplateforme.com\/fr\/#\/schema\/person\/89833db382b5db2c76b094bc902aa12a"},"description":"Deux grandes distinctions pour Kenz. Les p\u00e2tes Kenz et le couscous Kenz, deux produits de Kenz, ont \u00e9t\u00e9 consacr\u00e9s produits de l\u2019ann\u00e9e 2023 d","breadcrumb":{"@id":"https:\/\/www.mediaplateforme.com\/fr\/produit-de-lannee-2023-kenz-couronne-pour-son-couscous-et-ses-pates-alimentaires\/#breadcrumb"},"inLanguage":"fr-FR","potentialAction":[{"@type":"ReadAction","target":["https:\/\/www.mediaplateforme.com\/fr\/produit-de-lannee-2023-kenz-couronne-pour-son-couscous-et-ses-pates-alimentaires\/"]}]},{"@type":"BreadcrumbList","@id":"https:\/\/www.mediaplateforme.com\/fr\/produit-de-lannee-2023-kenz-couronne-pour-son-couscous-et-ses-pates-alimentaires\/#breadcrumb","itemListElement":[{"@type":"ListItem","position":1,"name":"\u0627\u0644\u0631\u0626\u064a\u0633\u064a\u0629","item":"https:\/\/www.mediaplateforme.com\/fr\/"},{"@type":"ListItem","position":2,"name":"Produit de l\u2019ann\u00e9e 2023 : Kenz couronn\u00e9 pour son couscous et ses p\u00e2tes alimentaires"}]},{"@type":"WebSite","@id":"https:\/\/www.mediaplateforme.com\/fr\/#website","url":"https:\/\/www.mediaplateforme.com\/fr\/","name":"MEDIA PLATEFORME | FR","description":"Mediaplateforme sp\u00e9cialis\u00e9 dans la communication institutions publiques et des entreprises","potentialAction":[{"@type":"SearchAction","target":{"@type":"EntryPoint","urlTemplate":"https:\/\/www.mediaplateforme.com\/fr\/?s={search_term_string}"},"query-input":"required name=search_term_string"}],"inLanguage":"fr-FR"},{"@type":"Person","@id":"https:\/\/www.mediaplateforme.com\/fr\/#\/schema\/person\/89833db382b5db2c76b094bc902aa12a","name":"Mediaplateforme","image":{"@type":"ImageObject","inLanguage":"fr-FR","@id":"https:\/\/www.mediaplateforme.com\/fr\/#\/schema\/person\/image\/","url":"https:\/\/secure.gravatar.com\/avatar\/6c9c02e8928cc65d54bf75157f7b3a2d06d7ad0494ca0951f679552ff03b34c1?s=96&d=mm&r=g","contentUrl":"https:\/\/secure.gravatar.com\/avatar\/6c9c02e8928cc65d54bf75157f7b3a2d06d7ad0494ca0951f679552ff03b34c1?s=96&d=mm&r=g","caption":"Mediaplateforme"},"sameAs":["https:\/\/www.mediaplateforme.com"],"url":"https:\/\/www.mediaplateforme.com\/fr\/author\/mohamedladib\/"}]}},"_links":{"self":[{"href":"https:\/\/www.mediaplateforme.com\/fr\/wp-json\/wp\/v2\/posts\/3119","targetHints":{"allow":["GET"]}}],"collection":[{"href":"https:\/\/www.mediaplateforme.com\/fr\/wp-json\/wp\/v2\/posts"}],"about":[{"href":"https:\/\/www.mediaplateforme.com\/fr\/wp-json\/wp\/v2\/types\/post"}],"author":[{"embeddable":true,"href":"https:\/\/www.mediaplateforme.com\/fr\/wp-json\/wp\/v2\/users\/1"}],"replies":[{"embeddable":true,"href":"https:\/\/www.mediaplateforme.com\/fr\/wp-json\/wp\/v2\/comments?post=3119"}],"version-history":[{"count":3,"href":"https:\/\/www.mediaplateforme.com\/fr\/wp-json\/wp\/v2\/posts\/3119\/revisions"}],"predecessor-version":[{"id":3124,"href":"https:\/\/www.mediaplateforme.com\/fr\/wp-json\/wp\/v2\/posts\/3119\/revisions\/3124"}],"wp:featuredmedia":[{"embeddable":true,"href":"https:\/\/www.mediaplateforme.com\/fr\/wp-json\/wp\/v2\/media\/3120"}],"wp:attachment":[{"href":"https:\/\/www.mediaplateforme.com\/fr\/wp-json\/wp\/v2\/media?parent=3119"}],"wp:term":[{"taxonomy":"category","embeddable":true,"href":"https:\/\/www.mediaplateforme.com\/fr\/wp-json\/wp\/v2\/categories?post=3119"},{"taxonomy":"post_tag","embeddable":true,"href":"https:\/\/www.mediaplateforme.com\/fr\/wp-json\/wp\/v2\/tags?post=3119"}],"curies":[{"name":"wp","href":"https:\/\/api.w.org\/{rel}","templated":true}]}}