{"id":3108,"date":"2023-05-31T10:56:50","date_gmt":"2023-05-31T09:56:50","guid":{"rendered":"https:\/\/www.mediaplateforme.com\/fr\/?p=3108"},"modified":"2023-05-31T10:56:50","modified_gmt":"2023-05-31T09:56:50","slug":"hp-optimise-le-travail-hybride-et-presente-ses-solutions-a-loccasion-du-gitex-africa","status":"publish","type":"post","link":"https:\/\/www.mediaplateforme.com\/fr\/hp-optimise-le-travail-hybride-et-presente-ses-solutions-a-loccasion-du-gitex-africa\/","title":{"rendered":"HP optimise le travail hybride et pr\u00e9sente ses solutions \u00e0 l\u2019occasion du GITEX Africa"},"content":{"rendered":"<p>HP Inc (NYSE : HPQ) se joint \u00e0 l&rsquo;\u00e9dition inaugurale de <a href=\"https:\/\/www.gitexafrica.com\/\">GITEX Africa<\/a> et pr\u00e9sente sa gamme compl\u00e8te de produits et de services con\u00e7us pour s\u2019adapter au travail hybride, que l\u2019utilisateur travaille au bureau, \u00e0 la maison ou en d\u00e9placement.\u00a0 L&rsquo;exposition par HP d&rsquo;un ensemble complet de solutions innovantes lors du GITEX Africa qui se tiendra du 31 mai au 2 juin, \u00e0 Marrakech au Maroc.<\/p>\n<p>GITEX Africa &#8211; le plus grand \u00e9v\u00e9nement technologique du continent r\u00e9unit toutes les communaut\u00e9s de l&rsquo;\u00e9cosyst\u00e8me et de l&rsquo;innovation en Afrique. Au plus pr\u00e8s de ces partenaires locaux, HP participe \u00e0 l\u2019\u00e9v\u00e8nement pour confirmer sa volont\u00e9 de participer au d\u00e9veloppement du continent africain au travers de solutions respectueuses de l\u2019environnement, inclusives et bas\u00e9es sur l\u2019innovation technologique.<\/p>\n<p>\u00ab <em>HP a toujours accord\u00e9 une attention particuli\u00e8re \u00e0 l\u2019Afrique et pr\u00e9voit de renforcer ses investissements. \u00a0Nous sommes convaincus qu\u2019il est n\u00e9cessaire de soutenir nos clients et nos partenaires pour qu\u2019ils soient plus comp\u00e9titifs, plus productifs et plus efficaces, particuli\u00e8rement en cette p\u00e9riode de mutations des modes de travail. Les modes de travail ont compl\u00e8tement chang\u00e9 au cours des deux derni\u00e8res ann\u00e9es, et nous sommes entr\u00e9s dans une nouvelle \u00e8re o\u00f9 les fronti\u00e8res entre travail au bureau et \u00e0 domicile sont d\u00e9sormais floues. Notre portefeuille de produits et de services a \u00e9volu\u00e9 en r\u00e9ponse \u00e0 ces \u00e9volutions et en particulier dans les pays o\u00f9 les infrastructures et la connexion sont limit\u00e9es.<\/em> \u00bb, d\u00e9clare Ertug Ayik, Directeur g\u00e9n\u00e9ral de HP pour le Moyen-Orient et l&rsquo;Afrique.<\/p>\n<p>\u00ab <em>Notre action en Afrique a toujours eu pour objectif de promouvoir l&rsquo;\u00e9quit\u00e9 et l&rsquo;\u00e9ducation num\u00e9rique et de supprimer les obstacles au d\u00e9veloppement des entreprises par le biais de l&rsquo;innovation technologique. GITEX Africa partage tous ces objectifs, ce qui rend notre participation \u00e0 ce sommet technologique r\u00e9put\u00e9, encore plus pertinente. <\/em>\u00bb, d\u00e9clare Salah Ouardi, Directeur g\u00e9n\u00e9ral de HP pour l&rsquo;Afrique du Nord-Ouest.<\/p>\n<h4><strong>Travailler efficacement, partout et \u00e0 tout moment <\/strong><\/h4>\n<p>Le passage au travail flexible et \u00e0 partir de diff\u00e9rents lieux a acc\u00e9l\u00e9r\u00e9 la n\u00e9cessit\u00e9 pour les organisations d&rsquo;\u00e9tendre leurs capacit\u00e9s de r\u00e9seau informatique et de s\u00e9curit\u00e9. La gamme Future Ready de HP vise \u00e0 renforcer la collaboration et la productivit\u00e9 gr\u00e2ce \u00e0 des PC, des stations de travail, des p\u00e9riph\u00e9riques et des services qui offrent des exp\u00e9riences de qualit\u00e9, peu importe o\u00f9 l&rsquo;on se trouve, ouvrant ainsi la voie \u00e0 la nouvelle \u00e8re du travail hybride.<\/p>\n<p>&nbsp;<\/p>\n<p>Identifier et d\u00e9ployer la bonne solution de collaboration pour garantir la meilleure exp\u00e9rience reste une pr\u00e9occupation majeure, comme le montrent les conclusions du <a href=\"https:\/\/press.hp.com\/content\/dam\/sites\/garage-press\/press\/press-kits\/2023\/amplify-partner-conference\/HP%20Wolf%20Hybrid%20ITDM%20Report.pdf\">rapport 2023 HP Wolf Security Hybrid.<\/a> Ceci est en outre \u00e9tay\u00e9 par les conclusions de <u>l&rsquo;Hybrid Work Global Insights de HP<sup>i<\/sup><\/u>, qui a montr\u00e9 que, m\u00eame si seulement 22 % des travailleurs se consid\u00e8rent comme \u00ab\u00a0\u00e9panouis\u00a0\u00bb dans un environnement de\u00a0 travail hybride, 90 % d&rsquo;entre eux indiquent que des \u00e9quipements technologiques adapt\u00e9s sont essentiels pour travailler dans de bonnes conditions. Ces r\u00e9sultats confirment l&rsquo;id\u00e9e que chaque organisation doit d\u00e9passer les potentielles difficult\u00e9s li\u00e9es au travail hybride et s\u2019appuyer sur les innovations qui permettent de s\u2019adapter \u00e0 ces nouveaux modes de travail.<\/p>\n<p>&nbsp;<\/p>\n<h4><strong>Surmonter les obstacles de la gestion \u00e0 distance des PC avec HP Wolf Connect <\/strong><\/h4>\n<p>HP Wolf Protect and Trace avec <a href=\"https:\/\/www.hp.com\/us-en\/security\/endpoint-security-solutions.html\">HP Wolf Connect<\/a> est le premier service logiciel au monde capable de localiser, verrouiller et effacer un PC \u00e0 distance, m\u00eame lorsqu&rsquo;il est \u00e9teint ou d\u00e9connect\u00e9 d&rsquo;Internet. Ce savoir-faire prot\u00e8ge non seulement les donn\u00e9es sensibles en d\u00e9placement mais contribue \u00e9galement \u00e0 r\u00e9duire les co\u00fbts IT &#8211; en diminuant le besoin de rem\u00e9diation ou de remplacement des PC.<\/p>\n<h4><strong>Des solutions d&rsquo;impression con\u00e7ues pour le bureau hybride<\/strong><\/h4>\n<p>Les solutions d&rsquo;impression haute performance de HP ont \u00e9t\u00e9 d\u00e9velopp\u00e9es pour optimiser la productivit\u00e9 des entreprises de toute taille et minimiser les d\u00e9sagr\u00e9ments li\u00e9s aux environnements de travail hybrides. Les toutes nouvelles i<a href=\"https:\/\/www.hp.com\/us-en\/printers\/laserjet-printers.html\">mprimantes de la s\u00e9rie HP Color LaserJet<\/a> sont aliment\u00e9es par le toner de nouvelle g\u00e9n\u00e9ration de HP, qui offre jusqu&rsquo;\u00e0 27 %<sup>3<\/sup> de consommation d&rsquo;\u00e9nergie en moins, et jusqu&rsquo;\u00e0 78 %<sup>4<\/sup> de plastique en moins dans l&#8217;emballage.<\/p>\n<p>La prochaine g\u00e9n\u00e9ration d&rsquo;imprimantes rechargeables, les <a href=\"https:\/\/www.hp.com\/us-en\/printers\/smart-tank.html?jumpid=va_yh7s2bvekx\">imprimantes HP Smart Tank<\/a> offrent une exp\u00e9rience utilisateur am\u00e9lior\u00e9e avec une configuration intuitive et transparente, des fonctionnalit\u00e9s intelligentes et une meilleure connectivit\u00e9 &#8211; y compris le Wi-Fi avec reconnexion automatique et la mobilit\u00e9 avec <a href=\"https:\/\/www.hpsmart.com\/us\/en\">Smart App<\/a>. Fabriqu\u00e9s \u00e0 partir de jusqu&rsquo;\u00e0 25 %<sup>5<\/sup> de plastiques recycl\u00e9s et dot\u00e9s d&rsquo;un syst\u00e8me de recharge d&rsquo;encre qui propose plus d&rsquo;impressions avec moins de d\u00e9chets, les imprimantes HP Smart Tank constituent une option id\u00e9ale pour les besoins d&rsquo;impression \u00e0 grand volume, sans compromis sur la responsabilit\u00e9 environnementale.<\/p>\n<h4><strong>Solutions HP Workforce\u00a0: pour la croissance de l&rsquo;entreprise et l&rsquo;autonomisation des \u00e9quipes <\/strong><\/h4>\n<p><strong>\u00a0<\/strong><\/p>\n<p>Le travail hybride repr\u00e9sente une transition majeure pour les organisations mais aussi un des plus grands d\u00e9fis commerciaux de la d\u00e9cennie. Les DSI subissent une pression hors norme pour assurer la transition num\u00e9rique des entreprises et revoir leurs processus tout en veillant, \u00e0 ce que leurs employ\u00e9s soient productifs. Ils doivent offrir une exp\u00e9rience num\u00e9rique optimales \u00e0 tous les collaborateurs, sans compromettre la s\u00e9curit\u00e9, tout en leur offrant une flexibilit\u00e9 \u00e0 mesure que les besoins de leur entreprise \u00e9voluent. Avec des offres telles que <a href=\"https:\/\/www.hp.com\/us-en\/services\/active-care.html\">HP Active Care<\/a> et <a href=\"https:\/\/www.hp.com\/us-en\/services\/proactive-insights.html\">HP Proactive Insights<\/a>, les solutions HP Workforce permettent aux clients de HP de transformer leur fa\u00e7on de travailler.<\/p>\n<p>&nbsp;<\/p>\n<p>Avec une exp\u00e9rience riche de 80 ans, HP d\u00e9veloppe des \u00e9quipements adapt\u00e9s aux \u00e9volutions du travail. Il s&rsquo;agit d&rsquo;offrir une exp\u00e9rience fluide pour les personnes en pr\u00e9sentiel et en distanciel. Depuis leur regroupement, HP et Poly proposent aujourd&rsquo;hui l&rsquo;ensemble des \u00e9quipements professionnels pour la vid\u00e9oconf\u00e9rence et le travail hybride le plus complet.<\/p>\n<p>&nbsp;<\/p>\n<p>HP pr\u00e9sente une gamme de nouvelles offres innovantes con\u00e7ues pour permettre aux clients de r\u00e9ussir, \u00e0 l\u2019\u00e8re du travail hybride au<strong> stand 1C-10 du Hall 1 au GITEX Africa 2023.<\/strong><\/p>\n<h4><strong>\u00c0 propos de HP <\/strong><\/h4>\n<p>HP Inc. est une entreprise technologique convaincue qu\u2019une simple id\u00e9e a le pouvoir de changer le monde. Au travers de son offre de produits et de services, compos\u00e9e de syst\u00e8mes personnels, d\u2019imprimantes et de solutions d\u2019impression 3D, HP contribue \u00e0 concr\u00e9tiser ces id\u00e9es et \u00e0 leur donner vie. <a href=\"https:\/\/www.hp.com\/\">http:\/\/www.hp.com.<\/a><\/p>\n","protected":false},"excerpt":{"rendered":"<p>HP Inc (NYSE : HPQ) se joint \u00e0 l&rsquo;\u00e9dition inaugurale de GITEX Africa et pr\u00e9sente<\/p>\n","protected":false},"author":1,"featured_media":3109,"comment_status":"open","ping_status":"open","sticky":false,"template":"","format":"standard","meta":{"_acf_changed":false,"footnotes":""},"categories":[5,3],"tags":[925,931],"class_list":["post-3108","post","type-post","status-publish","format-standard","has-post-thumbnail","hentry","category-tech","category-nouvelles-selectionnees","tag-gitex-africa","tag-hp"],"acf":[],"yoast_head":"<!-- This site is optimized with the Yoast SEO plugin v22.0 - https:\/\/yoast.com\/wordpress\/plugins\/seo\/ -->\n<title>HP optimise le travail hybride et pr\u00e9sente ses solutions \u00e0 l\u2019occasion du GITEX Africa - MEDIA PLATEFORME | FR<\/title>\n<meta name=\"description\" content=\"HP Inc (NYSE : HPQ) se joint \u00e0 l&#039;\u00e9dition inaugurale de GITEX Africa et pr\u00e9sente sa gamme compl\u00e8te de produits et de services con\u00e7us pour\" \/>\n<meta name=\"robots\" content=\"index, follow, max-snippet:-1, max-image-preview:large, max-video-preview:-1\" \/>\n<link rel=\"canonical\" href=\"https:\/\/www.mediaplateforme.com\/fr\/hp-optimise-le-travail-hybride-et-presente-ses-solutions-a-loccasion-du-gitex-africa\/\" \/>\n<meta property=\"og:locale\" content=\"fr_FR\" \/>\n<meta property=\"og:type\" content=\"article\" \/>\n<meta property=\"og:title\" content=\"HP optimise le travail hybride et pr\u00e9sente ses solutions \u00e0 l\u2019occasion du GITEX Africa - MEDIA PLATEFORME | FR\" \/>\n<meta property=\"og:description\" content=\"HP Inc (NYSE : HPQ) se joint \u00e0 l&#039;\u00e9dition inaugurale de GITEX Africa et pr\u00e9sente sa gamme compl\u00e8te de produits et de services con\u00e7us pour\" \/>\n<meta property=\"og:url\" content=\"https:\/\/www.mediaplateforme.com\/fr\/hp-optimise-le-travail-hybride-et-presente-ses-solutions-a-loccasion-du-gitex-africa\/\" \/>\n<meta property=\"og:site_name\" content=\"MEDIA PLATEFORME | FR\" \/>\n<meta property=\"article:published_time\" content=\"2023-05-31T09:56:50+00:00\" \/>\n<meta property=\"og:image\" content=\"https:\/\/www.mediaplateforme.com\/fr\/wp-content\/uploads\/sites\/5\/2023\/05\/HP-scaled.jpg\" \/>\n\t<meta property=\"og:image:width\" content=\"2560\" \/>\n\t<meta property=\"og:image:height\" content=\"1440\" \/>\n\t<meta property=\"og:image:type\" content=\"image\/jpeg\" \/>\n<meta name=\"author\" content=\"Mediaplateforme\" \/>\n<meta name=\"twitter:card\" content=\"summary_large_image\" \/>\n<meta name=\"twitter:label1\" content=\"\u00c9crit par\" \/>\n\t<meta name=\"twitter:data1\" content=\"Mediaplateforme\" \/>\n\t<meta name=\"twitter:label2\" content=\"Dur\u00e9e de lecture estim\u00e9e\" \/>\n\t<meta name=\"twitter:data2\" content=\"6 minutes\" \/>\n<script type=\"application\/ld+json\" class=\"yoast-schema-graph\">{\"@context\":\"https:\/\/schema.org\",\"@graph\":[{\"@type\":\"WebPage\",\"@id\":\"https:\/\/www.mediaplateforme.com\/fr\/hp-optimise-le-travail-hybride-et-presente-ses-solutions-a-loccasion-du-gitex-africa\/\",\"url\":\"https:\/\/www.mediaplateforme.com\/fr\/hp-optimise-le-travail-hybride-et-presente-ses-solutions-a-loccasion-du-gitex-africa\/\",\"name\":\"HP optimise le travail hybride et pr\u00e9sente ses solutions \u00e0 l\u2019occasion du GITEX Africa - MEDIA PLATEFORME | FR\",\"isPartOf\":{\"@id\":\"https:\/\/www.mediaplateforme.com\/fr\/#website\"},\"datePublished\":\"2023-05-31T09:56:50+00:00\",\"dateModified\":\"2023-05-31T09:56:50+00:00\",\"author\":{\"@id\":\"https:\/\/www.mediaplateforme.com\/fr\/#\/schema\/person\/89833db382b5db2c76b094bc902aa12a\"},\"description\":\"HP Inc (NYSE : HPQ) se joint \u00e0 l'\u00e9dition inaugurale de GITEX Africa et pr\u00e9sente sa gamme compl\u00e8te de produits et de services con\u00e7us pour\",\"breadcrumb\":{\"@id\":\"https:\/\/www.mediaplateforme.com\/fr\/hp-optimise-le-travail-hybride-et-presente-ses-solutions-a-loccasion-du-gitex-africa\/#breadcrumb\"},\"inLanguage\":\"fr-FR\",\"potentialAction\":[{\"@type\":\"ReadAction\",\"target\":[\"https:\/\/www.mediaplateforme.com\/fr\/hp-optimise-le-travail-hybride-et-presente-ses-solutions-a-loccasion-du-gitex-africa\/\"]}]},{\"@type\":\"BreadcrumbList\",\"@id\":\"https:\/\/www.mediaplateforme.com\/fr\/hp-optimise-le-travail-hybride-et-presente-ses-solutions-a-loccasion-du-gitex-africa\/#breadcrumb\",\"itemListElement\":[{\"@type\":\"ListItem\",\"position\":1,\"name\":\"\u0627\u0644\u0631\u0626\u064a\u0633\u064a\u0629\",\"item\":\"https:\/\/www.mediaplateforme.com\/fr\/\"},{\"@type\":\"ListItem\",\"position\":2,\"name\":\"HP optimise le travail hybride et pr\u00e9sente ses solutions \u00e0 l\u2019occasion du GITEX Africa\"}]},{\"@type\":\"WebSite\",\"@id\":\"https:\/\/www.mediaplateforme.com\/fr\/#website\",\"url\":\"https:\/\/www.mediaplateforme.com\/fr\/\",\"name\":\"MEDIA PLATEFORME | FR\",\"description\":\"Mediaplateforme sp\u00e9cialis\u00e9 dans la communication institutions publiques et des entreprises\",\"potentialAction\":[{\"@type\":\"SearchAction\",\"target\":{\"@type\":\"EntryPoint\",\"urlTemplate\":\"https:\/\/www.mediaplateforme.com\/fr\/?s={search_term_string}\"},\"query-input\":\"required name=search_term_string\"}],\"inLanguage\":\"fr-FR\"},{\"@type\":\"Person\",\"@id\":\"https:\/\/www.mediaplateforme.com\/fr\/#\/schema\/person\/89833db382b5db2c76b094bc902aa12a\",\"name\":\"Mediaplateforme\",\"image\":{\"@type\":\"ImageObject\",\"inLanguage\":\"fr-FR\",\"@id\":\"https:\/\/www.mediaplateforme.com\/fr\/#\/schema\/person\/image\/\",\"url\":\"https:\/\/secure.gravatar.com\/avatar\/6c9c02e8928cc65d54bf75157f7b3a2d06d7ad0494ca0951f679552ff03b34c1?s=96&d=mm&r=g\",\"contentUrl\":\"https:\/\/secure.gravatar.com\/avatar\/6c9c02e8928cc65d54bf75157f7b3a2d06d7ad0494ca0951f679552ff03b34c1?s=96&d=mm&r=g\",\"caption\":\"Mediaplateforme\"},\"sameAs\":[\"https:\/\/www.mediaplateforme.com\"],\"url\":\"https:\/\/www.mediaplateforme.com\/fr\/author\/mohamedladib\/\"}]}<\/script>\n<!-- \/ Yoast SEO plugin. -->","yoast_head_json":{"title":"HP optimise le travail hybride et pr\u00e9sente ses solutions \u00e0 l\u2019occasion du GITEX Africa - MEDIA PLATEFORME | FR","description":"HP Inc (NYSE : HPQ) se joint \u00e0 l'\u00e9dition inaugurale de GITEX Africa et pr\u00e9sente sa gamme compl\u00e8te de produits et de services con\u00e7us pour","robots":{"index":"index","follow":"follow","max-snippet":"max-snippet:-1","max-image-preview":"max-image-preview:large","max-video-preview":"max-video-preview:-1"},"canonical":"https:\/\/www.mediaplateforme.com\/fr\/hp-optimise-le-travail-hybride-et-presente-ses-solutions-a-loccasion-du-gitex-africa\/","og_locale":"fr_FR","og_type":"article","og_title":"HP optimise le travail hybride et pr\u00e9sente ses solutions \u00e0 l\u2019occasion du GITEX Africa - MEDIA PLATEFORME | FR","og_description":"HP Inc (NYSE : HPQ) se joint \u00e0 l'\u00e9dition inaugurale de GITEX Africa et pr\u00e9sente sa gamme compl\u00e8te de produits et de services con\u00e7us pour","og_url":"https:\/\/www.mediaplateforme.com\/fr\/hp-optimise-le-travail-hybride-et-presente-ses-solutions-a-loccasion-du-gitex-africa\/","og_site_name":"MEDIA PLATEFORME | FR","article_published_time":"2023-05-31T09:56:50+00:00","og_image":[{"width":2560,"height":1440,"url":"https:\/\/www.mediaplateforme.com\/fr\/wp-content\/uploads\/sites\/5\/2023\/05\/HP-scaled.jpg","type":"image\/jpeg"}],"author":"Mediaplateforme","twitter_card":"summary_large_image","twitter_misc":{"\u00c9crit par":"Mediaplateforme","Dur\u00e9e de lecture estim\u00e9e":"6 minutes"},"schema":{"@context":"https:\/\/schema.org","@graph":[{"@type":"WebPage","@id":"https:\/\/www.mediaplateforme.com\/fr\/hp-optimise-le-travail-hybride-et-presente-ses-solutions-a-loccasion-du-gitex-africa\/","url":"https:\/\/www.mediaplateforme.com\/fr\/hp-optimise-le-travail-hybride-et-presente-ses-solutions-a-loccasion-du-gitex-africa\/","name":"HP optimise le travail hybride et pr\u00e9sente ses solutions \u00e0 l\u2019occasion du GITEX Africa - MEDIA PLATEFORME | FR","isPartOf":{"@id":"https:\/\/www.mediaplateforme.com\/fr\/#website"},"datePublished":"2023-05-31T09:56:50+00:00","dateModified":"2023-05-31T09:56:50+00:00","author":{"@id":"https:\/\/www.mediaplateforme.com\/fr\/#\/schema\/person\/89833db382b5db2c76b094bc902aa12a"},"description":"HP Inc (NYSE : HPQ) se joint \u00e0 l'\u00e9dition inaugurale de GITEX Africa et pr\u00e9sente sa gamme compl\u00e8te de produits et de services con\u00e7us pour","breadcrumb":{"@id":"https:\/\/www.mediaplateforme.com\/fr\/hp-optimise-le-travail-hybride-et-presente-ses-solutions-a-loccasion-du-gitex-africa\/#breadcrumb"},"inLanguage":"fr-FR","potentialAction":[{"@type":"ReadAction","target":["https:\/\/www.mediaplateforme.com\/fr\/hp-optimise-le-travail-hybride-et-presente-ses-solutions-a-loccasion-du-gitex-africa\/"]}]},{"@type":"BreadcrumbList","@id":"https:\/\/www.mediaplateforme.com\/fr\/hp-optimise-le-travail-hybride-et-presente-ses-solutions-a-loccasion-du-gitex-africa\/#breadcrumb","itemListElement":[{"@type":"ListItem","position":1,"name":"\u0627\u0644\u0631\u0626\u064a\u0633\u064a\u0629","item":"https:\/\/www.mediaplateforme.com\/fr\/"},{"@type":"ListItem","position":2,"name":"HP optimise le travail hybride et pr\u00e9sente ses solutions \u00e0 l\u2019occasion du GITEX Africa"}]},{"@type":"WebSite","@id":"https:\/\/www.mediaplateforme.com\/fr\/#website","url":"https:\/\/www.mediaplateforme.com\/fr\/","name":"MEDIA PLATEFORME | FR","description":"Mediaplateforme sp\u00e9cialis\u00e9 dans la communication institutions publiques et des entreprises","potentialAction":[{"@type":"SearchAction","target":{"@type":"EntryPoint","urlTemplate":"https:\/\/www.mediaplateforme.com\/fr\/?s={search_term_string}"},"query-input":"required name=search_term_string"}],"inLanguage":"fr-FR"},{"@type":"Person","@id":"https:\/\/www.mediaplateforme.com\/fr\/#\/schema\/person\/89833db382b5db2c76b094bc902aa12a","name":"Mediaplateforme","image":{"@type":"ImageObject","inLanguage":"fr-FR","@id":"https:\/\/www.mediaplateforme.com\/fr\/#\/schema\/person\/image\/","url":"https:\/\/secure.gravatar.com\/avatar\/6c9c02e8928cc65d54bf75157f7b3a2d06d7ad0494ca0951f679552ff03b34c1?s=96&d=mm&r=g","contentUrl":"https:\/\/secure.gravatar.com\/avatar\/6c9c02e8928cc65d54bf75157f7b3a2d06d7ad0494ca0951f679552ff03b34c1?s=96&d=mm&r=g","caption":"Mediaplateforme"},"sameAs":["https:\/\/www.mediaplateforme.com"],"url":"https:\/\/www.mediaplateforme.com\/fr\/author\/mohamedladib\/"}]}},"_links":{"self":[{"href":"https:\/\/www.mediaplateforme.com\/fr\/wp-json\/wp\/v2\/posts\/3108","targetHints":{"allow":["GET"]}}],"collection":[{"href":"https:\/\/www.mediaplateforme.com\/fr\/wp-json\/wp\/v2\/posts"}],"about":[{"href":"https:\/\/www.mediaplateforme.com\/fr\/wp-json\/wp\/v2\/types\/post"}],"author":[{"embeddable":true,"href":"https:\/\/www.mediaplateforme.com\/fr\/wp-json\/wp\/v2\/users\/1"}],"replies":[{"embeddable":true,"href":"https:\/\/www.mediaplateforme.com\/fr\/wp-json\/wp\/v2\/comments?post=3108"}],"version-history":[{"count":1,"href":"https:\/\/www.mediaplateforme.com\/fr\/wp-json\/wp\/v2\/posts\/3108\/revisions"}],"predecessor-version":[{"id":3110,"href":"https:\/\/www.mediaplateforme.com\/fr\/wp-json\/wp\/v2\/posts\/3108\/revisions\/3110"}],"wp:featuredmedia":[{"embeddable":true,"href":"https:\/\/www.mediaplateforme.com\/fr\/wp-json\/wp\/v2\/media\/3109"}],"wp:attachment":[{"href":"https:\/\/www.mediaplateforme.com\/fr\/wp-json\/wp\/v2\/media?parent=3108"}],"wp:term":[{"taxonomy":"category","embeddable":true,"href":"https:\/\/www.mediaplateforme.com\/fr\/wp-json\/wp\/v2\/categories?post=3108"},{"taxonomy":"post_tag","embeddable":true,"href":"https:\/\/www.mediaplateforme.com\/fr\/wp-json\/wp\/v2\/tags?post=3108"}],"curies":[{"name":"wp","href":"https:\/\/api.w.org\/{rel}","templated":true}]}}