{"id":3085,"date":"2023-05-30T14:10:57","date_gmt":"2023-05-30T13:10:57","guid":{"rendered":"https:\/\/www.mediaplateforme.com\/fr\/?p=3085"},"modified":"2023-05-30T14:10:57","modified_gmt":"2023-05-30T13:10:57","slug":"huawei-rappelle-son-engagement-pour-liberer-le-potentiel-numerique-de-lafrique","status":"publish","type":"post","link":"https:\/\/www.mediaplateforme.com\/fr\/huawei-rappelle-son-engagement-pour-liberer-le-potentiel-numerique-de-lafrique\/","title":{"rendered":"Huawei rappelle son engagement pour lib\u00e9rer le potentiel num\u00e9rique de l\u2019Afrique"},"content":{"rendered":"<p><strong>La premi\u00e8re \u00e9dition du GITEX Africa ouvrira ses portes dans la ville de Marrakech, au Maroc, du 31 mai au 2 juin 2023. Lieu de rencontres phare, le plus grand salon d\u00e9di\u00e9 \u00e0 la technologie et aux start-ups d\u2019Afrique s\u2019est fix\u00e9 comme mission de renforcer la coop\u00e9ration et les partenariats en mati\u00e8re de transformation digitale sur le continent et ainsi fa\u00e7onner la vision d\u2019une \u00e9conomie num\u00e9rique plus connect\u00e9e, inclusive et durable. Parmi les acteurs cl\u00e9s pr\u00e9sents \u00e0 ce rendez-vous, Huawei, en tant que partenaire Platinum, r\u00e9affirme son engagement \u00e0 lib\u00e9rer le potentiel du num\u00e9rique afin de guider l\u2019Afrique vers de nouveaux horizons encore plus prometteurs.<\/strong><\/p>\n<p>&nbsp;<\/p>\n<p>Sont attendus \u00e0 ce sommet plus de 30 d\u00e9l\u00e9gations gouvernementales, 250 conf\u00e9renciers, quelque 250 investisseurs mondiaux et 900 entreprises et start-ups qui exposeront leurs innovations. Au cours de ces trois journ\u00e9es, l\u2019ensemble des acteurs pr\u00e9sents s\u2019exprimeront et \u00e9changeront sur les opportunit\u00e9s et le potentiel illimit\u00e9 offerts par les nouvelles technologies, mais \u00e9galement sur les d\u00e9fis li\u00e9s \u00e0 la transformation num\u00e9rique en Afrique, parmi lesquels la connectivit\u00e9, la fracture num\u00e9rique ou encore la r\u00e9glementation. L\u2019\u00e9v\u00e9nement proposera \u00e9galement tout un programme de conf\u00e9rences inspirantes sur des sujets tels que l\u2019intelligence artificielle, le d\u00e9veloppement durable, l\u2019acc\u00e8s \u00e0 l\u2019\u00e9nergie ou encore la cybers\u00e9curit\u00e9.<\/p>\n<p>&nbsp;<\/p>\n<p>Chez Huawei, de nombreux experts partageront leurs expertises et leurs perspectives sur le r\u00f4le que peuvent et doivent jouer les nouvelles technologies dans le futur de l\u2019Afrique. Ainsi, <strong>Tonny Bao, Vice-Pr\u00e9sident de Huawei<\/strong>, prononcera un discours le 31 mai intitul\u00e9 \u00ab\u00a0<em>Lib\u00e9rez le potentiel du num\u00e9rique pour une nouvelle Afrique<\/em>\u00a0\u00bb. Ce m\u00eame jour, <strong>Youssef Ait Kaddour, Chief Cybersecurity &amp; Privacy Officer chez Huawei Maroc<\/strong>, abordera l\u2019importance de red\u00e9finir le r\u00f4le des Responsables de la s\u00e9curit\u00e9 des syst\u00e8mes d\u2019information, dans un contexte o\u00f9 les technologies disruptives telles que le cloud computing et l\u2019IA poussent les entreprises \u00e0 se d\u00e9marquer. Quant \u00e0 <strong>Charlly Li, Vice-Pr\u00e9sident Cloud Ecosystem &amp; Partner Development chez Huawei Northern<\/strong> <strong>Africa<\/strong>, celui-ci reviendra sur le Huawei Cloud Start-Up Program d\u00e9ploy\u00e9 dans plusieurs pays sur le continent afin d\u2019accompagner et de soutenir les projets de jeunes entrepreneurs gr\u00e2ce \u00e0 la mobilisation de ressources humaines et technologiques.<\/p>\n<p>&nbsp;<\/p>\n<p>Par ailleurs, afin de renforcer les liens avec ses partenaires, Huawei organisera deux \u00e9v\u00e9nements d\u2019envergure, le \u00ab\u00a0Northern Africa Partners Conference 2023\u00a0\u00bb et le \u00ab\u00a0Huawei Cloud Northern Africa Partners\u00a0\u00bb. Tous deux se tiendront le jeudi 1<sup>er<\/sup> juin.<\/p>\n<p>&nbsp;<\/p>\n<p>Enfin, lors du GITEX Africa, l\u2019entreprise lancera \u00e9galement de nouveaux produits et solutions. L\u2019\u00e9v\u00e9nement verra \u00e9galement la signature d\u2019un Memorandum of Understanding avec le minist\u00e8re des Postes, des T\u00e9l\u00e9communications et de l\u2019\u00c9conomie Num\u00e9rique de Guin\u00e9e Conakry et Huawei.<\/p>\n<p>&nbsp;<\/p>\n<p>Un d\u00eener de gala sera \u00e9galement organis\u00e9 le mercredi 31 mai en pr\u00e9sence de <strong>Terry He, Pr\u00e9sident de Huawei Northern Africa<\/strong>, et de <strong>Colin Hu, Pr\u00e9sident Entreprise &amp; Cloud de <a href=\"https:\/\/www.mediaplateforme.com\/fr\/21041351-2metaerp\/\">Huawei Northern Africa<\/a><\/strong>. Ces derniers s\u2019exprimeront tout particuli\u00e8rement sur la strat\u00e9gie de Huawei en Afrique pour l\u2019ann\u00e9e 2023. Ce d\u00eener comptera \u00e9galement sur la pr\u00e9sence de participants \u00e9minents, parmi lesquels des repr\u00e9sentants du minist\u00e8re des Transports de la R\u00e9publique de C\u00f4te d\u2019Ivoire, de NAS Egypte, de Smart Africa, de l\u2019Agence de D\u00e9veloppement du Digital (ADD) du Maroc et de l\u2019op\u00e9rateur Ethio Telecom.<\/p>\n<p>&nbsp;<\/p>\n<p>Faire du continent africain le centre de l\u2019excellence num\u00e9rique ainsi qu\u2019une terre d\u2019opportunit\u00e9s et d\u2019investissements, telle est ainsi la mission de ce rendez-vous ampleur, mais \u00e9galement l\u2019ambition partag\u00e9e par Huawei. En participant \u00e0 la premi\u00e8re \u00e9dition du GITEX Africa, l\u2019entreprise veut ainsi promouvoir l\u2019Afrique comme continent technologique comp\u00e9titif sur la sc\u00e8ne internationale et mettre en avant les comp\u00e9tences africaines dans le secteur du num\u00e9rique.<\/p>\n<p><strong>\u00a0<\/strong><\/p>\n<p>&nbsp;<\/p>\n<h4><strong><em>A propos de Huawei<\/em><\/strong><\/h4>\n<p><strong>\u00a0<\/strong><\/p>\n<p>Huawei est l\u2019un des principaux fournisseurs mondiaux d\u2019infrastructures de technologies de l\u2019information et de la communication (TIC) et d\u2019appareils intelligents. Gr\u00e2ce \u00e0 des solutions int\u00e9gr\u00e9es dans quatre domaines cl\u00e9s &#8211; r\u00e9seaux de t\u00e9l\u00e9communications, informatique, appareils intelligents et services en Cloud &#8211; nous nous engageons \u00e0 apporter le num\u00e9rique \u00e0 chaque personne, chaque foyer et chaque organisation pour un monde intelligent et enti\u00e8rement connect\u00e9. Le portefeuille de produits, de solutions et de services de bout en bout de Huawei est \u00e0 la fois comp\u00e9titif et s\u00e9curis\u00e9. Gr\u00e2ce \u00e0 une collaboration ouverte avec des partenaires de l\u2019\u00e9cosyst\u00e8me, nous cr\u00e9ons une valeur durable pour nos clients, en \u0153uvrant \u00e0 l\u2019autonomisation des personnes, \u00e0 l\u2019enrichissement de la vie domestique et \u00e0 l\u2019inspiration de l\u2019innovation dans des organisations de toutes formes et de toutes tailles. Chez Huawei, l\u2019innovation est ax\u00e9e sur les besoins des clients. Nous investissons massivement dans la recherche fondamentale, en nous concentrant sur les perc\u00e9es technologiques qui font avancer le monde. Nous sommes pr\u00e9sents dans plus de 170 pays et sur l\u2019ensemble du continent africain (28 implantations dans la r\u00e9gion Northern Africa). Cr\u00e9\u00e9 en 1987, Huawei est une soci\u00e9t\u00e9 priv\u00e9e enti\u00e8rement d\u00e9tenue par ses employ\u00e9s.<\/p>\n<p>&nbsp;<\/p>\n","protected":false},"excerpt":{"rendered":"<p>La premi\u00e8re \u00e9dition du GITEX Africa ouvrira ses portes dans la ville de Marrakech, au<\/p>\n","protected":false},"author":1,"featured_media":3086,"comment_status":"open","ping_status":"open","sticky":false,"template":"","format":"standard","meta":{"_acf_changed":false,"footnotes":""},"categories":[5,3],"tags":[925],"class_list":["post-3085","post","type-post","status-publish","format-standard","has-post-thumbnail","hentry","category-tech","category-nouvelles-selectionnees","tag-gitex-africa"],"acf":[],"yoast_head":"<!-- This site is optimized with the Yoast SEO plugin v22.0 - https:\/\/yoast.com\/wordpress\/plugins\/seo\/ -->\n<title>Huawei rappelle son engagement pour lib\u00e9rer le potentiel num\u00e9rique de l\u2019Afrique - MEDIA PLATEFORME | FR<\/title>\n<meta name=\"description\" content=\"La premi\u00e8re \u00e9dition du GITEX Africa ouvrira ses portes dans la ville de Marrakech, au Maroc, du 31 mai au 2 juin 2023. Lieu de ,\" \/>\n<meta name=\"robots\" content=\"index, follow, max-snippet:-1, max-image-preview:large, max-video-preview:-1\" \/>\n<link rel=\"canonical\" href=\"https:\/\/www.mediaplateforme.com\/fr\/huawei-rappelle-son-engagement-pour-liberer-le-potentiel-numerique-de-lafrique\/\" \/>\n<meta property=\"og:locale\" content=\"fr_FR\" \/>\n<meta property=\"og:type\" content=\"article\" \/>\n<meta property=\"og:title\" content=\"Huawei rappelle son engagement pour lib\u00e9rer le potentiel num\u00e9rique de l\u2019Afrique - MEDIA PLATEFORME | FR\" \/>\n<meta property=\"og:description\" content=\"La premi\u00e8re \u00e9dition du GITEX Africa ouvrira ses portes dans la ville de Marrakech, au Maroc, du 31 mai au 2 juin 2023. Lieu de ,\" \/>\n<meta property=\"og:url\" content=\"https:\/\/www.mediaplateforme.com\/fr\/huawei-rappelle-son-engagement-pour-liberer-le-potentiel-numerique-de-lafrique\/\" \/>\n<meta property=\"og:site_name\" content=\"MEDIA PLATEFORME | FR\" \/>\n<meta property=\"article:published_time\" content=\"2023-05-30T13:10:57+00:00\" \/>\n<meta property=\"og:image\" content=\"https:\/\/www.mediaplateforme.com\/fr\/wp-content\/uploads\/sites\/5\/2023\/05\/gitex-huawei.jpg\" \/>\n\t<meta property=\"og:image:width\" content=\"471\" \/>\n\t<meta property=\"og:image:height\" content=\"246\" \/>\n\t<meta property=\"og:image:type\" content=\"image\/jpeg\" \/>\n<meta name=\"author\" content=\"Mediaplateforme\" \/>\n<meta name=\"twitter:card\" content=\"summary_large_image\" \/>\n<meta name=\"twitter:label1\" content=\"\u00c9crit par\" \/>\n\t<meta name=\"twitter:data1\" content=\"Mediaplateforme\" \/>\n\t<meta name=\"twitter:label2\" content=\"Dur\u00e9e de lecture estim\u00e9e\" \/>\n\t<meta name=\"twitter:data2\" content=\"4 minutes\" \/>\n<script type=\"application\/ld+json\" class=\"yoast-schema-graph\">{\"@context\":\"https:\/\/schema.org\",\"@graph\":[{\"@type\":\"WebPage\",\"@id\":\"https:\/\/www.mediaplateforme.com\/fr\/huawei-rappelle-son-engagement-pour-liberer-le-potentiel-numerique-de-lafrique\/\",\"url\":\"https:\/\/www.mediaplateforme.com\/fr\/huawei-rappelle-son-engagement-pour-liberer-le-potentiel-numerique-de-lafrique\/\",\"name\":\"Huawei rappelle son engagement pour lib\u00e9rer le potentiel num\u00e9rique de l\u2019Afrique - MEDIA PLATEFORME | FR\",\"isPartOf\":{\"@id\":\"https:\/\/www.mediaplateforme.com\/fr\/#website\"},\"datePublished\":\"2023-05-30T13:10:57+00:00\",\"dateModified\":\"2023-05-30T13:10:57+00:00\",\"author\":{\"@id\":\"https:\/\/www.mediaplateforme.com\/fr\/#\/schema\/person\/89833db382b5db2c76b094bc902aa12a\"},\"description\":\"La premi\u00e8re \u00e9dition du GITEX Africa ouvrira ses portes dans la ville de Marrakech, au Maroc, du 31 mai au 2 juin 2023. Lieu de ,\",\"breadcrumb\":{\"@id\":\"https:\/\/www.mediaplateforme.com\/fr\/huawei-rappelle-son-engagement-pour-liberer-le-potentiel-numerique-de-lafrique\/#breadcrumb\"},\"inLanguage\":\"fr-FR\",\"potentialAction\":[{\"@type\":\"ReadAction\",\"target\":[\"https:\/\/www.mediaplateforme.com\/fr\/huawei-rappelle-son-engagement-pour-liberer-le-potentiel-numerique-de-lafrique\/\"]}]},{\"@type\":\"BreadcrumbList\",\"@id\":\"https:\/\/www.mediaplateforme.com\/fr\/huawei-rappelle-son-engagement-pour-liberer-le-potentiel-numerique-de-lafrique\/#breadcrumb\",\"itemListElement\":[{\"@type\":\"ListItem\",\"position\":1,\"name\":\"\u0627\u0644\u0631\u0626\u064a\u0633\u064a\u0629\",\"item\":\"https:\/\/www.mediaplateforme.com\/fr\/\"},{\"@type\":\"ListItem\",\"position\":2,\"name\":\"Huawei rappelle son engagement pour lib\u00e9rer le potentiel num\u00e9rique de l\u2019Afrique\"}]},{\"@type\":\"WebSite\",\"@id\":\"https:\/\/www.mediaplateforme.com\/fr\/#website\",\"url\":\"https:\/\/www.mediaplateforme.com\/fr\/\",\"name\":\"MEDIA PLATEFORME | FR\",\"description\":\"Mediaplateforme sp\u00e9cialis\u00e9 dans la communication institutions publiques et des entreprises\",\"potentialAction\":[{\"@type\":\"SearchAction\",\"target\":{\"@type\":\"EntryPoint\",\"urlTemplate\":\"https:\/\/www.mediaplateforme.com\/fr\/?s={search_term_string}\"},\"query-input\":\"required name=search_term_string\"}],\"inLanguage\":\"fr-FR\"},{\"@type\":\"Person\",\"@id\":\"https:\/\/www.mediaplateforme.com\/fr\/#\/schema\/person\/89833db382b5db2c76b094bc902aa12a\",\"name\":\"Mediaplateforme\",\"image\":{\"@type\":\"ImageObject\",\"inLanguage\":\"fr-FR\",\"@id\":\"https:\/\/www.mediaplateforme.com\/fr\/#\/schema\/person\/image\/\",\"url\":\"https:\/\/secure.gravatar.com\/avatar\/6c9c02e8928cc65d54bf75157f7b3a2d06d7ad0494ca0951f679552ff03b34c1?s=96&d=mm&r=g\",\"contentUrl\":\"https:\/\/secure.gravatar.com\/avatar\/6c9c02e8928cc65d54bf75157f7b3a2d06d7ad0494ca0951f679552ff03b34c1?s=96&d=mm&r=g\",\"caption\":\"Mediaplateforme\"},\"sameAs\":[\"https:\/\/www.mediaplateforme.com\"],\"url\":\"https:\/\/www.mediaplateforme.com\/fr\/author\/mohamedladib\/\"}]}<\/script>\n<!-- \/ Yoast SEO plugin. -->","yoast_head_json":{"title":"Huawei rappelle son engagement pour lib\u00e9rer le potentiel num\u00e9rique de l\u2019Afrique - MEDIA PLATEFORME | FR","description":"La premi\u00e8re \u00e9dition du GITEX Africa ouvrira ses portes dans la ville de Marrakech, au Maroc, du 31 mai au 2 juin 2023. Lieu de ,","robots":{"index":"index","follow":"follow","max-snippet":"max-snippet:-1","max-image-preview":"max-image-preview:large","max-video-preview":"max-video-preview:-1"},"canonical":"https:\/\/www.mediaplateforme.com\/fr\/huawei-rappelle-son-engagement-pour-liberer-le-potentiel-numerique-de-lafrique\/","og_locale":"fr_FR","og_type":"article","og_title":"Huawei rappelle son engagement pour lib\u00e9rer le potentiel num\u00e9rique de l\u2019Afrique - MEDIA PLATEFORME | FR","og_description":"La premi\u00e8re \u00e9dition du GITEX Africa ouvrira ses portes dans la ville de Marrakech, au Maroc, du 31 mai au 2 juin 2023. Lieu de ,","og_url":"https:\/\/www.mediaplateforme.com\/fr\/huawei-rappelle-son-engagement-pour-liberer-le-potentiel-numerique-de-lafrique\/","og_site_name":"MEDIA PLATEFORME | FR","article_published_time":"2023-05-30T13:10:57+00:00","og_image":[{"width":471,"height":246,"url":"https:\/\/www.mediaplateforme.com\/fr\/wp-content\/uploads\/sites\/5\/2023\/05\/gitex-huawei.jpg","type":"image\/jpeg"}],"author":"Mediaplateforme","twitter_card":"summary_large_image","twitter_misc":{"\u00c9crit par":"Mediaplateforme","Dur\u00e9e de lecture estim\u00e9e":"4 minutes"},"schema":{"@context":"https:\/\/schema.org","@graph":[{"@type":"WebPage","@id":"https:\/\/www.mediaplateforme.com\/fr\/huawei-rappelle-son-engagement-pour-liberer-le-potentiel-numerique-de-lafrique\/","url":"https:\/\/www.mediaplateforme.com\/fr\/huawei-rappelle-son-engagement-pour-liberer-le-potentiel-numerique-de-lafrique\/","name":"Huawei rappelle son engagement pour lib\u00e9rer le potentiel num\u00e9rique de l\u2019Afrique - MEDIA PLATEFORME | FR","isPartOf":{"@id":"https:\/\/www.mediaplateforme.com\/fr\/#website"},"datePublished":"2023-05-30T13:10:57+00:00","dateModified":"2023-05-30T13:10:57+00:00","author":{"@id":"https:\/\/www.mediaplateforme.com\/fr\/#\/schema\/person\/89833db382b5db2c76b094bc902aa12a"},"description":"La premi\u00e8re \u00e9dition du GITEX Africa ouvrira ses portes dans la ville de Marrakech, au Maroc, du 31 mai au 2 juin 2023. Lieu de ,","breadcrumb":{"@id":"https:\/\/www.mediaplateforme.com\/fr\/huawei-rappelle-son-engagement-pour-liberer-le-potentiel-numerique-de-lafrique\/#breadcrumb"},"inLanguage":"fr-FR","potentialAction":[{"@type":"ReadAction","target":["https:\/\/www.mediaplateforme.com\/fr\/huawei-rappelle-son-engagement-pour-liberer-le-potentiel-numerique-de-lafrique\/"]}]},{"@type":"BreadcrumbList","@id":"https:\/\/www.mediaplateforme.com\/fr\/huawei-rappelle-son-engagement-pour-liberer-le-potentiel-numerique-de-lafrique\/#breadcrumb","itemListElement":[{"@type":"ListItem","position":1,"name":"\u0627\u0644\u0631\u0626\u064a\u0633\u064a\u0629","item":"https:\/\/www.mediaplateforme.com\/fr\/"},{"@type":"ListItem","position":2,"name":"Huawei rappelle son engagement pour lib\u00e9rer le potentiel num\u00e9rique de l\u2019Afrique"}]},{"@type":"WebSite","@id":"https:\/\/www.mediaplateforme.com\/fr\/#website","url":"https:\/\/www.mediaplateforme.com\/fr\/","name":"MEDIA PLATEFORME | FR","description":"Mediaplateforme sp\u00e9cialis\u00e9 dans la communication institutions publiques et des entreprises","potentialAction":[{"@type":"SearchAction","target":{"@type":"EntryPoint","urlTemplate":"https:\/\/www.mediaplateforme.com\/fr\/?s={search_term_string}"},"query-input":"required name=search_term_string"}],"inLanguage":"fr-FR"},{"@type":"Person","@id":"https:\/\/www.mediaplateforme.com\/fr\/#\/schema\/person\/89833db382b5db2c76b094bc902aa12a","name":"Mediaplateforme","image":{"@type":"ImageObject","inLanguage":"fr-FR","@id":"https:\/\/www.mediaplateforme.com\/fr\/#\/schema\/person\/image\/","url":"https:\/\/secure.gravatar.com\/avatar\/6c9c02e8928cc65d54bf75157f7b3a2d06d7ad0494ca0951f679552ff03b34c1?s=96&d=mm&r=g","contentUrl":"https:\/\/secure.gravatar.com\/avatar\/6c9c02e8928cc65d54bf75157f7b3a2d06d7ad0494ca0951f679552ff03b34c1?s=96&d=mm&r=g","caption":"Mediaplateforme"},"sameAs":["https:\/\/www.mediaplateforme.com"],"url":"https:\/\/www.mediaplateforme.com\/fr\/author\/mohamedladib\/"}]}},"_links":{"self":[{"href":"https:\/\/www.mediaplateforme.com\/fr\/wp-json\/wp\/v2\/posts\/3085","targetHints":{"allow":["GET"]}}],"collection":[{"href":"https:\/\/www.mediaplateforme.com\/fr\/wp-json\/wp\/v2\/posts"}],"about":[{"href":"https:\/\/www.mediaplateforme.com\/fr\/wp-json\/wp\/v2\/types\/post"}],"author":[{"embeddable":true,"href":"https:\/\/www.mediaplateforme.com\/fr\/wp-json\/wp\/v2\/users\/1"}],"replies":[{"embeddable":true,"href":"https:\/\/www.mediaplateforme.com\/fr\/wp-json\/wp\/v2\/comments?post=3085"}],"version-history":[{"count":1,"href":"https:\/\/www.mediaplateforme.com\/fr\/wp-json\/wp\/v2\/posts\/3085\/revisions"}],"predecessor-version":[{"id":3087,"href":"https:\/\/www.mediaplateforme.com\/fr\/wp-json\/wp\/v2\/posts\/3085\/revisions\/3087"}],"wp:featuredmedia":[{"embeddable":true,"href":"https:\/\/www.mediaplateforme.com\/fr\/wp-json\/wp\/v2\/media\/3086"}],"wp:attachment":[{"href":"https:\/\/www.mediaplateforme.com\/fr\/wp-json\/wp\/v2\/media?parent=3085"}],"wp:term":[{"taxonomy":"category","embeddable":true,"href":"https:\/\/www.mediaplateforme.com\/fr\/wp-json\/wp\/v2\/categories?post=3085"},{"taxonomy":"post_tag","embeddable":true,"href":"https:\/\/www.mediaplateforme.com\/fr\/wp-json\/wp\/v2\/tags?post=3085"}],"curies":[{"name":"wp","href":"https:\/\/api.w.org\/{rel}","templated":true}]}}