{"id":3059,"date":"2023-05-26T20:54:28","date_gmt":"2023-05-26T19:54:28","guid":{"rendered":"https:\/\/www.mediaplateforme.com\/fr\/?p=3059"},"modified":"2023-05-26T21:06:15","modified_gmt":"2023-05-26T20:06:15","slug":"solidarite-et-innovation-territoriale-fondation-lydec-et-maroc-impact-scellent-un-partenariat","status":"publish","type":"post","link":"https:\/\/www.mediaplateforme.com\/fr\/solidarite-et-innovation-territoriale-fondation-lydec-et-maroc-impact-scellent-un-partenariat\/","title":{"rendered":"Solidarit\u00e9 et innovation territoriale : Fondation Lydec et Maroc Impact scellent un partenariat"},"content":{"rendered":"<p><strong>Ce rapprochement a pour finalit\u00e9 d\u2019accompagner le projet Genious Medina \u00e0 travers la formation de plus de 300 jeunes et artisans sur une dur\u00e9e de trois ans.\u00a0<\/strong><span id=\"more-438008\"><\/span><\/p>\n<p><strong>Formation :\u00a0Du point de vue de Maroc Impact, la synergie cr\u00e9\u00e9e avec la Fondation Lydec ouvre la voie \u00e0 une nouvelle g\u00e9n\u00e9ration d\u2019alliance d\u2019actions fortes \u00ab\u00a0publique-priv\u00e9e-soci\u00e9t\u00e9 civile\u00bb.<\/strong><\/p>\n<p>Cr\u00e9er des emplois pour les jeunes et contribuer \u00e0 la transformation territoriale de l\u2019ancienne m\u00e9dina de Casablanca. Ce sont l\u00e0 les grandes lignes de l\u2019accord sign\u00e9 r\u00e9cemment entre la Fondation Lydec et l\u2019Association Maroc Impact. Ce rapprochement a pour finalit\u00e9 d\u2019accompagner le projet Genious Medina \u00e0 travers la formation de plus de 300 jeunes et artisans sur une dur\u00e9e de trois ans ainsi que de cr\u00e9er un impact positif sur l\u2019\u00e9cosyst\u00e8me de l\u2019ancienne m\u00e9dina de Casablanca. \u00abNous sommes honor\u00e9s de ficeler ce partenariat avec la Fondation Lydec dans le cadre du d\u00e9ploiement du programme Genious Medina qui vise \u00e0 r\u00e9g\u00e9n\u00e9rer l\u2019ancienne m\u00e9dina dans le cadre du projet royal de sa r\u00e9habilitation\u00bb, indique \u00e0 cet \u00e9gard Ghizlaine El Manjra Magnouj, pr\u00e9sidente et fondatrice de l\u2019Association Maroc Impact.<\/p>\n<p>Et d\u2019ajouter que \u00ab\u00a0ce partenariat se veut concret puisqu\u2019il vise \u00e0 accompagner une centaine de jeunes par an dans leur dynamique entrepreneuriale et l\u2019identification d\u2019opportunit\u00e9s \u00e9conomiques dans les m\u00e9tiers de l\u2019artisanat\u00bb. Pour la pr\u00e9sidente de l\u2019Association Maroc Impact, il est \u00e9galement question de contribuer \u00e0 am\u00e9liorer la vie sociale des communaut\u00e9s locales de l\u2019ancienne M\u00e9dina. \u00abC\u2019est avant tout un programme d\u2019innovation territoriale qui vise \u00e0 contribuer au rayonnement de l\u2019ancienne M\u00e9dina et de fa\u00e7on globale de la ville de Casablanca sur les volets touristique et culturel\u00bb, pr\u00e9cise-t-elle.<\/p>\n<p>Du point de vue de Maroc Impact, la synergie cr\u00e9\u00e9e avec la Fondation Lydec ouvre la voie \u00e0 une nouvelle g\u00e9n\u00e9ration d\u2019alliance d\u2019actions fortes \u00abpublique-priv\u00e9e-soci\u00e9t\u00e9 civile\u00bb.<\/p>\n<p>L\u2019ambition \u00e9tant d\u2019agrandir ce cercle d\u2019acteurs agissant en faveur du bien commun et de l\u2019int\u00e9r\u00eat g\u00e9n\u00e9ral. Du c\u00f4t\u00e9 de la Fondation Lydec, son pr\u00e9sident Jean-Pascal Darriet a indiqu\u00e9 que \u00ab\u00a0ce projet innovant s\u2019inscrit parfaitement dans le deuxi\u00e8me axe d\u2019intervention de la Fondation portant sur la solidarit\u00e9 de proximit\u00e9 ainsi que dans une dynamique d\u2019acc\u00e9l\u00e9ration de l\u2019innovation sociale et du d\u00e9veloppement de l\u2019\u00e9conomie sociale et solidaire dans le Grand Casablanca, territoire d\u2019ancrage de Lydec\u00a0\u00bb.<\/p>\n<p>Et de conclure\u00a0: \u00abPar sa d\u00e9marche de partenariat public-priv\u00e9-tiers secteur, Genious Medina renforce notre approche collaborative avec nos diff\u00e9rentes parties prenantes et nous permet une excellente visibilit\u00e9 sur notre p\u00e9rim\u00e8tre d\u2019intervention\u00a0\u00bb. En termes d\u2019engagements, la Fondation Lydec apportera son soutien audit projet sur la p\u00e9riode allant de 2023 \u00e0 2025. La fondation sensibilisera ainsi ses b\u00e9n\u00e9ficiaires aux enjeux du d\u00e9veloppement durable, en l\u2019occurrence la pr\u00e9servation de la ressource en eau et la protection de l\u2019environnement.<\/p>\n<p>Maroc Impact s\u2019engage, quant \u00e0 elle, \u00e0 d\u00e9velopper le projet \u00abGenious Medina\u00bb, et ce en lien \u00e9troit avec les programmes de la Fondation Lydec. Notons qu\u2019\u00e0 travers cette initiative, Lydec r\u00e9affirme son engagement fort envers les enjeux sociaux de la RSE, en coh\u00e9rence avec sa feuille de route D\u00e9veloppement Durable 2030, notamment les engagements 1 et 3 portant respectivement sur \u00ab\u00a0le renforcement de l\u2019approche partenariale au service du bien commun\u00bb et \u00abla contribution \u00e0 un d\u00e9veloppement territorial inclusif et durable\u00bb.<\/p>\n<p>Ce partenariat se veut \u00e9galement une contribution aux Objectifs mondiaux de d\u00e9veloppement durable (ODD), plus pr\u00e9cis\u00e9ment l\u2019objectif 8 visant \u00able travail d\u00e9cent et la croissance \u00e9conomique\u00a0\u00bb et l\u2019objectif 11 relatif \u00abaux villes et aux communaut\u00e9s durables\u00bb.<\/p>\n<h4><strong>Genious Medina en bref<\/strong><\/h4>\n<p><strong>Projet.<\/strong>\u00a0Lanc\u00e9 en janvier 2023, ce projet tend \u00e0 promouvoir le premier quartier d\u2019innovation au Maroc. Ceci passe par la cr\u00e9ation d\u2019une dynamique de transformation territoriale au sein de l\u2019ancienne m\u00e9dina de Casablanca. \u00ab\u00a0Le projet allie technologie, artisanat, intelligence de la main, ainsi que diff\u00e9rentes dynamiques \u00e9conomiques locales, sociales, solidaires et environnementales. Outre la formation des jeunes, il vise \u00e0 r\u00e9g\u00e9n\u00e9rer les m\u00e9tiers de l\u2019artisanat marocain et \u00e0 d\u00e9velopper des activit\u00e9s g\u00e9n\u00e9ratrices de revenus, en s\u2019appuyant sur le transfert du savoir-faire des master ma\u00e2lems locaux et nationaux et sur les nouvelles technologies (Fab Lab)\u00a0\u00bb, peut-on retenir dans ce sens. Ce projet est en effet ancr\u00e9 au c\u0153ur d\u2019une art\u00e8re embl\u00e9matique de la m\u00e9tropole, \u00e0 savoir l\u2019ancienne Medina. Il se d\u00e9ploie dans ce sens sur deux sites \u00ab\u00a0Al Makane et Muhub) de plus de 1.200 m\u00b2 (premi\u00e8re phase), et ce dans les deux foundouks\u00a0\u00abEl Mellah\u00bb\u00a0et\u00a0\u00abAttijara\u00bb.<\/p>\n<p>Ces derniers ont \u00e9t\u00e9 r\u00e9nov\u00e9s par l\u2019Agence Urbaine de Casablanca dans le cadre du projet royal de r\u00e9habilitation de l\u2019ancienne m\u00e9dina de Casablanca. Ils sont la propri\u00e9t\u00e9 du minist\u00e8re de l\u2019artisanat et ce en vertu d\u2019une convention de mise \u00e0 disposition au profit de Maroc Impact sign\u00e9e en 2021. Si\u00a0\u00abMuhub\u00bb\u00a0s\u2019\u00e9rige comme \u00e9tant un lieu de vie et un centre de formation et d\u2019exp\u00e9rimentation nouvelle g\u00e9n\u00e9ration alliant tradition et modernit\u00e9,\u00a0\u00abAl Makane\u00bb\u00a0se veut une marketplace innovante, agr\u00e9gative et phygitale permettant le\u00a0\u00abgo-to-market \u00bb instantan\u00e9 aux b\u00e9n\u00e9ficiaires directs ainsi qu\u2019\u00e0 plus de 150 coop\u00e9ratives et artisans \u00e0 l\u2019\u00e9chelle locale et nationale.<\/p>\n","protected":false},"excerpt":{"rendered":"<p>Ce rapprochement a pour finalit\u00e9 d\u2019accompagner le projet Genious Medina \u00e0 travers la formation de<\/p>\n","protected":false},"author":1,"featured_media":3064,"comment_status":"open","ping_status":"open","sticky":false,"template":"","format":"standard","meta":{"_acf_changed":false,"footnotes":""},"categories":[2,3],"tags":[921],"class_list":["post-3059","post","type-post","status-publish","format-standard","has-post-thumbnail","hentry","category-nouvelles","category-nouvelles-selectionnees","tag-projet-genious-medina"],"acf":[],"yoast_head":"<!-- This site is optimized with the Yoast SEO plugin v22.0 - https:\/\/yoast.com\/wordpress\/plugins\/seo\/ -->\n<title>Solidarit\u00e9 et innovation territoriale : Fondation Lydec et Maroc Impact scellent un partenariat - MEDIA PLATEFORME | FR<\/title>\n<meta name=\"description\" content=\"Ce rapprochement a pour finalit\u00e9 d\u2019accompagner le projet Genious Medina \u00e0 travers la formation de plus de 300 jeunes et artisans sur une .\u00a0\" \/>\n<meta name=\"robots\" content=\"index, follow, max-snippet:-1, max-image-preview:large, max-video-preview:-1\" \/>\n<link rel=\"canonical\" href=\"https:\/\/www.mediaplateforme.com\/fr\/solidarite-et-innovation-territoriale-fondation-lydec-et-maroc-impact-scellent-un-partenariat\/\" \/>\n<meta property=\"og:locale\" content=\"fr_FR\" \/>\n<meta property=\"og:type\" content=\"article\" \/>\n<meta property=\"og:title\" content=\"Solidarit\u00e9 et innovation territoriale : Fondation Lydec et Maroc Impact scellent un partenariat - MEDIA PLATEFORME | FR\" \/>\n<meta property=\"og:description\" content=\"Ce rapprochement a pour finalit\u00e9 d\u2019accompagner le projet Genious Medina \u00e0 travers la formation de plus de 300 jeunes et artisans sur une .\u00a0\" \/>\n<meta property=\"og:url\" content=\"https:\/\/www.mediaplateforme.com\/fr\/solidarite-et-innovation-territoriale-fondation-lydec-et-maroc-impact-scellent-un-partenariat\/\" \/>\n<meta property=\"og:site_name\" content=\"MEDIA PLATEFORME | FR\" \/>\n<meta property=\"article:published_time\" content=\"2023-05-26T19:54:28+00:00\" \/>\n<meta property=\"article:modified_time\" content=\"2023-05-26T20:06:15+00:00\" \/>\n<meta property=\"og:image\" content=\"https:\/\/www.mediaplateforme.com\/fr\/wp-content\/uploads\/sites\/5\/2023\/05\/Jean-Pascal-Darriet-Fondation-Lydec-Ghizlaine-Elmanjra-Maghnouj-Maroc-Impact.jpeg\" \/>\n\t<meta property=\"og:image:width\" content=\"1600\" \/>\n\t<meta property=\"og:image:height\" content=\"898\" \/>\n\t<meta property=\"og:image:type\" content=\"image\/jpeg\" \/>\n<meta name=\"author\" content=\"Mediaplateforme\" \/>\n<meta name=\"twitter:card\" content=\"summary_large_image\" \/>\n<meta name=\"twitter:label1\" content=\"\u00c9crit par\" \/>\n\t<meta name=\"twitter:data1\" content=\"Mediaplateforme\" \/>\n\t<meta name=\"twitter:label2\" content=\"Dur\u00e9e de lecture estim\u00e9e\" \/>\n\t<meta name=\"twitter:data2\" content=\"5 minutes\" \/>\n<script type=\"application\/ld+json\" class=\"yoast-schema-graph\">{\"@context\":\"https:\/\/schema.org\",\"@graph\":[{\"@type\":\"WebPage\",\"@id\":\"https:\/\/www.mediaplateforme.com\/fr\/solidarite-et-innovation-territoriale-fondation-lydec-et-maroc-impact-scellent-un-partenariat\/\",\"url\":\"https:\/\/www.mediaplateforme.com\/fr\/solidarite-et-innovation-territoriale-fondation-lydec-et-maroc-impact-scellent-un-partenariat\/\",\"name\":\"Solidarit\u00e9 et innovation territoriale : Fondation Lydec et Maroc Impact scellent un partenariat - MEDIA PLATEFORME | FR\",\"isPartOf\":{\"@id\":\"https:\/\/www.mediaplateforme.com\/fr\/#website\"},\"datePublished\":\"2023-05-26T19:54:28+00:00\",\"dateModified\":\"2023-05-26T20:06:15+00:00\",\"author\":{\"@id\":\"https:\/\/www.mediaplateforme.com\/fr\/#\/schema\/person\/89833db382b5db2c76b094bc902aa12a\"},\"description\":\"Ce rapprochement a pour finalit\u00e9 d\u2019accompagner le projet Genious Medina \u00e0 travers la formation de plus de 300 jeunes et artisans sur une .\u00a0\",\"breadcrumb\":{\"@id\":\"https:\/\/www.mediaplateforme.com\/fr\/solidarite-et-innovation-territoriale-fondation-lydec-et-maroc-impact-scellent-un-partenariat\/#breadcrumb\"},\"inLanguage\":\"fr-FR\",\"potentialAction\":[{\"@type\":\"ReadAction\",\"target\":[\"https:\/\/www.mediaplateforme.com\/fr\/solidarite-et-innovation-territoriale-fondation-lydec-et-maroc-impact-scellent-un-partenariat\/\"]}]},{\"@type\":\"BreadcrumbList\",\"@id\":\"https:\/\/www.mediaplateforme.com\/fr\/solidarite-et-innovation-territoriale-fondation-lydec-et-maroc-impact-scellent-un-partenariat\/#breadcrumb\",\"itemListElement\":[{\"@type\":\"ListItem\",\"position\":1,\"name\":\"\u0627\u0644\u0631\u0626\u064a\u0633\u064a\u0629\",\"item\":\"https:\/\/www.mediaplateforme.com\/fr\/\"},{\"@type\":\"ListItem\",\"position\":2,\"name\":\"Solidarit\u00e9 et innovation territoriale : Fondation Lydec et Maroc Impact scellent un partenariat\"}]},{\"@type\":\"WebSite\",\"@id\":\"https:\/\/www.mediaplateforme.com\/fr\/#website\",\"url\":\"https:\/\/www.mediaplateforme.com\/fr\/\",\"name\":\"MEDIA PLATEFORME | FR\",\"description\":\"Mediaplateforme sp\u00e9cialis\u00e9 dans la communication institutions publiques et des entreprises\",\"potentialAction\":[{\"@type\":\"SearchAction\",\"target\":{\"@type\":\"EntryPoint\",\"urlTemplate\":\"https:\/\/www.mediaplateforme.com\/fr\/?s={search_term_string}\"},\"query-input\":\"required name=search_term_string\"}],\"inLanguage\":\"fr-FR\"},{\"@type\":\"Person\",\"@id\":\"https:\/\/www.mediaplateforme.com\/fr\/#\/schema\/person\/89833db382b5db2c76b094bc902aa12a\",\"name\":\"Mediaplateforme\",\"image\":{\"@type\":\"ImageObject\",\"inLanguage\":\"fr-FR\",\"@id\":\"https:\/\/www.mediaplateforme.com\/fr\/#\/schema\/person\/image\/\",\"url\":\"https:\/\/secure.gravatar.com\/avatar\/6c9c02e8928cc65d54bf75157f7b3a2d06d7ad0494ca0951f679552ff03b34c1?s=96&d=mm&r=g\",\"contentUrl\":\"https:\/\/secure.gravatar.com\/avatar\/6c9c02e8928cc65d54bf75157f7b3a2d06d7ad0494ca0951f679552ff03b34c1?s=96&d=mm&r=g\",\"caption\":\"Mediaplateforme\"},\"sameAs\":[\"https:\/\/www.mediaplateforme.com\"],\"url\":\"https:\/\/www.mediaplateforme.com\/fr\/author\/mohamedladib\/\"}]}<\/script>\n<!-- \/ Yoast SEO plugin. -->","yoast_head_json":{"title":"Solidarit\u00e9 et innovation territoriale : Fondation Lydec et Maroc Impact scellent un partenariat - MEDIA PLATEFORME | FR","description":"Ce rapprochement a pour finalit\u00e9 d\u2019accompagner le projet Genious Medina \u00e0 travers la formation de plus de 300 jeunes et artisans sur une .\u00a0","robots":{"index":"index","follow":"follow","max-snippet":"max-snippet:-1","max-image-preview":"max-image-preview:large","max-video-preview":"max-video-preview:-1"},"canonical":"https:\/\/www.mediaplateforme.com\/fr\/solidarite-et-innovation-territoriale-fondation-lydec-et-maroc-impact-scellent-un-partenariat\/","og_locale":"fr_FR","og_type":"article","og_title":"Solidarit\u00e9 et innovation territoriale : Fondation Lydec et Maroc Impact scellent un partenariat - MEDIA PLATEFORME | FR","og_description":"Ce rapprochement a pour finalit\u00e9 d\u2019accompagner le projet Genious Medina \u00e0 travers la formation de plus de 300 jeunes et artisans sur une .\u00a0","og_url":"https:\/\/www.mediaplateforme.com\/fr\/solidarite-et-innovation-territoriale-fondation-lydec-et-maroc-impact-scellent-un-partenariat\/","og_site_name":"MEDIA PLATEFORME | FR","article_published_time":"2023-05-26T19:54:28+00:00","article_modified_time":"2023-05-26T20:06:15+00:00","og_image":[{"width":1600,"height":898,"url":"https:\/\/www.mediaplateforme.com\/fr\/wp-content\/uploads\/sites\/5\/2023\/05\/Jean-Pascal-Darriet-Fondation-Lydec-Ghizlaine-Elmanjra-Maghnouj-Maroc-Impact.jpeg","type":"image\/jpeg"}],"author":"Mediaplateforme","twitter_card":"summary_large_image","twitter_misc":{"\u00c9crit par":"Mediaplateforme","Dur\u00e9e de lecture estim\u00e9e":"5 minutes"},"schema":{"@context":"https:\/\/schema.org","@graph":[{"@type":"WebPage","@id":"https:\/\/www.mediaplateforme.com\/fr\/solidarite-et-innovation-territoriale-fondation-lydec-et-maroc-impact-scellent-un-partenariat\/","url":"https:\/\/www.mediaplateforme.com\/fr\/solidarite-et-innovation-territoriale-fondation-lydec-et-maroc-impact-scellent-un-partenariat\/","name":"Solidarit\u00e9 et innovation territoriale : Fondation Lydec et Maroc Impact scellent un partenariat - MEDIA PLATEFORME | FR","isPartOf":{"@id":"https:\/\/www.mediaplateforme.com\/fr\/#website"},"datePublished":"2023-05-26T19:54:28+00:00","dateModified":"2023-05-26T20:06:15+00:00","author":{"@id":"https:\/\/www.mediaplateforme.com\/fr\/#\/schema\/person\/89833db382b5db2c76b094bc902aa12a"},"description":"Ce rapprochement a pour finalit\u00e9 d\u2019accompagner le projet Genious Medina \u00e0 travers la formation de plus de 300 jeunes et artisans sur une .\u00a0","breadcrumb":{"@id":"https:\/\/www.mediaplateforme.com\/fr\/solidarite-et-innovation-territoriale-fondation-lydec-et-maroc-impact-scellent-un-partenariat\/#breadcrumb"},"inLanguage":"fr-FR","potentialAction":[{"@type":"ReadAction","target":["https:\/\/www.mediaplateforme.com\/fr\/solidarite-et-innovation-territoriale-fondation-lydec-et-maroc-impact-scellent-un-partenariat\/"]}]},{"@type":"BreadcrumbList","@id":"https:\/\/www.mediaplateforme.com\/fr\/solidarite-et-innovation-territoriale-fondation-lydec-et-maroc-impact-scellent-un-partenariat\/#breadcrumb","itemListElement":[{"@type":"ListItem","position":1,"name":"\u0627\u0644\u0631\u0626\u064a\u0633\u064a\u0629","item":"https:\/\/www.mediaplateforme.com\/fr\/"},{"@type":"ListItem","position":2,"name":"Solidarit\u00e9 et innovation territoriale : Fondation Lydec et Maroc Impact scellent un partenariat"}]},{"@type":"WebSite","@id":"https:\/\/www.mediaplateforme.com\/fr\/#website","url":"https:\/\/www.mediaplateforme.com\/fr\/","name":"MEDIA PLATEFORME | FR","description":"Mediaplateforme sp\u00e9cialis\u00e9 dans la communication institutions publiques et des entreprises","potentialAction":[{"@type":"SearchAction","target":{"@type":"EntryPoint","urlTemplate":"https:\/\/www.mediaplateforme.com\/fr\/?s={search_term_string}"},"query-input":"required name=search_term_string"}],"inLanguage":"fr-FR"},{"@type":"Person","@id":"https:\/\/www.mediaplateforme.com\/fr\/#\/schema\/person\/89833db382b5db2c76b094bc902aa12a","name":"Mediaplateforme","image":{"@type":"ImageObject","inLanguage":"fr-FR","@id":"https:\/\/www.mediaplateforme.com\/fr\/#\/schema\/person\/image\/","url":"https:\/\/secure.gravatar.com\/avatar\/6c9c02e8928cc65d54bf75157f7b3a2d06d7ad0494ca0951f679552ff03b34c1?s=96&d=mm&r=g","contentUrl":"https:\/\/secure.gravatar.com\/avatar\/6c9c02e8928cc65d54bf75157f7b3a2d06d7ad0494ca0951f679552ff03b34c1?s=96&d=mm&r=g","caption":"Mediaplateforme"},"sameAs":["https:\/\/www.mediaplateforme.com"],"url":"https:\/\/www.mediaplateforme.com\/fr\/author\/mohamedladib\/"}]}},"_links":{"self":[{"href":"https:\/\/www.mediaplateforme.com\/fr\/wp-json\/wp\/v2\/posts\/3059","targetHints":{"allow":["GET"]}}],"collection":[{"href":"https:\/\/www.mediaplateforme.com\/fr\/wp-json\/wp\/v2\/posts"}],"about":[{"href":"https:\/\/www.mediaplateforme.com\/fr\/wp-json\/wp\/v2\/types\/post"}],"author":[{"embeddable":true,"href":"https:\/\/www.mediaplateforme.com\/fr\/wp-json\/wp\/v2\/users\/1"}],"replies":[{"embeddable":true,"href":"https:\/\/www.mediaplateforme.com\/fr\/wp-json\/wp\/v2\/comments?post=3059"}],"version-history":[{"count":1,"href":"https:\/\/www.mediaplateforme.com\/fr\/wp-json\/wp\/v2\/posts\/3059\/revisions"}],"predecessor-version":[{"id":3062,"href":"https:\/\/www.mediaplateforme.com\/fr\/wp-json\/wp\/v2\/posts\/3059\/revisions\/3062"}],"wp:featuredmedia":[{"embeddable":true,"href":"https:\/\/www.mediaplateforme.com\/fr\/wp-json\/wp\/v2\/media\/3064"}],"wp:attachment":[{"href":"https:\/\/www.mediaplateforme.com\/fr\/wp-json\/wp\/v2\/media?parent=3059"}],"wp:term":[{"taxonomy":"category","embeddable":true,"href":"https:\/\/www.mediaplateforme.com\/fr\/wp-json\/wp\/v2\/categories?post=3059"},{"taxonomy":"post_tag","embeddable":true,"href":"https:\/\/www.mediaplateforme.com\/fr\/wp-json\/wp\/v2\/tags?post=3059"}],"curies":[{"name":"wp","href":"https:\/\/api.w.org\/{rel}","templated":true}]}}