{"id":3041,"date":"2023-05-23T20:21:18","date_gmt":"2023-05-23T19:21:18","guid":{"rendered":"https:\/\/www.mediaplateforme.com\/fr\/?p=3041"},"modified":"2023-05-24T18:24:02","modified_gmt":"2023-05-24T17:24:02","slug":"loncf-et-la-deutsche-bahn-passent-a-la-vitesse-superieure","status":"publish","type":"post","link":"https:\/\/www.mediaplateforme.com\/fr\/loncf-et-la-deutsche-bahn-passent-a-la-vitesse-superieure\/","title":{"rendered":"l\u2019ONCF et la Deutsche Bahn passent \u00e0 la vitesse sup\u00e9rieure"},"content":{"rendered":"<p>L\u2019Office national des chemins de fer (ONCF) et la Soci\u00e9t\u00e9 nationale des chemins de fer allemands, Deutsche Bahn (DB), ont sign\u00e9, mardi 23 mai \u00e0 Berlin, une convention de partenariat visant \u00e0 renforcer leur coop\u00e9ration dans plusieurs domaines relevant du secteur du transport ferroviaire.<\/p>\n<p>Paraph\u00e9e par le directeur g\u00e9n\u00e9ral de l\u2019ONCF, Mohamed Rabie Khlie, et le directeur des affaires internationales de la DB, Niko Warbanoff, cette convention vise \u00e0 d\u00e9velopper de l\u2019infrastructure \u00e0 travers l\u2019am\u00e9lioration de la performance et de la capacit\u00e9 de l\u2019infrastructure ferroviaire marocaine par le renouvellement et la mise \u00e0 niveau de l\u2019infrastructure existante et la construction de nouvelles lignes pour le transport urbain, r\u00e9gional et \u00e0 longue distance, y compris le transport ferroviaire \u00e0 grande vitesse.<\/p>\n<p class=\"default__StyledText-sc-10mj2vp-0 jRUzBc body-paragraph\">Cette convention a pour objectifs aussi de d\u00e9velopper des mesures d\u2019infrastructure en tant que solutions de mobilit\u00e9 durables et respectueuses de l\u2019environnement, d\u2019encourager un transfert durable vers le rail afin de r\u00e9duire les \u00e9missions de CO2 et de se conformer aux normes internationales. Elle porte \u00e9galement sur les services de conseil et d\u2019ing\u00e9nierie tout au long de la cha\u00eene de valeur du syst\u00e8me ferroviaire.<\/p>\n<p class=\"default__StyledText-sc-10mj2vp-0 jRUzBc body-paragraph\">Sign\u00e9e en pr\u00e9sence du ministre du Transport et de la logistique, Mohamed Abdeljalil, et le ministre f\u00e9d\u00e9ral allemand du Num\u00e9rique et des transports, Volker Wissing, en marge d\u2019un workshop sur la mobilit\u00e9 co-organis\u00e9 par les minist\u00e8res des deux pays, la convention comprend, en outre, les volets du d\u00e9veloppement du r\u00e9seau, de la disponibilit\u00e9 et la fiabilit\u00e9 du mat\u00e9riel roulant, de la num\u00e9risation et la transformation digitale, la valorisation du patrimoine en gares et hors gares, ainsi que du perfectionnement du syst\u00e8me de management.<\/p>\n<p class=\"default__StyledText-sc-10mj2vp-0 jRUzBc body-paragraph\">Les deux parties souhaitent aussi b\u00e9n\u00e9ficier d\u2019une confiance mutuelle et d\u2019une coop\u00e9ration technique renforc\u00e9e dans la poursuite du d\u00e9veloppement futur de leurs syst\u00e8mes ferroviaires et d\u00e9clarent leur int\u00e9r\u00eat mutuel \u00e0 d\u00e9velopper une coop\u00e9ration \u00e9tendue et durable dans les diff\u00e9rents domaines du secteur ferroviaire, afin de capitaliser sur leurs exp\u00e9riences et leurs comp\u00e9tences pour contribuer \u00e0 am\u00e9liorer leurs performances.<\/p>\n<p class=\"default__StyledText-sc-10mj2vp-0 jRUzBc body-paragraph\">Ainsi, les deux soci\u00e9t\u00e9s souhaitent d\u00e9velopper un partenariat commun s\u2019inscrivant dans le cadre de la mise en \u0153uvre du M\u00e9morandum d\u2019entente sign\u00e9 entre le minist\u00e8re du Num\u00e9rique et du transport de la R\u00e9publique f\u00e9d\u00e9rale d\u2019Allemagne et le minist\u00e8re du Transport et de la logistique du Royaume du Maroc.<\/p>\n","protected":false},"excerpt":{"rendered":"<p>L\u2019Office national des chemins de fer (ONCF) et la Soci\u00e9t\u00e9 nationale des chemins de fer<\/p>\n","protected":false},"author":1,"featured_media":169,"comment_status":"open","ping_status":"open","sticky":false,"template":"","format":"standard","meta":{"_acf_changed":false,"footnotes":""},"categories":[2,3],"tags":[911,912,67],"class_list":["post-3041","post","type-post","status-publish","format-standard","has-post-thumbnail","hentry","category-nouvelles","category-nouvelles-selectionnees","tag-deutsche-bahn","tag-mohamed-rabie-khlie","tag-oncf"],"acf":[],"yoast_head":"<!-- This site is optimized with the Yoast SEO plugin v22.0 - https:\/\/yoast.com\/wordpress\/plugins\/seo\/ -->\n<title>l\u2019ONCF et la Deutsche Bahn passent \u00e0 la vitesse sup\u00e9rieure - MEDIA PLATEFORME | FR<\/title>\n<meta name=\"description\" content=\"L\u2019Office national des chemins de fer (ONCF) et la Soci\u00e9t\u00e9 nationale des chemins de fer allemands, Deutsche Bahn (DB), ont sign\u00e9,\" \/>\n<meta name=\"robots\" content=\"index, follow, max-snippet:-1, max-image-preview:large, max-video-preview:-1\" \/>\n<link rel=\"canonical\" href=\"https:\/\/www.mediaplateforme.com\/fr\/loncf-et-la-deutsche-bahn-passent-a-la-vitesse-superieure\/\" \/>\n<meta property=\"og:locale\" content=\"fr_FR\" \/>\n<meta property=\"og:type\" content=\"article\" \/>\n<meta property=\"og:title\" content=\"l\u2019ONCF et la Deutsche Bahn passent \u00e0 la vitesse sup\u00e9rieure - MEDIA PLATEFORME | FR\" \/>\n<meta property=\"og:description\" content=\"L\u2019Office national des chemins de fer (ONCF) et la Soci\u00e9t\u00e9 nationale des chemins de fer allemands, Deutsche Bahn (DB), ont sign\u00e9,\" \/>\n<meta property=\"og:url\" content=\"https:\/\/www.mediaplateforme.com\/fr\/loncf-et-la-deutsche-bahn-passent-a-la-vitesse-superieure\/\" \/>\n<meta property=\"og:site_name\" content=\"MEDIA PLATEFORME | FR\" \/>\n<meta property=\"article:published_time\" content=\"2023-05-23T19:21:18+00:00\" \/>\n<meta property=\"article:modified_time\" content=\"2023-05-24T17:24:02+00:00\" \/>\n<meta property=\"og:image\" content=\"https:\/\/www.mediaplateforme.com\/fr\/wp-content\/uploads\/sites\/5\/2022\/06\/oncf.jpg\" \/>\n\t<meta property=\"og:image:width\" content=\"694\" \/>\n\t<meta property=\"og:image:height\" content=\"457\" \/>\n\t<meta property=\"og:image:type\" content=\"image\/jpeg\" \/>\n<meta name=\"author\" content=\"Mediaplateforme\" \/>\n<meta name=\"twitter:card\" content=\"summary_large_image\" \/>\n<meta name=\"twitter:label1\" content=\"\u00c9crit par\" \/>\n\t<meta name=\"twitter:data1\" content=\"Mediaplateforme\" \/>\n\t<meta name=\"twitter:label2\" content=\"Dur\u00e9e de lecture estim\u00e9e\" \/>\n\t<meta name=\"twitter:data2\" content=\"2 minutes\" \/>\n<script type=\"application\/ld+json\" class=\"yoast-schema-graph\">{\"@context\":\"https:\/\/schema.org\",\"@graph\":[{\"@type\":\"WebPage\",\"@id\":\"https:\/\/www.mediaplateforme.com\/fr\/loncf-et-la-deutsche-bahn-passent-a-la-vitesse-superieure\/\",\"url\":\"https:\/\/www.mediaplateforme.com\/fr\/loncf-et-la-deutsche-bahn-passent-a-la-vitesse-superieure\/\",\"name\":\"l\u2019ONCF et la Deutsche Bahn passent \u00e0 la vitesse sup\u00e9rieure - MEDIA PLATEFORME | FR\",\"isPartOf\":{\"@id\":\"https:\/\/www.mediaplateforme.com\/fr\/#website\"},\"datePublished\":\"2023-05-23T19:21:18+00:00\",\"dateModified\":\"2023-05-24T17:24:02+00:00\",\"author\":{\"@id\":\"https:\/\/www.mediaplateforme.com\/fr\/#\/schema\/person\/89833db382b5db2c76b094bc902aa12a\"},\"description\":\"L\u2019Office national des chemins de fer (ONCF) et la Soci\u00e9t\u00e9 nationale des chemins de fer allemands, Deutsche Bahn (DB), ont sign\u00e9,\",\"breadcrumb\":{\"@id\":\"https:\/\/www.mediaplateforme.com\/fr\/loncf-et-la-deutsche-bahn-passent-a-la-vitesse-superieure\/#breadcrumb\"},\"inLanguage\":\"fr-FR\",\"potentialAction\":[{\"@type\":\"ReadAction\",\"target\":[\"https:\/\/www.mediaplateforme.com\/fr\/loncf-et-la-deutsche-bahn-passent-a-la-vitesse-superieure\/\"]}]},{\"@type\":\"BreadcrumbList\",\"@id\":\"https:\/\/www.mediaplateforme.com\/fr\/loncf-et-la-deutsche-bahn-passent-a-la-vitesse-superieure\/#breadcrumb\",\"itemListElement\":[{\"@type\":\"ListItem\",\"position\":1,\"name\":\"\u0627\u0644\u0631\u0626\u064a\u0633\u064a\u0629\",\"item\":\"https:\/\/www.mediaplateforme.com\/fr\/\"},{\"@type\":\"ListItem\",\"position\":2,\"name\":\"l\u2019ONCF et la Deutsche Bahn passent \u00e0 la vitesse sup\u00e9rieure\"}]},{\"@type\":\"WebSite\",\"@id\":\"https:\/\/www.mediaplateforme.com\/fr\/#website\",\"url\":\"https:\/\/www.mediaplateforme.com\/fr\/\",\"name\":\"MEDIA PLATEFORME | FR\",\"description\":\"Mediaplateforme sp\u00e9cialis\u00e9 dans la communication institutions publiques et des entreprises\",\"potentialAction\":[{\"@type\":\"SearchAction\",\"target\":{\"@type\":\"EntryPoint\",\"urlTemplate\":\"https:\/\/www.mediaplateforme.com\/fr\/?s={search_term_string}\"},\"query-input\":\"required name=search_term_string\"}],\"inLanguage\":\"fr-FR\"},{\"@type\":\"Person\",\"@id\":\"https:\/\/www.mediaplateforme.com\/fr\/#\/schema\/person\/89833db382b5db2c76b094bc902aa12a\",\"name\":\"Mediaplateforme\",\"image\":{\"@type\":\"ImageObject\",\"inLanguage\":\"fr-FR\",\"@id\":\"https:\/\/www.mediaplateforme.com\/fr\/#\/schema\/person\/image\/\",\"url\":\"https:\/\/secure.gravatar.com\/avatar\/6c9c02e8928cc65d54bf75157f7b3a2d06d7ad0494ca0951f679552ff03b34c1?s=96&d=mm&r=g\",\"contentUrl\":\"https:\/\/secure.gravatar.com\/avatar\/6c9c02e8928cc65d54bf75157f7b3a2d06d7ad0494ca0951f679552ff03b34c1?s=96&d=mm&r=g\",\"caption\":\"Mediaplateforme\"},\"sameAs\":[\"https:\/\/www.mediaplateforme.com\"],\"url\":\"https:\/\/www.mediaplateforme.com\/fr\/author\/mohamedladib\/\"}]}<\/script>\n<!-- \/ Yoast SEO plugin. -->","yoast_head_json":{"title":"l\u2019ONCF et la Deutsche Bahn passent \u00e0 la vitesse sup\u00e9rieure - MEDIA PLATEFORME | FR","description":"L\u2019Office national des chemins de fer (ONCF) et la Soci\u00e9t\u00e9 nationale des chemins de fer allemands, Deutsche Bahn (DB), ont sign\u00e9,","robots":{"index":"index","follow":"follow","max-snippet":"max-snippet:-1","max-image-preview":"max-image-preview:large","max-video-preview":"max-video-preview:-1"},"canonical":"https:\/\/www.mediaplateforme.com\/fr\/loncf-et-la-deutsche-bahn-passent-a-la-vitesse-superieure\/","og_locale":"fr_FR","og_type":"article","og_title":"l\u2019ONCF et la Deutsche Bahn passent \u00e0 la vitesse sup\u00e9rieure - MEDIA PLATEFORME | FR","og_description":"L\u2019Office national des chemins de fer (ONCF) et la Soci\u00e9t\u00e9 nationale des chemins de fer allemands, Deutsche Bahn (DB), ont sign\u00e9,","og_url":"https:\/\/www.mediaplateforme.com\/fr\/loncf-et-la-deutsche-bahn-passent-a-la-vitesse-superieure\/","og_site_name":"MEDIA PLATEFORME | FR","article_published_time":"2023-05-23T19:21:18+00:00","article_modified_time":"2023-05-24T17:24:02+00:00","og_image":[{"width":694,"height":457,"url":"https:\/\/www.mediaplateforme.com\/fr\/wp-content\/uploads\/sites\/5\/2022\/06\/oncf.jpg","type":"image\/jpeg"}],"author":"Mediaplateforme","twitter_card":"summary_large_image","twitter_misc":{"\u00c9crit par":"Mediaplateforme","Dur\u00e9e de lecture estim\u00e9e":"2 minutes"},"schema":{"@context":"https:\/\/schema.org","@graph":[{"@type":"WebPage","@id":"https:\/\/www.mediaplateforme.com\/fr\/loncf-et-la-deutsche-bahn-passent-a-la-vitesse-superieure\/","url":"https:\/\/www.mediaplateforme.com\/fr\/loncf-et-la-deutsche-bahn-passent-a-la-vitesse-superieure\/","name":"l\u2019ONCF et la Deutsche Bahn passent \u00e0 la vitesse sup\u00e9rieure - MEDIA PLATEFORME | FR","isPartOf":{"@id":"https:\/\/www.mediaplateforme.com\/fr\/#website"},"datePublished":"2023-05-23T19:21:18+00:00","dateModified":"2023-05-24T17:24:02+00:00","author":{"@id":"https:\/\/www.mediaplateforme.com\/fr\/#\/schema\/person\/89833db382b5db2c76b094bc902aa12a"},"description":"L\u2019Office national des chemins de fer (ONCF) et la Soci\u00e9t\u00e9 nationale des chemins de fer allemands, Deutsche Bahn (DB), ont sign\u00e9,","breadcrumb":{"@id":"https:\/\/www.mediaplateforme.com\/fr\/loncf-et-la-deutsche-bahn-passent-a-la-vitesse-superieure\/#breadcrumb"},"inLanguage":"fr-FR","potentialAction":[{"@type":"ReadAction","target":["https:\/\/www.mediaplateforme.com\/fr\/loncf-et-la-deutsche-bahn-passent-a-la-vitesse-superieure\/"]}]},{"@type":"BreadcrumbList","@id":"https:\/\/www.mediaplateforme.com\/fr\/loncf-et-la-deutsche-bahn-passent-a-la-vitesse-superieure\/#breadcrumb","itemListElement":[{"@type":"ListItem","position":1,"name":"\u0627\u0644\u0631\u0626\u064a\u0633\u064a\u0629","item":"https:\/\/www.mediaplateforme.com\/fr\/"},{"@type":"ListItem","position":2,"name":"l\u2019ONCF et la Deutsche Bahn passent \u00e0 la vitesse sup\u00e9rieure"}]},{"@type":"WebSite","@id":"https:\/\/www.mediaplateforme.com\/fr\/#website","url":"https:\/\/www.mediaplateforme.com\/fr\/","name":"MEDIA PLATEFORME | FR","description":"Mediaplateforme sp\u00e9cialis\u00e9 dans la communication institutions publiques et des entreprises","potentialAction":[{"@type":"SearchAction","target":{"@type":"EntryPoint","urlTemplate":"https:\/\/www.mediaplateforme.com\/fr\/?s={search_term_string}"},"query-input":"required name=search_term_string"}],"inLanguage":"fr-FR"},{"@type":"Person","@id":"https:\/\/www.mediaplateforme.com\/fr\/#\/schema\/person\/89833db382b5db2c76b094bc902aa12a","name":"Mediaplateforme","image":{"@type":"ImageObject","inLanguage":"fr-FR","@id":"https:\/\/www.mediaplateforme.com\/fr\/#\/schema\/person\/image\/","url":"https:\/\/secure.gravatar.com\/avatar\/6c9c02e8928cc65d54bf75157f7b3a2d06d7ad0494ca0951f679552ff03b34c1?s=96&d=mm&r=g","contentUrl":"https:\/\/secure.gravatar.com\/avatar\/6c9c02e8928cc65d54bf75157f7b3a2d06d7ad0494ca0951f679552ff03b34c1?s=96&d=mm&r=g","caption":"Mediaplateforme"},"sameAs":["https:\/\/www.mediaplateforme.com"],"url":"https:\/\/www.mediaplateforme.com\/fr\/author\/mohamedladib\/"}]}},"_links":{"self":[{"href":"https:\/\/www.mediaplateforme.com\/fr\/wp-json\/wp\/v2\/posts\/3041","targetHints":{"allow":["GET"]}}],"collection":[{"href":"https:\/\/www.mediaplateforme.com\/fr\/wp-json\/wp\/v2\/posts"}],"about":[{"href":"https:\/\/www.mediaplateforme.com\/fr\/wp-json\/wp\/v2\/types\/post"}],"author":[{"embeddable":true,"href":"https:\/\/www.mediaplateforme.com\/fr\/wp-json\/wp\/v2\/users\/1"}],"replies":[{"embeddable":true,"href":"https:\/\/www.mediaplateforme.com\/fr\/wp-json\/wp\/v2\/comments?post=3041"}],"version-history":[{"count":1,"href":"https:\/\/www.mediaplateforme.com\/fr\/wp-json\/wp\/v2\/posts\/3041\/revisions"}],"predecessor-version":[{"id":3042,"href":"https:\/\/www.mediaplateforme.com\/fr\/wp-json\/wp\/v2\/posts\/3041\/revisions\/3042"}],"wp:featuredmedia":[{"embeddable":true,"href":"https:\/\/www.mediaplateforme.com\/fr\/wp-json\/wp\/v2\/media\/169"}],"wp:attachment":[{"href":"https:\/\/www.mediaplateforme.com\/fr\/wp-json\/wp\/v2\/media?parent=3041"}],"wp:term":[{"taxonomy":"category","embeddable":true,"href":"https:\/\/www.mediaplateforme.com\/fr\/wp-json\/wp\/v2\/categories?post=3041"},{"taxonomy":"post_tag","embeddable":true,"href":"https:\/\/www.mediaplateforme.com\/fr\/wp-json\/wp\/v2\/tags?post=3041"}],"curies":[{"name":"wp","href":"https:\/\/api.w.org\/{rel}","templated":true}]}}