{"id":3025,"date":"2023-05-23T19:15:05","date_gmt":"2023-05-23T18:15:05","guid":{"rendered":"https:\/\/www.mediaplateforme.com\/fr\/?p=3025"},"modified":"2023-05-23T19:15:05","modified_gmt":"2023-05-23T18:15:05","slug":"polymedic-entame-une-nouvelle-ere-en-adoptant-un-nouveau-logo-marquant-la-dynamique-de-son-evolution","status":"publish","type":"post","link":"https:\/\/www.mediaplateforme.com\/fr\/polymedic-entame-une-nouvelle-ere-en-adoptant-un-nouveau-logo-marquant-la-dynamique-de-son-evolution\/","title":{"rendered":"Polymedic entame une nouvelle \u00e8re, en adoptant un nouveau logo marquant la dynamique de son \u00e9volution"},"content":{"rendered":"<p style=\"font-weight: 400;\">Avec plus de 60 ann\u00e9es d\u2019engagement, POLYMEDIC est devenue une r\u00e9f\u00e9rence nationale de l\u2019industrie pharmaceutique.<\/p>\n<p style=\"font-weight: 400;\">Nous travaillons en permanence \u00e0 nous positionner comme un partenaire de confiance et d\u2019avenir \u00e0 travers une d\u00e9marche \u00abPatient centric\u00bb.<\/p>\n<p style=\"font-weight: 400;\">Nous nous attelons, jour apr\u00e8s jour, \u00e0 surpasser les attentes et \u00e0 d\u00e9ployer autant d\u2019efforts que possible pour proposer des m\u00e9dicaments qui permettent aux patients d\u2019\u00eatre en meilleure sant\u00e9. Et ce, en\u00a0 fabricant un portefeuille de produits g\u00e9n\u00e9riques de qualit\u00e9 qui comporte plus de 200 m\u00e9dicaments enregistr\u00e9s au sein de douze classes th\u00e9rapeutiques diff\u00e9rentes.<\/p>\n<p style=\"font-weight: 400;\">De par notre implantation, nos \u00e9quipements et nos hommes, nous garantissons le respect des bonnes pratiques de fabrication, certifi\u00e9es par les autorit\u00e9s sanitaires nationales et internationales.<\/p>\n<p style=\"font-weight: 400;\">\n<p style=\"font-weight: 400;\"><em>\u00ab\u00a0NOTRE NOUVELLE IDENTIT\u00c9 VISUELLE INCARNE LA DYNAMIQUE CONSTANTE DE CHANGEMENT ET D\u2019\u00c9VOLUTION DU LABORATOIRE\u00a0\u00bb DECLARATION DE M.<\/em><em>\u00a0<\/em><em>IMAD ELFATOUI, DIRECTEUR GENERAL DE POLYMEDIC<\/em><\/p>\n<p style=\"font-weight: 400;\">\n<p style=\"font-weight: 400;\">\n<h5 style=\"font-weight: 400;\"><strong><em><u>Une nouvelle identit\u00e9 visuelle ax\u00e9e sur l\u2019agilit\u00e9 et le changement positif que connait Polymedic<\/u><\/em><\/strong><\/h5>\n<p style=\"font-weight: 400;\"><em>\u00a0<\/em><\/p>\n<p style=\"font-weight: 400;\">\u00c0 l&rsquo;aide des trois points stylis\u00e9s sous forme de mol\u00e9cule, le logo r\u00e9sume les trois \u00e9tapes n\u00e9cessaires au d\u00e9veloppement de\u00a0POLYMEDIC\u00a0:\u00a0celle du pass\u00e9,\u00a0pour capitaliser sur son histoire\u00a0;\u00a0du pr\u00e9sent,\u00a0pour ancrer le Laboratoire comme acteur incontournable de l\u2019industrie pharmaceutique au Maroc\u00a0;\u00a0et la perspective de l\u2019avenir,\u00a0pour incarner l\u2019\u00e9volution dans laquelle s\u2019inscrit\u00a0POLYMEDIC.<\/p>\n<p style=\"font-weight: 400;\">\n<p style=\"font-weight: 400;\">M\u00eal\u00e9e \u00e0\u00a0la mol\u00e9cule,\u00a0la composition int\u00e8gre\u00a0la symbolique de l\u2019infini\u00a0pour refl\u00e9ter sa dynamique permanente depuis les d\u00e9buts du Laboratoire.<\/p>\n<p style=\"font-weight: 400;\">\n<p style=\"font-weight: 400;\">Cette volont\u00e9 de capitaliser sur le pass\u00e9 s\u2019appuie sur\u00a0une \u00e9volution de la\u00a0pr\u00e9c\u00e9dente identit\u00e9 visuelle de la marque,\u00a0tout\u00a0en proposant une\u00a0composition plus actuelle qui traduit la modernit\u00e9. La colorim\u00e9trie adopt\u00e9e symbolise\u00a0la re\u0301ge\u0301ne\u0301rescence\u00a0\u00e0 travers trois teintes de bleu qui incarnent chacune s\u00e9curit\u00e9, v\u00e9rit\u00e9 et confiance.<\/p>\n","protected":false},"excerpt":{"rendered":"<p>Avec plus de 60 ann\u00e9es d\u2019engagement, POLYMEDIC est devenue une r\u00e9f\u00e9rence nationale de l\u2019industrie pharmaceutique.<\/p>\n","protected":false},"author":1,"featured_media":3026,"comment_status":"open","ping_status":"open","sticky":false,"template":"","format":"standard","meta":{"_acf_changed":false,"footnotes":""},"categories":[2,3],"tags":[901],"class_list":["post-3025","post","type-post","status-publish","format-standard","has-post-thumbnail","hentry","category-nouvelles","category-nouvelles-selectionnees","tag-polymedic"],"acf":[],"yoast_head":"<!-- This site is optimized with the Yoast SEO plugin v22.0 - https:\/\/yoast.com\/wordpress\/plugins\/seo\/ -->\n<title>Polymedic entame une nouvelle \u00e8re, en adoptant un nouveau logo marquant la dynamique de son \u00e9volution - MEDIA PLATEFORME | FR<\/title>\n<meta name=\"description\" content=\"Avec plus de 60 ann\u00e9es d\u2019engagement, POLYMEDIC est devenue une r\u00e9f\u00e9rence nationale de l\u2019industrie pharmaceutique.\" \/>\n<meta name=\"robots\" content=\"index, follow, max-snippet:-1, max-image-preview:large, max-video-preview:-1\" \/>\n<link rel=\"canonical\" href=\"https:\/\/www.mediaplateforme.com\/fr\/polymedic-entame-une-nouvelle-ere-en-adoptant-un-nouveau-logo-marquant-la-dynamique-de-son-evolution\/\" \/>\n<meta property=\"og:locale\" content=\"fr_FR\" \/>\n<meta property=\"og:type\" content=\"article\" \/>\n<meta property=\"og:title\" content=\"Polymedic entame une nouvelle \u00e8re, en adoptant un nouveau logo marquant la dynamique de son \u00e9volution - MEDIA PLATEFORME | FR\" \/>\n<meta property=\"og:description\" content=\"Avec plus de 60 ann\u00e9es d\u2019engagement, POLYMEDIC est devenue une r\u00e9f\u00e9rence nationale de l\u2019industrie pharmaceutique.\" \/>\n<meta property=\"og:url\" content=\"https:\/\/www.mediaplateforme.com\/fr\/polymedic-entame-une-nouvelle-ere-en-adoptant-un-nouveau-logo-marquant-la-dynamique-de-son-evolution\/\" \/>\n<meta property=\"og:site_name\" content=\"MEDIA PLATEFORME | FR\" \/>\n<meta property=\"article:published_time\" content=\"2023-05-23T18:15:05+00:00\" \/>\n<meta property=\"og:image\" content=\"https:\/\/www.mediaplateforme.com\/fr\/wp-content\/uploads\/sites\/5\/2023\/05\/Photo-Polymedic.jpg\" \/>\n\t<meta property=\"og:image:width\" content=\"2390\" \/>\n\t<meta property=\"og:image:height\" content=\"948\" \/>\n\t<meta property=\"og:image:type\" content=\"image\/jpeg\" \/>\n<meta name=\"author\" content=\"Mediaplateforme\" \/>\n<meta name=\"twitter:card\" content=\"summary_large_image\" \/>\n<meta name=\"twitter:label1\" content=\"\u00c9crit par\" \/>\n\t<meta name=\"twitter:data1\" content=\"Mediaplateforme\" \/>\n\t<meta name=\"twitter:label2\" content=\"Dur\u00e9e de lecture estim\u00e9e\" \/>\n\t<meta name=\"twitter:data2\" content=\"2 minutes\" \/>\n<script type=\"application\/ld+json\" class=\"yoast-schema-graph\">{\"@context\":\"https:\/\/schema.org\",\"@graph\":[{\"@type\":\"WebPage\",\"@id\":\"https:\/\/www.mediaplateforme.com\/fr\/polymedic-entame-une-nouvelle-ere-en-adoptant-un-nouveau-logo-marquant-la-dynamique-de-son-evolution\/\",\"url\":\"https:\/\/www.mediaplateforme.com\/fr\/polymedic-entame-une-nouvelle-ere-en-adoptant-un-nouveau-logo-marquant-la-dynamique-de-son-evolution\/\",\"name\":\"Polymedic entame une nouvelle \u00e8re, en adoptant un nouveau logo marquant la dynamique de son \u00e9volution - MEDIA PLATEFORME | FR\",\"isPartOf\":{\"@id\":\"https:\/\/www.mediaplateforme.com\/fr\/#website\"},\"datePublished\":\"2023-05-23T18:15:05+00:00\",\"dateModified\":\"2023-05-23T18:15:05+00:00\",\"author\":{\"@id\":\"https:\/\/www.mediaplateforme.com\/fr\/#\/schema\/person\/89833db382b5db2c76b094bc902aa12a\"},\"description\":\"Avec plus de 60 ann\u00e9es d\u2019engagement, POLYMEDIC est devenue une r\u00e9f\u00e9rence nationale de l\u2019industrie pharmaceutique.\",\"breadcrumb\":{\"@id\":\"https:\/\/www.mediaplateforme.com\/fr\/polymedic-entame-une-nouvelle-ere-en-adoptant-un-nouveau-logo-marquant-la-dynamique-de-son-evolution\/#breadcrumb\"},\"inLanguage\":\"fr-FR\",\"potentialAction\":[{\"@type\":\"ReadAction\",\"target\":[\"https:\/\/www.mediaplateforme.com\/fr\/polymedic-entame-une-nouvelle-ere-en-adoptant-un-nouveau-logo-marquant-la-dynamique-de-son-evolution\/\"]}]},{\"@type\":\"BreadcrumbList\",\"@id\":\"https:\/\/www.mediaplateforme.com\/fr\/polymedic-entame-une-nouvelle-ere-en-adoptant-un-nouveau-logo-marquant-la-dynamique-de-son-evolution\/#breadcrumb\",\"itemListElement\":[{\"@type\":\"ListItem\",\"position\":1,\"name\":\"\u0627\u0644\u0631\u0626\u064a\u0633\u064a\u0629\",\"item\":\"https:\/\/www.mediaplateforme.com\/fr\/\"},{\"@type\":\"ListItem\",\"position\":2,\"name\":\"Polymedic entame une nouvelle \u00e8re, en adoptant un nouveau logo marquant la dynamique de son \u00e9volution\"}]},{\"@type\":\"WebSite\",\"@id\":\"https:\/\/www.mediaplateforme.com\/fr\/#website\",\"url\":\"https:\/\/www.mediaplateforme.com\/fr\/\",\"name\":\"MEDIA PLATEFORME | FR\",\"description\":\"Mediaplateforme sp\u00e9cialis\u00e9 dans la communication institutions publiques et des entreprises\",\"potentialAction\":[{\"@type\":\"SearchAction\",\"target\":{\"@type\":\"EntryPoint\",\"urlTemplate\":\"https:\/\/www.mediaplateforme.com\/fr\/?s={search_term_string}\"},\"query-input\":\"required name=search_term_string\"}],\"inLanguage\":\"fr-FR\"},{\"@type\":\"Person\",\"@id\":\"https:\/\/www.mediaplateforme.com\/fr\/#\/schema\/person\/89833db382b5db2c76b094bc902aa12a\",\"name\":\"Mediaplateforme\",\"image\":{\"@type\":\"ImageObject\",\"inLanguage\":\"fr-FR\",\"@id\":\"https:\/\/www.mediaplateforme.com\/fr\/#\/schema\/person\/image\/\",\"url\":\"https:\/\/secure.gravatar.com\/avatar\/6c9c02e8928cc65d54bf75157f7b3a2d06d7ad0494ca0951f679552ff03b34c1?s=96&d=mm&r=g\",\"contentUrl\":\"https:\/\/secure.gravatar.com\/avatar\/6c9c02e8928cc65d54bf75157f7b3a2d06d7ad0494ca0951f679552ff03b34c1?s=96&d=mm&r=g\",\"caption\":\"Mediaplateforme\"},\"sameAs\":[\"https:\/\/www.mediaplateforme.com\"],\"url\":\"https:\/\/www.mediaplateforme.com\/fr\/author\/mohamedladib\/\"}]}<\/script>\n<!-- \/ Yoast SEO plugin. -->","yoast_head_json":{"title":"Polymedic entame une nouvelle \u00e8re, en adoptant un nouveau logo marquant la dynamique de son \u00e9volution - MEDIA PLATEFORME | FR","description":"Avec plus de 60 ann\u00e9es d\u2019engagement, POLYMEDIC est devenue une r\u00e9f\u00e9rence nationale de l\u2019industrie pharmaceutique.","robots":{"index":"index","follow":"follow","max-snippet":"max-snippet:-1","max-image-preview":"max-image-preview:large","max-video-preview":"max-video-preview:-1"},"canonical":"https:\/\/www.mediaplateforme.com\/fr\/polymedic-entame-une-nouvelle-ere-en-adoptant-un-nouveau-logo-marquant-la-dynamique-de-son-evolution\/","og_locale":"fr_FR","og_type":"article","og_title":"Polymedic entame une nouvelle \u00e8re, en adoptant un nouveau logo marquant la dynamique de son \u00e9volution - MEDIA PLATEFORME | FR","og_description":"Avec plus de 60 ann\u00e9es d\u2019engagement, POLYMEDIC est devenue une r\u00e9f\u00e9rence nationale de l\u2019industrie pharmaceutique.","og_url":"https:\/\/www.mediaplateforme.com\/fr\/polymedic-entame-une-nouvelle-ere-en-adoptant-un-nouveau-logo-marquant-la-dynamique-de-son-evolution\/","og_site_name":"MEDIA PLATEFORME | FR","article_published_time":"2023-05-23T18:15:05+00:00","og_image":[{"width":2390,"height":948,"url":"https:\/\/www.mediaplateforme.com\/fr\/wp-content\/uploads\/sites\/5\/2023\/05\/Photo-Polymedic.jpg","type":"image\/jpeg"}],"author":"Mediaplateforme","twitter_card":"summary_large_image","twitter_misc":{"\u00c9crit par":"Mediaplateforme","Dur\u00e9e de lecture estim\u00e9e":"2 minutes"},"schema":{"@context":"https:\/\/schema.org","@graph":[{"@type":"WebPage","@id":"https:\/\/www.mediaplateforme.com\/fr\/polymedic-entame-une-nouvelle-ere-en-adoptant-un-nouveau-logo-marquant-la-dynamique-de-son-evolution\/","url":"https:\/\/www.mediaplateforme.com\/fr\/polymedic-entame-une-nouvelle-ere-en-adoptant-un-nouveau-logo-marquant-la-dynamique-de-son-evolution\/","name":"Polymedic entame une nouvelle \u00e8re, en adoptant un nouveau logo marquant la dynamique de son \u00e9volution - MEDIA PLATEFORME | FR","isPartOf":{"@id":"https:\/\/www.mediaplateforme.com\/fr\/#website"},"datePublished":"2023-05-23T18:15:05+00:00","dateModified":"2023-05-23T18:15:05+00:00","author":{"@id":"https:\/\/www.mediaplateforme.com\/fr\/#\/schema\/person\/89833db382b5db2c76b094bc902aa12a"},"description":"Avec plus de 60 ann\u00e9es d\u2019engagement, POLYMEDIC est devenue une r\u00e9f\u00e9rence nationale de l\u2019industrie pharmaceutique.","breadcrumb":{"@id":"https:\/\/www.mediaplateforme.com\/fr\/polymedic-entame-une-nouvelle-ere-en-adoptant-un-nouveau-logo-marquant-la-dynamique-de-son-evolution\/#breadcrumb"},"inLanguage":"fr-FR","potentialAction":[{"@type":"ReadAction","target":["https:\/\/www.mediaplateforme.com\/fr\/polymedic-entame-une-nouvelle-ere-en-adoptant-un-nouveau-logo-marquant-la-dynamique-de-son-evolution\/"]}]},{"@type":"BreadcrumbList","@id":"https:\/\/www.mediaplateforme.com\/fr\/polymedic-entame-une-nouvelle-ere-en-adoptant-un-nouveau-logo-marquant-la-dynamique-de-son-evolution\/#breadcrumb","itemListElement":[{"@type":"ListItem","position":1,"name":"\u0627\u0644\u0631\u0626\u064a\u0633\u064a\u0629","item":"https:\/\/www.mediaplateforme.com\/fr\/"},{"@type":"ListItem","position":2,"name":"Polymedic entame une nouvelle \u00e8re, en adoptant un nouveau logo marquant la dynamique de son \u00e9volution"}]},{"@type":"WebSite","@id":"https:\/\/www.mediaplateforme.com\/fr\/#website","url":"https:\/\/www.mediaplateforme.com\/fr\/","name":"MEDIA PLATEFORME | FR","description":"Mediaplateforme sp\u00e9cialis\u00e9 dans la communication institutions publiques et des entreprises","potentialAction":[{"@type":"SearchAction","target":{"@type":"EntryPoint","urlTemplate":"https:\/\/www.mediaplateforme.com\/fr\/?s={search_term_string}"},"query-input":"required name=search_term_string"}],"inLanguage":"fr-FR"},{"@type":"Person","@id":"https:\/\/www.mediaplateforme.com\/fr\/#\/schema\/person\/89833db382b5db2c76b094bc902aa12a","name":"Mediaplateforme","image":{"@type":"ImageObject","inLanguage":"fr-FR","@id":"https:\/\/www.mediaplateforme.com\/fr\/#\/schema\/person\/image\/","url":"https:\/\/secure.gravatar.com\/avatar\/6c9c02e8928cc65d54bf75157f7b3a2d06d7ad0494ca0951f679552ff03b34c1?s=96&d=mm&r=g","contentUrl":"https:\/\/secure.gravatar.com\/avatar\/6c9c02e8928cc65d54bf75157f7b3a2d06d7ad0494ca0951f679552ff03b34c1?s=96&d=mm&r=g","caption":"Mediaplateforme"},"sameAs":["https:\/\/www.mediaplateforme.com"],"url":"https:\/\/www.mediaplateforme.com\/fr\/author\/mohamedladib\/"}]}},"_links":{"self":[{"href":"https:\/\/www.mediaplateforme.com\/fr\/wp-json\/wp\/v2\/posts\/3025","targetHints":{"allow":["GET"]}}],"collection":[{"href":"https:\/\/www.mediaplateforme.com\/fr\/wp-json\/wp\/v2\/posts"}],"about":[{"href":"https:\/\/www.mediaplateforme.com\/fr\/wp-json\/wp\/v2\/types\/post"}],"author":[{"embeddable":true,"href":"https:\/\/www.mediaplateforme.com\/fr\/wp-json\/wp\/v2\/users\/1"}],"replies":[{"embeddable":true,"href":"https:\/\/www.mediaplateforme.com\/fr\/wp-json\/wp\/v2\/comments?post=3025"}],"version-history":[{"count":1,"href":"https:\/\/www.mediaplateforme.com\/fr\/wp-json\/wp\/v2\/posts\/3025\/revisions"}],"predecessor-version":[{"id":3027,"href":"https:\/\/www.mediaplateforme.com\/fr\/wp-json\/wp\/v2\/posts\/3025\/revisions\/3027"}],"wp:featuredmedia":[{"embeddable":true,"href":"https:\/\/www.mediaplateforme.com\/fr\/wp-json\/wp\/v2\/media\/3026"}],"wp:attachment":[{"href":"https:\/\/www.mediaplateforme.com\/fr\/wp-json\/wp\/v2\/media?parent=3025"}],"wp:term":[{"taxonomy":"category","embeddable":true,"href":"https:\/\/www.mediaplateforme.com\/fr\/wp-json\/wp\/v2\/categories?post=3025"},{"taxonomy":"post_tag","embeddable":true,"href":"https:\/\/www.mediaplateforme.com\/fr\/wp-json\/wp\/v2\/tags?post=3025"}],"curies":[{"name":"wp","href":"https:\/\/api.w.org\/{rel}","templated":true}]}}