{"id":3022,"date":"2023-05-23T19:08:38","date_gmt":"2023-05-23T18:08:38","guid":{"rendered":"https:\/\/www.mediaplateforme.com\/fr\/?p=3022"},"modified":"2023-05-23T19:08:38","modified_gmt":"2023-05-23T18:08:38","slug":"le-groupe-scolaire-jacques-chirac-a-accueilli-des-eleves-americains-de-lunited-nations-international-school-unis-de-new-york","status":"publish","type":"post","link":"https:\/\/www.mediaplateforme.com\/fr\/le-groupe-scolaire-jacques-chirac-a-accueilli-des-eleves-americains-de-lunited-nations-international-school-unis-de-new-york\/","title":{"rendered":"Le Groupe Scolaire Jacques Chirac a accueilli des \u00e9l\u00e8ves am\u00e9ricains de l\u2019United Nations International School (UNIS) de New York"},"content":{"rendered":"<p style=\"font-weight: 400;\">Le Groupe Scolaire Jacques Chirac a accueilli les \u00e9l\u00e8ves de l&rsquo;United Nations International School (UNIS) de New York, dans le cadre d&rsquo;un \u00e9change scolaire qui refl\u00e8te l&rsquo;engagement de l&rsquo;\u00e9tablissement pour une \u00e9ducation internationale de qualit\u00e9 bas\u00e9e sur l\u2019ouverture et sur la diversit\u00e9.<\/p>\n<p style=\"font-weight: 400;\">Cet \u00e9v\u00e9nement qui a connu la pr\u00e9sence de Madame la consule g\u00e9n\u00e9rale de France, Sandrine LELONG-MOTTA, Monsieur \u00c9ric FALT, le directeur du bureau de l\u2019UNESCO pour le Maghreb et Madame Leila HASAN, la directrice du MEPI (Initiative Moyen Orient de Partenariat) de l\u2019Ambassade des Etats Unis, a permis aux \u00e9l\u00e8ves de l\u2019UNIS de d\u00e9couvrir la culture et les traditions marocaines et africaines \u00e0 travers des ateliers de calligraphie arabe, de musique, de th\u00e9\u00e2tre et de math\u00e9matiques, ainsi que de savourer un d\u00e9jeuner traditionnel.<\/p>\n<p style=\"font-weight: 400;\">Cette visite est la seconde phase de l\u2019\u00e9change qui a commenc\u00e9 en mars dernier avec la visite des \u00e9l\u00e8ves de seconde du Groupe Scolaire Jacques Chirac qui s\u2019\u00e9taient rendus, en mars dernier, \u00e0 New York, dans le cadre d\u2019un voyage scolaire qui avait dur\u00e9 8 jours. Durant leur s\u00e9jour, ils ont pu assister \u00e0 la conf\u00e9rence sur l\u2019\u00e9ducation \u00e0 l\u2019ONU, en plus d\u2019\u00eatre re\u00e7us par l\u2019UNIS pour participer \u00e0 des ateliers.<\/p>\n<p style=\"font-weight: 400;\">\u00ab\u00a0<em>Le Groupe Scolaire Jacques Chirac est ravi d&rsquo;accueillir les \u00e9tudiants de l&rsquo;UNIS et de leur offrir une exp\u00e9rience unique et enrichissante. Cet \u00e9v\u00e9nement important met plus que jamais en avant l&rsquo;ouverture sur l&rsquo;international et la diversit\u00e9 culturelle qui existe au sein de notre \u00e9tablissement. Cet \u00e9change est une occasion pour les \u00e9l\u00e8ves marocains de d\u00e9couvrir d&rsquo;autres cultures, de se familiariser encore plus avec la langue anglaise et de d\u00e9velopper leur esprit critique et leur aisance relationnelle en travaillant sur des projets communs avec les \u00e9l\u00e8ves de l&rsquo;UNIS<\/em>\u00a0\u00bb, a d\u00e9clar\u00e9 Carole Soulagnes, Cheffe d\u2019\u00e9tablissement du Groupe Scolaire Jacques Chirac. \u00ab\u00a0<em>Il est \u00e0 noter que notre \u00e9tablissement a toujours \u00e9t\u00e9 engag\u00e9 \u00e0 offrir une \u00e9ducation internationale de qualit\u00e9 qui pr\u00e9pare ses \u00e9l\u00e8ves \u00e0 devenir des citoyens du monde, ouverts d&rsquo;esprit et capables de s&rsquo;adapter aux changements du monde contemporain. Gr\u00e2ce \u00e0 ses programmes p\u00e9dagogiques de pointe et \u00e0 ses valeurs humanistes, l&rsquo;\u00e9tablissement est un acteur important de l&rsquo;\u00e9ducation au Maroc, et contribue \u00e0 former les leaders de demain<\/em>\u00a0\u00bb.<\/p>\n<p style=\"font-weight: 400;\">Bas\u00e9 \u00e0 Rabat et partenaire de l&rsquo;Agence pour l&rsquo;Enseignement Fran\u00e7ais \u00e0 l&rsquo;\u00c9tranger (AEFE) depuis 2019, le Groupe Scolaire Jacques Chirac est une \u00e9cole citoyenne qui est connect\u00e9e et plurilingue, et qui s&rsquo;appuie sur une p\u00e9dagogie innovante et des valeurs humanistes port\u00e9es par un corps enseignant exp\u00e9riment\u00e9 compos\u00e9 de 75% de professeurs internationaux et de 25% d&rsquo;enseignants marocains. En tant que partenaire Academica Dual Diploma\u2122, le Groupe Scolaire Jacques Chirac propose \u00e0 ses \u00e9tudiants de suivre un cursus bilingue \u00e0 distance en parall\u00e8le de leurs \u00e9tudes au sein de l&rsquo;\u00e9tablissement, leur permettant d&rsquo;obtenir en trois ou quatre ans leur High School Diploma am\u00e9ricain en plus du Baccalaur\u00e9at fran\u00e7ais.<\/p>\n<p style=\"font-weight: 400;\">L&rsquo;\u00e9tablissement ne cesse de r\u00e9pondre aux enjeux de la soci\u00e9t\u00e9 moderne en constante \u00e9volution sans jamais renier sa profonde identit\u00e9 marocaine. Son mod\u00e8le p\u00e9dagogique se base sur des priorit\u00e9s \u00e9ducatives reposant sur des valeurs communes, notamment le plurilinguisme, la connectivit\u00e9 et la citoyennet\u00e9. Le Groupe Scolaire Jacques Chirac est \u00e9galement inclusif puisqu\u2019il donne acc\u00e8s \u00e0 une \u00e9ducation de qualit\u00e9 \u00e0 l\u2019ensemble de ses \u00e9l\u00e8ves, tout en prenant en compte leurs singularit\u00e9s et leurs besoins \u00e9ducatifs particuliers.<\/p>\n","protected":false},"excerpt":{"rendered":"<p>Le Groupe Scolaire Jacques Chirac a accueilli les \u00e9l\u00e8ves de l&rsquo;United Nations International School (UNIS)<\/p>\n","protected":false},"author":1,"featured_media":3023,"comment_status":"open","ping_status":"open","sticky":false,"template":"","format":"standard","meta":{"_acf_changed":false,"footnotes":""},"categories":[2,3],"tags":[899,900],"class_list":["post-3022","post","type-post","status-publish","format-standard","has-post-thumbnail","hentry","category-nouvelles","category-nouvelles-selectionnees","tag-groupe-scolaire-jacques-chirac","tag-lunited-nations-international-school"],"acf":[],"yoast_head":"<!-- This site is optimized with the Yoast SEO plugin v22.0 - https:\/\/yoast.com\/wordpress\/plugins\/seo\/ -->\n<title>Le Groupe Scolaire Jacques Chirac a accueilli des \u00e9l\u00e8ves am\u00e9ricains de l\u2019United Nations International School (UNIS) de New York - MEDIA PLATEFORME | FR<\/title>\n<meta name=\"description\" content=\"Le Groupe Scolaire Jacques Chirac a accueilli les \u00e9l\u00e8ves de l&#039;United Nations International School (UNIS) de New York, dans le cadre d&#039;un\" \/>\n<meta name=\"robots\" content=\"index, follow, max-snippet:-1, max-image-preview:large, max-video-preview:-1\" \/>\n<link rel=\"canonical\" href=\"https:\/\/www.mediaplateforme.com\/fr\/le-groupe-scolaire-jacques-chirac-a-accueilli-des-eleves-americains-de-lunited-nations-international-school-unis-de-new-york\/\" \/>\n<meta property=\"og:locale\" content=\"fr_FR\" \/>\n<meta property=\"og:type\" content=\"article\" \/>\n<meta property=\"og:title\" content=\"Le Groupe Scolaire Jacques Chirac a accueilli des \u00e9l\u00e8ves am\u00e9ricains de l\u2019United Nations International School (UNIS) de New York - MEDIA PLATEFORME | FR\" \/>\n<meta property=\"og:description\" content=\"Le Groupe Scolaire Jacques Chirac a accueilli les \u00e9l\u00e8ves de l&#039;United Nations International School (UNIS) de New York, dans le cadre d&#039;un\" \/>\n<meta property=\"og:url\" content=\"https:\/\/www.mediaplateforme.com\/fr\/le-groupe-scolaire-jacques-chirac-a-accueilli-des-eleves-americains-de-lunited-nations-international-school-unis-de-new-york\/\" \/>\n<meta property=\"og:site_name\" content=\"MEDIA PLATEFORME | FR\" \/>\n<meta property=\"article:published_time\" content=\"2023-05-23T18:08:38+00:00\" \/>\n<meta property=\"og:image\" content=\"https:\/\/www.mediaplateforme.com\/fr\/wp-content\/uploads\/sites\/5\/2023\/05\/DSC02023-scaled.jpg\" \/>\n\t<meta property=\"og:image:width\" content=\"2560\" \/>\n\t<meta property=\"og:image:height\" content=\"1157\" \/>\n\t<meta property=\"og:image:type\" content=\"image\/jpeg\" \/>\n<meta name=\"author\" content=\"Mediaplateforme\" \/>\n<meta name=\"twitter:card\" content=\"summary_large_image\" \/>\n<meta name=\"twitter:label1\" content=\"\u00c9crit par\" \/>\n\t<meta name=\"twitter:data1\" content=\"Mediaplateforme\" \/>\n\t<meta name=\"twitter:label2\" content=\"Dur\u00e9e de lecture estim\u00e9e\" \/>\n\t<meta name=\"twitter:data2\" content=\"3 minutes\" \/>\n<script type=\"application\/ld+json\" class=\"yoast-schema-graph\">{\"@context\":\"https:\/\/schema.org\",\"@graph\":[{\"@type\":\"WebPage\",\"@id\":\"https:\/\/www.mediaplateforme.com\/fr\/le-groupe-scolaire-jacques-chirac-a-accueilli-des-eleves-americains-de-lunited-nations-international-school-unis-de-new-york\/\",\"url\":\"https:\/\/www.mediaplateforme.com\/fr\/le-groupe-scolaire-jacques-chirac-a-accueilli-des-eleves-americains-de-lunited-nations-international-school-unis-de-new-york\/\",\"name\":\"Le Groupe Scolaire Jacques Chirac a accueilli des \u00e9l\u00e8ves am\u00e9ricains de l\u2019United Nations International School (UNIS) de New York - MEDIA PLATEFORME | FR\",\"isPartOf\":{\"@id\":\"https:\/\/www.mediaplateforme.com\/fr\/#website\"},\"datePublished\":\"2023-05-23T18:08:38+00:00\",\"dateModified\":\"2023-05-23T18:08:38+00:00\",\"author\":{\"@id\":\"https:\/\/www.mediaplateforme.com\/fr\/#\/schema\/person\/89833db382b5db2c76b094bc902aa12a\"},\"description\":\"Le Groupe Scolaire Jacques Chirac a accueilli les \u00e9l\u00e8ves de l'United Nations International School (UNIS) de New York, dans le cadre d'un\",\"breadcrumb\":{\"@id\":\"https:\/\/www.mediaplateforme.com\/fr\/le-groupe-scolaire-jacques-chirac-a-accueilli-des-eleves-americains-de-lunited-nations-international-school-unis-de-new-york\/#breadcrumb\"},\"inLanguage\":\"fr-FR\",\"potentialAction\":[{\"@type\":\"ReadAction\",\"target\":[\"https:\/\/www.mediaplateforme.com\/fr\/le-groupe-scolaire-jacques-chirac-a-accueilli-des-eleves-americains-de-lunited-nations-international-school-unis-de-new-york\/\"]}]},{\"@type\":\"BreadcrumbList\",\"@id\":\"https:\/\/www.mediaplateforme.com\/fr\/le-groupe-scolaire-jacques-chirac-a-accueilli-des-eleves-americains-de-lunited-nations-international-school-unis-de-new-york\/#breadcrumb\",\"itemListElement\":[{\"@type\":\"ListItem\",\"position\":1,\"name\":\"\u0627\u0644\u0631\u0626\u064a\u0633\u064a\u0629\",\"item\":\"https:\/\/www.mediaplateforme.com\/fr\/\"},{\"@type\":\"ListItem\",\"position\":2,\"name\":\"Le Groupe Scolaire Jacques Chirac a accueilli des \u00e9l\u00e8ves am\u00e9ricains de l\u2019United Nations International School (UNIS) de New York\"}]},{\"@type\":\"WebSite\",\"@id\":\"https:\/\/www.mediaplateforme.com\/fr\/#website\",\"url\":\"https:\/\/www.mediaplateforme.com\/fr\/\",\"name\":\"MEDIA PLATEFORME | FR\",\"description\":\"Mediaplateforme sp\u00e9cialis\u00e9 dans la communication institutions publiques et des entreprises\",\"potentialAction\":[{\"@type\":\"SearchAction\",\"target\":{\"@type\":\"EntryPoint\",\"urlTemplate\":\"https:\/\/www.mediaplateforme.com\/fr\/?s={search_term_string}\"},\"query-input\":\"required name=search_term_string\"}],\"inLanguage\":\"fr-FR\"},{\"@type\":\"Person\",\"@id\":\"https:\/\/www.mediaplateforme.com\/fr\/#\/schema\/person\/89833db382b5db2c76b094bc902aa12a\",\"name\":\"Mediaplateforme\",\"image\":{\"@type\":\"ImageObject\",\"inLanguage\":\"fr-FR\",\"@id\":\"https:\/\/www.mediaplateforme.com\/fr\/#\/schema\/person\/image\/\",\"url\":\"https:\/\/secure.gravatar.com\/avatar\/6c9c02e8928cc65d54bf75157f7b3a2d06d7ad0494ca0951f679552ff03b34c1?s=96&d=mm&r=g\",\"contentUrl\":\"https:\/\/secure.gravatar.com\/avatar\/6c9c02e8928cc65d54bf75157f7b3a2d06d7ad0494ca0951f679552ff03b34c1?s=96&d=mm&r=g\",\"caption\":\"Mediaplateforme\"},\"sameAs\":[\"https:\/\/www.mediaplateforme.com\"],\"url\":\"https:\/\/www.mediaplateforme.com\/fr\/author\/mohamedladib\/\"}]}<\/script>\n<!-- \/ Yoast SEO plugin. -->","yoast_head_json":{"title":"Le Groupe Scolaire Jacques Chirac a accueilli des \u00e9l\u00e8ves am\u00e9ricains de l\u2019United Nations International School (UNIS) de New York - MEDIA PLATEFORME | FR","description":"Le Groupe Scolaire Jacques Chirac a accueilli les \u00e9l\u00e8ves de l'United Nations International School (UNIS) de New York, dans le cadre d'un","robots":{"index":"index","follow":"follow","max-snippet":"max-snippet:-1","max-image-preview":"max-image-preview:large","max-video-preview":"max-video-preview:-1"},"canonical":"https:\/\/www.mediaplateforme.com\/fr\/le-groupe-scolaire-jacques-chirac-a-accueilli-des-eleves-americains-de-lunited-nations-international-school-unis-de-new-york\/","og_locale":"fr_FR","og_type":"article","og_title":"Le Groupe Scolaire Jacques Chirac a accueilli des \u00e9l\u00e8ves am\u00e9ricains de l\u2019United Nations International School (UNIS) de New York - MEDIA PLATEFORME | FR","og_description":"Le Groupe Scolaire Jacques Chirac a accueilli les \u00e9l\u00e8ves de l'United Nations International School (UNIS) de New York, dans le cadre d'un","og_url":"https:\/\/www.mediaplateforme.com\/fr\/le-groupe-scolaire-jacques-chirac-a-accueilli-des-eleves-americains-de-lunited-nations-international-school-unis-de-new-york\/","og_site_name":"MEDIA PLATEFORME | FR","article_published_time":"2023-05-23T18:08:38+00:00","og_image":[{"width":2560,"height":1157,"url":"https:\/\/www.mediaplateforme.com\/fr\/wp-content\/uploads\/sites\/5\/2023\/05\/DSC02023-scaled.jpg","type":"image\/jpeg"}],"author":"Mediaplateforme","twitter_card":"summary_large_image","twitter_misc":{"\u00c9crit par":"Mediaplateforme","Dur\u00e9e de lecture estim\u00e9e":"3 minutes"},"schema":{"@context":"https:\/\/schema.org","@graph":[{"@type":"WebPage","@id":"https:\/\/www.mediaplateforme.com\/fr\/le-groupe-scolaire-jacques-chirac-a-accueilli-des-eleves-americains-de-lunited-nations-international-school-unis-de-new-york\/","url":"https:\/\/www.mediaplateforme.com\/fr\/le-groupe-scolaire-jacques-chirac-a-accueilli-des-eleves-americains-de-lunited-nations-international-school-unis-de-new-york\/","name":"Le Groupe Scolaire Jacques Chirac a accueilli des \u00e9l\u00e8ves am\u00e9ricains de l\u2019United Nations International School (UNIS) de New York - MEDIA PLATEFORME | FR","isPartOf":{"@id":"https:\/\/www.mediaplateforme.com\/fr\/#website"},"datePublished":"2023-05-23T18:08:38+00:00","dateModified":"2023-05-23T18:08:38+00:00","author":{"@id":"https:\/\/www.mediaplateforme.com\/fr\/#\/schema\/person\/89833db382b5db2c76b094bc902aa12a"},"description":"Le Groupe Scolaire Jacques Chirac a accueilli les \u00e9l\u00e8ves de l'United Nations International School (UNIS) de New York, dans le cadre d'un","breadcrumb":{"@id":"https:\/\/www.mediaplateforme.com\/fr\/le-groupe-scolaire-jacques-chirac-a-accueilli-des-eleves-americains-de-lunited-nations-international-school-unis-de-new-york\/#breadcrumb"},"inLanguage":"fr-FR","potentialAction":[{"@type":"ReadAction","target":["https:\/\/www.mediaplateforme.com\/fr\/le-groupe-scolaire-jacques-chirac-a-accueilli-des-eleves-americains-de-lunited-nations-international-school-unis-de-new-york\/"]}]},{"@type":"BreadcrumbList","@id":"https:\/\/www.mediaplateforme.com\/fr\/le-groupe-scolaire-jacques-chirac-a-accueilli-des-eleves-americains-de-lunited-nations-international-school-unis-de-new-york\/#breadcrumb","itemListElement":[{"@type":"ListItem","position":1,"name":"\u0627\u0644\u0631\u0626\u064a\u0633\u064a\u0629","item":"https:\/\/www.mediaplateforme.com\/fr\/"},{"@type":"ListItem","position":2,"name":"Le Groupe Scolaire Jacques Chirac a accueilli des \u00e9l\u00e8ves am\u00e9ricains de l\u2019United Nations International School (UNIS) de New York"}]},{"@type":"WebSite","@id":"https:\/\/www.mediaplateforme.com\/fr\/#website","url":"https:\/\/www.mediaplateforme.com\/fr\/","name":"MEDIA PLATEFORME | FR","description":"Mediaplateforme sp\u00e9cialis\u00e9 dans la communication institutions publiques et des entreprises","potentialAction":[{"@type":"SearchAction","target":{"@type":"EntryPoint","urlTemplate":"https:\/\/www.mediaplateforme.com\/fr\/?s={search_term_string}"},"query-input":"required name=search_term_string"}],"inLanguage":"fr-FR"},{"@type":"Person","@id":"https:\/\/www.mediaplateforme.com\/fr\/#\/schema\/person\/89833db382b5db2c76b094bc902aa12a","name":"Mediaplateforme","image":{"@type":"ImageObject","inLanguage":"fr-FR","@id":"https:\/\/www.mediaplateforme.com\/fr\/#\/schema\/person\/image\/","url":"https:\/\/secure.gravatar.com\/avatar\/6c9c02e8928cc65d54bf75157f7b3a2d06d7ad0494ca0951f679552ff03b34c1?s=96&d=mm&r=g","contentUrl":"https:\/\/secure.gravatar.com\/avatar\/6c9c02e8928cc65d54bf75157f7b3a2d06d7ad0494ca0951f679552ff03b34c1?s=96&d=mm&r=g","caption":"Mediaplateforme"},"sameAs":["https:\/\/www.mediaplateforme.com"],"url":"https:\/\/www.mediaplateforme.com\/fr\/author\/mohamedladib\/"}]}},"_links":{"self":[{"href":"https:\/\/www.mediaplateforme.com\/fr\/wp-json\/wp\/v2\/posts\/3022","targetHints":{"allow":["GET"]}}],"collection":[{"href":"https:\/\/www.mediaplateforme.com\/fr\/wp-json\/wp\/v2\/posts"}],"about":[{"href":"https:\/\/www.mediaplateforme.com\/fr\/wp-json\/wp\/v2\/types\/post"}],"author":[{"embeddable":true,"href":"https:\/\/www.mediaplateforme.com\/fr\/wp-json\/wp\/v2\/users\/1"}],"replies":[{"embeddable":true,"href":"https:\/\/www.mediaplateforme.com\/fr\/wp-json\/wp\/v2\/comments?post=3022"}],"version-history":[{"count":1,"href":"https:\/\/www.mediaplateforme.com\/fr\/wp-json\/wp\/v2\/posts\/3022\/revisions"}],"predecessor-version":[{"id":3024,"href":"https:\/\/www.mediaplateforme.com\/fr\/wp-json\/wp\/v2\/posts\/3022\/revisions\/3024"}],"wp:featuredmedia":[{"embeddable":true,"href":"https:\/\/www.mediaplateforme.com\/fr\/wp-json\/wp\/v2\/media\/3023"}],"wp:attachment":[{"href":"https:\/\/www.mediaplateforme.com\/fr\/wp-json\/wp\/v2\/media?parent=3022"}],"wp:term":[{"taxonomy":"category","embeddable":true,"href":"https:\/\/www.mediaplateforme.com\/fr\/wp-json\/wp\/v2\/categories?post=3022"},{"taxonomy":"post_tag","embeddable":true,"href":"https:\/\/www.mediaplateforme.com\/fr\/wp-json\/wp\/v2\/tags?post=3022"}],"curies":[{"name":"wp","href":"https:\/\/api.w.org\/{rel}","templated":true}]}}